
{"id":10448,"date":"2018-08-13T10:10:35","date_gmt":"2018-08-13T08:10:35","guid":{"rendered":"https:\/\/rauchfrei.at\/?p=10448"},"modified":"2019-04-12T12:20:53","modified_gmt":"2019-04-12T10:20:53","slug":"rauchfreie-parks","status":"publish","type":"post","link":"https:\/\/rauchfrei.at\/en\/rauchfreie-parks\/","title":{"rendered":"Rauchfreie Parks"},"content":{"rendered":"<p>[et_pb_section fb_built=&#8221;1&#8243; module_class=&#8221;header&#8221; _builder_version=&#8221;3.21.1&#8243; custom_padding=&#8221;100px|0px|10px|0px|false|false&#8221;][et_pb_row _builder_version=&#8221;3.21.1&#8243;][et_pb_column type=&#8221;4_4&#8243; _builder_version=&#8221;3.0.47&#8243;][et_pb_dp_dmb_module_10001 _builder_version=&#8221;3.21.1&#8243; z_index_tablet=&#8221;500&#8243;]<br \/>\n[\/et_pb_dp_dmb_module_10001][\/et_pb_column][\/et_pb_row][\/et_pb_section][et_pb_section fb_built=&#8221;1&#8243; _builder_version=&#8221;3.21.1&#8243;][et_pb_row _builder_version=&#8221;3.0.48&#8243; background_size=&#8221;initial&#8221; background_position=&#8221;top_left&#8221; background_repeat=&#8221;repeat&#8221;][et_pb_column type=&#8221;2_3&#8243; _builder_version=&#8221;3.0.47&#8243;][et_pb_text _builder_version=&#8221;3.21.1&#8243; z_index_tablet=&#8221;500&#8243;]<\/p>\n<p>Seit nun mehr als einem Monat sind in Stra\u00dfburg alle <strong>G\u00e4rten und Parks als rauchfreie Zonen<\/strong> mit einem kompletten Rauchverbot bedacht worden.<\/p>\n<p>Auch in Paris, eine der gr\u00f6\u00dften europ\u00e4ischen Metropolen, wurden mit 10. Juli sechs \u00f6ffentliche Gr\u00fcnanlagen f\u00fcr die n\u00e4chsten vier Monate zu Nichtraucherparks erkl\u00e4rt.<\/p>\n<p>Die <strong>mehrmonatige Testphase<\/strong>, in denen u.a. im Park George Brassens, im Anne-Frank-Garten und im Jardin Yilmaz Gr\u00fcney ein absolutes Rauchverbot gilt, will mehrere Ziele erreichen. Hauptmotive sind vor allem mehr Sauberkeit in den Parks, eine Reduktion des Zigarettenkonsums und der Versuch einer weiteren Ma\u00dfnahme gegen Passivrauch.<\/p>\n<p>In Finnland, Island, Gro\u00dfbritannien und einigen US-St\u00e4dten gibt es \u00e4hnliche Tendenzen wie in Frankreich. Deutschland und \u00d6sterreich haben noch keine \u00dcberlegungen in diese Richtung getroffen, um das Rauchen hier unattraktiver zu machen und die \u00f6ffentlich nutzbaren <strong>Erholungsfreir\u00e4ume<\/strong> rauchfreier und vor allem frei von Zigarettenkippen am Boden zu machen.<\/p>\n<p>Der <strong>Wunsch vieler Kinder<\/strong> keine Zigarettenstummeln in den\u00a0Gr\u00fcnanlagen und in der N\u00e4he von Spielpl\u00e4tzen vorzufinden, ist aber oft gro\u00df, wie auch ein <a href=\"https:\/\/rauchfrei.at\/wenn-kinder-gefragt-sind\/\" target=\"_blank\" rel=\"noopener noreferrer\">Projekt einer Wiener Volksschulklasse<\/a> vor zwei Jahren sichtbar gemacht hat.<\/p>\n<p><img loading=\"lazy\" decoding=\"async\" class=\"wp-image-9558 aligncenter\" style=\"display: block; margin-left: auto; margin-right: auto;\" src=\"https:\/\/rauchfrei.at\/wp-content\/uploads\/7-480x635.jpg\" alt=\"\" width=\"222\" height=\"294\" data-id=\"9558\" srcset=\"https:\/\/rauchfrei.at\/wp-content\/uploads\/7-480x635.jpg 480w, https:\/\/rauchfrei.at\/wp-content\/uploads\/7-225x298.jpg 225w, https:\/\/rauchfrei.at\/wp-content\/uploads\/7-768x1016.jpg 768w, https:\/\/rauchfrei.at\/wp-content\/uploads\/7.jpg 1125w\" sizes=\"(max-width: 222px) 100vw, 222px\" \/><\/p>\n<p><img loading=\"lazy\" decoding=\"async\" class=\"wp-image-9556 aligncenter\" src=\"https:\/\/rauchfrei.at\/wp-content\/uploads\/4-480x523.jpg\" alt=\"\" width=\"236\" height=\"258\" data-id=\"9556\" srcset=\"https:\/\/rauchfrei.at\/wp-content\/uploads\/4-480x523.jpg 480w, https:\/\/rauchfrei.at\/wp-content\/uploads\/4-225x245.jpg 225w, https:\/\/rauchfrei.at\/wp-content\/uploads\/4-768x837.jpg 768w, https:\/\/rauchfrei.at\/wp-content\/uploads\/4.jpg 1465w\" sizes=\"(max-width: 236px) 100vw, 236px\" \/><\/p>\n<p>Parks bieten so viele M\u00f6glichkeiten zur Freizeitgestaltung und Erholung. Ablenkungen, wenn ein Rauchstopp bevorsteht, finden Sie dort gen\u00fcgend und zudem auch noch schattige R\u00fcckzugsorte bei derzeitiger gro\u00dfer Hitze. Sollten Sie weitere Unterst\u00fctzung beim Rauchstopp ben\u00f6tigen, hilft Ihnen das Team vom Rauchfrei Telefon unter der Nummer 0800 810 013.<\/p>\n<p style=\"text-align: justify;\"><img loading=\"lazy\" decoding=\"async\" class=\"wp-image-9559 aligncenter\" src=\"https:\/\/rauchfrei.at\/wp-content\/uploads\/8-480x623.jpg\" alt=\"\" width=\"222\" height=\"288\" data-id=\"9559\" srcset=\"https:\/\/rauchfrei.at\/wp-content\/uploads\/8-480x623.jpg 480w, https:\/\/rauchfrei.at\/wp-content\/uploads\/8-225x292.jpg 225w, https:\/\/rauchfrei.at\/wp-content\/uploads\/8-768x996.jpg 768w, https:\/\/rauchfrei.at\/wp-content\/uploads\/8.jpg 1401w\" sizes=\"(max-width: 222px) 100vw, 222px\" \/><\/p>\n<p style=\"text-align: justify;\">(C) Rauchfrei Telefon<\/p>\n<p>Links zu Zeitungsartikel:<br \/><a href=\"https:\/\/derstandard.at\/2000083778466\/Paris-testet-Nichtraucher-Parks\">https:\/\/derstandard.at\/2000083778466\/Paris-testet-Nichtraucher-Parks<\/a><br \/><a href=\"https:\/\/www.kleinezeitung.at\/lebensart\/gesundheit\/5466971\/Kampf-dem-Zigarettenrauch_Paris-testet-NichtraucherParks\">https:\/\/www.kleinezeitung.at\/lebensart\/gesundheit\/5466971\/Kampf-dem-Zigarettenrauch_Paris-testet-NichtraucherParks<\/a><\/p>\n<p>[\/et_pb_text][\/et_pb_column][et_pb_column type=&#8221;1_3&#8243; _builder_version=&#8221;3.0.47&#8243;][et_pb_sidebar area=&#8221;sidebar-1&#8243; _builder_version=&#8221;3.21.1&#8243; z_index_tablet=&#8221;500&#8243;]<br \/>\n[\/et_pb_sidebar][\/et_pb_column][\/et_pb_row][\/et_pb_section]<\/p>\n","protected":false},"excerpt":{"rendered":"<p>Parks werden oftmals liebevoll \u201egr\u00fcne Lungen der St\u00e4dte\u201c genannt. Wie w\u00e4re es ohne Qualm und Zigarettenkippen in diesen Erholungsgebieten? Frankreich geht hier seit Juli 2018 mit gutem Beispiel voran und auch in einigen anderen europ\u00e4ischen L\u00e4ndern und US-St\u00e4dten gibt es \u00e4hnliche Umsetzungen. <\/p>\n","protected":false},"author":11,"featured_media":0,"comment_status":"open","ping_status":"open","sticky":false,"template":"","format":"standard","meta":{"_et_pb_use_builder":"on","_et_pb_old_content":"<p>Seit nun mehr als einem Monat sind in Stra\u00dfburg alle G\u00e4rten und Parks als rauchfreie Zonen mit einem kompletten Rauchverbot bedacht worden.<br \/>\u00a0<br \/>Auch in Paris, eine der gr\u00f6\u00dften europ\u00e4ischen Metropolen, wurden mit 10. Juli sechs \u00f6ffentliche Gr\u00fcnanlagen f\u00fcr die n\u00e4chsten vier Monate zu Nichtraucherparks erkl\u00e4rt.<br \/>\u00a0<br \/>Die mehrmonatige Testphase, in denen u.a. im Park George Brassens, im Anne-Frank-Garten und im Jardin Yilmaz Gr\u00fcney ein absolutes Rauchverbot gilt, will mehrere Ziele erreichen. Hauptmotive sind vor allem mehr Sauberkeit in den Parks, eine Reduktion des Zigarettenkonsums und der Versuch einer weiteren Ma\u00dfnahme gegen Passivrauch.<br \/>\u00a0<br \/>In Finnland, Island, Gro\u00dfbritannien und einigen US-St\u00e4dten gibt es \u00e4hnliche Tendenzen wie in Frankreich. Deutschland und \u00d6sterreich haben noch keine \u00dcberlegungen in diese Richtung getroffen, um das Rauchen hier unattraktiver zu machen und die \u00f6ffentlich nutzbaren Erholungsfreir\u00e4ume rauchfreier und vor allem frei von Zigarettenkippen am Boden zu machen.<br \/>\u00a0<br \/>Der Wunsch vieler Kinder keine Zigarettenstummeln in den\u00a0Gr\u00fcnanlagen und in der N\u00e4he von Spielpl\u00e4tzen vorzufinden, ist aber oft gro\u00df, wie auch ein <a href=\"https:\/\/rauchfrei.at\/wenn-kinder-gefragt-sind\/\" target=\"_blank\" rel=\"noopener\">Projekt einer Wiener Volksschulklasse<\/a> vor zwei Jahren sichtbar gemacht hat.<br \/>\u00a0<br \/><img class=\"wp-image-9558 aligncenter\" src=\"https:\/\/rauchfrei.at\/wp-content\/uploads\/7-480x635.jpg\" alt=\"\" width=\"222\" height=\"294\" data-id=\"9558\" \/><br \/>\u00a0<br \/>\u00a0<br \/><img class=\"wp-image-9556 aligncenter\" src=\"https:\/\/rauchfrei.at\/wp-content\/uploads\/4-480x523.jpg\" alt=\"\" width=\"222\" height=\"242\" data-id=\"9556\" \/><br \/>\u00a0<br \/>Parks bieten so viele M\u00f6glichkeiten zur Freizeitgestaltung und Erholung. Ablenkungen, wenn ein Rauchstopp bevorsteht, finden Sie dort gen\u00fcgend und zudem auch noch schattige R\u00fcckzugsorte bei derzeitiger gro\u00dfer Hitze. Sollten Sie weitere Unterst\u00fctzung beim Rauchstopp ben\u00f6tigen, hilft Ihnen das Team vom Rauchfrei Telefon unter der Nummer 0800 810 013.<br \/>\u00a0<br \/><img class=\"wp-image-9559 aligncenter\" src=\"https:\/\/rauchfrei.at\/wp-content\/uploads\/8-480x623.jpg\" alt=\"\" width=\"222\" height=\"288\" data-id=\"9559\" \/>(C) Rauchfrei Telefon<br \/>\u00a0<br \/>Links zu Zeitungsartikel:<br \/><a href=\"https:\/\/derstandard.at\/2000083778466\/Paris-testet-Nichtraucher-Parks\">https:\/\/derstandard.at\/2000083778466\/Paris-testet-Nichtraucher-Parks<\/a><br \/><a href=\"https:\/\/www.kleinezeitung.at\/lebensart\/gesundheit\/5466971\/Kampf-dem-Zigarettenrauch_Paris-testet-NichtraucherParks\">https:\/\/www.kleinezeitung.at\/lebensart\/gesundheit\/5466971\/Kampf-dem-Zigarettenrauch_Paris-testet-NichtraucherParks<\/a><br \/>\u00a0<br \/>\u00a0<\/p>","_et_gb_content_width":"","footnotes":""},"categories":[236],"tags":[],"class_list":["post-10448","post","type-post","status-publish","format-standard","hentry","category-nicht-kategorisiert"],"yoast_head":"<!-- This site is optimized with the Yoast SEO plugin v26.2 - https:\/\/yoast.com\/wordpress\/plugins\/seo\/ -->\n<title>Rauchfreie Parks - Rauchfrei Telefon<\/title>\n<meta name=\"robots\" content=\"index, follow, max-snippet:-1, max-image-preview:large, max-video-preview:-1\" \/>\n<link rel=\"canonical\" href=\"https:\/\/rauchfrei.at\/rauchfreie-parks\/\" \/>\n<meta property=\"og:locale\" content=\"en_US\" \/>\n<meta property=\"og:type\" content=\"article\" \/>\n<meta property=\"og:title\" content=\"Rauchfreie Parks - Rauchfrei Telefon\" \/>\n<meta property=\"og:description\" content=\"Parks werden oftmals liebevoll \u201egr\u00fcne Lungen der St\u00e4dte\u201c genannt. Wie w\u00e4re es ohne Qualm und Zigarettenkippen in diesen Erholungsgebieten? Frankreich geht hier seit Juli 2018 mit gutem Beispiel voran und auch in einigen anderen europ\u00e4ischen L\u00e4ndern und US-St\u00e4dten gibt es \u00e4hnliche Umsetzungen.\" \/>\n<meta property=\"og:url\" content=\"https:\/\/rauchfrei.at\/rauchfreie-parks\/\" \/>\n<meta property=\"og:site_name\" content=\"Rauchfrei Telefon\" \/>\n<meta property=\"article:published_time\" content=\"2018-08-13T08:10:35+00:00\" \/>\n<meta property=\"article:modified_time\" content=\"2019-04-12T10:20:53+00:00\" \/>\n<meta property=\"og:image\" content=\"https:\/\/rauchfrei.at\/wp-content\/uploads\/7-480x635.jpg\" \/>\n<meta name=\"author\" content=\"Andrea B\u00fcttner\" \/>\n<meta name=\"twitter:card\" content=\"summary_large_image\" \/>\n<meta name=\"twitter:label1\" content=\"Written by\" \/>\n\t<meta name=\"twitter:data1\" content=\"Andrea B\u00fcttner\" \/>\n\t<meta name=\"twitter:label2\" content=\"Est. reading time\" \/>\n\t<meta name=\"twitter:data2\" content=\"2 minutes\" \/>\n<script type=\"application\/ld+json\" class=\"yoast-schema-graph\">{\"@context\":\"https:\/\/schema.org\",\"@graph\":[{\"@type\":\"WebPage\",\"@id\":\"https:\/\/rauchfrei.at\/rauchfreie-parks\/\",\"url\":\"https:\/\/rauchfrei.at\/rauchfreie-parks\/\",\"name\":\"Rauchfreie Parks - Rauchfrei Telefon\",\"isPartOf\":{\"@id\":\"https:\/\/rauchfrei.at\/#website\"},\"primaryImageOfPage\":{\"@id\":\"https:\/\/rauchfrei.at\/rauchfreie-parks\/#primaryimage\"},\"image\":{\"@id\":\"https:\/\/rauchfrei.at\/rauchfreie-parks\/#primaryimage\"},\"thumbnailUrl\":\"https:\/\/rauchfrei.at\/wp-content\/uploads\/7-480x635.jpg\",\"datePublished\":\"2018-08-13T08:10:35+00:00\",\"dateModified\":\"2019-04-12T10:20:53+00:00\",\"author\":{\"@id\":\"https:\/\/rauchfrei.at\/#\/schema\/person\/7993cb8bdf02ba65fd4ec8ec38b2dbbf\"},\"inLanguage\":\"en-US\",\"potentialAction\":[{\"@type\":\"ReadAction\",\"target\":[\"https:\/\/rauchfrei.at\/rauchfreie-parks\/\"]}]},{\"@type\":\"ImageObject\",\"inLanguage\":\"en-US\",\"@id\":\"https:\/\/rauchfrei.at\/rauchfreie-parks\/#primaryimage\",\"url\":\"https:\/\/rauchfrei.at\/wp-content\/uploads\/7-480x635.jpg\",\"contentUrl\":\"https:\/\/rauchfrei.at\/wp-content\/uploads\/7-480x635.jpg\"},{\"@type\":\"WebSite\",\"@id\":\"https:\/\/rauchfrei.at\/#website\",\"url\":\"https:\/\/rauchfrei.at\/\",\"name\":\"Rauchfrei Telefon\",\"description\":\"Eine \u00f6sterreichweite Initiative der Sozialversicherungen.\",\"potentialAction\":[{\"@type\":\"SearchAction\",\"target\":{\"@type\":\"EntryPoint\",\"urlTemplate\":\"https:\/\/rauchfrei.at\/?s={search_term_string}\"},\"query-input\":{\"@type\":\"PropertyValueSpecification\",\"valueRequired\":true,\"valueName\":\"search_term_string\"}}],\"inLanguage\":\"en-US\"},{\"@type\":\"Person\",\"@id\":\"https:\/\/rauchfrei.at\/#\/schema\/person\/7993cb8bdf02ba65fd4ec8ec38b2dbbf\",\"name\":\"Andrea B\u00fcttner\",\"image\":{\"@type\":\"ImageObject\",\"inLanguage\":\"en-US\",\"@id\":\"https:\/\/rauchfrei.at\/#\/schema\/person\/image\/\",\"url\":\"https:\/\/secure.gravatar.com\/avatar\/0f26ab1de0c83f37b101366a1244bf5de74c6d9c0641811dc6f7fc551dad1c7f?s=96&d=mm&r=g\",\"contentUrl\":\"https:\/\/secure.gravatar.com\/avatar\/0f26ab1de0c83f37b101366a1244bf5de74c6d9c0641811dc6f7fc551dad1c7f?s=96&d=mm&r=g\",\"caption\":\"Andrea B\u00fcttner\"},\"url\":\"https:\/\/rauchfrei.at\/en\/author\/buettner\/\"}]}<\/script>\n<!-- \/ Yoast SEO plugin. -->","yoast_head_json":{"title":"Rauchfreie Parks - Rauchfrei Telefon","robots":{"index":"index","follow":"follow","max-snippet":"max-snippet:-1","max-image-preview":"max-image-preview:large","max-video-preview":"max-video-preview:-1"},"canonical":"https:\/\/rauchfrei.at\/rauchfreie-parks\/","og_locale":"en_US","og_type":"article","og_title":"Rauchfreie Parks - Rauchfrei Telefon","og_description":"Parks werden oftmals liebevoll \u201egr\u00fcne Lungen der St\u00e4dte\u201c genannt. Wie w\u00e4re es ohne Qualm und Zigarettenkippen in diesen Erholungsgebieten? Frankreich geht hier seit Juli 2018 mit gutem Beispiel voran und auch in einigen anderen europ\u00e4ischen L\u00e4ndern und US-St\u00e4dten gibt es \u00e4hnliche Umsetzungen.","og_url":"https:\/\/rauchfrei.at\/rauchfreie-parks\/","og_site_name":"Rauchfrei Telefon","article_published_time":"2018-08-13T08:10:35+00:00","article_modified_time":"2019-04-12T10:20:53+00:00","og_image":[{"url":"https:\/\/rauchfrei.at\/wp-content\/uploads\/7-480x635.jpg","type":"","width":"","height":""}],"author":"Andrea B\u00fcttner","twitter_card":"summary_large_image","twitter_misc":{"Written by":"Andrea B\u00fcttner","Est. reading time":"2 minutes"},"schema":{"@context":"https:\/\/schema.org","@graph":[{"@type":"WebPage","@id":"https:\/\/rauchfrei.at\/rauchfreie-parks\/","url":"https:\/\/rauchfrei.at\/rauchfreie-parks\/","name":"Rauchfreie Parks - Rauchfrei Telefon","isPartOf":{"@id":"https:\/\/rauchfrei.at\/#website"},"primaryImageOfPage":{"@id":"https:\/\/rauchfrei.at\/rauchfreie-parks\/#primaryimage"},"image":{"@id":"https:\/\/rauchfrei.at\/rauchfreie-parks\/#primaryimage"},"thumbnailUrl":"https:\/\/rauchfrei.at\/wp-content\/uploads\/7-480x635.jpg","datePublished":"2018-08-13T08:10:35+00:00","dateModified":"2019-04-12T10:20:53+00:00","author":{"@id":"https:\/\/rauchfrei.at\/#\/schema\/person\/7993cb8bdf02ba65fd4ec8ec38b2dbbf"},"inLanguage":"en-US","potentialAction":[{"@type":"ReadAction","target":["https:\/\/rauchfrei.at\/rauchfreie-parks\/"]}]},{"@type":"ImageObject","inLanguage":"en-US","@id":"https:\/\/rauchfrei.at\/rauchfreie-parks\/#primaryimage","url":"https:\/\/rauchfrei.at\/wp-content\/uploads\/7-480x635.jpg","contentUrl":"https:\/\/rauchfrei.at\/wp-content\/uploads\/7-480x635.jpg"},{"@type":"WebSite","@id":"https:\/\/rauchfrei.at\/#website","url":"https:\/\/rauchfrei.at\/","name":"Rauchfrei Telefon","description":"Eine \u00f6sterreichweite Initiative der Sozialversicherungen.","potentialAction":[{"@type":"SearchAction","target":{"@type":"EntryPoint","urlTemplate":"https:\/\/rauchfrei.at\/?s={search_term_string}"},"query-input":{"@type":"PropertyValueSpecification","valueRequired":true,"valueName":"search_term_string"}}],"inLanguage":"en-US"},{"@type":"Person","@id":"https:\/\/rauchfrei.at\/#\/schema\/person\/7993cb8bdf02ba65fd4ec8ec38b2dbbf","name":"Andrea B\u00fcttner","image":{"@type":"ImageObject","inLanguage":"en-US","@id":"https:\/\/rauchfrei.at\/#\/schema\/person\/image\/","url":"https:\/\/secure.gravatar.com\/avatar\/0f26ab1de0c83f37b101366a1244bf5de74c6d9c0641811dc6f7fc551dad1c7f?s=96&d=mm&r=g","contentUrl":"https:\/\/secure.gravatar.com\/avatar\/0f26ab1de0c83f37b101366a1244bf5de74c6d9c0641811dc6f7fc551dad1c7f?s=96&d=mm&r=g","caption":"Andrea B\u00fcttner"},"url":"https:\/\/rauchfrei.at\/en\/author\/buettner\/"}]}},"_links":{"self":[{"href":"https:\/\/rauchfrei.at\/en\/wp-json\/wp\/v2\/posts\/10448","targetHints":{"allow":["GET"]}}],"collection":[{"href":"https:\/\/rauchfrei.at\/en\/wp-json\/wp\/v2\/posts"}],"about":[{"href":"https:\/\/rauchfrei.at\/en\/wp-json\/wp\/v2\/types\/post"}],"author":[{"embeddable":true,"href":"https:\/\/rauchfrei.at\/en\/wp-json\/wp\/v2\/users\/11"}],"replies":[{"embeddable":true,"href":"https:\/\/rauchfrei.at\/en\/wp-json\/wp\/v2\/comments?post=10448"}],"version-history":[{"count":5,"href":"https:\/\/rauchfrei.at\/en\/wp-json\/wp\/v2\/posts\/10448\/revisions"}],"predecessor-version":[{"id":15864,"href":"https:\/\/rauchfrei.at\/en\/wp-json\/wp\/v2\/posts\/10448\/revisions\/15864"}],"wp:attachment":[{"href":"https:\/\/rauchfrei.at\/en\/wp-json\/wp\/v2\/media?parent=10448"}],"wp:term":[{"taxonomy":"category","embeddable":true,"href":"https:\/\/rauchfrei.at\/en\/wp-json\/wp\/v2\/categories?post=10448"},{"taxonomy":"post_tag","embeddable":true,"href":"https:\/\/rauchfrei.at\/en\/wp-json\/wp\/v2\/tags?post=10448"}],"curies":[{"name":"wp","href":"https:\/\/api.w.org\/{rel}","templated":true}]}}