
{"id":10490,"date":"2018-09-03T10:00:51","date_gmt":"2018-09-03T08:00:51","guid":{"rendered":"https:\/\/rauchfrei.at\/?p=10490"},"modified":"2019-04-12T11:22:26","modified_gmt":"2019-04-12T09:22:26","slug":"neu-zum-schulstart-ein-komplettes-rauchverbot","status":"publish","type":"post","link":"https:\/\/rauchfrei.at\/en\/neu-zum-schulstart-ein-komplettes-rauchverbot\/","title":{"rendered":"Neu zum Schulstart: ein komplettes Rauchverbot"},"content":{"rendered":"<p>[et_pb_section fb_built=&#8221;1&#8243; module_class=&#8221;header&#8221; _builder_version=&#8221;3.0.99&#8243;][et_pb_row _builder_version=&#8221;3.0.99&#8243;][et_pb_column type=&#8221;4_4&#8243; _builder_version=&#8221;3.0.47&#8243;][et_pb_dp_dmb_module_10001 subheadline=&#8221;Ein Einleitungstext (H2?), der das Thema beschreibt und kurz zusammenfasst um was es im Artikel geht&#8221; _builder_version=&#8221;3.0.99&#8243;][\/et_pb_dp_dmb_module_10001][\/et_pb_column][\/et_pb_row][\/et_pb_section][et_pb_section fb_built=&#8221;1&#8243; _builder_version=&#8221;3.0.47&#8243;][et_pb_row _builder_version=&#8221;3.0.48&#8243; background_size=&#8221;initial&#8221; background_position=&#8221;top_left&#8221; background_repeat=&#8221;repeat&#8221;][et_pb_column type=&#8221;2_3&#8243; _builder_version=&#8221;3.0.47&#8243;][et_pb_text _builder_version=&#8221;3.0.99&#8243;]<\/p>\n<p>&nbsp;<\/p>\n<p>In den n\u00e4chsten Tagen beginnt in allen Bundesl\u00e4ndern wieder die Schule. Nun wurde vor kurzem \u2013 rechtzeitig zum Schulstart \u2013 eine Neuregelung ver\u00f6ffentlicht. Laut dieser Regelung gilt seit 1. Juli 2018 ein Rauchverbot auf der gesamten Schulliegenschaft.<\/p>\n<p>Bisher war das Rauchverbot ausschlie\u00dflich im Inneren von Schulgeb\u00e4uden geregelt. Mithilfe der Hausordnung konnte beispielsweise \u00e4ltere Sch\u00fcler\/innen das Rauchen am Schulhof erlaubt werden. Lehrer\/innen war das Rauchen im Freien oder auf schulischem Freigel\u00e4nde sogar grunds\u00e4tzlich erlaubt.<\/p>\n<p>Ab <strong>1. Juli 2018<\/strong> fallen diese Ausnahmen weg. Das Rauchverbot gilt nun nicht nur f\u00fcr alle Sch\u00fcler\/innen, sondern auch f\u00fcr Lehrer\/innen und schulfremde Personen (z. B. f\u00fcr Eltern bei Schulveranstaltungen).<\/p>\n<p>Allgemeine Informationen zur Tabakpr\u00e4vention in der Schule sowie zu den rechtlichen Rahmenbedingungen finden Sie kurz gefasst hier:<\/p>\n<a href='http:\/\/www.hauptverband.at\/cdscontent\/load?contentid=10008.656952&#038;version=1529483975' class='small-button smalllightblue' target=\"_blank\">Factsheet des Hauptverbandes f\u00fcr Sozialversicherungstr\u00e4ger<\/a>\n<p><em style=\"font-size: 15px;\"><\/em><\/p>\n<p><em style=\"font-size: 15px;\">Alle Sch\u00fcler\/innen oder Lehrer\/innen, die bei dieser Ver\u00e4nderung Hilfe ben\u00f6tigen, k\u00f6nnen sich gerne beim Rauchfrei Telefon melden. Wir bieten telefonische Unterst\u00fctzung an und beraten sowohl bei der neuen rauchfreien Pausengestaltung als auch bei einem kompletten Rauchstopp.<\/em><\/p>\n<p><em style=\"font-size: 15px;\"><\/em><\/p>\n<p><a href=\"https:\/\/rauchfrei.at\/wp-content\/uploads\/rt1804_jugendposter_v9_druck_1_A1__no-boxes-1.pdf\" target=\"_blank\" rel=\"noopener noreferrer\"><img loading=\"lazy\" decoding=\"async\" class=\"alignnone wp-image-10259\" src=\"https:\/\/rauchfrei.at\/wp-content\/uploads\/bub-480x680.png\" alt=\"\" width=\"191\" height=\"271\" data-id=\"10259\" \/><\/a>\u00a0 <a href=\"https:\/\/rauchfrei.at\/wp-content\/uploads\/rt1804_jugendposter_v9_druck_1_A1__no-boxes-2.pdf\" target=\"_blank\" rel=\"noopener noreferrer\"><img loading=\"lazy\" decoding=\"async\" class=\"alignnone wp-image-10260\" src=\"https:\/\/rauchfrei.at\/wp-content\/uploads\/maedl-480x679.png\" alt=\"\" width=\"191\" height=\"271\" data-id=\"10260\" \/><\/a><\/p>\n<p>\u00a0<span style=\"font-size: 15px;\">Passend zum Schulstart haben wir neue Jugendposter gestaltet (<\/span><a href=\"https:\/\/rauchfrei.at\/wp-content\/uploads\/rt1804_jugendposter_v9_druck_1_A1__no-boxes-1.pdf\" target=\"_blank\" rel=\"noopener noreferrer\" style=\"font-size: 15px;\">m\u00e4nnliches Sujet <\/a><span style=\"font-size: 15px;\">\/ <\/span><a href=\"https:\/\/rauchfrei.at\/wp-content\/uploads\/rt1804_jugendposter_v9_druck_1_A1__no-boxes-2.pdf\" target=\"_blank\" rel=\"noopener noreferrer\" style=\"font-size: 15px;\">weibliches Sujet<\/a><span style=\"font-size: 15px;\">). Diese sollen Jugendliche zu einem rauchfreien Lebensstil motivieren. Kostenlose Bestellung der Jugendposter und des Jugendfolder \u201eZiga-Rette sich wer kann\u201c \u00fcber unsere Homepage.<\/span><\/p>\n<p>Literatur: <a href=\"https:\/\/derstandard.at\/2000085765039\/Rauchen-an-Schulen-wird-ausnahmslos-verboten\">https:\/\/derstandard.at\/2000085765039\/Rauchen-an-Schulen-wird-ausnahmslos-verboten<\/a><\/p>\n<p>[\/et_pb_text][\/et_pb_column][et_pb_column type=&#8221;1_3&#8243; _builder_version=&#8221;3.0.47&#8243;][et_pb_sidebar area=&#8221;sidebar-1&#8243; _builder_version=&#8221;3.0.99&#8243;][\/et_pb_sidebar][\/et_pb_column][\/et_pb_row][\/et_pb_section]<\/p>\n","protected":false},"excerpt":{"rendered":"<p>Rechtzeitig zum Schulstart wird eine Neuregelung bekannt: seit 1. Juli 2018 gilt ein generelles Rauchverbot auf dem gesamten Schulgel\u00e4nde. So darf nun auch auf Freifl\u00e4chen, wie zum Beispiel dem Schulhof \u2013 egal ob es sich um Sch\u00fcler\/Innen oder Lehrer\/Innen handelt \u2013 nicht mehr geraucht werden.<\/p>\n","protected":false},"author":11,"featured_media":0,"comment_status":"open","ping_status":"open","sticky":false,"template":"","format":"standard","meta":{"_et_pb_use_builder":"on","_et_pb_old_content":"<p>In den n\u00e4chsten Tagen beginnt in allen Bundesl\u00e4ndern wieder die Schule. Nun wurde vor kurzem \u2013 rechtzeitig zum Schulstart \u2013 eine Neuregelung ver\u00f6ffentlicht. Laut dieser Regelung gilt seit 1. Juli 2018 ein Rauchverbot auf der gesamten Schulliegenschaft.<\/p><p>Bisher war das Rauchverbot ausschlie\u00dflich im Inneren von Schulgeb\u00e4uden geregelt. Mithilfe der Hausordnung konnte beispielsweise \u00e4ltere Sch\u00fcler\/innen das Rauchen am Schulhof erlaubt werden. Lehrer\/innen war das Rauchen im Freien ODER auf schulischem Freigel\u00e4nde sogar grunds\u00e4tzlich erlaubt.<\/p><p>Ab 1. Juli 2018 fallen diese Ausnahmen weg. Das Rauchverbot gilt nun nicht nur f\u00fcr alle Sch\u00fcler\/innen, sondern auch f\u00fcr Lehrer\/innen und schulfremde Personen (z. B. f\u00fcr Eltern bei Schulveranstaltungen).<\/p><p>Allgemeine Informationen zur Tabakpr\u00e4vention in der Schule sowie zu den rechtlichen Rahmenbedingungen finden Sie kurz gefasst im <a href=\"http:\/\/www.hauptverband.at\/cdscontent\/load?contentid=10008.656952&version=1529483975\" target=\"_blank\" rel=\"noopener\">Factsheet des Hauptverbandes der Sozialversicherungstr\u00e4ger<\/a><\/p><p>Alle Sch\u00fcler\/innen oder Lehrer\/innen, die bei dieser Ver\u00e4nderung Hilfe ben\u00f6tigen, k\u00f6nnen sich gerne beim Rauchfrei Telefon melden. Wir bieten telefonische Unterst\u00fctzung an und beraten sowohl bei der neuen rauchfreien Pausengestaltung als auch bei einem kompletten Rauchstopp.<\/p><p><a href=\"https:\/\/rauchfrei.at\/wp-content\/uploads\/rt1804_jugendposter_v9_druck_1_A1__no-boxes-1.pdf\" target=\"_blank\" rel=\"noopener\"><img class=\"alignnone wp-image-10259\" src=\"https:\/\/rauchfrei.at\/wp-content\/uploads\/bub-480x680.png\" alt=\"\" width=\"191\" height=\"271\" data-id=\"10259\" \/><\/a>\u00a0 <a href=\"https:\/\/rauchfrei.at\/wp-content\/uploads\/rt1804_jugendposter_v9_druck_1_A1__no-boxes-2.pdf\" target=\"_blank\" rel=\"noopener\"><img class=\"alignnone wp-image-10260\" src=\"https:\/\/rauchfrei.at\/wp-content\/uploads\/maedl-480x679.png\" alt=\"\" width=\"191\" height=\"271\" data-id=\"10260\" \/><\/a><\/p><p>Passend zum Schulstart haben wir neue Jugendposter gestaltet (<a href=\"https:\/\/rauchfrei.at\/wp-content\/uploads\/rt1804_jugendposter_v9_druck_1_A1__no-boxes-1.pdf\" target=\"_blank\" rel=\"noopener\">m\u00e4nnliches Sujet <\/a>\/ <a href=\"https:\/\/rauchfrei.at\/wp-content\/uploads\/rt1804_jugendposter_v9_druck_1_A1__no-boxes-2.pdf\" target=\"_blank\" rel=\"noopener\">weibliches Sujet<\/a>). Diese sollen Jugendliche zu einem rauchfreien Lebensstil motivieren. Kostenlose Bestellung der Jugendposter und des Jugendfolder \u201eZiga-Rette sich wer kann\u201c \u00fcber unsere Homepage.<\/p><p>Literatur: <a href=\"https:\/\/derstandard.at\/2000085765039\/Rauchen-an-Schulen-wird-ausnahmslos-verboten\">https:\/\/derstandard.at\/2000085765039\/Rauchen-an-Schulen-wird-ausnahmslos-verboten<\/a><\/p>","_et_gb_content_width":"","footnotes":""},"categories":[236],"tags":[],"class_list":["post-10490","post","type-post","status-publish","format-standard","hentry","category-nicht-kategorisiert"],"yoast_head":"<!-- This site is optimized with the Yoast SEO plugin v26.2 - https:\/\/yoast.com\/wordpress\/plugins\/seo\/ -->\n<title>Neu zum Schulstart: ein komplettes Rauchverbot - Rauchfrei Telefon<\/title>\n<meta name=\"robots\" content=\"index, follow, max-snippet:-1, max-image-preview:large, max-video-preview:-1\" \/>\n<link rel=\"canonical\" href=\"https:\/\/rauchfrei.at\/neu-zum-schulstart-ein-komplettes-rauchverbot\/\" \/>\n<meta property=\"og:locale\" content=\"en_US\" \/>\n<meta property=\"og:type\" content=\"article\" \/>\n<meta property=\"og:title\" content=\"Neu zum Schulstart: ein komplettes Rauchverbot - Rauchfrei Telefon\" \/>\n<meta property=\"og:description\" content=\"Rechtzeitig zum Schulstart wird eine Neuregelung bekannt: seit 1. Juli 2018 gilt ein generelles Rauchverbot auf dem gesamten Schulgel\u00e4nde. So darf nun auch auf Freifl\u00e4chen, wie zum Beispiel dem Schulhof \u2013 egal ob es sich um Sch\u00fcler\/Innen oder Lehrer\/Innen handelt \u2013 nicht mehr geraucht werden.\" \/>\n<meta property=\"og:url\" content=\"https:\/\/rauchfrei.at\/neu-zum-schulstart-ein-komplettes-rauchverbot\/\" \/>\n<meta property=\"og:site_name\" content=\"Rauchfrei Telefon\" \/>\n<meta property=\"article:published_time\" content=\"2018-09-03T08:00:51+00:00\" \/>\n<meta property=\"article:modified_time\" content=\"2019-04-12T09:22:26+00:00\" \/>\n<meta property=\"og:image\" content=\"https:\/\/rauchfrei.at\/wp-content\/uploads\/bub-480x680.png\" \/>\n<meta name=\"author\" content=\"Andrea B\u00fcttner\" \/>\n<meta name=\"twitter:card\" content=\"summary_large_image\" \/>\n<meta name=\"twitter:label1\" content=\"Written by\" \/>\n\t<meta name=\"twitter:data1\" content=\"Andrea B\u00fcttner\" \/>\n\t<meta name=\"twitter:label2\" content=\"Est. reading time\" \/>\n\t<meta name=\"twitter:data2\" content=\"2 minutes\" \/>\n<script type=\"application\/ld+json\" class=\"yoast-schema-graph\">{\"@context\":\"https:\/\/schema.org\",\"@graph\":[{\"@type\":\"WebPage\",\"@id\":\"https:\/\/rauchfrei.at\/neu-zum-schulstart-ein-komplettes-rauchverbot\/\",\"url\":\"https:\/\/rauchfrei.at\/neu-zum-schulstart-ein-komplettes-rauchverbot\/\",\"name\":\"Neu zum Schulstart: ein komplettes Rauchverbot - Rauchfrei Telefon\",\"isPartOf\":{\"@id\":\"https:\/\/rauchfrei.at\/#website\"},\"primaryImageOfPage\":{\"@id\":\"https:\/\/rauchfrei.at\/neu-zum-schulstart-ein-komplettes-rauchverbot\/#primaryimage\"},\"image\":{\"@id\":\"https:\/\/rauchfrei.at\/neu-zum-schulstart-ein-komplettes-rauchverbot\/#primaryimage\"},\"thumbnailUrl\":\"https:\/\/rauchfrei.at\/wp-content\/uploads\/bub-480x680.png\",\"datePublished\":\"2018-09-03T08:00:51+00:00\",\"dateModified\":\"2019-04-12T09:22:26+00:00\",\"author\":{\"@id\":\"https:\/\/rauchfrei.at\/#\/schema\/person\/7993cb8bdf02ba65fd4ec8ec38b2dbbf\"},\"inLanguage\":\"en-US\",\"potentialAction\":[{\"@type\":\"ReadAction\",\"target\":[\"https:\/\/rauchfrei.at\/neu-zum-schulstart-ein-komplettes-rauchverbot\/\"]}]},{\"@type\":\"ImageObject\",\"inLanguage\":\"en-US\",\"@id\":\"https:\/\/rauchfrei.at\/neu-zum-schulstart-ein-komplettes-rauchverbot\/#primaryimage\",\"url\":\"https:\/\/rauchfrei.at\/wp-content\/uploads\/bub-480x680.png\",\"contentUrl\":\"https:\/\/rauchfrei.at\/wp-content\/uploads\/bub-480x680.png\"},{\"@type\":\"WebSite\",\"@id\":\"https:\/\/rauchfrei.at\/#website\",\"url\":\"https:\/\/rauchfrei.at\/\",\"name\":\"Rauchfrei Telefon\",\"description\":\"Eine \u00f6sterreichweite Initiative der Sozialversicherungen.\",\"potentialAction\":[{\"@type\":\"SearchAction\",\"target\":{\"@type\":\"EntryPoint\",\"urlTemplate\":\"https:\/\/rauchfrei.at\/?s={search_term_string}\"},\"query-input\":{\"@type\":\"PropertyValueSpecification\",\"valueRequired\":true,\"valueName\":\"search_term_string\"}}],\"inLanguage\":\"en-US\"},{\"@type\":\"Person\",\"@id\":\"https:\/\/rauchfrei.at\/#\/schema\/person\/7993cb8bdf02ba65fd4ec8ec38b2dbbf\",\"name\":\"Andrea B\u00fcttner\",\"image\":{\"@type\":\"ImageObject\",\"inLanguage\":\"en-US\",\"@id\":\"https:\/\/rauchfrei.at\/#\/schema\/person\/image\/\",\"url\":\"https:\/\/secure.gravatar.com\/avatar\/0f26ab1de0c83f37b101366a1244bf5de74c6d9c0641811dc6f7fc551dad1c7f?s=96&d=mm&r=g\",\"contentUrl\":\"https:\/\/secure.gravatar.com\/avatar\/0f26ab1de0c83f37b101366a1244bf5de74c6d9c0641811dc6f7fc551dad1c7f?s=96&d=mm&r=g\",\"caption\":\"Andrea B\u00fcttner\"},\"url\":\"https:\/\/rauchfrei.at\/en\/author\/buettner\/\"}]}<\/script>\n<!-- \/ Yoast SEO plugin. -->","yoast_head_json":{"title":"Neu zum Schulstart: ein komplettes Rauchverbot - Rauchfrei Telefon","robots":{"index":"index","follow":"follow","max-snippet":"max-snippet:-1","max-image-preview":"max-image-preview:large","max-video-preview":"max-video-preview:-1"},"canonical":"https:\/\/rauchfrei.at\/neu-zum-schulstart-ein-komplettes-rauchverbot\/","og_locale":"en_US","og_type":"article","og_title":"Neu zum Schulstart: ein komplettes Rauchverbot - Rauchfrei Telefon","og_description":"Rechtzeitig zum Schulstart wird eine Neuregelung bekannt: seit 1. Juli 2018 gilt ein generelles Rauchverbot auf dem gesamten Schulgel\u00e4nde. So darf nun auch auf Freifl\u00e4chen, wie zum Beispiel dem Schulhof \u2013 egal ob es sich um Sch\u00fcler\/Innen oder Lehrer\/Innen handelt \u2013 nicht mehr geraucht werden.","og_url":"https:\/\/rauchfrei.at\/neu-zum-schulstart-ein-komplettes-rauchverbot\/","og_site_name":"Rauchfrei Telefon","article_published_time":"2018-09-03T08:00:51+00:00","article_modified_time":"2019-04-12T09:22:26+00:00","og_image":[{"url":"https:\/\/rauchfrei.at\/wp-content\/uploads\/bub-480x680.png","type":"","width":"","height":""}],"author":"Andrea B\u00fcttner","twitter_card":"summary_large_image","twitter_misc":{"Written by":"Andrea B\u00fcttner","Est. reading time":"2 minutes"},"schema":{"@context":"https:\/\/schema.org","@graph":[{"@type":"WebPage","@id":"https:\/\/rauchfrei.at\/neu-zum-schulstart-ein-komplettes-rauchverbot\/","url":"https:\/\/rauchfrei.at\/neu-zum-schulstart-ein-komplettes-rauchverbot\/","name":"Neu zum Schulstart: ein komplettes Rauchverbot - Rauchfrei Telefon","isPartOf":{"@id":"https:\/\/rauchfrei.at\/#website"},"primaryImageOfPage":{"@id":"https:\/\/rauchfrei.at\/neu-zum-schulstart-ein-komplettes-rauchverbot\/#primaryimage"},"image":{"@id":"https:\/\/rauchfrei.at\/neu-zum-schulstart-ein-komplettes-rauchverbot\/#primaryimage"},"thumbnailUrl":"https:\/\/rauchfrei.at\/wp-content\/uploads\/bub-480x680.png","datePublished":"2018-09-03T08:00:51+00:00","dateModified":"2019-04-12T09:22:26+00:00","author":{"@id":"https:\/\/rauchfrei.at\/#\/schema\/person\/7993cb8bdf02ba65fd4ec8ec38b2dbbf"},"inLanguage":"en-US","potentialAction":[{"@type":"ReadAction","target":["https:\/\/rauchfrei.at\/neu-zum-schulstart-ein-komplettes-rauchverbot\/"]}]},{"@type":"ImageObject","inLanguage":"en-US","@id":"https:\/\/rauchfrei.at\/neu-zum-schulstart-ein-komplettes-rauchverbot\/#primaryimage","url":"https:\/\/rauchfrei.at\/wp-content\/uploads\/bub-480x680.png","contentUrl":"https:\/\/rauchfrei.at\/wp-content\/uploads\/bub-480x680.png"},{"@type":"WebSite","@id":"https:\/\/rauchfrei.at\/#website","url":"https:\/\/rauchfrei.at\/","name":"Rauchfrei Telefon","description":"Eine \u00f6sterreichweite Initiative der Sozialversicherungen.","potentialAction":[{"@type":"SearchAction","target":{"@type":"EntryPoint","urlTemplate":"https:\/\/rauchfrei.at\/?s={search_term_string}"},"query-input":{"@type":"PropertyValueSpecification","valueRequired":true,"valueName":"search_term_string"}}],"inLanguage":"en-US"},{"@type":"Person","@id":"https:\/\/rauchfrei.at\/#\/schema\/person\/7993cb8bdf02ba65fd4ec8ec38b2dbbf","name":"Andrea B\u00fcttner","image":{"@type":"ImageObject","inLanguage":"en-US","@id":"https:\/\/rauchfrei.at\/#\/schema\/person\/image\/","url":"https:\/\/secure.gravatar.com\/avatar\/0f26ab1de0c83f37b101366a1244bf5de74c6d9c0641811dc6f7fc551dad1c7f?s=96&d=mm&r=g","contentUrl":"https:\/\/secure.gravatar.com\/avatar\/0f26ab1de0c83f37b101366a1244bf5de74c6d9c0641811dc6f7fc551dad1c7f?s=96&d=mm&r=g","caption":"Andrea B\u00fcttner"},"url":"https:\/\/rauchfrei.at\/en\/author\/buettner\/"}]}},"_links":{"self":[{"href":"https:\/\/rauchfrei.at\/en\/wp-json\/wp\/v2\/posts\/10490","targetHints":{"allow":["GET"]}}],"collection":[{"href":"https:\/\/rauchfrei.at\/en\/wp-json\/wp\/v2\/posts"}],"about":[{"href":"https:\/\/rauchfrei.at\/en\/wp-json\/wp\/v2\/types\/post"}],"author":[{"embeddable":true,"href":"https:\/\/rauchfrei.at\/en\/wp-json\/wp\/v2\/users\/11"}],"replies":[{"embeddable":true,"href":"https:\/\/rauchfrei.at\/en\/wp-json\/wp\/v2\/comments?post=10490"}],"version-history":[{"count":5,"href":"https:\/\/rauchfrei.at\/en\/wp-json\/wp\/v2\/posts\/10490\/revisions"}],"predecessor-version":[{"id":15840,"href":"https:\/\/rauchfrei.at\/en\/wp-json\/wp\/v2\/posts\/10490\/revisions\/15840"}],"wp:attachment":[{"href":"https:\/\/rauchfrei.at\/en\/wp-json\/wp\/v2\/media?parent=10490"}],"wp:term":[{"taxonomy":"category","embeddable":true,"href":"https:\/\/rauchfrei.at\/en\/wp-json\/wp\/v2\/categories?post=10490"},{"taxonomy":"post_tag","embeddable":true,"href":"https:\/\/rauchfrei.at\/en\/wp-json\/wp\/v2\/tags?post=10490"}],"curies":[{"name":"wp","href":"https:\/\/api.w.org\/{rel}","templated":true}]}}