
{"id":10945,"date":"2018-02-19T10:00:53","date_gmt":"2018-02-19T08:00:53","guid":{"rendered":"https:\/\/rauchfrei.at\/?p=9915"},"modified":"2019-04-24T11:27:25","modified_gmt":"2019-04-24T09:27:25","slug":"aufstehen-unterschreiben-weitersagen","status":"publish","type":"post","link":"https:\/\/rauchfrei.at\/en\/aufstehen-unterschreiben-weitersagen\/","title":{"rendered":"Aufstehen! Unterschreiben! Weitersagen!"},"content":{"rendered":"<p>[et_pb_section bb_built=&#8221;1&#8243; fullwidth=&#8221;off&#8221; specialty=&#8221;off&#8221; _builder_version=&#8221;3.0.99&#8243; module_class=&#8221;header&#8221; next_background_color=&#8221;#000000&#8243;][et_pb_row _builder_version=&#8221;3.0.99&#8243;][et_pb_column type=&#8221;4_4&#8243;][et_pb_dp_dmb_module_10001 _builder_version=&#8221;3.21.1&#8243; z_index_tablet=&#8221;500&#8243; \/][\/et_pb_column][\/et_pb_row][\/et_pb_section][et_pb_section bb_built=&#8221;1&#8243; prev_background_color=&#8221;#000000&#8243;][et_pb_row][et_pb_column type=&#8221;2_3&#8243;][et_pb_text]<\/p>\n<p>\n\u201eWir fordern aus Gr\u00fcnden eines optimalen Gesundheitsschutzes f\u00fcr alle \u00d6sterreicherinnen und \u00d6sterreicher eine bundesverfassungsgesetzliche Regelung f\u00fcr die Beibehaltung der 2015 beschlossenen Novelle zum Nichtraucherschutzgesetz\u00a0(Tabakgesetz).\u201c<\/p>\n<p>Diese Forderung stellt das Volksbegehren, Sie k\u00f6nnen mit Ihrer Unterschrift unterst\u00fctzen. Wer jetzt f\u00fcr die Unterst\u00fctzungserkl\u00e4rung unterschreibt, braucht das dann f\u00fcr das Volksbegehren nicht nochmal zu tun.<\/p>\n<p><a href=\"https:\/\/dontsmoke.at\/\" target=\"_blank\" rel=\"noopener noreferrer\"><img loading=\"lazy\" decoding=\"async\" class=\"size-medium wp-image-9916\" src=\"https:\/\/rauchfrei.at\/wp-content\/uploads\/Dontsmoke-225x97.png\" alt=\"\" width=\"225\" height=\"97\" data-id=\"9916\" \/><\/a><\/p>\n<p>Durch viele Nichtraucherbereiche und Nichtrauchen als soziale Norm:<\/p>\n<ul>\n<li>fangen Jugendliche sp\u00e4ter zu rauchen an<\/li>\n<li>werden Ex-Raucherinnen\/E-Rauchern im Nichtrauchen unterst\u00fctzt<\/li>\n<li>f\u00e4llt Raucherinnen\/Rauchern der Rauchstopp leichter<\/li>\n<\/ul>\n<p><u>Link<\/u>: <a href=\"https:\/\/dontsmoke.at\/\" target=\"_blank\" rel=\"noopener noreferrer\">dontsmoke.at<\/a><\/p>\n<p>[\/et_pb_text][\/et_pb_column][et_pb_column type=&#8221;1_3&#8243;][et_pb_sidebar _builder_version=&#8221;3.15&#8243; area=&#8221;sidebar-1&#8243; \/][\/et_pb_column][\/et_pb_row][\/et_pb_section]<\/p>\n","protected":false},"excerpt":{"rendered":"<p>Vergangene Woche wurde das Volksbegehren &#8220;Don\u00b4t Smoke&#8221; zum Nichtraucherschutz vorgestellt. Es geht darum, das l\u00e4ngst beschlossene Gesetz zum Nichtraucherschutz in der Gastronomie beizubehalten. Unterschreiben kann man pers\u00f6nlich auf jedem Gemeindeamt oder einfach via Handy \u2013 Signatur bzw. B\u00fcrgerkarte.<\/p>\n","protected":false},"author":11,"featured_media":0,"comment_status":"open","ping_status":"open","sticky":false,"template":"","format":"standard","meta":{"_et_pb_use_builder":"on","_et_pb_old_content":"<p>\u00a0<br \/>\u201eWir fordern aus Gr\u00fcnden eines optimalen Gesundheitsschutzes f\u00fcr alle \u00d6sterreicherinnen und \u00d6sterreicher eine bundesverfassungsgesetzliche Regelung f\u00fcr die Beibehaltung der 2015 beschlossenen Novelle zum Nichtraucherschutzgesetz\u00a0(Tabakgesetz).\u201c<br \/>\u00a0<br \/>Diese Forderung stellt das Volksbegehren, Sie k\u00f6nnen mit Ihrer Unterschrift unterst\u00fctzen. Wer jetzt f\u00fcr die Unterst\u00fctzungserkl\u00e4rung unterschreibt, braucht das dann f\u00fcr das Volksbegehren nicht nochmal zu tun.<br \/>\u00a0<br \/><a href=\"https:\/\/dontsmoke.at\/\" target=\"_blank\" rel=\"noopener\"><img class=\"size-medium wp-image-9916\" src=\"https:\/\/rauchfrei.at\/wp-content\/uploads\/Dontsmoke-225x97.png\" alt=\"\" width=\"225\" height=\"97\" data-id=\"9916\" \/><\/a><br \/>\u00a0<br \/>\u00a0<br \/>Durch viele Nichtraucherbereiche und Nichtrauchen als soziale Norm:<br \/>\u00a0<\/p><ul><li>fangen Jugendliche sp\u00e4ter zu rauchen an<\/li><li>werden Ex-Raucherinnen\/E-Rauchern im Nichtrauchen unterst\u00fctzt<\/li><li>f\u00e4llt Raucherinnen\/Rauchern der Rauchstopp leichter<\/li><\/ul><p><u>Link<\/u>: <a href=\"https:\/\/dontsmoke.at\/\" target=\"_blank\" rel=\"noopener\">dontsmoke.at<\/a><br \/>\u00a0<\/p>","_et_gb_content_width":"","footnotes":""},"categories":[236],"tags":[],"class_list":["post-10945","post","type-post","status-publish","format-standard","hentry","category-nicht-kategorisiert"],"yoast_head":"<!-- This site is optimized with the Yoast SEO plugin v26.2 - https:\/\/yoast.com\/wordpress\/plugins\/seo\/ -->\n<title>Aufstehen! Unterschreiben! Weitersagen! - Rauchfrei Telefon<\/title>\n<meta name=\"robots\" content=\"index, follow, max-snippet:-1, max-image-preview:large, max-video-preview:-1\" \/>\n<link rel=\"canonical\" href=\"https:\/\/rauchfrei.at\/aufstehen-unterschreiben-weitersagen\/\" \/>\n<meta property=\"og:locale\" content=\"en_US\" \/>\n<meta property=\"og:type\" content=\"article\" \/>\n<meta property=\"og:title\" content=\"Aufstehen! Unterschreiben! Weitersagen! - Rauchfrei Telefon\" \/>\n<meta property=\"og:description\" content=\"Vergangene Woche wurde das Volksbegehren &quot;Don\u00b4t Smoke&quot; zum Nichtraucherschutz vorgestellt. Es geht darum, das l\u00e4ngst beschlossene Gesetz zum Nichtraucherschutz in der Gastronomie beizubehalten. Unterschreiben kann man pers\u00f6nlich auf jedem Gemeindeamt oder einfach via Handy \u2013 Signatur bzw. B\u00fcrgerkarte.\" \/>\n<meta property=\"og:url\" content=\"https:\/\/rauchfrei.at\/aufstehen-unterschreiben-weitersagen\/\" \/>\n<meta property=\"og:site_name\" content=\"Rauchfrei Telefon\" \/>\n<meta property=\"article:published_time\" content=\"2018-02-19T08:00:53+00:00\" \/>\n<meta property=\"article:modified_time\" content=\"2019-04-24T09:27:25+00:00\" \/>\n<meta property=\"og:image\" content=\"https:\/\/rauchfrei.at\/wp-content\/uploads\/Dontsmoke-225x97.png\" \/>\n<meta name=\"author\" content=\"Andrea B\u00fcttner\" \/>\n<meta name=\"twitter:card\" content=\"summary_large_image\" \/>\n<meta name=\"twitter:label1\" content=\"Written by\" \/>\n\t<meta name=\"twitter:data1\" content=\"Andrea B\u00fcttner\" \/>\n\t<meta name=\"twitter:label2\" content=\"Est. reading time\" \/>\n\t<meta name=\"twitter:data2\" content=\"1 minute\" \/>\n<script type=\"application\/ld+json\" class=\"yoast-schema-graph\">{\"@context\":\"https:\/\/schema.org\",\"@graph\":[{\"@type\":\"WebPage\",\"@id\":\"https:\/\/rauchfrei.at\/aufstehen-unterschreiben-weitersagen\/\",\"url\":\"https:\/\/rauchfrei.at\/aufstehen-unterschreiben-weitersagen\/\",\"name\":\"Aufstehen! Unterschreiben! Weitersagen! - Rauchfrei Telefon\",\"isPartOf\":{\"@id\":\"https:\/\/rauchfrei.at\/#website\"},\"primaryImageOfPage\":{\"@id\":\"https:\/\/rauchfrei.at\/aufstehen-unterschreiben-weitersagen\/#primaryimage\"},\"image\":{\"@id\":\"https:\/\/rauchfrei.at\/aufstehen-unterschreiben-weitersagen\/#primaryimage\"},\"thumbnailUrl\":\"https:\/\/rauchfrei.at\/wp-content\/uploads\/Dontsmoke-225x97.png\",\"datePublished\":\"2018-02-19T08:00:53+00:00\",\"dateModified\":\"2019-04-24T09:27:25+00:00\",\"author\":{\"@id\":\"https:\/\/rauchfrei.at\/#\/schema\/person\/7993cb8bdf02ba65fd4ec8ec38b2dbbf\"},\"inLanguage\":\"en-US\",\"potentialAction\":[{\"@type\":\"ReadAction\",\"target\":[\"https:\/\/rauchfrei.at\/aufstehen-unterschreiben-weitersagen\/\"]}]},{\"@type\":\"ImageObject\",\"inLanguage\":\"en-US\",\"@id\":\"https:\/\/rauchfrei.at\/aufstehen-unterschreiben-weitersagen\/#primaryimage\",\"url\":\"https:\/\/rauchfrei.at\/wp-content\/uploads\/Dontsmoke-225x97.png\",\"contentUrl\":\"https:\/\/rauchfrei.at\/wp-content\/uploads\/Dontsmoke-225x97.png\"},{\"@type\":\"WebSite\",\"@id\":\"https:\/\/rauchfrei.at\/#website\",\"url\":\"https:\/\/rauchfrei.at\/\",\"name\":\"Rauchfrei Telefon\",\"description\":\"Eine \u00f6sterreichweite Initiative der Sozialversicherungen.\",\"potentialAction\":[{\"@type\":\"SearchAction\",\"target\":{\"@type\":\"EntryPoint\",\"urlTemplate\":\"https:\/\/rauchfrei.at\/?s={search_term_string}\"},\"query-input\":{\"@type\":\"PropertyValueSpecification\",\"valueRequired\":true,\"valueName\":\"search_term_string\"}}],\"inLanguage\":\"en-US\"},{\"@type\":\"Person\",\"@id\":\"https:\/\/rauchfrei.at\/#\/schema\/person\/7993cb8bdf02ba65fd4ec8ec38b2dbbf\",\"name\":\"Andrea B\u00fcttner\",\"image\":{\"@type\":\"ImageObject\",\"inLanguage\":\"en-US\",\"@id\":\"https:\/\/rauchfrei.at\/#\/schema\/person\/image\/\",\"url\":\"https:\/\/secure.gravatar.com\/avatar\/0f26ab1de0c83f37b101366a1244bf5de74c6d9c0641811dc6f7fc551dad1c7f?s=96&d=mm&r=g\",\"contentUrl\":\"https:\/\/secure.gravatar.com\/avatar\/0f26ab1de0c83f37b101366a1244bf5de74c6d9c0641811dc6f7fc551dad1c7f?s=96&d=mm&r=g\",\"caption\":\"Andrea B\u00fcttner\"},\"url\":\"https:\/\/rauchfrei.at\/en\/author\/buettner\/\"}]}<\/script>\n<!-- \/ Yoast SEO plugin. -->","yoast_head_json":{"title":"Aufstehen! Unterschreiben! Weitersagen! - Rauchfrei Telefon","robots":{"index":"index","follow":"follow","max-snippet":"max-snippet:-1","max-image-preview":"max-image-preview:large","max-video-preview":"max-video-preview:-1"},"canonical":"https:\/\/rauchfrei.at\/aufstehen-unterschreiben-weitersagen\/","og_locale":"en_US","og_type":"article","og_title":"Aufstehen! Unterschreiben! Weitersagen! - Rauchfrei Telefon","og_description":"Vergangene Woche wurde das Volksbegehren \"Don\u00b4t Smoke\" zum Nichtraucherschutz vorgestellt. Es geht darum, das l\u00e4ngst beschlossene Gesetz zum Nichtraucherschutz in der Gastronomie beizubehalten. Unterschreiben kann man pers\u00f6nlich auf jedem Gemeindeamt oder einfach via Handy \u2013 Signatur bzw. B\u00fcrgerkarte.","og_url":"https:\/\/rauchfrei.at\/aufstehen-unterschreiben-weitersagen\/","og_site_name":"Rauchfrei Telefon","article_published_time":"2018-02-19T08:00:53+00:00","article_modified_time":"2019-04-24T09:27:25+00:00","og_image":[{"url":"https:\/\/rauchfrei.at\/wp-content\/uploads\/Dontsmoke-225x97.png","type":"","width":"","height":""}],"author":"Andrea B\u00fcttner","twitter_card":"summary_large_image","twitter_misc":{"Written by":"Andrea B\u00fcttner","Est. reading time":"1 minute"},"schema":{"@context":"https:\/\/schema.org","@graph":[{"@type":"WebPage","@id":"https:\/\/rauchfrei.at\/aufstehen-unterschreiben-weitersagen\/","url":"https:\/\/rauchfrei.at\/aufstehen-unterschreiben-weitersagen\/","name":"Aufstehen! Unterschreiben! Weitersagen! - Rauchfrei Telefon","isPartOf":{"@id":"https:\/\/rauchfrei.at\/#website"},"primaryImageOfPage":{"@id":"https:\/\/rauchfrei.at\/aufstehen-unterschreiben-weitersagen\/#primaryimage"},"image":{"@id":"https:\/\/rauchfrei.at\/aufstehen-unterschreiben-weitersagen\/#primaryimage"},"thumbnailUrl":"https:\/\/rauchfrei.at\/wp-content\/uploads\/Dontsmoke-225x97.png","datePublished":"2018-02-19T08:00:53+00:00","dateModified":"2019-04-24T09:27:25+00:00","author":{"@id":"https:\/\/rauchfrei.at\/#\/schema\/person\/7993cb8bdf02ba65fd4ec8ec38b2dbbf"},"inLanguage":"en-US","potentialAction":[{"@type":"ReadAction","target":["https:\/\/rauchfrei.at\/aufstehen-unterschreiben-weitersagen\/"]}]},{"@type":"ImageObject","inLanguage":"en-US","@id":"https:\/\/rauchfrei.at\/aufstehen-unterschreiben-weitersagen\/#primaryimage","url":"https:\/\/rauchfrei.at\/wp-content\/uploads\/Dontsmoke-225x97.png","contentUrl":"https:\/\/rauchfrei.at\/wp-content\/uploads\/Dontsmoke-225x97.png"},{"@type":"WebSite","@id":"https:\/\/rauchfrei.at\/#website","url":"https:\/\/rauchfrei.at\/","name":"Rauchfrei Telefon","description":"Eine \u00f6sterreichweite Initiative der Sozialversicherungen.","potentialAction":[{"@type":"SearchAction","target":{"@type":"EntryPoint","urlTemplate":"https:\/\/rauchfrei.at\/?s={search_term_string}"},"query-input":{"@type":"PropertyValueSpecification","valueRequired":true,"valueName":"search_term_string"}}],"inLanguage":"en-US"},{"@type":"Person","@id":"https:\/\/rauchfrei.at\/#\/schema\/person\/7993cb8bdf02ba65fd4ec8ec38b2dbbf","name":"Andrea B\u00fcttner","image":{"@type":"ImageObject","inLanguage":"en-US","@id":"https:\/\/rauchfrei.at\/#\/schema\/person\/image\/","url":"https:\/\/secure.gravatar.com\/avatar\/0f26ab1de0c83f37b101366a1244bf5de74c6d9c0641811dc6f7fc551dad1c7f?s=96&d=mm&r=g","contentUrl":"https:\/\/secure.gravatar.com\/avatar\/0f26ab1de0c83f37b101366a1244bf5de74c6d9c0641811dc6f7fc551dad1c7f?s=96&d=mm&r=g","caption":"Andrea B\u00fcttner"},"url":"https:\/\/rauchfrei.at\/en\/author\/buettner\/"}]}},"_links":{"self":[{"href":"https:\/\/rauchfrei.at\/en\/wp-json\/wp\/v2\/posts\/10945","targetHints":{"allow":["GET"]}}],"collection":[{"href":"https:\/\/rauchfrei.at\/en\/wp-json\/wp\/v2\/posts"}],"about":[{"href":"https:\/\/rauchfrei.at\/en\/wp-json\/wp\/v2\/types\/post"}],"author":[{"embeddable":true,"href":"https:\/\/rauchfrei.at\/en\/wp-json\/wp\/v2\/users\/11"}],"replies":[{"embeddable":true,"href":"https:\/\/rauchfrei.at\/en\/wp-json\/wp\/v2\/comments?post=10945"}],"version-history":[{"count":3,"href":"https:\/\/rauchfrei.at\/en\/wp-json\/wp\/v2\/posts\/10945\/revisions"}],"predecessor-version":[{"id":15957,"href":"https:\/\/rauchfrei.at\/en\/wp-json\/wp\/v2\/posts\/10945\/revisions\/15957"}],"wp:attachment":[{"href":"https:\/\/rauchfrei.at\/en\/wp-json\/wp\/v2\/media?parent=10945"}],"wp:term":[{"taxonomy":"category","embeddable":true,"href":"https:\/\/rauchfrei.at\/en\/wp-json\/wp\/v2\/categories?post=10945"},{"taxonomy":"post_tag","embeddable":true,"href":"https:\/\/rauchfrei.at\/en\/wp-json\/wp\/v2\/tags?post=10945"}],"curies":[{"name":"wp","href":"https:\/\/api.w.org\/{rel}","templated":true}]}}