
{"id":10946,"date":"2018-03-12T10:10:20","date_gmt":"2018-03-12T08:10:20","guid":{"rendered":"https:\/\/rauchfrei.at\/?p=9993"},"modified":"2019-04-24T11:05:38","modified_gmt":"2019-04-24T09:05:38","slug":"passivrauch-schaedigt","status":"publish","type":"post","link":"https:\/\/rauchfrei.at\/en\/passivrauch-schaedigt\/","title":{"rendered":"Passivrauch sch\u00e4digt!"},"content":{"rendered":"<p>[et_pb_section bb_built=&#8221;1&#8243; fullwidth=&#8221;off&#8221; specialty=&#8221;off&#8221; _builder_version=&#8221;3.0.99&#8243; module_class=&#8221;header&#8221; next_background_color=&#8221;#000000&#8243;][et_pb_row _builder_version=&#8221;3.0.99&#8243;][et_pb_column type=&#8221;4_4&#8243;][et_pb_dp_dmb_module_10001 _builder_version=&#8221;3.21.1&#8243; z_index_tablet=&#8221;500&#8243; \/][\/et_pb_column][\/et_pb_row][\/et_pb_section][et_pb_section bb_built=&#8221;1&#8243; prev_background_color=&#8221;#000000&#8243;][et_pb_row][et_pb_column type=&#8221;2_3&#8243;][et_pb_text]<\/p>\n<p>\nUnter Passivrauchen versteht man das Einatmen\u00a0von Tabakrauch, der durch das Verbrennen von Zigaretten verursacht wird. Passivrauch wird durch Rauchen und durch Verglimmen von Zigaretten in die Luft abgegeben.<\/p>\n<p>Passivrauch ist der gef\u00e4hrlichste, allerdings auch sehr gut vermeidbare Innenraumschadstoff. Feinstaub durch Zigaretten bleibt nicht nur in der Luft, er legt sich auch auf M\u00f6beln, Stoffen, Haaren und der Haut ab.<\/p>\n<p>Passivrauch wird in R\u00e4umen und in Autos, in denen geraucht wird auch lange nach dem aktiv geraucht wird in hoher Konzentration in die Luft abgegeben und durch allen, die sich in den R\u00e4umen aufhalten unbemerkt eingeatmet. Passivrauch dringt auch in anschlie\u00dfende R\u00e4ume. Es hilft nicht, zu L\u00fcften oder nur in einen (ev. auch abgetrennten) Raum zu rauchen.<\/p>\n<p>Im Passivrauch sind rund 90 krebserregende Stoffe enthalten. Es gibt keine unsch\u00e4dliche Menge von Rauch bzw. Passivrauch. Nicht nur Mitarbeiter\/innen in der Gastronomie, auch Kinder und Jugendliche sind vor Passivrauch zu sch\u00fctzen, da sie oft selbst nicht entscheiden k\u00f6nnen ob sie sich an einem verrauchten Ort aufhalten.<\/p>\n<p>In der Beratung am Rauchfrei Telefon kommt es \u00f6fter zur Frage nach den Folgen und Sch\u00e4digungen durch Passivrauch. \u201eUnfairtobacco\u201c\u00a0 hat die Auswirkungen des Passivrauchs und auch die Risiken im Tabakanbau zusammengestellt und grafisch dargestellt:<\/p>\n<p><a href=\"https:\/\/www.unfairtobacco.org\/wp-content\/uploads\/2017\/12\/sdg-facts04.pdf\" target=\"_blank\" rel=\"noopener noreferrer\"><img loading=\"lazy\" decoding=\"async\" class=\"alignnone size-medium wp-image-9992\" src=\"https:\/\/rauchfrei.at\/wp-content\/uploads\/Passivrauch_sdg-facts04_grafik-225x182.jpg\" alt=\"\" width=\"225\" height=\"182\" data-id=\"9992\" \/><\/a>(C)Unfairtobacco<\/p>\n<p><u>Mehr dazu: <\/u><br \/>\n<a href=\"https:\/\/rauchfrei.at\/fakten\/passivrauch\/\" target=\"_blank\" rel=\"noopener noreferrer\">Passivrauch<\/a><br \/>\n<a href=\"https:\/\/rauchfrei.at\/passivrauchbelastung-bei-kindern\/\" target=\"_blank\" rel=\"noopener noreferrer\">Eltern und Kind<\/a><br \/>\n<a href=\"https:\/\/rauchfrei.at\/schutz-vor-passivrauch\/\" target=\"_blank\" rel=\"noopener noreferrer\">Schutz vor Passivrauch<\/a><br \/>\n<a href=\"https:\/\/rauchfrei.at\/risiken-fuer-ihr-baby\/\" target=\"_blank\" rel=\"noopener noreferrer\">Risiken f\u00fcr ihr Baby<\/a><\/p>\n<p>Links:<br \/>\n<a href=\"https:\/\/www.unfairtobacco.org\/\" target=\"_blank\" rel=\"noopener noreferrer\">Unfairtobacco.org<\/a><br \/>\n<a href=\"https:\/\/www.unfairtobacco.org\/wp-content\/uploads\/2017\/12\/sdg-facts04.pdf\" target=\"_blank\" rel=\"noopener noreferrer\">Factsheet Unfairtobacco<\/a><br \/>\n<a href=\"https:\/\/www.youtube.com\/watch?v=xKKoTbaQBVE\" target=\"_blank\" rel=\"noopener noreferrer\">Information zu den Folgen von Passivrauch <\/a><br \/>\n<a href=\"https:\/\/www.youtube.com\/watch?v=xKKoTbaQBVE\" target=\"_blank\" rel=\"noopener noreferrer\">Factsheet Passivrauch von Vivid<\/a><\/p>\n<p>Download:<br \/>\n<a href=\"https:\/\/rauchfrei.at\/wp-content\/uploads\/Infoblatt_Passivrauch_barierrefrei.pdf\" target=\"_blank\" rel=\"noopener noreferrer\">Passivrauch Infoblatt<\/a><br \/>\nVideo:<br \/>\n<a href=\"https:\/\/www.youtube.com\/watch?v=xKKoTbaQBVE\" target=\"_blank\" rel=\"noopener noreferrer\">Information\u00a0zu\u00a0Passivrauch\u00a0in\u00a0englischer\u00a0Sprache<\/a><\/p>\n<p><strong><u>\u00a0<\/u><\/strong><\/p>\n<p>[\/et_pb_text][\/et_pb_column][et_pb_column type=&#8221;1_3&#8243;][et_pb_sidebar _builder_version=&#8221;3.15&#8243; area=&#8221;sidebar-1&#8243; \/][\/et_pb_column][\/et_pb_row][\/et_pb_section]<\/p>\n","protected":false},"excerpt":{"rendered":"<p>Die Sch\u00e4digung durch Passivrauch wird immer noch stark verharmlost. Im Passivrauch sind viele Giftstoffe enthalten die sowohl zu akuten als auch zu chronischen Erkrankungen &#8211; auch mit Todesfolge &#8211; f\u00fchren k\u00f6nnen. Schutz vor Passivrauch ist daher wichtig f\u00fcr die Gesundheit von Kindern und von Erwachsenen. <\/p>\n","protected":false},"author":11,"featured_media":0,"comment_status":"open","ping_status":"open","sticky":false,"template":"","format":"standard","meta":{"_et_pb_use_builder":"on","_et_pb_old_content":"<p>\u00a0<br \/>Unter Passivrauchen versteht man das Einatmen\u00a0von Tabakrauch, der durch das Verbrennen von Zigaretten verursacht wird. Passivrauch wird durch Rauchen und durch Verglimmen von Zigaretten in die Luft abgegeben.<br \/>\u00a0<br \/>Passivrauch ist der gef\u00e4hrlichste, allerdings auch sehr gut vermeidbare Innenraumschadstoff. Feinstaub durch Zigaretten bleibt nicht nur in der Luft, er legt sich auch auf M\u00f6beln, Stoffen, Haaren und der Haut ab.<br \/>\u00a0<br \/>Passivrauch wird in R\u00e4umen und in Autos, in denen geraucht wird auch lange nach dem aktiv geraucht wird in hoher Konzentration in die Luft abgegeben und durch allen, die sich in den R\u00e4umen aufhalten unbemerkt eingeatmet. Passivrauch dringt auch in anschlie\u00dfende R\u00e4ume. Es hilft nicht, zu L\u00fcften oder nur in einen (ev. auch abgetrennten) Raum zu rauchen.<br \/>\u00a0<br \/>Im Passivrauch sind rund 90 krebserregende Stoffe enthalten. Es gibt keine unsch\u00e4dliche Menge von Rauch bzw. Passivrauch. Nicht nur Mitarbeiter\/innen in der Gastronomie, auch Kinder und Jugendliche sind vor Passivrauch zu sch\u00fctzen, da sie oft selbst nicht entscheiden k\u00f6nnen ob sie sich an einem verrauchten Ort aufhalten.<br \/>\u00a0<br \/>In der Beratung am Rauchfrei Telefon kommt es \u00f6fter zur Frage nach den Folgen und Sch\u00e4digungen durch Passivrauch. \u201eUnfairtobacco\u201c\u00a0 hat die Auswirkungen des Passivrauchs und auch die Risiken im Tabakanbau zusammengestellt und grafisch dargestellt:<br \/>\u00a0<br \/><a href=\"https:\/\/www.unfairtobacco.org\/wp-content\/uploads\/2017\/12\/sdg-facts04.pdf\" target=\"_blank\" rel=\"noopener\"><img class=\"alignnone size-medium wp-image-9992\" src=\"https:\/\/rauchfrei.at\/wp-content\/uploads\/Passivrauch_sdg-facts04_grafik-225x182.jpg\" alt=\"\" width=\"225\" height=\"182\" data-id=\"9992\" \/><\/a>(C)Unfairtobacco<br \/>\u00a0<br \/>\u00a0<br \/><u>Mehr dazu: <\/u><br \/><a href=\"https:\/\/rauchfrei.at\/fakten\/passivrauch\/\" target=\"_blank\" rel=\"noopener\">Passivrauch<\/a><br \/><a href=\"https:\/\/rauchfrei.at\/passivrauchbelastung-bei-kindern\/\" target=\"_blank\" rel=\"noopener\">Eltern und Kind<\/a><br \/><a href=\"https:\/\/rauchfrei.at\/schutz-vor-passivrauch\/\" target=\"_blank\" rel=\"noopener\">Schutz vor Passivrauch<\/a><br \/><a href=\"https:\/\/rauchfrei.at\/risiken-fuer-ihr-baby\/\" target=\"_blank\" rel=\"noopener\">Risiken f\u00fcr ihr Baby<\/a><br \/>\u00a0<br \/>Links:<br \/><a href=\"https:\/\/www.unfairtobacco.org\/\" target=\"_blank\" rel=\"noopener\">Unfairtobacco.org<\/a><br \/><a href=\"https:\/\/www.unfairtobacco.org\/wp-content\/uploads\/2017\/12\/sdg-facts04.pdf\" target=\"_blank\" rel=\"noopener\">Factsheet Unfairtobacco<\/a><br \/><a href=\"https:\/\/www.youtube.com\/watch?v=xKKoTbaQBVE\" target=\"_blank\" rel=\"noopener\">Information zu den Folgen von Passivrauch <\/a><br \/><a href=\"https:\/\/www.youtube.com\/watch?v=xKKoTbaQBVE\" target=\"_blank\" rel=\"noopener\">Factsheet Passivrauch von Vivid<\/a><br \/>\u00a0<br \/>Download:<br \/><a href=\"https:\/\/rauchfrei.at\/wp-content\/uploads\/Infoblatt_Passivrauch_barierrefrei.pdf\" target=\"_blank\" rel=\"noopener\">Passivrauch Infoblatt<\/a><br \/>Video:<br \/><a href=\"https:\/\/www.youtube.com\/watch?v=xKKoTbaQBVE\" target=\"_blank\" rel=\"noopener\">Information\u00a0zu\u00a0Passivrauch\u00a0in\u00a0englischer\u00a0Sprache<\/a><br \/>\u00a0<br \/>\u00a0<br \/>\u00a0<br \/>\u00a0<br \/>\u00a0<br \/><strong><u>\u00a0<\/u><\/strong><\/p>","_et_gb_content_width":"","footnotes":""},"categories":[235],"tags":[],"class_list":["post-10946","post","type-post","status-publish","format-standard","hentry","category-gesundheit-und-rauchstopp"],"yoast_head":"<!-- This site is optimized with the Yoast SEO plugin v26.2 - https:\/\/yoast.com\/wordpress\/plugins\/seo\/ -->\n<title>Passivrauch sch\u00e4digt! - Rauchfrei Telefon<\/title>\n<meta name=\"robots\" content=\"index, follow, max-snippet:-1, max-image-preview:large, max-video-preview:-1\" \/>\n<link rel=\"canonical\" href=\"https:\/\/rauchfrei.at\/passivrauch-schaedigt\/\" \/>\n<meta property=\"og:locale\" content=\"en_US\" \/>\n<meta property=\"og:type\" content=\"article\" \/>\n<meta property=\"og:title\" content=\"Passivrauch sch\u00e4digt! - Rauchfrei Telefon\" \/>\n<meta property=\"og:description\" content=\"Die Sch\u00e4digung durch Passivrauch wird immer noch stark verharmlost. Im Passivrauch sind viele Giftstoffe enthalten die sowohl zu akuten als auch zu chronischen Erkrankungen - auch mit Todesfolge - f\u00fchren k\u00f6nnen. Schutz vor Passivrauch ist daher wichtig f\u00fcr die Gesundheit von Kindern und von Erwachsenen.\" \/>\n<meta property=\"og:url\" content=\"https:\/\/rauchfrei.at\/passivrauch-schaedigt\/\" \/>\n<meta property=\"og:site_name\" content=\"Rauchfrei Telefon\" \/>\n<meta property=\"article:published_time\" content=\"2018-03-12T08:10:20+00:00\" \/>\n<meta property=\"article:modified_time\" content=\"2019-04-24T09:05:38+00:00\" \/>\n<meta property=\"og:image\" content=\"https:\/\/rauchfrei.at\/wp-content\/uploads\/Passivrauch_sdg-facts04_grafik-225x182.jpg\" \/>\n<meta name=\"author\" content=\"Andrea B\u00fcttner\" \/>\n<meta name=\"twitter:card\" content=\"summary_large_image\" \/>\n<meta name=\"twitter:label1\" content=\"Written by\" \/>\n\t<meta name=\"twitter:data1\" content=\"Andrea B\u00fcttner\" \/>\n\t<meta name=\"twitter:label2\" content=\"Est. reading time\" \/>\n\t<meta name=\"twitter:data2\" content=\"2 minutes\" \/>\n<script type=\"application\/ld+json\" class=\"yoast-schema-graph\">{\"@context\":\"https:\/\/schema.org\",\"@graph\":[{\"@type\":\"WebPage\",\"@id\":\"https:\/\/rauchfrei.at\/passivrauch-schaedigt\/\",\"url\":\"https:\/\/rauchfrei.at\/passivrauch-schaedigt\/\",\"name\":\"Passivrauch sch\u00e4digt! - Rauchfrei Telefon\",\"isPartOf\":{\"@id\":\"https:\/\/rauchfrei.at\/#website\"},\"primaryImageOfPage\":{\"@id\":\"https:\/\/rauchfrei.at\/passivrauch-schaedigt\/#primaryimage\"},\"image\":{\"@id\":\"https:\/\/rauchfrei.at\/passivrauch-schaedigt\/#primaryimage\"},\"thumbnailUrl\":\"https:\/\/rauchfrei.at\/wp-content\/uploads\/Passivrauch_sdg-facts04_grafik-225x182.jpg\",\"datePublished\":\"2018-03-12T08:10:20+00:00\",\"dateModified\":\"2019-04-24T09:05:38+00:00\",\"author\":{\"@id\":\"https:\/\/rauchfrei.at\/#\/schema\/person\/7993cb8bdf02ba65fd4ec8ec38b2dbbf\"},\"inLanguage\":\"en-US\",\"potentialAction\":[{\"@type\":\"ReadAction\",\"target\":[\"https:\/\/rauchfrei.at\/passivrauch-schaedigt\/\"]}]},{\"@type\":\"ImageObject\",\"inLanguage\":\"en-US\",\"@id\":\"https:\/\/rauchfrei.at\/passivrauch-schaedigt\/#primaryimage\",\"url\":\"https:\/\/rauchfrei.at\/wp-content\/uploads\/Passivrauch_sdg-facts04_grafik-225x182.jpg\",\"contentUrl\":\"https:\/\/rauchfrei.at\/wp-content\/uploads\/Passivrauch_sdg-facts04_grafik-225x182.jpg\"},{\"@type\":\"WebSite\",\"@id\":\"https:\/\/rauchfrei.at\/#website\",\"url\":\"https:\/\/rauchfrei.at\/\",\"name\":\"Rauchfrei Telefon\",\"description\":\"Eine \u00f6sterreichweite Initiative der Sozialversicherungen.\",\"potentialAction\":[{\"@type\":\"SearchAction\",\"target\":{\"@type\":\"EntryPoint\",\"urlTemplate\":\"https:\/\/rauchfrei.at\/?s={search_term_string}\"},\"query-input\":{\"@type\":\"PropertyValueSpecification\",\"valueRequired\":true,\"valueName\":\"search_term_string\"}}],\"inLanguage\":\"en-US\"},{\"@type\":\"Person\",\"@id\":\"https:\/\/rauchfrei.at\/#\/schema\/person\/7993cb8bdf02ba65fd4ec8ec38b2dbbf\",\"name\":\"Andrea B\u00fcttner\",\"image\":{\"@type\":\"ImageObject\",\"inLanguage\":\"en-US\",\"@id\":\"https:\/\/rauchfrei.at\/#\/schema\/person\/image\/\",\"url\":\"https:\/\/secure.gravatar.com\/avatar\/0f26ab1de0c83f37b101366a1244bf5de74c6d9c0641811dc6f7fc551dad1c7f?s=96&d=mm&r=g\",\"contentUrl\":\"https:\/\/secure.gravatar.com\/avatar\/0f26ab1de0c83f37b101366a1244bf5de74c6d9c0641811dc6f7fc551dad1c7f?s=96&d=mm&r=g\",\"caption\":\"Andrea B\u00fcttner\"},\"url\":\"https:\/\/rauchfrei.at\/en\/author\/buettner\/\"}]}<\/script>\n<!-- \/ Yoast SEO plugin. -->","yoast_head_json":{"title":"Passivrauch sch\u00e4digt! - Rauchfrei Telefon","robots":{"index":"index","follow":"follow","max-snippet":"max-snippet:-1","max-image-preview":"max-image-preview:large","max-video-preview":"max-video-preview:-1"},"canonical":"https:\/\/rauchfrei.at\/passivrauch-schaedigt\/","og_locale":"en_US","og_type":"article","og_title":"Passivrauch sch\u00e4digt! - Rauchfrei Telefon","og_description":"Die Sch\u00e4digung durch Passivrauch wird immer noch stark verharmlost. Im Passivrauch sind viele Giftstoffe enthalten die sowohl zu akuten als auch zu chronischen Erkrankungen - auch mit Todesfolge - f\u00fchren k\u00f6nnen. Schutz vor Passivrauch ist daher wichtig f\u00fcr die Gesundheit von Kindern und von Erwachsenen.","og_url":"https:\/\/rauchfrei.at\/passivrauch-schaedigt\/","og_site_name":"Rauchfrei Telefon","article_published_time":"2018-03-12T08:10:20+00:00","article_modified_time":"2019-04-24T09:05:38+00:00","og_image":[{"url":"https:\/\/rauchfrei.at\/wp-content\/uploads\/Passivrauch_sdg-facts04_grafik-225x182.jpg","type":"","width":"","height":""}],"author":"Andrea B\u00fcttner","twitter_card":"summary_large_image","twitter_misc":{"Written by":"Andrea B\u00fcttner","Est. reading time":"2 minutes"},"schema":{"@context":"https:\/\/schema.org","@graph":[{"@type":"WebPage","@id":"https:\/\/rauchfrei.at\/passivrauch-schaedigt\/","url":"https:\/\/rauchfrei.at\/passivrauch-schaedigt\/","name":"Passivrauch sch\u00e4digt! - Rauchfrei Telefon","isPartOf":{"@id":"https:\/\/rauchfrei.at\/#website"},"primaryImageOfPage":{"@id":"https:\/\/rauchfrei.at\/passivrauch-schaedigt\/#primaryimage"},"image":{"@id":"https:\/\/rauchfrei.at\/passivrauch-schaedigt\/#primaryimage"},"thumbnailUrl":"https:\/\/rauchfrei.at\/wp-content\/uploads\/Passivrauch_sdg-facts04_grafik-225x182.jpg","datePublished":"2018-03-12T08:10:20+00:00","dateModified":"2019-04-24T09:05:38+00:00","author":{"@id":"https:\/\/rauchfrei.at\/#\/schema\/person\/7993cb8bdf02ba65fd4ec8ec38b2dbbf"},"inLanguage":"en-US","potentialAction":[{"@type":"ReadAction","target":["https:\/\/rauchfrei.at\/passivrauch-schaedigt\/"]}]},{"@type":"ImageObject","inLanguage":"en-US","@id":"https:\/\/rauchfrei.at\/passivrauch-schaedigt\/#primaryimage","url":"https:\/\/rauchfrei.at\/wp-content\/uploads\/Passivrauch_sdg-facts04_grafik-225x182.jpg","contentUrl":"https:\/\/rauchfrei.at\/wp-content\/uploads\/Passivrauch_sdg-facts04_grafik-225x182.jpg"},{"@type":"WebSite","@id":"https:\/\/rauchfrei.at\/#website","url":"https:\/\/rauchfrei.at\/","name":"Rauchfrei Telefon","description":"Eine \u00f6sterreichweite Initiative der Sozialversicherungen.","potentialAction":[{"@type":"SearchAction","target":{"@type":"EntryPoint","urlTemplate":"https:\/\/rauchfrei.at\/?s={search_term_string}"},"query-input":{"@type":"PropertyValueSpecification","valueRequired":true,"valueName":"search_term_string"}}],"inLanguage":"en-US"},{"@type":"Person","@id":"https:\/\/rauchfrei.at\/#\/schema\/person\/7993cb8bdf02ba65fd4ec8ec38b2dbbf","name":"Andrea B\u00fcttner","image":{"@type":"ImageObject","inLanguage":"en-US","@id":"https:\/\/rauchfrei.at\/#\/schema\/person\/image\/","url":"https:\/\/secure.gravatar.com\/avatar\/0f26ab1de0c83f37b101366a1244bf5de74c6d9c0641811dc6f7fc551dad1c7f?s=96&d=mm&r=g","contentUrl":"https:\/\/secure.gravatar.com\/avatar\/0f26ab1de0c83f37b101366a1244bf5de74c6d9c0641811dc6f7fc551dad1c7f?s=96&d=mm&r=g","caption":"Andrea B\u00fcttner"},"url":"https:\/\/rauchfrei.at\/en\/author\/buettner\/"}]}},"_links":{"self":[{"href":"https:\/\/rauchfrei.at\/en\/wp-json\/wp\/v2\/posts\/10946","targetHints":{"allow":["GET"]}}],"collection":[{"href":"https:\/\/rauchfrei.at\/en\/wp-json\/wp\/v2\/posts"}],"about":[{"href":"https:\/\/rauchfrei.at\/en\/wp-json\/wp\/v2\/types\/post"}],"author":[{"embeddable":true,"href":"https:\/\/rauchfrei.at\/en\/wp-json\/wp\/v2\/users\/11"}],"replies":[{"embeddable":true,"href":"https:\/\/rauchfrei.at\/en\/wp-json\/wp\/v2\/comments?post=10946"}],"version-history":[{"count":3,"href":"https:\/\/rauchfrei.at\/en\/wp-json\/wp\/v2\/posts\/10946\/revisions"}],"predecessor-version":[{"id":15952,"href":"https:\/\/rauchfrei.at\/en\/wp-json\/wp\/v2\/posts\/10946\/revisions\/15952"}],"wp:attachment":[{"href":"https:\/\/rauchfrei.at\/en\/wp-json\/wp\/v2\/media?parent=10946"}],"wp:term":[{"taxonomy":"category","embeddable":true,"href":"https:\/\/rauchfrei.at\/en\/wp-json\/wp\/v2\/categories?post=10946"},{"taxonomy":"post_tag","embeddable":true,"href":"https:\/\/rauchfrei.at\/en\/wp-json\/wp\/v2\/tags?post=10946"}],"curies":[{"name":"wp","href":"https:\/\/api.w.org\/{rel}","templated":true}]}}