
{"id":10948,"date":"2018-04-09T10:00:42","date_gmt":"2018-04-09T08:00:42","guid":{"rendered":"https:\/\/rauchfrei.at\/?p=10013"},"modified":"2019-04-24T10:55:16","modified_gmt":"2019-04-24T08:55:16","slug":"fortbildung-zur-raucherentwoehnung-raucherberatung","status":"publish","type":"post","link":"https:\/\/rauchfrei.at\/en\/fortbildung-zur-raucherentwoehnung-raucherberatung\/","title":{"rendered":"Fortbildung zur Raucherentw\u00f6hnung &amp; Raucherberatung"},"content":{"rendered":"<p>[et_pb_section bb_built=&#8221;1&#8243; fullwidth=&#8221;off&#8221; specialty=&#8221;off&#8221; _builder_version=&#8221;3.0.99&#8243; module_class=&#8221;header&#8221; next_background_color=&#8221;#000000&#8243;][et_pb_row _builder_version=&#8221;3.0.99&#8243;][et_pb_column type=&#8221;4_4&#8243;][et_pb_dp_dmb_module_10001 _builder_version=&#8221;3.21.1&#8243; z_index_tablet=&#8221;500&#8243; \/][\/et_pb_column][\/et_pb_row][\/et_pb_section][et_pb_section bb_built=&#8221;1&#8243; prev_background_color=&#8221;#000000&#8243;][et_pb_row][et_pb_column type=&#8221;2_3&#8243;][et_pb_text _builder_version=&#8221;3.21.1&#8243;]<\/p>\n<p>\nDie Fortbildung die sich an \u00c4rztinnen und \u00c4rzte, Psychologinnen und Psychologen bzw. Fachpersonen aus dem Gesundheits- und Sozialwesen richtet, wurde nach den Qualit\u00e4tsstandards der \u00f6sterreichischen Sozialversicherung erstellt.<\/p>\n<p>Die Kurse starten im Juni 2018, die sechs Module k\u00f6nnen unabh\u00e4ngig voneinander besucht werden.<\/p>\n<p>Eine genauere Seminarbeschreibung entnehmen Sie bitte der <a href=\"https:\/\/rauchfrei.at\/wp-content\/uploads\/Seminarinformation-Fr\u00fchjahr-2018.pdf\" target=\"_blank\" rel=\"noopener noreferrer\"><strong>Seminarinformation<\/strong><\/a>.<\/p>\n<p>Die schriftliche Anmeldung mittels <a href=\"https:\/\/rauchfrei.at\/wp-content\/uploads\/Termine_Anmeldung_Fr\u00fchjahr2018.pdf\" target=\"_blank\" rel=\"noopener noreferrer\"><strong>Anmeldeformular<\/strong><\/a> ist bis sp\u00e4testens Freitag, 20.04.2018 m\u00f6glich.<\/p>\n<p><strong><u>Link:<\/u><\/strong><\/p>\n<p><a href=\"http:\/\/www.josefhof.at\/\" target=\"_blank\" rel=\"noopener noreferrer\"><u>Josefhof<\/u><\/a><\/p>\n<p><a href=\"http:\/\/www.ifgp.at\/portal27\/ifgpportal\/content?contentid=10007.780082&amp;viewmode=content&amp;portal:componentId=gtnd61e0c90-6749-41dd-9a89-c2aa5c2c790f\" target=\"_blank\" rel=\"noopener noreferrer\">Institut f\u00fcr Gesundheitsf\u00f6rderung und Pr\u00e4vention<\/a><\/p>\n<p>[\/et_pb_text][\/et_pb_column][et_pb_column type=&#8221;1_3&#8243;][et_pb_sidebar _builder_version=&#8221;3.15&#8243; area=&#8221;sidebar-1&#8243; \/][\/et_pb_column][\/et_pb_row][\/et_pb_section]<\/p>\n","protected":false},"excerpt":{"rendered":"<p>Sind Sie im Gesundheitsbereich t\u00e4tig und m\u00f6chten sich in der Tabakpr\u00e4vention weiterbilden? Das Institut f\u00fcr Gesundheitsf\u00f6rderung und Pr\u00e4vention bietet in Kooperation mit der Gesundheitseinrichtung Josefhof auch heuer wieder die Fortbildungsmodule zur Raucherentw\u00f6hnung und Raucherberatung an. <\/p>\n","protected":false},"author":11,"featured_media":0,"comment_status":"open","ping_status":"open","sticky":false,"template":"","format":"standard","meta":{"_et_pb_use_builder":"on","_et_pb_old_content":"<p>Die Fortbildung die sich an \u00c4rztinnen und \u00c4rzte, Psychologinnen und Psychologen bzw. Fachpersonen aus dem Gesundheits- und Sozialwesen richtet, wurde nach den Qualit\u00e4tsstandards der \u00f6sterreichischen Sozialversicherung erstellt.<\/p><p>Die Kurse starten im Juni 2018, die sechs Module k\u00f6nnen unabh\u00e4ngig voneinander besucht werden.<\/p><p>Eine genauere Seminarbeschreibung entnehmen Sie bitte der <a href=\"https:\/\/rauchfrei.at\/wp-content\/uploads\/Seminarinformation-Fr\u00fchjahr-2018.pdf\" target=\"_blank\" rel=\"noopener\"><strong>Seminarinformation<\/strong><\/a>.<\/p><p>Die schriftliche Anmeldung mittels <a href=\"https:\/\/rauchfrei.at\/wp-content\/uploads\/Termine_Anmeldung_Fr\u00fchjahr2018.pdf\" target=\"_blank\" rel=\"noopener\"><strong>Anmeldeformular<\/strong><\/a> ist bis sp\u00e4testens Freitag, 20.04.2018 m\u00f6glich.<\/p><p><strong><u>Link:<\/u><\/strong><\/p><p><a href=\"http:\/\/www.josefhof.at\/\" target=\"_blank\" rel=\"noopener\"><u>Josefhof<\/u><\/a><\/p><p><a href=\"http:\/\/www.ifgp.at\/portal27\/ifgpportal\/content?contentid=10007.780082&viewmode=content&portal:componentId=gtnd61e0c90-6749-41dd-9a89-c2aa5c2c790f\" target=\"_blank\" rel=\"noopener\">Institut f\u00fcr Gesundheitsf\u00f6rderung und Pr\u00e4vention<\/a><\/p>","_et_gb_content_width":"","footnotes":""},"categories":[235,234],"tags":[],"class_list":["post-10948","post","type-post","status-publish","format-standard","hentry","category-gesundheit-und-rauchstopp","category-oesterreichweite-angebote-zur-entwoehnung"],"yoast_head":"<!-- This site is optimized with the Yoast SEO plugin v26.2 - https:\/\/yoast.com\/wordpress\/plugins\/seo\/ -->\n<title>Fortbildung zur Raucherentw\u00f6hnung &amp; Raucherberatung - Rauchfrei Telefon<\/title>\n<meta name=\"robots\" content=\"index, follow, max-snippet:-1, max-image-preview:large, max-video-preview:-1\" \/>\n<link rel=\"canonical\" href=\"https:\/\/rauchfrei.at\/fortbildung-zur-raucherentwoehnung-raucherberatung\/\" \/>\n<meta property=\"og:locale\" content=\"en_US\" \/>\n<meta property=\"og:type\" content=\"article\" \/>\n<meta property=\"og:title\" content=\"Fortbildung zur Raucherentw\u00f6hnung &amp; Raucherberatung - Rauchfrei Telefon\" \/>\n<meta property=\"og:description\" content=\"Sind Sie im Gesundheitsbereich t\u00e4tig und m\u00f6chten sich in der Tabakpr\u00e4vention weiterbilden? Das Institut f\u00fcr Gesundheitsf\u00f6rderung und Pr\u00e4vention bietet in Kooperation mit der Gesundheitseinrichtung Josefhof auch heuer wieder die Fortbildungsmodule zur Raucherentw\u00f6hnung und Raucherberatung an.\" \/>\n<meta property=\"og:url\" content=\"https:\/\/rauchfrei.at\/fortbildung-zur-raucherentwoehnung-raucherberatung\/\" \/>\n<meta property=\"og:site_name\" content=\"Rauchfrei Telefon\" \/>\n<meta property=\"article:published_time\" content=\"2018-04-09T08:00:42+00:00\" \/>\n<meta property=\"article:modified_time\" content=\"2019-04-24T08:55:16+00:00\" \/>\n<meta name=\"author\" content=\"Andrea B\u00fcttner\" \/>\n<meta name=\"twitter:card\" content=\"summary_large_image\" \/>\n<meta name=\"twitter:label1\" content=\"Written by\" \/>\n\t<meta name=\"twitter:data1\" content=\"Andrea B\u00fcttner\" \/>\n\t<meta name=\"twitter:label2\" content=\"Est. reading time\" \/>\n\t<meta name=\"twitter:data2\" content=\"1 minute\" \/>\n<script type=\"application\/ld+json\" class=\"yoast-schema-graph\">{\"@context\":\"https:\/\/schema.org\",\"@graph\":[{\"@type\":\"WebPage\",\"@id\":\"https:\/\/rauchfrei.at\/fortbildung-zur-raucherentwoehnung-raucherberatung\/\",\"url\":\"https:\/\/rauchfrei.at\/fortbildung-zur-raucherentwoehnung-raucherberatung\/\",\"name\":\"Fortbildung zur Raucherentw\u00f6hnung &amp; Raucherberatung - Rauchfrei Telefon\",\"isPartOf\":{\"@id\":\"https:\/\/rauchfrei.at\/#website\"},\"datePublished\":\"2018-04-09T08:00:42+00:00\",\"dateModified\":\"2019-04-24T08:55:16+00:00\",\"author\":{\"@id\":\"https:\/\/rauchfrei.at\/#\/schema\/person\/7993cb8bdf02ba65fd4ec8ec38b2dbbf\"},\"inLanguage\":\"en-US\",\"potentialAction\":[{\"@type\":\"ReadAction\",\"target\":[\"https:\/\/rauchfrei.at\/fortbildung-zur-raucherentwoehnung-raucherberatung\/\"]}]},{\"@type\":\"WebSite\",\"@id\":\"https:\/\/rauchfrei.at\/#website\",\"url\":\"https:\/\/rauchfrei.at\/\",\"name\":\"Rauchfrei Telefon\",\"description\":\"Eine \u00f6sterreichweite Initiative der Sozialversicherungen.\",\"potentialAction\":[{\"@type\":\"SearchAction\",\"target\":{\"@type\":\"EntryPoint\",\"urlTemplate\":\"https:\/\/rauchfrei.at\/?s={search_term_string}\"},\"query-input\":{\"@type\":\"PropertyValueSpecification\",\"valueRequired\":true,\"valueName\":\"search_term_string\"}}],\"inLanguage\":\"en-US\"},{\"@type\":\"Person\",\"@id\":\"https:\/\/rauchfrei.at\/#\/schema\/person\/7993cb8bdf02ba65fd4ec8ec38b2dbbf\",\"name\":\"Andrea B\u00fcttner\",\"image\":{\"@type\":\"ImageObject\",\"inLanguage\":\"en-US\",\"@id\":\"https:\/\/rauchfrei.at\/#\/schema\/person\/image\/\",\"url\":\"https:\/\/secure.gravatar.com\/avatar\/0f26ab1de0c83f37b101366a1244bf5de74c6d9c0641811dc6f7fc551dad1c7f?s=96&d=mm&r=g\",\"contentUrl\":\"https:\/\/secure.gravatar.com\/avatar\/0f26ab1de0c83f37b101366a1244bf5de74c6d9c0641811dc6f7fc551dad1c7f?s=96&d=mm&r=g\",\"caption\":\"Andrea B\u00fcttner\"},\"url\":\"https:\/\/rauchfrei.at\/en\/author\/buettner\/\"}]}<\/script>\n<!-- \/ Yoast SEO plugin. -->","yoast_head_json":{"title":"Fortbildung zur Raucherentw\u00f6hnung &amp; Raucherberatung - Rauchfrei Telefon","robots":{"index":"index","follow":"follow","max-snippet":"max-snippet:-1","max-image-preview":"max-image-preview:large","max-video-preview":"max-video-preview:-1"},"canonical":"https:\/\/rauchfrei.at\/fortbildung-zur-raucherentwoehnung-raucherberatung\/","og_locale":"en_US","og_type":"article","og_title":"Fortbildung zur Raucherentw\u00f6hnung &amp; Raucherberatung - Rauchfrei Telefon","og_description":"Sind Sie im Gesundheitsbereich t\u00e4tig und m\u00f6chten sich in der Tabakpr\u00e4vention weiterbilden? Das Institut f\u00fcr Gesundheitsf\u00f6rderung und Pr\u00e4vention bietet in Kooperation mit der Gesundheitseinrichtung Josefhof auch heuer wieder die Fortbildungsmodule zur Raucherentw\u00f6hnung und Raucherberatung an.","og_url":"https:\/\/rauchfrei.at\/fortbildung-zur-raucherentwoehnung-raucherberatung\/","og_site_name":"Rauchfrei Telefon","article_published_time":"2018-04-09T08:00:42+00:00","article_modified_time":"2019-04-24T08:55:16+00:00","author":"Andrea B\u00fcttner","twitter_card":"summary_large_image","twitter_misc":{"Written by":"Andrea B\u00fcttner","Est. reading time":"1 minute"},"schema":{"@context":"https:\/\/schema.org","@graph":[{"@type":"WebPage","@id":"https:\/\/rauchfrei.at\/fortbildung-zur-raucherentwoehnung-raucherberatung\/","url":"https:\/\/rauchfrei.at\/fortbildung-zur-raucherentwoehnung-raucherberatung\/","name":"Fortbildung zur Raucherentw\u00f6hnung &amp; Raucherberatung - Rauchfrei Telefon","isPartOf":{"@id":"https:\/\/rauchfrei.at\/#website"},"datePublished":"2018-04-09T08:00:42+00:00","dateModified":"2019-04-24T08:55:16+00:00","author":{"@id":"https:\/\/rauchfrei.at\/#\/schema\/person\/7993cb8bdf02ba65fd4ec8ec38b2dbbf"},"inLanguage":"en-US","potentialAction":[{"@type":"ReadAction","target":["https:\/\/rauchfrei.at\/fortbildung-zur-raucherentwoehnung-raucherberatung\/"]}]},{"@type":"WebSite","@id":"https:\/\/rauchfrei.at\/#website","url":"https:\/\/rauchfrei.at\/","name":"Rauchfrei Telefon","description":"Eine \u00f6sterreichweite Initiative der Sozialversicherungen.","potentialAction":[{"@type":"SearchAction","target":{"@type":"EntryPoint","urlTemplate":"https:\/\/rauchfrei.at\/?s={search_term_string}"},"query-input":{"@type":"PropertyValueSpecification","valueRequired":true,"valueName":"search_term_string"}}],"inLanguage":"en-US"},{"@type":"Person","@id":"https:\/\/rauchfrei.at\/#\/schema\/person\/7993cb8bdf02ba65fd4ec8ec38b2dbbf","name":"Andrea B\u00fcttner","image":{"@type":"ImageObject","inLanguage":"en-US","@id":"https:\/\/rauchfrei.at\/#\/schema\/person\/image\/","url":"https:\/\/secure.gravatar.com\/avatar\/0f26ab1de0c83f37b101366a1244bf5de74c6d9c0641811dc6f7fc551dad1c7f?s=96&d=mm&r=g","contentUrl":"https:\/\/secure.gravatar.com\/avatar\/0f26ab1de0c83f37b101366a1244bf5de74c6d9c0641811dc6f7fc551dad1c7f?s=96&d=mm&r=g","caption":"Andrea B\u00fcttner"},"url":"https:\/\/rauchfrei.at\/en\/author\/buettner\/"}]}},"_links":{"self":[{"href":"https:\/\/rauchfrei.at\/en\/wp-json\/wp\/v2\/posts\/10948","targetHints":{"allow":["GET"]}}],"collection":[{"href":"https:\/\/rauchfrei.at\/en\/wp-json\/wp\/v2\/posts"}],"about":[{"href":"https:\/\/rauchfrei.at\/en\/wp-json\/wp\/v2\/types\/post"}],"author":[{"embeddable":true,"href":"https:\/\/rauchfrei.at\/en\/wp-json\/wp\/v2\/users\/11"}],"replies":[{"embeddable":true,"href":"https:\/\/rauchfrei.at\/en\/wp-json\/wp\/v2\/comments?post=10948"}],"version-history":[{"count":4,"href":"https:\/\/rauchfrei.at\/en\/wp-json\/wp\/v2\/posts\/10948\/revisions"}],"predecessor-version":[{"id":15947,"href":"https:\/\/rauchfrei.at\/en\/wp-json\/wp\/v2\/posts\/10948\/revisions\/15947"}],"wp:attachment":[{"href":"https:\/\/rauchfrei.at\/en\/wp-json\/wp\/v2\/media?parent=10948"}],"wp:term":[{"taxonomy":"category","embeddable":true,"href":"https:\/\/rauchfrei.at\/en\/wp-json\/wp\/v2\/categories?post=10948"},{"taxonomy":"post_tag","embeddable":true,"href":"https:\/\/rauchfrei.at\/en\/wp-json\/wp\/v2\/tags?post=10948"}],"curies":[{"name":"wp","href":"https:\/\/api.w.org\/{rel}","templated":true}]}}