
{"id":10949,"date":"2018-03-26T10:00:35","date_gmt":"2018-03-26T08:00:35","guid":{"rendered":"https:\/\/rauchfrei.at\/?p=10024"},"modified":"2019-04-24T11:01:48","modified_gmt":"2019-04-24T09:01:48","slug":"smoke-free-award","status":"publish","type":"post","link":"https:\/\/rauchfrei.at\/en\/smoke-free-award\/","title":{"rendered":"Smoke Free Award"},"content":{"rendered":"<p>[et_pb_section bb_built=&#8221;1&#8243; fullwidth=&#8221;off&#8221; specialty=&#8221;off&#8221; _builder_version=&#8221;3.0.99&#8243; module_class=&#8221;header&#8221; next_background_color=&#8221;#000000&#8243;][et_pb_row _builder_version=&#8221;3.0.99&#8243;][et_pb_column type=&#8221;4_4&#8243;][et_pb_dp_dmb_module_10001 _builder_version=&#8221;3.21.1&#8243; z_index_tablet=&#8221;500&#8243; \/][\/et_pb_column][\/et_pb_row][\/et_pb_section][et_pb_section bb_built=&#8221;1&#8243; prev_background_color=&#8221;#000000&#8243;][et_pb_row][et_pb_column type=&#8221;2_3&#8243;][et_pb_text _builder_version=&#8221;3.21.1&#8243; z_index_tablet=&#8221;500&#8243;]<\/p>\n<p>Mit dem \u201eSmoke Free Award\u201c wurde ein neuer Preis ins Leben gerufen, der am 29. Mai 2018 erstmals vergeben wird. Initiiert wurde der Preis von VIVID \u2013 Fachstelle f\u00fcr Suchtpr\u00e4vention.<\/p>\n<h2>\u201eAera\u201c\u2013 die Symbolfigur f\u00fcr gute Luft zum freien Atmen wird in sechs Kategorien verliehen:<br \/><strong>\u00a0<\/strong><\/h2>\n<ul>\n<li>Gastronomie<\/li>\n<li>Gesundheitseinrichtungen<\/li>\n<li>Initiativen allgemein<\/li>\n<li>Jugend<\/li>\n<li>Medien<\/li>\n<li>Meine pers\u00f6nliche Geschichte<\/li>\n<\/ul>\n<p><img loading=\"lazy\" decoding=\"async\" class=\"alignnone wp-image-10049\" src=\"https:\/\/rauchfrei.at\/wp-content\/uploads\/AERA-Smoke-free-award-130x500.png\" alt=\"\" width=\"75\" height=\"289\" data-id=\"10049\" \/>(C) VIVID<\/p>\n<p>Es sollen Menschen, die unter besonderen Umst\u00e4nden aufgeh\u00f6rt haben zu rauchen, Platz haben \u2013 ebenso wie der Wirt, der schon lange aus freien St\u00fccken ein rauchfreies Wirtshaus betreibt oder die Gesundheitsinitiative, die sich besonders f\u00fcr Rauchfreiheit einsetzt.<\/p>\n<p>Eingereicht werden k\u00f6nnen alle Bem\u00fchungen rund um das Thema rauchfreies Leben \u2013 sowohl f\u00fcr Einzelpersonen, als auch f\u00fcr Institutionen oder einzelne Projekte.<br \/>Was z\u00e4hlt, ist das Engagement und der Einsatz \u2013 und auch einfach der Versuch, selbst wenn er nicht gleich erfolgreich gewesen sein sollte.<\/p>\n<p>Gestartet wird der Award heuer vorerst f\u00fcr die Steiermark, au\u00dfer Konkurrenz mitmachen k\u00f6nnen jedoch alle Projekte aus \u00d6sterreich.<\/p>\n<p>Die Jury ist bunt gemischt, auch wir sind darunter vertreten. \u201eBewertet werden Wirkung, Engagement, Vorbildfunktion, Risiko und Kreativit\u00e4t der Initiativen \u2013 \u201edenn<br \/>jeder einzelne Beitrag f\u00fcr ein rauchfreies Leben z\u00e4hlt\u201c, so Claudia Kahr von VIVID.<\/p>\n<p>Einreichungen und Nominierungen sind unter www.smokefreeaward.at ganz einfach m\u00f6glich.<\/p>\n<p>F\u00fcr R\u00fcckfragen steht Ihnen zur Verf\u00fcgung: Waltraud Posch, VIVID \u2013 Fachstelle f\u00fcr Suchtpr\u00e4vention, waltraud.posch@vivid.at, 0676\/8708 32078, <a href=\"http:\/\/www.vivid.at\/\">www.vivid.at<\/a><br \/><strong><u>\u00a0<\/u><\/strong><br \/><strong>Der \u201eSmoke Free Award\u201c 2018:<\/strong><br \/>Am 29. Mai in Graz.<br \/>Einreichungen bis Freitag 20. April.<\/p>\n<p><strong>Alle Infos unter <u><\/u><em><a href=\"http:\/\/www.smokefreeaward.at\/\">www.smokefreeaward.at<\/a>\u00a0<\/em><\/strong><br \/><strong><em>\u00a0<\/em><\/strong><br \/><strong><em>\u00a0<\/em><\/strong><\/p>\n<p>[\/et_pb_text][\/et_pb_column][et_pb_column type=&#8221;1_3&#8243;][et_pb_sidebar _builder_version=&#8221;3.15&#8243; area=&#8221;sidebar-1&#8243; \/][\/et_pb_column][\/et_pb_row][\/et_pb_section]<\/p>\n","protected":false},"excerpt":{"rendered":"<p>Mit dem \u201eSmoke Free Award\u201c gibt es in \u00d6sterreich erstmals einen Preis f\u00fcr das Engagement f\u00fcr ein rauchfreies Leben. Damit will man Personen hervorheben, die einen besonderen Einsatz im Hinblick auf ein rauchfreies Leben zeigen. Geh\u00f6ren Sie dazu?<\/p>\n","protected":false},"author":11,"featured_media":0,"comment_status":"open","ping_status":"open","sticky":false,"template":"","format":"standard","meta":{"_et_pb_use_builder":"on","_et_pb_old_content":"<p>\u00a0<br \/>Mit dem \u201eSmoke Free Award\u201c wurde ein neuer Preis ins Leben gerufen, der am 29. Mai 2018 erstmals vergeben wird. Initiiert wurde der Preis von VIVID \u2013 Fachstelle f\u00fcr Suchtpr\u00e4vention.<br \/>\u00a0<br \/>\u201eAera\u201c\u2013 die Symbolfigur f\u00fcr gute Luft zum freien Atmen wird in sechs Kategorien verliehen:<br \/><strong>\u00a0<\/strong><\/p><ul><li>Gastronomie<\/li><li>Gesundheitseinrichtungen<\/li><li>Initiativen allgemein<\/li><li>Jugend<\/li><li>Medien<\/li><li>Meine pers\u00f6nliche Geschichte<\/li><\/ul><p><img class=\"alignnone wp-image-10049\" src=\"https:\/\/rauchfrei.at\/wp-content\/uploads\/AERA-Smoke-free-award-130x500.png\" alt=\"\" width=\"75\" height=\"289\" data-id=\"10049\" \/>(C) VIVID<br \/>\u00a0<br \/>Es sollen Menschen, die unter besonderen Umst\u00e4nden aufgeh\u00f6rt haben zu rauchen, Platz haben \u2013 ebenso wie der Wirt, der schon lange aus freien St\u00fccken ein rauchfreies Wirtshaus betreibt oder die Gesundheitsinitiative, die sich besonders f\u00fcr Rauchfreiheit einsetzt.<br \/>\u00a0<br \/>Eingereicht werden k\u00f6nnen alle Bem\u00fchungen rund um das Thema rauchfreies Leben \u2013 sowohl f\u00fcr Einzelpersonen, als auch f\u00fcr Institutionen oder einzelne Projekte.<br \/>Was z\u00e4hlt, ist das Engagement und der Einsatz \u2013 und auch einfach der Versuch, selbst wenn er nicht gleich erfolgreich gewesen sein sollte.<br \/>\u00a0<br \/>Gestartet wird der Award heuer vorerst f\u00fcr die Steiermark, au\u00dfer Konkurrenz mitmachen k\u00f6nnen jedoch alle Projekte aus \u00d6sterreich.<br \/>\u00a0<br \/>Die Jury ist bunt gemischt, auch wir sind darunter vertreten. \u201eBewertet werden Wirkung, Engagement, Vorbildfunktion, Risiko und Kreativit\u00e4t der Initiativen \u2013 \u201edenn<br \/>jeder einzelne Beitrag f\u00fcr ein rauchfreies Leben z\u00e4hlt\u201c, so Claudia Kahr von VIVID.<br \/>\u00a0<br \/>Einreichungen und Nominierungen sind unter www.smokefreeaward.at ganz einfach m\u00f6glich.<br \/>\u00a0<br \/>F\u00fcr R\u00fcckfragen steht Ihnen zur Verf\u00fcgung: Waltraud Posch, VIVID \u2013 Fachstelle f\u00fcr Suchtpr\u00e4vention, waltraud.posch@vivid.at, 0676\/8708 32078, <a href=\"http:\/\/www.vivid.at\/\">www.vivid.at<\/a><br \/><strong><u>\u00a0<\/u><\/strong><br \/><strong>Der \u201eSmoke Free Award\u201c 2018:<\/strong><br \/>Am 29. Mai in Graz.<br \/>Einreichungen bis Freitag 20. April.<br \/>\u00a0<br \/><strong>Alle Infos unter <u><\/u><em><a href=\"http:\/\/www.smokefreeaward.at\/\">www.smokefreeaward.at<\/a>\u00a0<\/em><\/strong><br \/><strong><em>\u00a0<\/em><\/strong><br \/><strong><em>\u00a0<\/em><\/strong><\/p>","_et_gb_content_width":"","footnotes":""},"categories":[236],"tags":[],"class_list":["post-10949","post","type-post","status-publish","format-standard","hentry","category-nicht-kategorisiert"],"yoast_head":"<!-- This site is optimized with the Yoast SEO plugin v26.2 - https:\/\/yoast.com\/wordpress\/plugins\/seo\/ -->\n<title>Smoke Free Award - Rauchfrei Telefon<\/title>\n<meta name=\"robots\" content=\"index, follow, max-snippet:-1, max-image-preview:large, max-video-preview:-1\" \/>\n<link rel=\"canonical\" href=\"https:\/\/rauchfrei.at\/smoke-free-award\/\" \/>\n<meta property=\"og:locale\" content=\"en_US\" \/>\n<meta property=\"og:type\" content=\"article\" \/>\n<meta property=\"og:title\" content=\"Smoke Free Award - Rauchfrei Telefon\" \/>\n<meta property=\"og:description\" content=\"Mit dem \u201eSmoke Free Award\u201c gibt es in \u00d6sterreich erstmals einen Preis f\u00fcr das Engagement f\u00fcr ein rauchfreies Leben. Damit will man Personen hervorheben, die einen besonderen Einsatz im Hinblick auf ein rauchfreies Leben zeigen. Geh\u00f6ren Sie dazu?\" \/>\n<meta property=\"og:url\" content=\"https:\/\/rauchfrei.at\/smoke-free-award\/\" \/>\n<meta property=\"og:site_name\" content=\"Rauchfrei Telefon\" \/>\n<meta property=\"article:published_time\" content=\"2018-03-26T08:00:35+00:00\" \/>\n<meta property=\"article:modified_time\" content=\"2019-04-24T09:01:48+00:00\" \/>\n<meta property=\"og:image\" content=\"https:\/\/rauchfrei.at\/wp-content\/uploads\/AERA-Smoke-free-award-130x500.png\" \/>\n<meta name=\"author\" content=\"Andrea B\u00fcttner\" \/>\n<meta name=\"twitter:card\" content=\"summary_large_image\" \/>\n<meta name=\"twitter:label1\" content=\"Written by\" \/>\n\t<meta name=\"twitter:data1\" content=\"Andrea B\u00fcttner\" \/>\n\t<meta name=\"twitter:label2\" content=\"Est. reading time\" \/>\n\t<meta name=\"twitter:data2\" content=\"2 minutes\" \/>\n<script type=\"application\/ld+json\" class=\"yoast-schema-graph\">{\"@context\":\"https:\/\/schema.org\",\"@graph\":[{\"@type\":\"WebPage\",\"@id\":\"https:\/\/rauchfrei.at\/smoke-free-award\/\",\"url\":\"https:\/\/rauchfrei.at\/smoke-free-award\/\",\"name\":\"Smoke Free Award - Rauchfrei Telefon\",\"isPartOf\":{\"@id\":\"https:\/\/rauchfrei.at\/#website\"},\"primaryImageOfPage\":{\"@id\":\"https:\/\/rauchfrei.at\/smoke-free-award\/#primaryimage\"},\"image\":{\"@id\":\"https:\/\/rauchfrei.at\/smoke-free-award\/#primaryimage\"},\"thumbnailUrl\":\"https:\/\/rauchfrei.at\/wp-content\/uploads\/AERA-Smoke-free-award-130x500.png\",\"datePublished\":\"2018-03-26T08:00:35+00:00\",\"dateModified\":\"2019-04-24T09:01:48+00:00\",\"author\":{\"@id\":\"https:\/\/rauchfrei.at\/#\/schema\/person\/7993cb8bdf02ba65fd4ec8ec38b2dbbf\"},\"inLanguage\":\"en-US\",\"potentialAction\":[{\"@type\":\"ReadAction\",\"target\":[\"https:\/\/rauchfrei.at\/smoke-free-award\/\"]}]},{\"@type\":\"ImageObject\",\"inLanguage\":\"en-US\",\"@id\":\"https:\/\/rauchfrei.at\/smoke-free-award\/#primaryimage\",\"url\":\"https:\/\/rauchfrei.at\/wp-content\/uploads\/AERA-Smoke-free-award-130x500.png\",\"contentUrl\":\"https:\/\/rauchfrei.at\/wp-content\/uploads\/AERA-Smoke-free-award-130x500.png\"},{\"@type\":\"WebSite\",\"@id\":\"https:\/\/rauchfrei.at\/#website\",\"url\":\"https:\/\/rauchfrei.at\/\",\"name\":\"Rauchfrei Telefon\",\"description\":\"Eine \u00f6sterreichweite Initiative der Sozialversicherungen.\",\"potentialAction\":[{\"@type\":\"SearchAction\",\"target\":{\"@type\":\"EntryPoint\",\"urlTemplate\":\"https:\/\/rauchfrei.at\/?s={search_term_string}\"},\"query-input\":{\"@type\":\"PropertyValueSpecification\",\"valueRequired\":true,\"valueName\":\"search_term_string\"}}],\"inLanguage\":\"en-US\"},{\"@type\":\"Person\",\"@id\":\"https:\/\/rauchfrei.at\/#\/schema\/person\/7993cb8bdf02ba65fd4ec8ec38b2dbbf\",\"name\":\"Andrea B\u00fcttner\",\"image\":{\"@type\":\"ImageObject\",\"inLanguage\":\"en-US\",\"@id\":\"https:\/\/rauchfrei.at\/#\/schema\/person\/image\/\",\"url\":\"https:\/\/secure.gravatar.com\/avatar\/0f26ab1de0c83f37b101366a1244bf5de74c6d9c0641811dc6f7fc551dad1c7f?s=96&d=mm&r=g\",\"contentUrl\":\"https:\/\/secure.gravatar.com\/avatar\/0f26ab1de0c83f37b101366a1244bf5de74c6d9c0641811dc6f7fc551dad1c7f?s=96&d=mm&r=g\",\"caption\":\"Andrea B\u00fcttner\"},\"url\":\"https:\/\/rauchfrei.at\/en\/author\/buettner\/\"}]}<\/script>\n<!-- \/ Yoast SEO plugin. -->","yoast_head_json":{"title":"Smoke Free Award - Rauchfrei Telefon","robots":{"index":"index","follow":"follow","max-snippet":"max-snippet:-1","max-image-preview":"max-image-preview:large","max-video-preview":"max-video-preview:-1"},"canonical":"https:\/\/rauchfrei.at\/smoke-free-award\/","og_locale":"en_US","og_type":"article","og_title":"Smoke Free Award - Rauchfrei Telefon","og_description":"Mit dem \u201eSmoke Free Award\u201c gibt es in \u00d6sterreich erstmals einen Preis f\u00fcr das Engagement f\u00fcr ein rauchfreies Leben. Damit will man Personen hervorheben, die einen besonderen Einsatz im Hinblick auf ein rauchfreies Leben zeigen. Geh\u00f6ren Sie dazu?","og_url":"https:\/\/rauchfrei.at\/smoke-free-award\/","og_site_name":"Rauchfrei Telefon","article_published_time":"2018-03-26T08:00:35+00:00","article_modified_time":"2019-04-24T09:01:48+00:00","og_image":[{"url":"https:\/\/rauchfrei.at\/wp-content\/uploads\/AERA-Smoke-free-award-130x500.png","type":"","width":"","height":""}],"author":"Andrea B\u00fcttner","twitter_card":"summary_large_image","twitter_misc":{"Written by":"Andrea B\u00fcttner","Est. reading time":"2 minutes"},"schema":{"@context":"https:\/\/schema.org","@graph":[{"@type":"WebPage","@id":"https:\/\/rauchfrei.at\/smoke-free-award\/","url":"https:\/\/rauchfrei.at\/smoke-free-award\/","name":"Smoke Free Award - Rauchfrei Telefon","isPartOf":{"@id":"https:\/\/rauchfrei.at\/#website"},"primaryImageOfPage":{"@id":"https:\/\/rauchfrei.at\/smoke-free-award\/#primaryimage"},"image":{"@id":"https:\/\/rauchfrei.at\/smoke-free-award\/#primaryimage"},"thumbnailUrl":"https:\/\/rauchfrei.at\/wp-content\/uploads\/AERA-Smoke-free-award-130x500.png","datePublished":"2018-03-26T08:00:35+00:00","dateModified":"2019-04-24T09:01:48+00:00","author":{"@id":"https:\/\/rauchfrei.at\/#\/schema\/person\/7993cb8bdf02ba65fd4ec8ec38b2dbbf"},"inLanguage":"en-US","potentialAction":[{"@type":"ReadAction","target":["https:\/\/rauchfrei.at\/smoke-free-award\/"]}]},{"@type":"ImageObject","inLanguage":"en-US","@id":"https:\/\/rauchfrei.at\/smoke-free-award\/#primaryimage","url":"https:\/\/rauchfrei.at\/wp-content\/uploads\/AERA-Smoke-free-award-130x500.png","contentUrl":"https:\/\/rauchfrei.at\/wp-content\/uploads\/AERA-Smoke-free-award-130x500.png"},{"@type":"WebSite","@id":"https:\/\/rauchfrei.at\/#website","url":"https:\/\/rauchfrei.at\/","name":"Rauchfrei Telefon","description":"Eine \u00f6sterreichweite Initiative der Sozialversicherungen.","potentialAction":[{"@type":"SearchAction","target":{"@type":"EntryPoint","urlTemplate":"https:\/\/rauchfrei.at\/?s={search_term_string}"},"query-input":{"@type":"PropertyValueSpecification","valueRequired":true,"valueName":"search_term_string"}}],"inLanguage":"en-US"},{"@type":"Person","@id":"https:\/\/rauchfrei.at\/#\/schema\/person\/7993cb8bdf02ba65fd4ec8ec38b2dbbf","name":"Andrea B\u00fcttner","image":{"@type":"ImageObject","inLanguage":"en-US","@id":"https:\/\/rauchfrei.at\/#\/schema\/person\/image\/","url":"https:\/\/secure.gravatar.com\/avatar\/0f26ab1de0c83f37b101366a1244bf5de74c6d9c0641811dc6f7fc551dad1c7f?s=96&d=mm&r=g","contentUrl":"https:\/\/secure.gravatar.com\/avatar\/0f26ab1de0c83f37b101366a1244bf5de74c6d9c0641811dc6f7fc551dad1c7f?s=96&d=mm&r=g","caption":"Andrea B\u00fcttner"},"url":"https:\/\/rauchfrei.at\/en\/author\/buettner\/"}]}},"_links":{"self":[{"href":"https:\/\/rauchfrei.at\/en\/wp-json\/wp\/v2\/posts\/10949","targetHints":{"allow":["GET"]}}],"collection":[{"href":"https:\/\/rauchfrei.at\/en\/wp-json\/wp\/v2\/posts"}],"about":[{"href":"https:\/\/rauchfrei.at\/en\/wp-json\/wp\/v2\/types\/post"}],"author":[{"embeddable":true,"href":"https:\/\/rauchfrei.at\/en\/wp-json\/wp\/v2\/users\/11"}],"replies":[{"embeddable":true,"href":"https:\/\/rauchfrei.at\/en\/wp-json\/wp\/v2\/comments?post=10949"}],"version-history":[{"count":3,"href":"https:\/\/rauchfrei.at\/en\/wp-json\/wp\/v2\/posts\/10949\/revisions"}],"predecessor-version":[{"id":15949,"href":"https:\/\/rauchfrei.at\/en\/wp-json\/wp\/v2\/posts\/10949\/revisions\/15949"}],"wp:attachment":[{"href":"https:\/\/rauchfrei.at\/en\/wp-json\/wp\/v2\/media?parent=10949"}],"wp:term":[{"taxonomy":"category","embeddable":true,"href":"https:\/\/rauchfrei.at\/en\/wp-json\/wp\/v2\/categories?post=10949"},{"taxonomy":"post_tag","embeddable":true,"href":"https:\/\/rauchfrei.at\/en\/wp-json\/wp\/v2\/tags?post=10949"}],"curies":[{"name":"wp","href":"https:\/\/api.w.org\/{rel}","templated":true}]}}