
{"id":10953,"date":"2018-04-23T10:00:18","date_gmt":"2018-04-23T08:00:18","guid":{"rendered":"https:\/\/rauchfrei.at\/?p=10086"},"modified":"2019-04-24T10:48:28","modified_gmt":"2019-04-24T08:48:28","slug":"10086-2","status":"publish","type":"post","link":"https:\/\/rauchfrei.at\/en\/10086-2\/","title":{"rendered":"Sch\u00e4dlicher Passivrauch auch in Lokalen mit Nichtraucherbereichen"},"content":{"rendered":"<p>[et_pb_section bb_built=&#8221;1&#8243; fullwidth=&#8221;off&#8221; specialty=&#8221;off&#8221; _builder_version=&#8221;3.0.99&#8243; module_class=&#8221;header&#8221; next_background_color=&#8221;#000000&#8243;][et_pb_row _builder_version=&#8221;3.0.99&#8243;][et_pb_column type=&#8221;4_4&#8243;][et_pb_dp_dmb_module_10001 _builder_version=&#8221;3.21.1&#8243; z_index_tablet=&#8221;500&#8243; \/][\/et_pb_column][\/et_pb_row][\/et_pb_section][et_pb_section bb_built=&#8221;1&#8243; prev_background_color=&#8221;#000000&#8243;][et_pb_row][et_pb_column type=&#8221;2_3&#8243;][et_pb_text]<\/p>\n<p>\nDer Forschungsbericht zur Einhaltung der gesetzlichen Vorgaben zum Nichtraucherschutz in der Gastronomie kam zu einem ern\u00fcchternden Ergebnis: von 28 Wiener Lokalen mit Raucher- und Nichtraucherbereichen, verstie\u00dfen 27 Lokale gegen das Tabakgesetz.<\/p>\n<p>Schon im Jahr 2013 wurde Teil 1 der Untersuchung in Wien durchgef\u00fchrt. Die Autoren untersuchten die Frage, ob die Trennung und Kennzeichnung der Raucher- und Nichtraucherbereiche funktioniert.<\/p>\n<p>Dazu wurden stichprobenartige Messungen der Raumluft in den Nichtraucherbereichen durchgef\u00fchrt. Die Ergebnisse der Begehungen und Messungen der Untersuchung von 2018 zeigten, dass in den Raucher-\/ Nichtraucherbetrieben Verst\u00f6\u00dfe gegen das Rauchverbot \u2013 meist permanent ge\u00f6ffnete oder nicht vorhandene T\u00fcren \u2013 die Regel waren.<\/p>\n<p>Das ist f\u00fcr die Problematik des Arbeitnehmerschutzes sowie f\u00fcr die Bel\u00e4stigung und das erh\u00f6hte Gesundheitsrisiko der Personen (speziell Kinder, Schwangere), die sich in Gastbetrieben mit unzul\u00e4nglicher Trennung des Nichtraucher- vom Raucherbereich aufhalten, relevant. Zur Problematik, dass die Trennung nicht funktioniert bzw. nicht ausreichend umgesetzt wird, kommt hinzu, dass diese Passivrauchbelastung den G\u00e4sten im Nichtraucherbereich nicht bewusst ist.<\/p>\n<p>Um Passivrauch zu vermeiden, sind g\u00e4nzlich rauchfreie Lokale daher die beste Wahl.<\/p>\n<p>LINKS:<br \/>\n<a href=\"https:\/\/kurier.at\/wissen\/rauchverbot-nichtraucherschutz-in-mischlokalen-funktioniert-kaum\/312.298.398\" target=\"_blank\" rel=\"noopener noreferrer\">Kurierartikel zum Thema<\/a><br \/>\n<a href=\"http:\/\/www.innenraumanalytik.at\/nichtraucherschutz_gastronomie_2018.pdf\" target=\"_blank\" rel=\"noopener noreferrer\">Studie Nichtraucherschutz in der Gastronomie<\/a><\/p>\n<p><strong><u>\u00a0<\/u><\/strong><\/p>\n<p>[\/et_pb_text][\/et_pb_column][et_pb_column type=&#8221;1_3&#8243;][et_pb_sidebar _builder_version=&#8221;3.15&#8243; area=&#8221;sidebar-1&#8243; \/][\/et_pb_column][\/et_pb_row][\/et_pb_section]<\/p>\n","protected":false},"excerpt":{"rendered":"<p>Eine aktuelle Studie zeigt auf, dass trotz abgetrennter Raucherbereiche hohe Feinstaubbelastungen in den Nichtraucherbereichen von Lokalen auftreten. Auch G\u00e4ste, die sich in den Nichtraucherbereichen von Lokalen aufhalten, sind also einer deutlichen Passivrauchbelastung ausgesetzt.<\/p>\n","protected":false},"author":11,"featured_media":0,"comment_status":"open","ping_status":"open","sticky":false,"template":"","format":"standard","meta":{"_et_pb_use_builder":"on","_et_pb_old_content":"<p>Der Forschungsbericht zur Einhaltung der gesetzlichen Vorgaben zum Nichtraucherschutz in der Gastronomie kam zu einem ern\u00fcchternden Ergebnis: von 28 Wiener Lokalen mit Raucher- und Nichtraucherbereichen, verstie\u00dfen 27 Lokale gegen das Tabakgesetz.<\/p><p>Schon im Jahr 2013 wurde Teil 1 der Untersuchung in Wien durchgef\u00fchrt. Die Autoren untersuchten die Frage, ob die Trennung und Kennzeichnung der Raucher- und Nichtraucherbereiche funktioniert.<\/p><p>Dazu wurden stichprobenartige Messungen der Raumluft in den Nichtraucherbereichen durchgef\u00fchrt. Die Ergebnisse der Begehungen und Messungen der Untersuchung von 2018 zeigten, dass in den Raucher-\/ Nichtraucherbetrieben Verst\u00f6\u00dfe gegen das Rauchverbot \u2013 meist permanent ge\u00f6ffnete oder nicht vorhandene T\u00fcren \u2013 die Regel waren.<\/p><p>Das ist f\u00fcr die Problematik des Arbeitnehmerschutzes sowie f\u00fcr die Bel\u00e4stigung und das erh\u00f6hte Gesundheitsrisiko der Personen (speziell Kinder, Schwangere), die sich in Gastbetrieben mit unzul\u00e4nglicher Trennung des Nichtraucher- vom Raucherbereich aufhalten, relevant. Zur Problematik, dass die Trennung nicht funktioniert bzw. nicht ausreichend umgesetzt wird, kommt hinzu, dass diese Passivrauchbelastung den G\u00e4sten im Nichtraucherbereich nicht bewusst ist.<\/p><p>Um Passivrauch zu vermeiden, sind g\u00e4nzlich rauchfreie Lokale daher die beste Wahl.<\/p><p>LINKS:<br \/><a href=\"https:\/\/kurier.at\/wissen\/rauchverbot-nichtraucherschutz-in-mischlokalen-funktioniert-kaum\/312.298.398\" target=\"_blank\" rel=\"noopener\">Kurierartikel zum Thema<\/a><br \/><a href=\"http:\/\/www.innenraumanalytik.at\/nichtraucherschutz_gastronomie_2018.pdf\" target=\"_blank\" rel=\"noopener\">Studie Nichtraucherschutz in der Gastronomie<\/a><\/p><p><strong><u>\u00a0<\/u><\/strong><\/p>","_et_gb_content_width":"","footnotes":""},"categories":[235],"tags":[],"class_list":["post-10953","post","type-post","status-publish","format-standard","hentry","category-gesundheit-und-rauchstopp"],"yoast_head":"<!-- This site is optimized with the Yoast SEO plugin v26.2 - https:\/\/yoast.com\/wordpress\/plugins\/seo\/ -->\n<title>Sch\u00e4dlicher Passivrauch auch in Lokalen mit Nichtraucherbereichen - Rauchfrei Telefon<\/title>\n<meta name=\"robots\" content=\"index, follow, max-snippet:-1, max-image-preview:large, max-video-preview:-1\" \/>\n<link rel=\"canonical\" href=\"https:\/\/rauchfrei.at\/10086-2\/\" \/>\n<meta property=\"og:locale\" content=\"en_US\" \/>\n<meta property=\"og:type\" content=\"article\" \/>\n<meta property=\"og:title\" content=\"Sch\u00e4dlicher Passivrauch auch in Lokalen mit Nichtraucherbereichen - Rauchfrei Telefon\" \/>\n<meta property=\"og:description\" content=\"Eine aktuelle Studie zeigt auf, dass trotz abgetrennter Raucherbereiche hohe Feinstaubbelastungen in den Nichtraucherbereichen von Lokalen auftreten. Auch G\u00e4ste, die sich in den Nichtraucherbereichen von Lokalen aufhalten, sind also einer deutlichen Passivrauchbelastung ausgesetzt.\" \/>\n<meta property=\"og:url\" content=\"https:\/\/rauchfrei.at\/10086-2\/\" \/>\n<meta property=\"og:site_name\" content=\"Rauchfrei Telefon\" \/>\n<meta property=\"article:published_time\" content=\"2018-04-23T08:00:18+00:00\" \/>\n<meta property=\"article:modified_time\" content=\"2019-04-24T08:48:28+00:00\" \/>\n<meta name=\"author\" content=\"Andrea B\u00fcttner\" \/>\n<meta name=\"twitter:card\" content=\"summary_large_image\" \/>\n<meta name=\"twitter:label1\" content=\"Written by\" \/>\n\t<meta name=\"twitter:data1\" content=\"Andrea B\u00fcttner\" \/>\n\t<meta name=\"twitter:label2\" content=\"Est. reading time\" \/>\n\t<meta name=\"twitter:data2\" content=\"1 minute\" \/>\n<script type=\"application\/ld+json\" class=\"yoast-schema-graph\">{\"@context\":\"https:\/\/schema.org\",\"@graph\":[{\"@type\":\"WebPage\",\"@id\":\"https:\/\/rauchfrei.at\/10086-2\/\",\"url\":\"https:\/\/rauchfrei.at\/10086-2\/\",\"name\":\"Sch\u00e4dlicher Passivrauch auch in Lokalen mit Nichtraucherbereichen - Rauchfrei Telefon\",\"isPartOf\":{\"@id\":\"https:\/\/rauchfrei.at\/#website\"},\"datePublished\":\"2018-04-23T08:00:18+00:00\",\"dateModified\":\"2019-04-24T08:48:28+00:00\",\"author\":{\"@id\":\"https:\/\/rauchfrei.at\/#\/schema\/person\/7993cb8bdf02ba65fd4ec8ec38b2dbbf\"},\"inLanguage\":\"en-US\",\"potentialAction\":[{\"@type\":\"ReadAction\",\"target\":[\"https:\/\/rauchfrei.at\/10086-2\/\"]}]},{\"@type\":\"WebSite\",\"@id\":\"https:\/\/rauchfrei.at\/#website\",\"url\":\"https:\/\/rauchfrei.at\/\",\"name\":\"Rauchfrei Telefon\",\"description\":\"Eine \u00f6sterreichweite Initiative der Sozialversicherungen.\",\"potentialAction\":[{\"@type\":\"SearchAction\",\"target\":{\"@type\":\"EntryPoint\",\"urlTemplate\":\"https:\/\/rauchfrei.at\/?s={search_term_string}\"},\"query-input\":{\"@type\":\"PropertyValueSpecification\",\"valueRequired\":true,\"valueName\":\"search_term_string\"}}],\"inLanguage\":\"en-US\"},{\"@type\":\"Person\",\"@id\":\"https:\/\/rauchfrei.at\/#\/schema\/person\/7993cb8bdf02ba65fd4ec8ec38b2dbbf\",\"name\":\"Andrea B\u00fcttner\",\"image\":{\"@type\":\"ImageObject\",\"inLanguage\":\"en-US\",\"@id\":\"https:\/\/rauchfrei.at\/#\/schema\/person\/image\/\",\"url\":\"https:\/\/secure.gravatar.com\/avatar\/0f26ab1de0c83f37b101366a1244bf5de74c6d9c0641811dc6f7fc551dad1c7f?s=96&d=mm&r=g\",\"contentUrl\":\"https:\/\/secure.gravatar.com\/avatar\/0f26ab1de0c83f37b101366a1244bf5de74c6d9c0641811dc6f7fc551dad1c7f?s=96&d=mm&r=g\",\"caption\":\"Andrea B\u00fcttner\"},\"url\":\"https:\/\/rauchfrei.at\/en\/author\/buettner\/\"}]}<\/script>\n<!-- \/ Yoast SEO plugin. -->","yoast_head_json":{"title":"Sch\u00e4dlicher Passivrauch auch in Lokalen mit Nichtraucherbereichen - Rauchfrei Telefon","robots":{"index":"index","follow":"follow","max-snippet":"max-snippet:-1","max-image-preview":"max-image-preview:large","max-video-preview":"max-video-preview:-1"},"canonical":"https:\/\/rauchfrei.at\/10086-2\/","og_locale":"en_US","og_type":"article","og_title":"Sch\u00e4dlicher Passivrauch auch in Lokalen mit Nichtraucherbereichen - Rauchfrei Telefon","og_description":"Eine aktuelle Studie zeigt auf, dass trotz abgetrennter Raucherbereiche hohe Feinstaubbelastungen in den Nichtraucherbereichen von Lokalen auftreten. Auch G\u00e4ste, die sich in den Nichtraucherbereichen von Lokalen aufhalten, sind also einer deutlichen Passivrauchbelastung ausgesetzt.","og_url":"https:\/\/rauchfrei.at\/10086-2\/","og_site_name":"Rauchfrei Telefon","article_published_time":"2018-04-23T08:00:18+00:00","article_modified_time":"2019-04-24T08:48:28+00:00","author":"Andrea B\u00fcttner","twitter_card":"summary_large_image","twitter_misc":{"Written by":"Andrea B\u00fcttner","Est. reading time":"1 minute"},"schema":{"@context":"https:\/\/schema.org","@graph":[{"@type":"WebPage","@id":"https:\/\/rauchfrei.at\/10086-2\/","url":"https:\/\/rauchfrei.at\/10086-2\/","name":"Sch\u00e4dlicher Passivrauch auch in Lokalen mit Nichtraucherbereichen - Rauchfrei Telefon","isPartOf":{"@id":"https:\/\/rauchfrei.at\/#website"},"datePublished":"2018-04-23T08:00:18+00:00","dateModified":"2019-04-24T08:48:28+00:00","author":{"@id":"https:\/\/rauchfrei.at\/#\/schema\/person\/7993cb8bdf02ba65fd4ec8ec38b2dbbf"},"inLanguage":"en-US","potentialAction":[{"@type":"ReadAction","target":["https:\/\/rauchfrei.at\/10086-2\/"]}]},{"@type":"WebSite","@id":"https:\/\/rauchfrei.at\/#website","url":"https:\/\/rauchfrei.at\/","name":"Rauchfrei Telefon","description":"Eine \u00f6sterreichweite Initiative der Sozialversicherungen.","potentialAction":[{"@type":"SearchAction","target":{"@type":"EntryPoint","urlTemplate":"https:\/\/rauchfrei.at\/?s={search_term_string}"},"query-input":{"@type":"PropertyValueSpecification","valueRequired":true,"valueName":"search_term_string"}}],"inLanguage":"en-US"},{"@type":"Person","@id":"https:\/\/rauchfrei.at\/#\/schema\/person\/7993cb8bdf02ba65fd4ec8ec38b2dbbf","name":"Andrea B\u00fcttner","image":{"@type":"ImageObject","inLanguage":"en-US","@id":"https:\/\/rauchfrei.at\/#\/schema\/person\/image\/","url":"https:\/\/secure.gravatar.com\/avatar\/0f26ab1de0c83f37b101366a1244bf5de74c6d9c0641811dc6f7fc551dad1c7f?s=96&d=mm&r=g","contentUrl":"https:\/\/secure.gravatar.com\/avatar\/0f26ab1de0c83f37b101366a1244bf5de74c6d9c0641811dc6f7fc551dad1c7f?s=96&d=mm&r=g","caption":"Andrea B\u00fcttner"},"url":"https:\/\/rauchfrei.at\/en\/author\/buettner\/"}]}},"_links":{"self":[{"href":"https:\/\/rauchfrei.at\/en\/wp-json\/wp\/v2\/posts\/10953","targetHints":{"allow":["GET"]}}],"collection":[{"href":"https:\/\/rauchfrei.at\/en\/wp-json\/wp\/v2\/posts"}],"about":[{"href":"https:\/\/rauchfrei.at\/en\/wp-json\/wp\/v2\/types\/post"}],"author":[{"embeddable":true,"href":"https:\/\/rauchfrei.at\/en\/wp-json\/wp\/v2\/users\/11"}],"replies":[{"embeddable":true,"href":"https:\/\/rauchfrei.at\/en\/wp-json\/wp\/v2\/comments?post=10953"}],"version-history":[{"count":4,"href":"https:\/\/rauchfrei.at\/en\/wp-json\/wp\/v2\/posts\/10953\/revisions"}],"predecessor-version":[{"id":15943,"href":"https:\/\/rauchfrei.at\/en\/wp-json\/wp\/v2\/posts\/10953\/revisions\/15943"}],"wp:attachment":[{"href":"https:\/\/rauchfrei.at\/en\/wp-json\/wp\/v2\/media?parent=10953"}],"wp:term":[{"taxonomy":"category","embeddable":true,"href":"https:\/\/rauchfrei.at\/en\/wp-json\/wp\/v2\/categories?post=10953"},{"taxonomy":"post_tag","embeddable":true,"href":"https:\/\/rauchfrei.at\/en\/wp-json\/wp\/v2\/tags?post=10953"}],"curies":[{"name":"wp","href":"https:\/\/api.w.org\/{rel}","templated":true}]}}