
{"id":10955,"date":"2018-05-07T08:00:30","date_gmt":"2018-05-07T06:00:30","guid":{"rendered":"https:\/\/rauchfrei.at\/?p=10185"},"modified":"2019-04-24T10:39:31","modified_gmt":"2019-04-24T08:39:31","slug":"jugend-und-rauchen","status":"publish","type":"post","link":"https:\/\/rauchfrei.at\/en\/jugend-und-rauchen\/","title":{"rendered":"Jugend und Rauchen"},"content":{"rendered":"<p>[et_pb_section bb_built=&#8221;1&#8243; fullwidth=&#8221;off&#8221; specialty=&#8221;off&#8221; _builder_version=&#8221;3.0.99&#8243; module_class=&#8221;header&#8221; next_background_color=&#8221;#000000&#8243;][et_pb_row _builder_version=&#8221;3.0.99&#8243;][et_pb_column type=&#8221;4_4&#8243;][et_pb_dp_dmb_module_10001 _builder_version=&#8221;3.21.1&#8243; z_index_tablet=&#8221;500&#8243; \/][\/et_pb_column][\/et_pb_row][\/et_pb_section][et_pb_section bb_built=&#8221;1&#8243; prev_background_color=&#8221;#000000&#8243;][et_pb_row][et_pb_column type=&#8221;2_3&#8243;][et_pb_text]<\/p>\n<p>\nDie Rauchpr\u00e4valenz in \u00d6sterreich liegt bei 30 %.<br \/>\nRelevant daf\u00fcr ist vor allem das Alter beim Raucheinstieg: Rund 90 % jener Personen, die als Erwachsene t\u00e4glich rauchen, haben\u00a0 als unter 19-J\u00e4hrige zu rauchen begonnen (Athis, Gesundheitsbefragung, 2014).<\/p>\n<p>Der Raucheinstieg im Jugendalter wird erleichtert durch verschiedene Faktoren: Die gesellschaftliche Norm des Rauchens, Verf\u00fcgbarkeit der Zigaretten, Zigarettenpreise und Rauchverbote (z.B. Gastronomie, \u00f6ffentliche Orte,\u2026) wirken direkt und nachweisbar auf die Rauchpr\u00e4valenz.<\/p>\n<p>Je sp\u00e4ter Jugendliche bzw. junge Erwachsene probieren zu rauchen, desto unwahrscheinlicher ist es, dass sie eine langfristige Abh\u00e4ngigkeit entwickeln.<\/p>\n<p>Die Abh\u00e4ngigkeit entwickelt sich sehr schnell. Fragen wie \u201eHast du schon einmal probiert aufzuh\u00f6ren, aber konntest es nicht?\u201c, \u201eHast du schon einmal ein Verlangen nach einer Zigarette gehabt?\u201c oder \u201eHast du schon einmal das Gef\u00fchl gehabt \u2013 jetzt brauche ich wirklich eine Zigarette?\u201c sind Hinweise darauf, dass K\u00f6rper und Psyche auch bei nicht t\u00e4glichem Rauchen schnell Abh\u00e4ngigkeitssymptome entwickeln.<\/p>\n<p>Jugendliche haben Gro\u00dfteils noch keinen Grund aufzuh\u00f6ren. Gleichzeitig merken sie, dass sich das Rauchen nicht mehr kontrollieren l\u00e4sst. Die Kontrolle hat schon die Zigarette \u00fcbernommen.<\/p>\n<p>Einfach nicht mehr rauchen? So einfach ist das nicht! Manchmal erfordert der Rauchstopp schon im Teenageralter professionelle Unterst\u00fctzung.<\/p>\n<p><a href=\"https:\/\/rauchfrei.at\/symposium-jugend-und-rauchen\/\" target=\"_blank\" rel=\"noopener noreferrer\">Fortbildung\u00a0Symposium\u00a0&#8220;Jugend\u00a0und\u00a0Rauchen&#8221;<\/a><\/p>\n<p>Clip von Go TV<\/p>\n<div style=\"width: 1024px;\" class=\"wp-video\"><!--[if lt IE 9]><script>document.createElement('video');<\/script><![endif]-->\n<video class=\"wp-video-shortcode\" id=\"video-10955-1\" width=\"1024\" height=\"576\" preload=\"metadata\" controls=\"controls\"><source type=\"video\/mp4\" src=\"https:\/\/rauchfrei.at\/wp-content\/uploads\/gotv_ks_rauchfreitelefon_20sec.mp4?_=1\" \/><a href=\"https:\/\/rauchfrei.at\/wp-content\/uploads\/gotv_ks_rauchfreitelefon_20sec.mp4\">https:\/\/rauchfrei.at\/wp-content\/uploads\/gotv_ks_rauchfreitelefon_20sec.mp4<\/a><\/video><\/div>\n<p>&nbsp;<\/p>\n<p>[\/et_pb_text][\/et_pb_column][et_pb_column type=&#8221;1_3&#8243;][et_pb_sidebar _builder_version=&#8221;3.0.99&#8243; area=&#8221;sidebar-1&#8243; orientation=&#8221;left&#8221; show_border=&#8221;on&#8221; background_layout=&#8221;light&#8221; \/][\/et_pb_column][\/et_pb_row][\/et_pb_section]<\/p>\n","protected":false},"excerpt":{"rendered":"<p>Am 8. Mai veranstaltet der Hauptverband der \u00f6sterreichischen Sozialversicherungstr\u00e4ger gemeinsam mit der N\u00d6 Gebietskrankenkasse anl\u00e4sslich des Weltnichtrauchertages ein Symposium zum Thema \u201eJugend und Rauchen\u201c in St. P\u00f6lten. Anlass war unter anderem das im Vorjahr kolportierte Anheben des Bezugsalters von 16 auf 18 Jahre mit Mai 2018, das nun voraussichtlich mit 1.1.2019 umgesetzt wird.<\/p>\n","protected":false},"author":11,"featured_media":0,"comment_status":"open","ping_status":"open","sticky":false,"template":"","format":"standard","meta":{"_et_pb_use_builder":"on","_et_pb_old_content":"<p>\u00a0<br \/>Die Rauchpr\u00e4valenz in \u00d6sterreich liegt bei 30 %.<br \/>Relevant daf\u00fcr ist vor allem das Alter beim Raucheinstieg: Rund 90 % jener Personen, die als Erwachsene t\u00e4glich rauchen, haben\u00a0 als unter 19-J\u00e4hrige zu rauchen begonnen (Athis, Gesundheitsbefragung, 2014).<br \/>\u00a0<br \/>Der Raucheinstieg im Jugendalter wird erleichtert durch verschiedene Faktoren: Die gesellschaftliche Norm des Rauchens, Verf\u00fcgbarkeit der Zigaretten, Zigarettenpreise und Rauchverbote (z.B. Gastronomie, \u00f6ffentliche Orte,\u2026) wirken direkt und nachweisbar auf die Rauchpr\u00e4valenz.<br \/>\u00a0<br \/>Je sp\u00e4ter Jugendliche bzw. junge Erwachsene probieren zu rauchen, desto unwahrscheinlicher ist es, dass sie eine langfristige Abh\u00e4ngigkeit entwickeln.<br \/>\u00a0<br \/>Die Abh\u00e4ngigkeit entwickelt sich sehr schnell. Fragen wie \u201eHast du schon einmal probiert aufzuh\u00f6ren, aber konntest es nicht?\u201c, \u201eHast du schon einmal ein Verlangen nach einer Zigarette gehabt?\u201c oder \u201eHast du schon einmal das Gef\u00fchl gehabt \u2013 jetzt brauche ich wirklich eine Zigarette?\u201c sind Hinweise darauf, dass K\u00f6rper und Psyche auch bei nicht t\u00e4glichem Rauchen schnell Abh\u00e4ngigkeitssymptome entwickeln.<br \/>\u00a0<br \/>Jugendliche haben Gro\u00dfteils noch keinen Grund aufzuh\u00f6ren. Gleichzeitig merken sie, dass sich das Rauchen nicht mehr kontrollieren l\u00e4sst. Die Kontrolle hat schon die Zigarette \u00fcbernommen.<br \/>\u00a0<br \/>Einfach nicht mehr rauchen? So einfach ist das nicht! Manchmal erfordert der Rauchstopp schon im Teenageralter professionelle Unterst\u00fctzung.<br \/>\u00a0<br \/><a href=\"https:\/\/rauchfrei.at\/symposium-jugend-und-rauchen\/\" target=\"_blank\" rel=\"noopener\">Fortbildung\u00a0Symposium\u00a0\"Jugend\u00a0und\u00a0Rauchen\"<\/a><br \/>\u00a0<br \/>Clip von Go TV<br \/>\u00a0<\/p><p>[video width=\"1024\" height=\"576\" mp4=\"https:\/\/rauchfrei.at\/wp-content\/uploads\/gotv_ks_rauchfreitelefon_20sec.mp4\"][\/video]<\/p><p><br \/>\u00a0<\/p>","_et_gb_content_width":"","footnotes":""},"categories":[236],"tags":[],"class_list":["post-10955","post","type-post","status-publish","format-standard","hentry","category-nicht-kategorisiert"],"yoast_head":"<!-- This site is optimized with the Yoast SEO plugin v26.2 - https:\/\/yoast.com\/wordpress\/plugins\/seo\/ -->\n<title>Jugend und Rauchen - Rauchfrei Telefon<\/title>\n<meta name=\"robots\" content=\"index, follow, max-snippet:-1, max-image-preview:large, max-video-preview:-1\" \/>\n<link rel=\"canonical\" href=\"https:\/\/rauchfrei.at\/jugend-und-rauchen\/\" \/>\n<meta property=\"og:locale\" content=\"en_US\" \/>\n<meta property=\"og:type\" content=\"article\" \/>\n<meta property=\"og:title\" content=\"Jugend und Rauchen - Rauchfrei Telefon\" \/>\n<meta property=\"og:description\" content=\"Am 8. Mai veranstaltet der Hauptverband der \u00f6sterreichischen Sozialversicherungstr\u00e4ger gemeinsam mit der N\u00d6 Gebietskrankenkasse anl\u00e4sslich des Weltnichtrauchertages ein Symposium zum Thema \u201eJugend und Rauchen\u201c in St. P\u00f6lten. Anlass war unter anderem das im Vorjahr kolportierte Anheben des Bezugsalters von 16 auf 18 Jahre mit Mai 2018, das nun voraussichtlich mit 1.1.2019 umgesetzt wird.\" \/>\n<meta property=\"og:url\" content=\"https:\/\/rauchfrei.at\/jugend-und-rauchen\/\" \/>\n<meta property=\"og:site_name\" content=\"Rauchfrei Telefon\" \/>\n<meta property=\"article:published_time\" content=\"2018-05-07T06:00:30+00:00\" \/>\n<meta property=\"article:modified_time\" content=\"2019-04-24T08:39:31+00:00\" \/>\n<meta name=\"author\" content=\"Andrea B\u00fcttner\" \/>\n<meta name=\"twitter:card\" content=\"summary_large_image\" \/>\n<meta name=\"twitter:label1\" content=\"Written by\" \/>\n\t<meta name=\"twitter:data1\" content=\"Andrea B\u00fcttner\" \/>\n\t<meta name=\"twitter:label2\" content=\"Est. reading time\" \/>\n\t<meta name=\"twitter:data2\" content=\"2 minutes\" \/>\n<script type=\"application\/ld+json\" class=\"yoast-schema-graph\">{\"@context\":\"https:\/\/schema.org\",\"@graph\":[{\"@type\":\"WebPage\",\"@id\":\"https:\/\/rauchfrei.at\/jugend-und-rauchen\/\",\"url\":\"https:\/\/rauchfrei.at\/jugend-und-rauchen\/\",\"name\":\"Jugend und Rauchen - Rauchfrei Telefon\",\"isPartOf\":{\"@id\":\"https:\/\/rauchfrei.at\/#website\"},\"datePublished\":\"2018-05-07T06:00:30+00:00\",\"dateModified\":\"2019-04-24T08:39:31+00:00\",\"author\":{\"@id\":\"https:\/\/rauchfrei.at\/#\/schema\/person\/7993cb8bdf02ba65fd4ec8ec38b2dbbf\"},\"inLanguage\":\"en-US\",\"potentialAction\":[{\"@type\":\"ReadAction\",\"target\":[\"https:\/\/rauchfrei.at\/jugend-und-rauchen\/\"]}]},{\"@type\":\"WebSite\",\"@id\":\"https:\/\/rauchfrei.at\/#website\",\"url\":\"https:\/\/rauchfrei.at\/\",\"name\":\"Rauchfrei Telefon\",\"description\":\"Eine \u00f6sterreichweite Initiative der Sozialversicherungen.\",\"potentialAction\":[{\"@type\":\"SearchAction\",\"target\":{\"@type\":\"EntryPoint\",\"urlTemplate\":\"https:\/\/rauchfrei.at\/?s={search_term_string}\"},\"query-input\":{\"@type\":\"PropertyValueSpecification\",\"valueRequired\":true,\"valueName\":\"search_term_string\"}}],\"inLanguage\":\"en-US\"},{\"@type\":\"Person\",\"@id\":\"https:\/\/rauchfrei.at\/#\/schema\/person\/7993cb8bdf02ba65fd4ec8ec38b2dbbf\",\"name\":\"Andrea B\u00fcttner\",\"image\":{\"@type\":\"ImageObject\",\"inLanguage\":\"en-US\",\"@id\":\"https:\/\/rauchfrei.at\/#\/schema\/person\/image\/\",\"url\":\"https:\/\/secure.gravatar.com\/avatar\/0f26ab1de0c83f37b101366a1244bf5de74c6d9c0641811dc6f7fc551dad1c7f?s=96&d=mm&r=g\",\"contentUrl\":\"https:\/\/secure.gravatar.com\/avatar\/0f26ab1de0c83f37b101366a1244bf5de74c6d9c0641811dc6f7fc551dad1c7f?s=96&d=mm&r=g\",\"caption\":\"Andrea B\u00fcttner\"},\"url\":\"https:\/\/rauchfrei.at\/en\/author\/buettner\/\"}]}<\/script>\n<!-- \/ Yoast SEO plugin. -->","yoast_head_json":{"title":"Jugend und Rauchen - Rauchfrei Telefon","robots":{"index":"index","follow":"follow","max-snippet":"max-snippet:-1","max-image-preview":"max-image-preview:large","max-video-preview":"max-video-preview:-1"},"canonical":"https:\/\/rauchfrei.at\/jugend-und-rauchen\/","og_locale":"en_US","og_type":"article","og_title":"Jugend und Rauchen - Rauchfrei Telefon","og_description":"Am 8. Mai veranstaltet der Hauptverband der \u00f6sterreichischen Sozialversicherungstr\u00e4ger gemeinsam mit der N\u00d6 Gebietskrankenkasse anl\u00e4sslich des Weltnichtrauchertages ein Symposium zum Thema \u201eJugend und Rauchen\u201c in St. P\u00f6lten. Anlass war unter anderem das im Vorjahr kolportierte Anheben des Bezugsalters von 16 auf 18 Jahre mit Mai 2018, das nun voraussichtlich mit 1.1.2019 umgesetzt wird.","og_url":"https:\/\/rauchfrei.at\/jugend-und-rauchen\/","og_site_name":"Rauchfrei Telefon","article_published_time":"2018-05-07T06:00:30+00:00","article_modified_time":"2019-04-24T08:39:31+00:00","author":"Andrea B\u00fcttner","twitter_card":"summary_large_image","twitter_misc":{"Written by":"Andrea B\u00fcttner","Est. reading time":"2 minutes"},"schema":{"@context":"https:\/\/schema.org","@graph":[{"@type":"WebPage","@id":"https:\/\/rauchfrei.at\/jugend-und-rauchen\/","url":"https:\/\/rauchfrei.at\/jugend-und-rauchen\/","name":"Jugend und Rauchen - Rauchfrei Telefon","isPartOf":{"@id":"https:\/\/rauchfrei.at\/#website"},"datePublished":"2018-05-07T06:00:30+00:00","dateModified":"2019-04-24T08:39:31+00:00","author":{"@id":"https:\/\/rauchfrei.at\/#\/schema\/person\/7993cb8bdf02ba65fd4ec8ec38b2dbbf"},"inLanguage":"en-US","potentialAction":[{"@type":"ReadAction","target":["https:\/\/rauchfrei.at\/jugend-und-rauchen\/"]}]},{"@type":"WebSite","@id":"https:\/\/rauchfrei.at\/#website","url":"https:\/\/rauchfrei.at\/","name":"Rauchfrei Telefon","description":"Eine \u00f6sterreichweite Initiative der Sozialversicherungen.","potentialAction":[{"@type":"SearchAction","target":{"@type":"EntryPoint","urlTemplate":"https:\/\/rauchfrei.at\/?s={search_term_string}"},"query-input":{"@type":"PropertyValueSpecification","valueRequired":true,"valueName":"search_term_string"}}],"inLanguage":"en-US"},{"@type":"Person","@id":"https:\/\/rauchfrei.at\/#\/schema\/person\/7993cb8bdf02ba65fd4ec8ec38b2dbbf","name":"Andrea B\u00fcttner","image":{"@type":"ImageObject","inLanguage":"en-US","@id":"https:\/\/rauchfrei.at\/#\/schema\/person\/image\/","url":"https:\/\/secure.gravatar.com\/avatar\/0f26ab1de0c83f37b101366a1244bf5de74c6d9c0641811dc6f7fc551dad1c7f?s=96&d=mm&r=g","contentUrl":"https:\/\/secure.gravatar.com\/avatar\/0f26ab1de0c83f37b101366a1244bf5de74c6d9c0641811dc6f7fc551dad1c7f?s=96&d=mm&r=g","caption":"Andrea B\u00fcttner"},"url":"https:\/\/rauchfrei.at\/en\/author\/buettner\/"}]}},"_links":{"self":[{"href":"https:\/\/rauchfrei.at\/en\/wp-json\/wp\/v2\/posts\/10955","targetHints":{"allow":["GET"]}}],"collection":[{"href":"https:\/\/rauchfrei.at\/en\/wp-json\/wp\/v2\/posts"}],"about":[{"href":"https:\/\/rauchfrei.at\/en\/wp-json\/wp\/v2\/types\/post"}],"author":[{"embeddable":true,"href":"https:\/\/rauchfrei.at\/en\/wp-json\/wp\/v2\/users\/11"}],"replies":[{"embeddable":true,"href":"https:\/\/rauchfrei.at\/en\/wp-json\/wp\/v2\/comments?post=10955"}],"version-history":[{"count":3,"href":"https:\/\/rauchfrei.at\/en\/wp-json\/wp\/v2\/posts\/10955\/revisions"}],"predecessor-version":[{"id":15938,"href":"https:\/\/rauchfrei.at\/en\/wp-json\/wp\/v2\/posts\/10955\/revisions\/15938"}],"wp:attachment":[{"href":"https:\/\/rauchfrei.at\/en\/wp-json\/wp\/v2\/media?parent=10955"}],"wp:term":[{"taxonomy":"category","embeddable":true,"href":"https:\/\/rauchfrei.at\/en\/wp-json\/wp\/v2\/categories?post=10955"},{"taxonomy":"post_tag","embeddable":true,"href":"https:\/\/rauchfrei.at\/en\/wp-json\/wp\/v2\/tags?post=10955"}],"curies":[{"name":"wp","href":"https:\/\/api.w.org\/{rel}","templated":true}]}}