
{"id":10956,"date":"2018-05-14T10:00:30","date_gmt":"2018-05-14T08:00:30","guid":{"rendered":"https:\/\/rauchfrei.at\/?p=10216"},"modified":"2019-04-24T10:37:25","modified_gmt":"2019-04-24T08:37:25","slug":"motivation-zum-rauchstopp-auf-go-tv","status":"publish","type":"post","link":"https:\/\/rauchfrei.at\/en\/motivation-zum-rauchstopp-auf-go-tv\/","title":{"rendered":"Motivation zum Rauchstopp auf GO TV!"},"content":{"rendered":"<p>[et_pb_section bb_built=&#8221;1&#8243; fullwidth=&#8221;off&#8221; specialty=&#8221;off&#8221; _builder_version=&#8221;3.0.99&#8243; module_class=&#8221;header&#8221; next_background_color=&#8221;#000000&#8243;][et_pb_row _builder_version=&#8221;3.0.99&#8243;][et_pb_column type=&#8221;4_4&#8243;][et_pb_dp_dmb_module_10001 _builder_version=&#8221;3.21.1&#8243; z_index_tablet=&#8221;500&#8243; \/][\/et_pb_column][\/et_pb_row][\/et_pb_section][et_pb_section bb_built=&#8221;1&#8243; prev_background_color=&#8221;#000000&#8243;][et_pb_row][et_pb_column type=&#8221;2_3&#8243;][et_pb_text _builder_version=&#8221;3.21.1&#8243; z_index_tablet=&#8221;500&#8243;]<\/p>\n<p>Begleitend zum gestrigen Symposium \u201eJugend und Rauchen\u201c senden wir in Kooperation mit GO TV einen Spot, der zum Rauchstopp motiviert. Er macht darauf aufmerksam, wie schnell die Abh\u00e4ngigkeit von Nikotin entsteht, auch wenn noch nicht t\u00e4glich oder regelm\u00e4\u00dfig geraucht wird. In einem redaktionellen Beitrag wird die Arbeit des Rauchfrei Telefons vorgestellt. Der Rauchstopp gelingt einfacher, je j\u00fcnger man ist und je k\u00fcrzer man geraucht hat.<\/p>\n<p>Go TV Spot:<\/p>\n<div style=\"width: 1024px;\" class=\"wp-video\"><!--[if lt IE 9]><script>document.createElement('video');<\/script><![endif]-->\n<video class=\"wp-video-shortcode\" id=\"video-10956-1\" width=\"1024\" height=\"576\" preload=\"metadata\" controls=\"controls\"><source type=\"video\/mp4\" src=\"https:\/\/rauchfrei.at\/wp-content\/uploads\/gotv_ks_rauchfreitelefon_20sec.mp4?_=1\" \/><a href=\"https:\/\/rauchfrei.at\/wp-content\/uploads\/gotv_ks_rauchfreitelefon_20sec.mp4\">https:\/\/rauchfrei.at\/wp-content\/uploads\/gotv_ks_rauchfreitelefon_20sec.mp4<\/a><\/video><\/div>\n<p>Link Go TV Beitrag:<\/p>\n<p><a href=\"https:\/\/we.tl\/UhtYrZEg7d\">https:\/\/we.tl\/UhtYrZEg7d <\/a><\/p>\n<p>[\/et_pb_text][\/et_pb_column][et_pb_column type=&#8221;1_3&#8243;][et_pb_sidebar _builder_version=&#8221;3.0.99&#8243; area=&#8221;sidebar-1&#8243; orientation=&#8221;left&#8221; show_border=&#8221;on&#8221; background_layout=&#8221;light&#8221; \/][\/et_pb_column][\/et_pb_row][\/et_pb_section]<\/p>\n","protected":false},"excerpt":{"rendered":"<p>Aktuell wird auf GO TV ein Spot zum Rauchstopp und ein Kurzbericht zum Rauchfrei Telefon gesendet. Der Spot soll jugendliche Raucherinnen und Raucher zum Rauchstopp motivieren!<\/p>\n","protected":false},"author":23,"featured_media":0,"comment_status":"open","ping_status":"open","sticky":false,"template":"","format":"standard","meta":{"_et_pb_use_builder":"on","_et_pb_old_content":"<p>Begleitend zum gestrigen Symposium \u201eJugend und Rauchen\u201c senden wir in Kooperation mit GO TV einen Spot, der zum Rauchstopp motiviert. Er macht darauf aufmerksam, wie schnell die Abh\u00e4ngigkeit von Nikotin entsteht, auch wenn noch nicht t\u00e4glich oder regelm\u00e4\u00dfig geraucht wird. In einem redaktionellen Beitrag wird die Arbeit des Rauchfrei Telefons vorgestellt. Der Rauchstopp gelingt einfacher, je j\u00fcnger man ist und je k\u00fcrzer man geraucht hat.<br \/>\u00a0<br \/>Go TV Spot:<br \/>\u00a0<\/p><p>[video width=\"1024\" height=\"576\" mp4=\"https:\/\/rauchfrei.at\/wp-content\/uploads\/gotv_ks_rauchfreitelefon_20sec.mp4\"][\/video]<\/p><p><br \/>\u00a0<br \/>\u00a0<br \/>Link Go TV Beitrag:<br \/>\u00a0<br \/><a href=\"https:\/\/we.tl\/UhtYrZEg7d\">https:\/\/we.tl\/UhtYrZEg7d <\/a><\/p>","_et_gb_content_width":"","footnotes":""},"categories":[236],"tags":[],"class_list":["post-10956","post","type-post","status-publish","format-standard","hentry","category-nicht-kategorisiert"],"yoast_head":"<!-- This site is optimized with the Yoast SEO plugin v26.2 - https:\/\/yoast.com\/wordpress\/plugins\/seo\/ -->\n<title>Motivation zum Rauchstopp auf GO TV! - Rauchfrei Telefon<\/title>\n<meta name=\"robots\" content=\"index, follow, max-snippet:-1, max-image-preview:large, max-video-preview:-1\" \/>\n<link rel=\"canonical\" href=\"https:\/\/rauchfrei.at\/motivation-zum-rauchstopp-auf-go-tv\/\" \/>\n<meta property=\"og:locale\" content=\"en_US\" \/>\n<meta property=\"og:type\" content=\"article\" \/>\n<meta property=\"og:title\" content=\"Motivation zum Rauchstopp auf GO TV! - Rauchfrei Telefon\" \/>\n<meta property=\"og:description\" content=\"Aktuell wird auf GO TV ein Spot zum Rauchstopp und ein Kurzbericht zum Rauchfrei Telefon gesendet. Der Spot soll jugendliche Raucherinnen und Raucher zum Rauchstopp motivieren!\" \/>\n<meta property=\"og:url\" content=\"https:\/\/rauchfrei.at\/motivation-zum-rauchstopp-auf-go-tv\/\" \/>\n<meta property=\"og:site_name\" content=\"Rauchfrei Telefon\" \/>\n<meta property=\"article:published_time\" content=\"2018-05-14T08:00:30+00:00\" \/>\n<meta property=\"article:modified_time\" content=\"2019-04-24T08:37:25+00:00\" \/>\n<meta name=\"author\" content=\"Sabine Leeb\" \/>\n<meta name=\"twitter:card\" content=\"summary_large_image\" \/>\n<meta name=\"twitter:label1\" content=\"Written by\" \/>\n\t<meta name=\"twitter:data1\" content=\"Sabine Leeb\" \/>\n\t<meta name=\"twitter:label2\" content=\"Est. reading time\" \/>\n\t<meta name=\"twitter:data2\" content=\"1 minute\" \/>\n<script type=\"application\/ld+json\" class=\"yoast-schema-graph\">{\"@context\":\"https:\/\/schema.org\",\"@graph\":[{\"@type\":\"WebPage\",\"@id\":\"https:\/\/rauchfrei.at\/motivation-zum-rauchstopp-auf-go-tv\/\",\"url\":\"https:\/\/rauchfrei.at\/motivation-zum-rauchstopp-auf-go-tv\/\",\"name\":\"Motivation zum Rauchstopp auf GO TV! - Rauchfrei Telefon\",\"isPartOf\":{\"@id\":\"https:\/\/rauchfrei.at\/#website\"},\"datePublished\":\"2018-05-14T08:00:30+00:00\",\"dateModified\":\"2019-04-24T08:37:25+00:00\",\"author\":{\"@id\":\"https:\/\/rauchfrei.at\/#\/schema\/person\/aad13f422d872c52f005df1f80fc129f\"},\"inLanguage\":\"en-US\",\"potentialAction\":[{\"@type\":\"ReadAction\",\"target\":[\"https:\/\/rauchfrei.at\/motivation-zum-rauchstopp-auf-go-tv\/\"]}]},{\"@type\":\"WebSite\",\"@id\":\"https:\/\/rauchfrei.at\/#website\",\"url\":\"https:\/\/rauchfrei.at\/\",\"name\":\"Rauchfrei Telefon\",\"description\":\"Eine \u00f6sterreichweite Initiative der Sozialversicherungen.\",\"potentialAction\":[{\"@type\":\"SearchAction\",\"target\":{\"@type\":\"EntryPoint\",\"urlTemplate\":\"https:\/\/rauchfrei.at\/?s={search_term_string}\"},\"query-input\":{\"@type\":\"PropertyValueSpecification\",\"valueRequired\":true,\"valueName\":\"search_term_string\"}}],\"inLanguage\":\"en-US\"},{\"@type\":\"Person\",\"@id\":\"https:\/\/rauchfrei.at\/#\/schema\/person\/aad13f422d872c52f005df1f80fc129f\",\"name\":\"Sabine Leeb\",\"image\":{\"@type\":\"ImageObject\",\"inLanguage\":\"en-US\",\"@id\":\"https:\/\/rauchfrei.at\/#\/schema\/person\/image\/\",\"url\":\"https:\/\/secure.gravatar.com\/avatar\/58ee776d68cb7e623bd44498a8ebe771eff1d6ae687ca3574f8628308a2aaba8?s=96&d=mm&r=g\",\"contentUrl\":\"https:\/\/secure.gravatar.com\/avatar\/58ee776d68cb7e623bd44498a8ebe771eff1d6ae687ca3574f8628308a2aaba8?s=96&d=mm&r=g\",\"caption\":\"Sabine Leeb\"},\"url\":\"https:\/\/rauchfrei.at\/en\/author\/sabine-leeb\/\"}]}<\/script>\n<!-- \/ Yoast SEO plugin. -->","yoast_head_json":{"title":"Motivation zum Rauchstopp auf GO TV! - Rauchfrei Telefon","robots":{"index":"index","follow":"follow","max-snippet":"max-snippet:-1","max-image-preview":"max-image-preview:large","max-video-preview":"max-video-preview:-1"},"canonical":"https:\/\/rauchfrei.at\/motivation-zum-rauchstopp-auf-go-tv\/","og_locale":"en_US","og_type":"article","og_title":"Motivation zum Rauchstopp auf GO TV! - Rauchfrei Telefon","og_description":"Aktuell wird auf GO TV ein Spot zum Rauchstopp und ein Kurzbericht zum Rauchfrei Telefon gesendet. Der Spot soll jugendliche Raucherinnen und Raucher zum Rauchstopp motivieren!","og_url":"https:\/\/rauchfrei.at\/motivation-zum-rauchstopp-auf-go-tv\/","og_site_name":"Rauchfrei Telefon","article_published_time":"2018-05-14T08:00:30+00:00","article_modified_time":"2019-04-24T08:37:25+00:00","author":"Sabine Leeb","twitter_card":"summary_large_image","twitter_misc":{"Written by":"Sabine Leeb","Est. reading time":"1 minute"},"schema":{"@context":"https:\/\/schema.org","@graph":[{"@type":"WebPage","@id":"https:\/\/rauchfrei.at\/motivation-zum-rauchstopp-auf-go-tv\/","url":"https:\/\/rauchfrei.at\/motivation-zum-rauchstopp-auf-go-tv\/","name":"Motivation zum Rauchstopp auf GO TV! - Rauchfrei Telefon","isPartOf":{"@id":"https:\/\/rauchfrei.at\/#website"},"datePublished":"2018-05-14T08:00:30+00:00","dateModified":"2019-04-24T08:37:25+00:00","author":{"@id":"https:\/\/rauchfrei.at\/#\/schema\/person\/aad13f422d872c52f005df1f80fc129f"},"inLanguage":"en-US","potentialAction":[{"@type":"ReadAction","target":["https:\/\/rauchfrei.at\/motivation-zum-rauchstopp-auf-go-tv\/"]}]},{"@type":"WebSite","@id":"https:\/\/rauchfrei.at\/#website","url":"https:\/\/rauchfrei.at\/","name":"Rauchfrei Telefon","description":"Eine \u00f6sterreichweite Initiative der Sozialversicherungen.","potentialAction":[{"@type":"SearchAction","target":{"@type":"EntryPoint","urlTemplate":"https:\/\/rauchfrei.at\/?s={search_term_string}"},"query-input":{"@type":"PropertyValueSpecification","valueRequired":true,"valueName":"search_term_string"}}],"inLanguage":"en-US"},{"@type":"Person","@id":"https:\/\/rauchfrei.at\/#\/schema\/person\/aad13f422d872c52f005df1f80fc129f","name":"Sabine Leeb","image":{"@type":"ImageObject","inLanguage":"en-US","@id":"https:\/\/rauchfrei.at\/#\/schema\/person\/image\/","url":"https:\/\/secure.gravatar.com\/avatar\/58ee776d68cb7e623bd44498a8ebe771eff1d6ae687ca3574f8628308a2aaba8?s=96&d=mm&r=g","contentUrl":"https:\/\/secure.gravatar.com\/avatar\/58ee776d68cb7e623bd44498a8ebe771eff1d6ae687ca3574f8628308a2aaba8?s=96&d=mm&r=g","caption":"Sabine Leeb"},"url":"https:\/\/rauchfrei.at\/en\/author\/sabine-leeb\/"}]}},"_links":{"self":[{"href":"https:\/\/rauchfrei.at\/en\/wp-json\/wp\/v2\/posts\/10956","targetHints":{"allow":["GET"]}}],"collection":[{"href":"https:\/\/rauchfrei.at\/en\/wp-json\/wp\/v2\/posts"}],"about":[{"href":"https:\/\/rauchfrei.at\/en\/wp-json\/wp\/v2\/types\/post"}],"author":[{"embeddable":true,"href":"https:\/\/rauchfrei.at\/en\/wp-json\/wp\/v2\/users\/23"}],"replies":[{"embeddable":true,"href":"https:\/\/rauchfrei.at\/en\/wp-json\/wp\/v2\/comments?post=10956"}],"version-history":[{"count":2,"href":"https:\/\/rauchfrei.at\/en\/wp-json\/wp\/v2\/posts\/10956\/revisions"}],"predecessor-version":[{"id":15937,"href":"https:\/\/rauchfrei.at\/en\/wp-json\/wp\/v2\/posts\/10956\/revisions\/15937"}],"wp:attachment":[{"href":"https:\/\/rauchfrei.at\/en\/wp-json\/wp\/v2\/media?parent=10956"}],"wp:term":[{"taxonomy":"category","embeddable":true,"href":"https:\/\/rauchfrei.at\/en\/wp-json\/wp\/v2\/categories?post=10956"},{"taxonomy":"post_tag","embeddable":true,"href":"https:\/\/rauchfrei.at\/en\/wp-json\/wp\/v2\/tags?post=10956"}],"curies":[{"name":"wp","href":"https:\/\/api.w.org\/{rel}","templated":true}]}}