
{"id":10957,"date":"2018-05-21T10:00:23","date_gmt":"2018-05-21T08:00:23","guid":{"rendered":"https:\/\/rauchfrei.at\/?p=10274"},"modified":"2019-04-24T10:35:19","modified_gmt":"2019-04-24T08:35:19","slug":"symposium-jugend-und-rauchen-war-gut-besucht","status":"publish","type":"post","link":"https:\/\/rauchfrei.at\/en\/symposium-jugend-und-rauchen-war-gut-besucht\/","title":{"rendered":"Symposium \u201eJugend und Rauchen\u201c war gut besucht"},"content":{"rendered":"<p>[et_pb_section bb_built=&#8221;1&#8243; fullwidth=&#8221;off&#8221; specialty=&#8221;off&#8221; _builder_version=&#8221;3.0.99&#8243; module_class=&#8221;header&#8221; next_background_color=&#8221;#000000&#8243;][et_pb_row _builder_version=&#8221;3.0.99&#8243;][et_pb_column type=&#8221;4_4&#8243;][et_pb_dp_dmb_module_10001 _builder_version=&#8221;3.21.1&#8243; z_index_tablet=&#8221;500&#8243; \/][\/et_pb_column][\/et_pb_row][\/et_pb_section][et_pb_section bb_built=&#8221;1&#8243; prev_background_color=&#8221;#000000&#8243;][et_pb_row][et_pb_column type=&#8221;2_3&#8243;][et_pb_text _builder_version=&#8221;3.21.1&#8243; z_index_tablet=&#8221;500&#8243;]<\/p>\n<p>Nach einer medizinisch basierten Einf\u00fchrung, welche entwicklungsbedingten Faktoren die Wahrscheinlichkeit f\u00fcr eine zuk\u00fcnftige Tabakabh\u00e4ngigkeit beeinflussen, wurden evidenzbasierte M\u00f6glichkeiten zur Verhaltens- und Verh\u00e4ltnispr\u00e4vention erl\u00e4utert.<\/p>\n<p>Zentraler Focus in allen Vortr\u00e4gen war das gemeinsame Ziel, Jugendliche in einem rauchfreien Lebensstil zu best\u00e4rken.<\/p>\n<p>Das Symposium zeigte auf, welche konkreten Angebote zur Tabakpr\u00e4vention und zur Tabakentw\u00f6hnung speziell f\u00fcr Jugendliche \u00f6sterreichweit zur Verf\u00fcgung stehen:<\/p>\n<ul>\n<li>Tabakpr\u00e4vention im schulischen Setting (Informationen inklusive Factsheet sowie ein best practice Beispiel),<\/li>\n<li>die Beratung Jugendlicher am Rauchfrei Telefon,<\/li>\n<li>\u00f6sterreichweite Angebote der Suchtpr\u00e4vention (Plus, \u00dcbers Rauchen reden, &#8230;),<\/li>\n<li>die \u00f6sterreichweite Kampagne YOLO,<\/li>\n<li>knowyourdrugs.at und<\/li>\n<li>Infopeers zur F\u00f6rderung des Nichtrauchens.<\/li>\n<\/ul>\n<p><img loading=\"lazy\" decoding=\"async\" class=\"alignnone size-medium wp-image-9890\" src=\"https:\/\/rauchfrei.at\/wp-content\/uploads\/Jugendliche-die-mit-H\u00e4nden-einschlagen_shutterstock-225x139.png\" alt=\"\" width=\"225\" height=\"139\" data-id=\"9890\" \/>(C) Shutterstock<\/p>\n<p>Einen raschen \u00dcberblick gibt die Abstract-Sammlung: <a href=\"https:\/\/rauchfrei.at\/wp-content\/uploads\/WNRT-Symposium_Jugend_und_Rauchen_Abstracts-3.pdf\">https:\/\/rauchfrei.at\/wp-content\/uploads\/WNRT-Symposium_Jugend_und_Rauchen_Abstracts-3.pdf<\/a><\/p>\n<p>Die informativen Pr\u00e4sentationen der Vortr\u00e4ge sowie das Factsheet Tabakpr\u00e4vention in der Schule finden sich unter <a href=\"https:\/\/rauchfrei.at\/symposium-jugend-und-rauchen\/\">https:\/\/rauchfrei.at\/symposium-jugend-und-rauchen\/<\/a><\/p>\n<p>[\/et_pb_text][\/et_pb_column][et_pb_column type=&#8221;1_3&#8243;][et_pb_sidebar _builder_version=&#8221;3.0.99&#8243; area=&#8221;sidebar-1&#8243; orientation=&#8221;left&#8221; show_border=&#8221;on&#8221; background_layout=&#8221;light&#8221; \/][\/et_pb_column][\/et_pb_row][\/et_pb_section]<\/p>\n","protected":false},"excerpt":{"rendered":"<p>Das Symposium \u201eJugend und Rauchen\u201c am 8. Mai in der N\u00d6 Gebietskrankenkasse St. P\u00f6lten war restlos ausgebucht. F\u00fcr alle, die nicht dabei sein konnten oder nachlesen wollen, wie man Jugendliche in einem rauchfreien Lebensstil best\u00e4rkt, finden sich die Pr\u00e4sentationen zum Nachlesen online.<\/p>\n","protected":false},"author":11,"featured_media":0,"comment_status":"open","ping_status":"open","sticky":false,"template":"","format":"standard","meta":{"_et_pb_use_builder":"on","_et_pb_old_content":"<p>Nach einer medizinisch basierten Einf\u00fchrung, welche entwicklungsbedingten Faktoren die Wahrscheinlichkeit f\u00fcr eine zuk\u00fcnftige Tabakabh\u00e4ngigkeit beeinflussen, wurden evidenzbasierte M\u00f6glichkeiten zur Verhaltens- und Verh\u00e4ltnispr\u00e4vention erl\u00e4utert.<br \/>\u00a0<br \/>Zentraler Focus in allen Vortr\u00e4gen war das gemeinsame Ziel, Jugendliche in einem rauchfreien Lebensstil zu best\u00e4rken.<br \/>\u00a0<br \/>Das Symposium zeigte auf, welche konkreten Angebote zur Tabakpr\u00e4vention und zur Tabakentw\u00f6hnung speziell f\u00fcr Jugendliche \u00f6sterreichweit zur Verf\u00fcgung stehen:<\/p><ul><li>Tabakpr\u00e4vention im schulischen Setting (Informationen inklusive Factsheet sowie ein best practice Beispiel),<\/li><li>die Beratung Jugendlicher am Rauchfrei Telefon,<\/li><li>\u00f6sterreichweite Angebote der Suchtpr\u00e4vention (Plus, \u00dcbers Rauchen reden, ...),<\/li><li>die \u00f6sterreichweite Kampagne YOLO,<\/li><li>knowyourdrugs.at und<\/li><li>Infopeers zur F\u00f6rderung des Nichtrauchens.<\/li><\/ul><p><img class=\"alignnone size-medium wp-image-9890\" src=\"https:\/\/rauchfrei.at\/wp-content\/uploads\/Jugendliche-die-mit-H\u00e4nden-einschlagen_shutterstock-225x139.png\" alt=\"\" width=\"225\" height=\"139\" data-id=\"9890\" \/>(C) Shutterstock<br \/>\u00a0<br \/>Einen raschen \u00dcberblick gibt die Abstract-Sammlung: <a href=\"https:\/\/rauchfrei.at\/wp-content\/uploads\/WNRT-Symposium_Jugend_und_Rauchen_Abstracts-3.pdf\">https:\/\/rauchfrei.at\/wp-content\/uploads\/WNRT-Symposium_Jugend_und_Rauchen_Abstracts-3.pdf<\/a><br \/>\u00a0<br \/>Die informativen Pr\u00e4sentationen der Vortr\u00e4ge sowie das Factsheet Tabakpr\u00e4vention in der Schule finden sich unter <a href=\"https:\/\/rauchfrei.at\/symposium-jugend-und-rauchen\/\">https:\/\/rauchfrei.at\/symposium-jugend-und-rauchen\/<\/a><br \/>\u00a0<\/p>","_et_gb_content_width":"","footnotes":""},"categories":[236],"tags":[],"class_list":["post-10957","post","type-post","status-publish","format-standard","hentry","category-nicht-kategorisiert"],"yoast_head":"<!-- This site is optimized with the Yoast SEO plugin v26.2 - https:\/\/yoast.com\/wordpress\/plugins\/seo\/ -->\n<title>Symposium \u201eJugend und Rauchen\u201c war gut besucht - Rauchfrei Telefon<\/title>\n<meta name=\"robots\" content=\"index, follow, max-snippet:-1, max-image-preview:large, max-video-preview:-1\" \/>\n<link rel=\"canonical\" href=\"https:\/\/rauchfrei.at\/symposium-jugend-und-rauchen-war-gut-besucht\/\" \/>\n<meta property=\"og:locale\" content=\"en_US\" \/>\n<meta property=\"og:type\" content=\"article\" \/>\n<meta property=\"og:title\" content=\"Symposium \u201eJugend und Rauchen\u201c war gut besucht - Rauchfrei Telefon\" \/>\n<meta property=\"og:description\" content=\"Das Symposium \u201eJugend und Rauchen\u201c am 8. Mai in der N\u00d6 Gebietskrankenkasse St. P\u00f6lten war restlos ausgebucht. F\u00fcr alle, die nicht dabei sein konnten oder nachlesen wollen, wie man Jugendliche in einem rauchfreien Lebensstil best\u00e4rkt, finden sich die Pr\u00e4sentationen zum Nachlesen online.\" \/>\n<meta property=\"og:url\" content=\"https:\/\/rauchfrei.at\/symposium-jugend-und-rauchen-war-gut-besucht\/\" \/>\n<meta property=\"og:site_name\" content=\"Rauchfrei Telefon\" \/>\n<meta property=\"article:published_time\" content=\"2018-05-21T08:00:23+00:00\" \/>\n<meta property=\"article:modified_time\" content=\"2019-04-24T08:35:19+00:00\" \/>\n<meta property=\"og:image\" content=\"https:\/\/rauchfrei.at\/wp-content\/uploads\/Jugendliche-die-mit-H\u00e4nden-einschlagen_shutterstock-225x139.png\" \/>\n<meta name=\"author\" content=\"Andrea B\u00fcttner\" \/>\n<meta name=\"twitter:card\" content=\"summary_large_image\" \/>\n<meta name=\"twitter:label1\" content=\"Written by\" \/>\n\t<meta name=\"twitter:data1\" content=\"Andrea B\u00fcttner\" \/>\n\t<meta name=\"twitter:label2\" content=\"Est. reading time\" \/>\n\t<meta name=\"twitter:data2\" content=\"1 minute\" \/>\n<script type=\"application\/ld+json\" class=\"yoast-schema-graph\">{\"@context\":\"https:\/\/schema.org\",\"@graph\":[{\"@type\":\"WebPage\",\"@id\":\"https:\/\/rauchfrei.at\/symposium-jugend-und-rauchen-war-gut-besucht\/\",\"url\":\"https:\/\/rauchfrei.at\/symposium-jugend-und-rauchen-war-gut-besucht\/\",\"name\":\"Symposium \u201eJugend und Rauchen\u201c war gut besucht - Rauchfrei Telefon\",\"isPartOf\":{\"@id\":\"https:\/\/rauchfrei.at\/#website\"},\"datePublished\":\"2018-05-21T08:00:23+00:00\",\"dateModified\":\"2019-04-24T08:35:19+00:00\",\"author\":{\"@id\":\"https:\/\/rauchfrei.at\/#\/schema\/person\/7993cb8bdf02ba65fd4ec8ec38b2dbbf\"},\"inLanguage\":\"en-US\",\"potentialAction\":[{\"@type\":\"ReadAction\",\"target\":[\"https:\/\/rauchfrei.at\/symposium-jugend-und-rauchen-war-gut-besucht\/\"]}]},{\"@type\":\"WebSite\",\"@id\":\"https:\/\/rauchfrei.at\/#website\",\"url\":\"https:\/\/rauchfrei.at\/\",\"name\":\"Rauchfrei Telefon\",\"description\":\"Eine \u00f6sterreichweite Initiative der Sozialversicherungen.\",\"potentialAction\":[{\"@type\":\"SearchAction\",\"target\":{\"@type\":\"EntryPoint\",\"urlTemplate\":\"https:\/\/rauchfrei.at\/?s={search_term_string}\"},\"query-input\":{\"@type\":\"PropertyValueSpecification\",\"valueRequired\":true,\"valueName\":\"search_term_string\"}}],\"inLanguage\":\"en-US\"},{\"@type\":\"Person\",\"@id\":\"https:\/\/rauchfrei.at\/#\/schema\/person\/7993cb8bdf02ba65fd4ec8ec38b2dbbf\",\"name\":\"Andrea B\u00fcttner\",\"image\":{\"@type\":\"ImageObject\",\"inLanguage\":\"en-US\",\"@id\":\"https:\/\/rauchfrei.at\/#\/schema\/person\/image\/\",\"url\":\"https:\/\/secure.gravatar.com\/avatar\/0f26ab1de0c83f37b101366a1244bf5de74c6d9c0641811dc6f7fc551dad1c7f?s=96&d=mm&r=g\",\"contentUrl\":\"https:\/\/secure.gravatar.com\/avatar\/0f26ab1de0c83f37b101366a1244bf5de74c6d9c0641811dc6f7fc551dad1c7f?s=96&d=mm&r=g\",\"caption\":\"Andrea B\u00fcttner\"},\"url\":\"https:\/\/rauchfrei.at\/en\/author\/buettner\/\"}]}<\/script>\n<!-- \/ Yoast SEO plugin. -->","yoast_head_json":{"title":"Symposium \u201eJugend und Rauchen\u201c war gut besucht - Rauchfrei Telefon","robots":{"index":"index","follow":"follow","max-snippet":"max-snippet:-1","max-image-preview":"max-image-preview:large","max-video-preview":"max-video-preview:-1"},"canonical":"https:\/\/rauchfrei.at\/symposium-jugend-und-rauchen-war-gut-besucht\/","og_locale":"en_US","og_type":"article","og_title":"Symposium \u201eJugend und Rauchen\u201c war gut besucht - Rauchfrei Telefon","og_description":"Das Symposium \u201eJugend und Rauchen\u201c am 8. Mai in der N\u00d6 Gebietskrankenkasse St. P\u00f6lten war restlos ausgebucht. F\u00fcr alle, die nicht dabei sein konnten oder nachlesen wollen, wie man Jugendliche in einem rauchfreien Lebensstil best\u00e4rkt, finden sich die Pr\u00e4sentationen zum Nachlesen online.","og_url":"https:\/\/rauchfrei.at\/symposium-jugend-und-rauchen-war-gut-besucht\/","og_site_name":"Rauchfrei Telefon","article_published_time":"2018-05-21T08:00:23+00:00","article_modified_time":"2019-04-24T08:35:19+00:00","og_image":[{"url":"https:\/\/rauchfrei.at\/wp-content\/uploads\/Jugendliche-die-mit-H\u00e4nden-einschlagen_shutterstock-225x139.png","type":"","width":"","height":""}],"author":"Andrea B\u00fcttner","twitter_card":"summary_large_image","twitter_misc":{"Written by":"Andrea B\u00fcttner","Est. reading time":"1 minute"},"schema":{"@context":"https:\/\/schema.org","@graph":[{"@type":"WebPage","@id":"https:\/\/rauchfrei.at\/symposium-jugend-und-rauchen-war-gut-besucht\/","url":"https:\/\/rauchfrei.at\/symposium-jugend-und-rauchen-war-gut-besucht\/","name":"Symposium \u201eJugend und Rauchen\u201c war gut besucht - Rauchfrei Telefon","isPartOf":{"@id":"https:\/\/rauchfrei.at\/#website"},"datePublished":"2018-05-21T08:00:23+00:00","dateModified":"2019-04-24T08:35:19+00:00","author":{"@id":"https:\/\/rauchfrei.at\/#\/schema\/person\/7993cb8bdf02ba65fd4ec8ec38b2dbbf"},"inLanguage":"en-US","potentialAction":[{"@type":"ReadAction","target":["https:\/\/rauchfrei.at\/symposium-jugend-und-rauchen-war-gut-besucht\/"]}]},{"@type":"WebSite","@id":"https:\/\/rauchfrei.at\/#website","url":"https:\/\/rauchfrei.at\/","name":"Rauchfrei Telefon","description":"Eine \u00f6sterreichweite Initiative der Sozialversicherungen.","potentialAction":[{"@type":"SearchAction","target":{"@type":"EntryPoint","urlTemplate":"https:\/\/rauchfrei.at\/?s={search_term_string}"},"query-input":{"@type":"PropertyValueSpecification","valueRequired":true,"valueName":"search_term_string"}}],"inLanguage":"en-US"},{"@type":"Person","@id":"https:\/\/rauchfrei.at\/#\/schema\/person\/7993cb8bdf02ba65fd4ec8ec38b2dbbf","name":"Andrea B\u00fcttner","image":{"@type":"ImageObject","inLanguage":"en-US","@id":"https:\/\/rauchfrei.at\/#\/schema\/person\/image\/","url":"https:\/\/secure.gravatar.com\/avatar\/0f26ab1de0c83f37b101366a1244bf5de74c6d9c0641811dc6f7fc551dad1c7f?s=96&d=mm&r=g","contentUrl":"https:\/\/secure.gravatar.com\/avatar\/0f26ab1de0c83f37b101366a1244bf5de74c6d9c0641811dc6f7fc551dad1c7f?s=96&d=mm&r=g","caption":"Andrea B\u00fcttner"},"url":"https:\/\/rauchfrei.at\/en\/author\/buettner\/"}]}},"_links":{"self":[{"href":"https:\/\/rauchfrei.at\/en\/wp-json\/wp\/v2\/posts\/10957","targetHints":{"allow":["GET"]}}],"collection":[{"href":"https:\/\/rauchfrei.at\/en\/wp-json\/wp\/v2\/posts"}],"about":[{"href":"https:\/\/rauchfrei.at\/en\/wp-json\/wp\/v2\/types\/post"}],"author":[{"embeddable":true,"href":"https:\/\/rauchfrei.at\/en\/wp-json\/wp\/v2\/users\/11"}],"replies":[{"embeddable":true,"href":"https:\/\/rauchfrei.at\/en\/wp-json\/wp\/v2\/comments?post=10957"}],"version-history":[{"count":2,"href":"https:\/\/rauchfrei.at\/en\/wp-json\/wp\/v2\/posts\/10957\/revisions"}],"predecessor-version":[{"id":15936,"href":"https:\/\/rauchfrei.at\/en\/wp-json\/wp\/v2\/posts\/10957\/revisions\/15936"}],"wp:attachment":[{"href":"https:\/\/rauchfrei.at\/en\/wp-json\/wp\/v2\/media?parent=10957"}],"wp:term":[{"taxonomy":"category","embeddable":true,"href":"https:\/\/rauchfrei.at\/en\/wp-json\/wp\/v2\/categories?post=10957"},{"taxonomy":"post_tag","embeddable":true,"href":"https:\/\/rauchfrei.at\/en\/wp-json\/wp\/v2\/tags?post=10957"}],"curies":[{"name":"wp","href":"https:\/\/api.w.org\/{rel}","templated":true}]}}