
{"id":10958,"date":"2018-05-28T10:00:43","date_gmt":"2018-05-28T08:00:43","guid":{"rendered":"https:\/\/rauchfrei.at\/?p=10281"},"modified":"2019-04-24T10:33:45","modified_gmt":"2019-04-24T08:33:45","slug":"veranstaltungen-anlaesslich-des-weltnichtrauchertages-2018","status":"publish","type":"post","link":"https:\/\/rauchfrei.at\/en\/veranstaltungen-anlaesslich-des-weltnichtrauchertages-2018\/","title":{"rendered":"Veranstaltungen anl\u00e4sslich des Weltnichtrauchertages 2018"},"content":{"rendered":"<p>[et_pb_section fb_built=&#8221;1&#8243; module_class=&#8221;header&#8221; _builder_version=&#8221;3.0.99&#8243;][et_pb_row _builder_version=&#8221;3.0.99&#8243;][et_pb_column type=&#8221;4_4&#8243; _builder_version=&#8221;3.0.47&#8243;][et_pb_dp_dmb_module_10001 _builder_version=&#8221;3.21.1&#8243; z_index_tablet=&#8221;500&#8243;][\/et_pb_dp_dmb_module_10001][\/et_pb_column][\/et_pb_row][\/et_pb_section][et_pb_section fb_built=&#8221;1&#8243; _builder_version=&#8221;3.0.47&#8243;][et_pb_row _builder_version=&#8221;3.0.48&#8243; background_size=&#8221;initial&#8221; background_position=&#8221;top_left&#8221; background_repeat=&#8221;repeat&#8221;][et_pb_column type=&#8221;2_3&#8243; _builder_version=&#8221;3.0.47&#8243;][et_pb_text _builder_version=&#8221;3.21.1&#8243; z_index_tablet=&#8221;500&#8243;]<\/p>\n<p>Der Weltnichtrauchertag ist f\u00fcr viele Menschen ein wichtiger Tag und sollte auch gefeiert werden. Hier finden Sie eine Auflistung \u00fcber die Aktionen unserer Partner:<\/p>\n<h2>Nieder\u00f6sterreich<\/h2>\n<p>Die Nieder\u00f6sterreichische Gebietskrankenkasse veranstaltet am Weltnichtrauchertag gemeinsam mit der Fachstelle f\u00fcr Suchtpr\u00e4vention N\u00d6 und der Jugendinfo N\u00d6 einen Info-Stand. Tipps, Tests &amp; Quizze wie auch die M\u00f6glichkeit zur Kohlenmonoxid-Messungen und Give-aways warten auf Sie.<\/p>\n<p>Wann: Mittwoch, 30. Mai 2016, 10:00 bis 15:00 Uhr<br \/> Wo: St. P\u00f6lten, Riemerplatz<\/p>\n<p><img loading=\"lazy\" decoding=\"async\" class=\"alignnone size-large wp-image-10282\" src=\"https:\/\/rauchfrei.at\/wp-content\/uploads\/Weltnichtrauchertag-Riemerplatz-480x230.png\" alt=\"\" width=\"480\" height=\"230\" data-id=\"10282\" \/>(C) NOEGKK<\/p>\n<h2>Steiermark:<\/h2>\n<p>In der Steiermark wird im Rehabilitationszentrum der Pensionsversicherungsanstalt St. Radegund ein spannender Gesundheitstag veranstaltet. Unter dem Motto \u201eAtme frei \u2013 sei dabei\u201c k\u00f6nnen Sie einen Spaziergang durch eine begehbare Lunge machen, eine Lungenfunktionstestung machen, sich bei Kurzfilmen und Vortr\u00e4gen informieren und vieles mehr. Ein Highlight ist \u00a0der R\u00f6ntgenbus des Landes Steiermark.<\/p>\n<p><em>Mehr dazu: <a href=\"https:\/\/rauchfrei.at\/wp-content\/uploads\/Aktionstag_30.-Mai-20181.pdf\" target=\"_blank\" rel=\"noopener noreferrer\">Aktionstag Steiermark<\/a><br \/> <\/em><\/p>\n<p>Wann: 30. Mai 2018, 10.00 \u2013 16.00 Uhr<br \/> Wo: St. Radegund, Pensionsversicherungsanstalt<\/p>\n<div id=\"attachment_8369\" style=\"width: 490px\" class=\"wp-caption alignnone\"><img loading=\"lazy\" decoding=\"async\" aria-describedby=\"caption-attachment-8369\" class=\"size-large wp-image-8369\" src=\"https:\/\/rauchfrei.at\/wp-content\/uploads\/Begehbare-Lunge-480x319.jpg\" alt=\"Begehbare Lunge\" width=\"480\" height=\"319\" data-id=\"8369\" srcset=\"https:\/\/rauchfrei.at\/wp-content\/uploads\/Begehbare-Lunge-480x319.jpg 480w, https:\/\/rauchfrei.at\/wp-content\/uploads\/Begehbare-Lunge-225x149.jpg 225w, https:\/\/rauchfrei.at\/wp-content\/uploads\/Begehbare-Lunge.jpg 800w\" sizes=\"(max-width: 480px) 100vw, 480px\" \/><p id=\"caption-attachment-8369\" class=\"wp-caption-text\">Foto: \u00a9www.organmodelle.de<\/p><\/div>\n<h2>Salzburg:<\/h2>\n<p>In Salzburg haben Sie die M\u00f6glichkeit sich von einem kompetenten Team aus \u00c4rztinnen\/ \u00c4rzten und Psychologinnen\/Psychologen zum Thema Nikotinabh\u00e4ngigkeit beraten zu lassen und eine Lungenfunktionsmessung zu machen.<\/p>\n<p><em>Mehr dazu: <a href=\"https:\/\/rauchfrei.at\/wp-content\/uploads\/Flugblatt-WiefitistIhreLunge-wald180328.pdf\" target=\"_blank\" rel=\"noopener noreferrer\">Infoblatt<\/a><br \/> <\/em><\/p>\n<p>Wann: 29. und 30. Mai 2018, 10.00 \u2013 17.00 Uhr<br \/> Wo: Im GIZ in der Salzburger Gebietskrankenkasse<\/p>\n<h2>K\u00e4rnten:<\/h2>\n<p>Die K\u00e4rntner Gebietskrankenkasse organisiert einen Infostand bei dem erfahrene \u00c4rztinnen\/ \u00c4rzte und Psychologinnen\/Psychologen informieren und beraten. Sie haben auch hier die M\u00f6glichkeit einer Kohlenmonoxidmessung.<\/p>\n<p>Wann: 9:00-19:Uhr<br \/> Wo: Info in City Arcaden Klagenfurt<\/p>\n<h2>Vorarlberg:<\/h2>\n<p>Die Vorarlberger Gebietskrankenkasse ber\u00e4t rund ums Thema Nikotin und Abh\u00e4ngigkeit und macht gemeinsam mit der Suchtpr\u00e4ventionsstelle Supro und\u00a0 der Rehaklinik Maria Ebene einen Infostand im Messepark Dornbirn.<\/p>\n<p>Wann: 30. Mai 2018, 9.00 \u2013 19.30 Uhr<br \/> Wo: Messepark Dornbirn<\/p>\n<p><strong>\u00a0<\/strong><br \/> <strong>\u00a0<\/strong><br \/> <strong>\u00a0<\/strong><br \/> <strong>\u00a0<\/strong><br \/> <strong>\u00a0<\/strong><br \/> <strong>\u00a0<\/strong><\/p>\n<p>[\/et_pb_text][\/et_pb_column][et_pb_column type=&#8221;1_3&#8243; _builder_version=&#8221;3.0.47&#8243;][et_pb_sidebar area=&#8221;sidebar-1&#8243; _builder_version=&#8221;3.0.99&#8243;][\/et_pb_sidebar][\/et_pb_column][\/et_pb_row][\/et_pb_section]<\/p>\n","protected":false},"excerpt":{"rendered":"<p>Bald ist es wieder soweit: Diese Woche feiern wir den  Weltnichtrauchertag, der von der Weltgesundheitsorganisation ins Leben gerufen wurde. Es finden einige interessante Aktionen anl\u00e4sslich dieses besonderen Tages statt. <\/p>\n","protected":false},"author":11,"featured_media":0,"comment_status":"open","ping_status":"open","sticky":false,"template":"","format":"standard","meta":{"_et_pb_use_builder":"on","_et_pb_old_content":"<p>\u00a0<br \/>Der Weltnichtrauchertag ist f\u00fcr viele Menschen ein wichtiger Tag und sollte auch gefeiert werden. Hier finden Sie eine Auflistung \u00fcber die Aktionen unserer Partner:<br \/>\u00a0<br \/><strong>Nieder\u00f6sterreich<\/strong><br \/>Die Nieder\u00f6sterreichische Gebietskrankenkasse veranstaltet am Weltnichtrauchertag gemeinsam mit der Fachstelle f\u00fcr Suchtpr\u00e4vention N\u00d6 und der Jugendinfo N\u00d6 einen Info-Stand. Tipps, Tests & Quizze wie auch die M\u00f6glichkeit zur Kohlenmonoxid-Messungen und Give-aways warten auf Sie.<br \/>\u00a0<br \/>Wann: Mittwoch, 30. Mai 2016, 10:00 bis 15:00 Uhr<br \/>Wo: St. P\u00f6lten, Riemerplatz<br \/>\u00a0<br \/><img class=\"alignnone size-large wp-image-10282\" src=\"https:\/\/rauchfrei.at\/wp-content\/uploads\/Weltnichtrauchertag-Riemerplatz-480x230.png\" alt=\"\" width=\"480\" height=\"230\" data-id=\"10282\" \/>(C) NOEGKK<br \/>\u00a0<br \/><strong>Steiermark: <\/strong><br \/>In der Steiermark wird im Rehabilitationszentrum der Pensionsversicherungsanstalt St. Radegund ein spannender Gesundheitstag veranstaltet. Unter dem Motto \u201eAtme frei \u2013 sei dabei\u201c k\u00f6nnen Sie einen Spaziergang durch eine begehbare Lunge machen, eine Lungenfunktionstestung machen, sich bei Kurzfilmen und Vortr\u00e4gen informieren und vieles mehr. Ein Highlight ist \u00a0der R\u00f6ntgenbus des Landes Steiermark.<br \/>\u00a0<br \/><em>Mehr dazu: <a href=\"https:\/\/rauchfrei.at\/wp-content\/uploads\/Aktionstag_30.-Mai-20181.pdf\" target=\"_blank\" rel=\"noopener\">Aktionstag Steiermark<\/a><br \/><\/em><br \/>\u00a0<br \/>Wann: 30. Mai 2018, 10.00 \u2013 16.00 Uhr<br \/>Wo: St. Radegund, Pensionsversicherungsanstalt<br \/>\u00a0<\/p>[caption id=\"attachment_8369\" align=\"alignnone\" width=\"480\"]<img class=\"size-large wp-image-8369\" src=\"https:\/\/rauchfrei.at\/wp-content\/uploads\/Begehbare-Lunge-480x319.jpg\" alt=\"Begehbare Lunge\" width=\"480\" height=\"319\" data-id=\"8369\" \/> Foto: \u00a9www.organmodelle.de[\/caption]<p>\u00a0<br \/><strong>Salzburg: <\/strong><br \/>In Salzburg haben Sie die M\u00f6glichkeit sich von einem kompetenten Team aus \u00c4rztinnen\/ \u00c4rzten und Psychologinnen\/Psychologen zum Thema Nikotinabh\u00e4ngigkeit beraten zu lassen und eine Lungenfunktionsmessung zu machen.<br \/>\u00a0<br \/><em>Mehr dazu: <a href=\"https:\/\/rauchfrei.at\/wp-content\/uploads\/Flugblatt-WiefitistIhreLunge-wald180328.pdf\" target=\"_blank\" rel=\"noopener\">Infoblatt<\/a><br \/><\/em><br \/>\u00a0<br \/>Wann: 29. und 30. Mai 2018, 10.00 \u2013 17.00 Uhr<br \/>Wo: Im GIZ in der Salzburger Gebietskrankenkasse<br \/>\u00a0<br \/><strong>K\u00e4rnten: <\/strong><br \/>Die K\u00e4rntner Gebietskrankenkasse organisiert einen Infostand bei dem erfahrene \u00c4rztinnen\/ \u00c4rzte und Psychologinnen\/Psychologen informieren und beraten. Sie haben auch hier die M\u00f6glichkeit einer Kohlenmonoxidmessung.<br \/>\u00a0<br \/>Wann: 9:00-19:Uhr<br \/>Wo: Info in City Arcaden Klagenfurt<br \/>\u00a0<br \/><strong>Vorarlberg:<\/strong><br \/>Die Vorarlberger Gebietskrankenkasse ber\u00e4t rund ums Thema Nikotin und Abh\u00e4ngigkeit und macht gemeinsam mit der Suchtpr\u00e4ventionsstelle Supro und\u00a0 der Rehaklinik Maria Ebene einen Infostand im Messepark Dornbirn.<br \/>\u00a0<br \/>Wann: 30. Mai 2018, 9.00 \u2013 19.30 Uhr<br \/>Wo: Messepark Dornbirn<br \/>\u00a0<br \/>\u00a0<br \/>\u00a0<br \/>\u00a0<br \/>\u00a0<br \/>\u00a0<br \/>\u00a0<br \/><strong>\u00a0<\/strong><br \/><strong>\u00a0<\/strong><br \/><strong>\u00a0<\/strong><br \/><strong>\u00a0<\/strong><br \/><strong>\u00a0<\/strong><br \/><strong>\u00a0<\/strong><\/p>","_et_gb_content_width":"","footnotes":""},"categories":[236],"tags":[],"class_list":["post-10958","post","type-post","status-publish","format-standard","hentry","category-nicht-kategorisiert"],"yoast_head":"<!-- This site is optimized with the Yoast SEO plugin v26.2 - https:\/\/yoast.com\/wordpress\/plugins\/seo\/ -->\n<title>Veranstaltungen anl\u00e4sslich des Weltnichtrauchertages 2018 - Rauchfrei Telefon<\/title>\n<meta name=\"robots\" content=\"index, follow, max-snippet:-1, max-image-preview:large, max-video-preview:-1\" \/>\n<link rel=\"canonical\" href=\"https:\/\/rauchfrei.at\/veranstaltungen-anlaesslich-des-weltnichtrauchertages-2018\/\" \/>\n<meta property=\"og:locale\" content=\"en_US\" \/>\n<meta property=\"og:type\" content=\"article\" \/>\n<meta property=\"og:title\" content=\"Veranstaltungen anl\u00e4sslich des Weltnichtrauchertages 2018 - Rauchfrei Telefon\" \/>\n<meta property=\"og:description\" content=\"Bald ist es wieder soweit: Diese Woche feiern wir den Weltnichtrauchertag, der von der Weltgesundheitsorganisation ins Leben gerufen wurde. Es finden einige interessante Aktionen anl\u00e4sslich dieses besonderen Tages statt.\" \/>\n<meta property=\"og:url\" content=\"https:\/\/rauchfrei.at\/veranstaltungen-anlaesslich-des-weltnichtrauchertages-2018\/\" \/>\n<meta property=\"og:site_name\" content=\"Rauchfrei Telefon\" \/>\n<meta property=\"article:published_time\" content=\"2018-05-28T08:00:43+00:00\" \/>\n<meta property=\"article:modified_time\" content=\"2019-04-24T08:33:45+00:00\" \/>\n<meta property=\"og:image\" content=\"https:\/\/rauchfrei.at\/wp-content\/uploads\/Weltnichtrauchertag-Riemerplatz-480x230.png\" \/>\n<meta name=\"author\" content=\"Andrea B\u00fcttner\" \/>\n<meta name=\"twitter:card\" content=\"summary_large_image\" \/>\n<meta name=\"twitter:label1\" content=\"Written by\" \/>\n\t<meta name=\"twitter:data1\" content=\"Andrea B\u00fcttner\" \/>\n\t<meta name=\"twitter:label2\" content=\"Est. reading time\" \/>\n\t<meta name=\"twitter:data2\" content=\"2 minutes\" \/>\n<script type=\"application\/ld+json\" class=\"yoast-schema-graph\">{\"@context\":\"https:\/\/schema.org\",\"@graph\":[{\"@type\":\"WebPage\",\"@id\":\"https:\/\/rauchfrei.at\/veranstaltungen-anlaesslich-des-weltnichtrauchertages-2018\/\",\"url\":\"https:\/\/rauchfrei.at\/veranstaltungen-anlaesslich-des-weltnichtrauchertages-2018\/\",\"name\":\"Veranstaltungen anl\u00e4sslich des Weltnichtrauchertages 2018 - Rauchfrei Telefon\",\"isPartOf\":{\"@id\":\"https:\/\/rauchfrei.at\/#website\"},\"primaryImageOfPage\":{\"@id\":\"https:\/\/rauchfrei.at\/veranstaltungen-anlaesslich-des-weltnichtrauchertages-2018\/#primaryimage\"},\"image\":{\"@id\":\"https:\/\/rauchfrei.at\/veranstaltungen-anlaesslich-des-weltnichtrauchertages-2018\/#primaryimage\"},\"thumbnailUrl\":\"https:\/\/rauchfrei.at\/wp-content\/uploads\/Weltnichtrauchertag-Riemerplatz-480x230.png\",\"datePublished\":\"2018-05-28T08:00:43+00:00\",\"dateModified\":\"2019-04-24T08:33:45+00:00\",\"author\":{\"@id\":\"https:\/\/rauchfrei.at\/#\/schema\/person\/7993cb8bdf02ba65fd4ec8ec38b2dbbf\"},\"inLanguage\":\"en-US\",\"potentialAction\":[{\"@type\":\"ReadAction\",\"target\":[\"https:\/\/rauchfrei.at\/veranstaltungen-anlaesslich-des-weltnichtrauchertages-2018\/\"]}]},{\"@type\":\"ImageObject\",\"inLanguage\":\"en-US\",\"@id\":\"https:\/\/rauchfrei.at\/veranstaltungen-anlaesslich-des-weltnichtrauchertages-2018\/#primaryimage\",\"url\":\"https:\/\/rauchfrei.at\/wp-content\/uploads\/Weltnichtrauchertag-Riemerplatz-480x230.png\",\"contentUrl\":\"https:\/\/rauchfrei.at\/wp-content\/uploads\/Weltnichtrauchertag-Riemerplatz-480x230.png\"},{\"@type\":\"WebSite\",\"@id\":\"https:\/\/rauchfrei.at\/#website\",\"url\":\"https:\/\/rauchfrei.at\/\",\"name\":\"Rauchfrei Telefon\",\"description\":\"Eine \u00f6sterreichweite Initiative der Sozialversicherungen.\",\"potentialAction\":[{\"@type\":\"SearchAction\",\"target\":{\"@type\":\"EntryPoint\",\"urlTemplate\":\"https:\/\/rauchfrei.at\/?s={search_term_string}\"},\"query-input\":{\"@type\":\"PropertyValueSpecification\",\"valueRequired\":true,\"valueName\":\"search_term_string\"}}],\"inLanguage\":\"en-US\"},{\"@type\":\"Person\",\"@id\":\"https:\/\/rauchfrei.at\/#\/schema\/person\/7993cb8bdf02ba65fd4ec8ec38b2dbbf\",\"name\":\"Andrea B\u00fcttner\",\"image\":{\"@type\":\"ImageObject\",\"inLanguage\":\"en-US\",\"@id\":\"https:\/\/rauchfrei.at\/#\/schema\/person\/image\/\",\"url\":\"https:\/\/secure.gravatar.com\/avatar\/0f26ab1de0c83f37b101366a1244bf5de74c6d9c0641811dc6f7fc551dad1c7f?s=96&d=mm&r=g\",\"contentUrl\":\"https:\/\/secure.gravatar.com\/avatar\/0f26ab1de0c83f37b101366a1244bf5de74c6d9c0641811dc6f7fc551dad1c7f?s=96&d=mm&r=g\",\"caption\":\"Andrea B\u00fcttner\"},\"url\":\"https:\/\/rauchfrei.at\/en\/author\/buettner\/\"}]}<\/script>\n<!-- \/ Yoast SEO plugin. -->","yoast_head_json":{"title":"Veranstaltungen anl\u00e4sslich des Weltnichtrauchertages 2018 - Rauchfrei Telefon","robots":{"index":"index","follow":"follow","max-snippet":"max-snippet:-1","max-image-preview":"max-image-preview:large","max-video-preview":"max-video-preview:-1"},"canonical":"https:\/\/rauchfrei.at\/veranstaltungen-anlaesslich-des-weltnichtrauchertages-2018\/","og_locale":"en_US","og_type":"article","og_title":"Veranstaltungen anl\u00e4sslich des Weltnichtrauchertages 2018 - Rauchfrei Telefon","og_description":"Bald ist es wieder soweit: Diese Woche feiern wir den Weltnichtrauchertag, der von der Weltgesundheitsorganisation ins Leben gerufen wurde. Es finden einige interessante Aktionen anl\u00e4sslich dieses besonderen Tages statt.","og_url":"https:\/\/rauchfrei.at\/veranstaltungen-anlaesslich-des-weltnichtrauchertages-2018\/","og_site_name":"Rauchfrei Telefon","article_published_time":"2018-05-28T08:00:43+00:00","article_modified_time":"2019-04-24T08:33:45+00:00","og_image":[{"url":"https:\/\/rauchfrei.at\/wp-content\/uploads\/Weltnichtrauchertag-Riemerplatz-480x230.png","type":"","width":"","height":""}],"author":"Andrea B\u00fcttner","twitter_card":"summary_large_image","twitter_misc":{"Written by":"Andrea B\u00fcttner","Est. reading time":"2 minutes"},"schema":{"@context":"https:\/\/schema.org","@graph":[{"@type":"WebPage","@id":"https:\/\/rauchfrei.at\/veranstaltungen-anlaesslich-des-weltnichtrauchertages-2018\/","url":"https:\/\/rauchfrei.at\/veranstaltungen-anlaesslich-des-weltnichtrauchertages-2018\/","name":"Veranstaltungen anl\u00e4sslich des Weltnichtrauchertages 2018 - Rauchfrei Telefon","isPartOf":{"@id":"https:\/\/rauchfrei.at\/#website"},"primaryImageOfPage":{"@id":"https:\/\/rauchfrei.at\/veranstaltungen-anlaesslich-des-weltnichtrauchertages-2018\/#primaryimage"},"image":{"@id":"https:\/\/rauchfrei.at\/veranstaltungen-anlaesslich-des-weltnichtrauchertages-2018\/#primaryimage"},"thumbnailUrl":"https:\/\/rauchfrei.at\/wp-content\/uploads\/Weltnichtrauchertag-Riemerplatz-480x230.png","datePublished":"2018-05-28T08:00:43+00:00","dateModified":"2019-04-24T08:33:45+00:00","author":{"@id":"https:\/\/rauchfrei.at\/#\/schema\/person\/7993cb8bdf02ba65fd4ec8ec38b2dbbf"},"inLanguage":"en-US","potentialAction":[{"@type":"ReadAction","target":["https:\/\/rauchfrei.at\/veranstaltungen-anlaesslich-des-weltnichtrauchertages-2018\/"]}]},{"@type":"ImageObject","inLanguage":"en-US","@id":"https:\/\/rauchfrei.at\/veranstaltungen-anlaesslich-des-weltnichtrauchertages-2018\/#primaryimage","url":"https:\/\/rauchfrei.at\/wp-content\/uploads\/Weltnichtrauchertag-Riemerplatz-480x230.png","contentUrl":"https:\/\/rauchfrei.at\/wp-content\/uploads\/Weltnichtrauchertag-Riemerplatz-480x230.png"},{"@type":"WebSite","@id":"https:\/\/rauchfrei.at\/#website","url":"https:\/\/rauchfrei.at\/","name":"Rauchfrei Telefon","description":"Eine \u00f6sterreichweite Initiative der Sozialversicherungen.","potentialAction":[{"@type":"SearchAction","target":{"@type":"EntryPoint","urlTemplate":"https:\/\/rauchfrei.at\/?s={search_term_string}"},"query-input":{"@type":"PropertyValueSpecification","valueRequired":true,"valueName":"search_term_string"}}],"inLanguage":"en-US"},{"@type":"Person","@id":"https:\/\/rauchfrei.at\/#\/schema\/person\/7993cb8bdf02ba65fd4ec8ec38b2dbbf","name":"Andrea B\u00fcttner","image":{"@type":"ImageObject","inLanguage":"en-US","@id":"https:\/\/rauchfrei.at\/#\/schema\/person\/image\/","url":"https:\/\/secure.gravatar.com\/avatar\/0f26ab1de0c83f37b101366a1244bf5de74c6d9c0641811dc6f7fc551dad1c7f?s=96&d=mm&r=g","contentUrl":"https:\/\/secure.gravatar.com\/avatar\/0f26ab1de0c83f37b101366a1244bf5de74c6d9c0641811dc6f7fc551dad1c7f?s=96&d=mm&r=g","caption":"Andrea B\u00fcttner"},"url":"https:\/\/rauchfrei.at\/en\/author\/buettner\/"}]}},"_links":{"self":[{"href":"https:\/\/rauchfrei.at\/en\/wp-json\/wp\/v2\/posts\/10958","targetHints":{"allow":["GET"]}}],"collection":[{"href":"https:\/\/rauchfrei.at\/en\/wp-json\/wp\/v2\/posts"}],"about":[{"href":"https:\/\/rauchfrei.at\/en\/wp-json\/wp\/v2\/types\/post"}],"author":[{"embeddable":true,"href":"https:\/\/rauchfrei.at\/en\/wp-json\/wp\/v2\/users\/11"}],"replies":[{"embeddable":true,"href":"https:\/\/rauchfrei.at\/en\/wp-json\/wp\/v2\/comments?post=10958"}],"version-history":[{"count":5,"href":"https:\/\/rauchfrei.at\/en\/wp-json\/wp\/v2\/posts\/10958\/revisions"}],"predecessor-version":[{"id":15935,"href":"https:\/\/rauchfrei.at\/en\/wp-json\/wp\/v2\/posts\/10958\/revisions\/15935"}],"wp:attachment":[{"href":"https:\/\/rauchfrei.at\/en\/wp-json\/wp\/v2\/media?parent=10958"}],"wp:term":[{"taxonomy":"category","embeddable":true,"href":"https:\/\/rauchfrei.at\/en\/wp-json\/wp\/v2\/categories?post=10958"},{"taxonomy":"post_tag","embeddable":true,"href":"https:\/\/rauchfrei.at\/en\/wp-json\/wp\/v2\/tags?post=10958"}],"curies":[{"name":"wp","href":"https:\/\/api.w.org\/{rel}","templated":true}]}}