
{"id":10959,"date":"2018-06-01T10:00:14","date_gmt":"2018-06-01T08:00:14","guid":{"rendered":"https:\/\/rauchfrei.at\/?p=10293"},"modified":"2019-04-24T10:17:58","modified_gmt":"2019-04-24T08:17:58","slug":"smoke-free-award-2018-zum-ersten-mal-vergeben","status":"publish","type":"post","link":"https:\/\/rauchfrei.at\/en\/smoke-free-award-2018-zum-ersten-mal-vergeben\/","title":{"rendered":"Smoke Free Award 2018 zum ersten Mal vergeben!"},"content":{"rendered":"<p>[et_pb_section bb_built=&#8221;1&#8243; fullwidth=&#8221;off&#8221; specialty=&#8221;off&#8221; _builder_version=&#8221;3.0.99&#8243; module_class=&#8221;header&#8221; next_background_color=&#8221;#000000&#8243;][et_pb_row _builder_version=&#8221;3.0.99&#8243;][et_pb_column type=&#8221;4_4&#8243;][et_pb_dp_dmb_module_10001 _builder_version=&#8221;3.21.1&#8243; z_index_tablet=&#8221;500&#8243; \/][\/et_pb_column][\/et_pb_row][\/et_pb_section][et_pb_section bb_built=&#8221;1&#8243; prev_background_color=&#8221;#000000&#8243;][et_pb_row][et_pb_column type=&#8221;2_3&#8243;][et_pb_text]<\/p>\n<p>\nEine europ\u00e4ische Premiere war die Verleihung des Smoke Free Awards.<\/p>\n<p>Die AERA, eine Symbolfigur f\u00fcr gute Luft zum freien Atmen, wurde f\u00fcr das Engagement f\u00fcr Rauchfreiheit kreiert.<\/p>\n<p>Die Einreichungen in den sechs Kategorien waren vielf\u00e4ltig. Die Kategorien reichten von der \u201eGastronomie\u201c, \u201e Jugend\u201c, \u201eMedien\u201c, bis hin zu \u201eGesundheitseinrichtungen\u201c, \u201eInitiativen allgemein\u201c und \u201eMeine Geschichte\u201c.<\/p>\n<p>Ein Sonderpreis wurde auch vergeben: er ging an den Initiator der Initiative \u201eDon\u00b4t Smoke\u201c.<\/p>\n<p>Das Rauchfrei Telefon gratuliert allen Gewinnerinnen und Gewinnern und allen Nominierten! Das Rauchfrei Telefon h\u00e4tte am liebsten 30 AERAS vergeben. Alle Projekte waren toll, es war wirklich schwer, als Jurymitglied eine Entscheidung zu treffen!<\/p>\n<p><div id=\"attachment_10295\" style=\"width: 490px\" class=\"wp-caption alignnone\"><img loading=\"lazy\" decoding=\"async\" aria-describedby=\"caption-attachment-10295\" class=\"size-large wp-image-10295\" src=\"https:\/\/rauchfrei.at\/wp-content\/uploads\/OFL0083-480x299.jpg\" alt=\"\" width=\"480\" height=\"299\" data-id=\"10295\" \/><p id=\"caption-attachment-10295\" class=\"wp-caption-text\">Smoke Free Award, Campus 02, Vivid, Suchtpraevention, Rauchfrei, 29.05.2018<\/p><\/div><br \/>\n<div id=\"attachment_10296\" style=\"width: 490px\" class=\"wp-caption alignnone\"><img loading=\"lazy\" decoding=\"async\" aria-describedby=\"caption-attachment-10296\" class=\"size-large wp-image-10296\" src=\"https:\/\/rauchfrei.at\/wp-content\/uploads\/OFL0132-480x320.jpg\" alt=\"\" width=\"480\" height=\"320\" data-id=\"10296\" \/><p id=\"caption-attachment-10296\" class=\"wp-caption-text\">Smoke Free Award, Campus 02, Vivid, Suchtpraevention, Rauchfrei, 29.05.2018<\/p><\/div><br \/>\n<div id=\"attachment_10297\" style=\"width: 490px\" class=\"wp-caption alignnone\"><img loading=\"lazy\" decoding=\"async\" aria-describedby=\"caption-attachment-10297\" class=\"size-large wp-image-10297\" src=\"https:\/\/rauchfrei.at\/wp-content\/uploads\/OFL9818-480x320.jpg\" alt=\"\" width=\"480\" height=\"320\" data-id=\"10297\" \/><p id=\"caption-attachment-10297\" class=\"wp-caption-text\">Smoke Free Award, Campus 02, Vivid, Suchtpraevention, Rauchfrei, 29.05.2018<\/p><\/div><br \/>\n<div id=\"attachment_10298\" style=\"width: 490px\" class=\"wp-caption alignnone\"><img loading=\"lazy\" decoding=\"async\" aria-describedby=\"caption-attachment-10298\" class=\"size-large wp-image-10298\" src=\"https:\/\/rauchfrei.at\/wp-content\/uploads\/OFL9824-480x320.jpg\" alt=\"\" width=\"480\" height=\"320\" data-id=\"10298\" \/><p id=\"caption-attachment-10298\" class=\"wp-caption-text\">Smoke Free Award, Campus 02, Vivid, Suchtpraevention, Rauchfrei, 29.05.2018<\/p><\/div><br \/>\n<div id=\"attachment_10299\" style=\"width: 490px\" class=\"wp-caption alignnone\"><img loading=\"lazy\" decoding=\"async\" aria-describedby=\"caption-attachment-10299\" class=\"size-large wp-image-10299\" src=\"https:\/\/rauchfrei.at\/wp-content\/uploads\/OFL9876-480x320.jpg\" alt=\"\" width=\"480\" height=\"320\" data-id=\"10299\" \/><p id=\"caption-attachment-10299\" class=\"wp-caption-text\">Smoke Free Award, Campus 02, Vivid, Suchtpraevention, Rauchfrei, 29.05.2018<\/p><\/div><\/p>\n<p><strong>\u00a0<\/strong>\u00a9 VIVID, Sabine Hoffmann.<\/p>\n<p><strong>Link: <a href=\"https:\/\/www.smoke-free-award.at\/\" target=\"_blank\" rel=\"noopener noreferrer\">www.smoke-free-award.at<\/a><br \/>\n<\/strong><\/p>\n<p>[\/et_pb_text][\/et_pb_column][et_pb_column type=&#8221;1_3&#8243;][et_pb_sidebar _builder_version=&#8221;3.0.99&#8243; area=&#8221;sidebar-1&#8243; orientation=&#8221;left&#8221; show_border=&#8221;on&#8221; background_layout=&#8221;light&#8221; \/][\/et_pb_column][\/et_pb_row][\/et_pb_section]<\/p>\n","protected":false},"excerpt":{"rendered":"<p>Am 29.5.2018 wurde in Graz zum ersten Mal die AERA vergeben  &#8211; der Smoke Free Award in sechs Kategorien. Vivid, die Fachstelle f\u00fcr Suchtpr\u00e4vention in der Steiermark initiierte den Preis, unterst\u00fctzt durch das Land Steiermark und die STGKK. Das Rauchfrei Telefon war eingeladen, als Teil der 8 k\u00f6pfigen Jury, aus den vielen Einreichungen die Gewinnerinnen und Gewinner zu ermitteln. Kein leichtes Unterfangen, angesichts der vielf\u00e4ltigen engagierten Projekte in der Steiermark.<\/p>\n","protected":false},"author":11,"featured_media":0,"comment_status":"open","ping_status":"open","sticky":false,"template":"","format":"standard","meta":{"_et_pb_use_builder":"on","_et_pb_old_content":"<p>Eine europ\u00e4ische Premiere war die Verleihung des Smoke Free Awards.<br \/>\u00a0<br \/>Die AERA, eine Symbolfigur f\u00fcr gute Luft zum freien Atmen, wurde f\u00fcr das Engagement f\u00fcr Rauchfreiheit kreiert.<br \/>\u00a0<br \/>Die Einreichungen in den sechs Kategorien waren vielf\u00e4ltig. Die Kategorien reichten von der \u201eGastronomie\u201c, \u201e Jugend\u201c, \u201eMedien\u201c, bis hin zu \u201eGesundheitseinrichtungen\u201c, \u201eInitiativen allgemein\u201c und \u201eMeine Geschichte\u201c.<br \/>\u00a0<br \/>Ein Sonderpreis wurde auch vergeben: er ging an den Initiator der Initiative \u201eDon\u00b4t Smoke\u201c.<br \/>\u00a0<br \/>Das Rauchfrei Telefon gratuliert allen Gewinnerinnen und Gewinnern und allen Nominierten! Das Rauchfrei Telefon h\u00e4tte am liebsten 30 AERAS vergeben. Alle Projekte waren toll, es war wirklich schwer, als Jurymitglied eine Entscheidung zu treffen!<br \/>\u00a0<\/p>[caption id=\"attachment_10295\" align=\"alignnone\" width=\"480\"]<img class=\"size-large wp-image-10295\" src=\"https:\/\/rauchfrei.at\/wp-content\/uploads\/OFL0083-480x299.jpg\" alt=\"\" width=\"480\" height=\"299\" data-id=\"10295\" \/> Smoke Free Award, Campus 02, Vivid, Suchtpraevention, Rauchfrei, 29.05.2018[\/caption][caption id=\"attachment_10296\" align=\"alignnone\" width=\"480\"]<img class=\"size-large wp-image-10296\" src=\"https:\/\/rauchfrei.at\/wp-content\/uploads\/OFL0132-480x320.jpg\" alt=\"\" width=\"480\" height=\"320\" data-id=\"10296\" \/> Smoke Free Award, Campus 02, Vivid, Suchtpraevention, Rauchfrei, 29.05.2018[\/caption][caption id=\"attachment_10297\" align=\"alignnone\" width=\"480\"]<img class=\"size-large wp-image-10297\" src=\"https:\/\/rauchfrei.at\/wp-content\/uploads\/OFL9818-480x320.jpg\" alt=\"\" width=\"480\" height=\"320\" data-id=\"10297\" \/> Smoke Free Award, Campus 02, Vivid, Suchtpraevention, Rauchfrei, 29.05.2018[\/caption][caption id=\"attachment_10298\" align=\"alignnone\" width=\"480\"]<img class=\"size-large wp-image-10298\" src=\"https:\/\/rauchfrei.at\/wp-content\/uploads\/OFL9824-480x320.jpg\" alt=\"\" width=\"480\" height=\"320\" data-id=\"10298\" \/> Smoke Free Award, Campus 02, Vivid, Suchtpraevention, Rauchfrei, 29.05.2018[\/caption][caption id=\"attachment_10299\" align=\"alignnone\" width=\"480\"]<img class=\"size-large wp-image-10299\" src=\"https:\/\/rauchfrei.at\/wp-content\/uploads\/OFL9876-480x320.jpg\" alt=\"\" width=\"480\" height=\"320\" data-id=\"10299\" \/> Smoke Free Award, Campus 02, Vivid, Suchtpraevention, Rauchfrei, 29.05.2018[\/caption]<p><strong>\u00a0<\/strong>\u00a9 VIVID, Sabine Hoffmann.<br \/>\u00a0<br \/><strong>Link: <a href=\"https:\/\/www.smoke-free-award.at\/\" target=\"_blank\" rel=\"noopener\">www.smoke-free-award.at<\/a><br \/><\/strong><\/p>","_et_gb_content_width":"","footnotes":""},"categories":[236],"tags":[],"class_list":["post-10959","post","type-post","status-publish","format-standard","hentry","category-nicht-kategorisiert"],"yoast_head":"<!-- This site is optimized with the Yoast SEO plugin v26.2 - https:\/\/yoast.com\/wordpress\/plugins\/seo\/ -->\n<title>Smoke Free Award 2018 zum ersten Mal vergeben! - Rauchfrei Telefon<\/title>\n<meta name=\"robots\" content=\"index, follow, max-snippet:-1, max-image-preview:large, max-video-preview:-1\" \/>\n<link rel=\"canonical\" href=\"https:\/\/rauchfrei.at\/smoke-free-award-2018-zum-ersten-mal-vergeben\/\" \/>\n<meta property=\"og:locale\" content=\"en_US\" \/>\n<meta property=\"og:type\" content=\"article\" \/>\n<meta property=\"og:title\" content=\"Smoke Free Award 2018 zum ersten Mal vergeben! - Rauchfrei Telefon\" \/>\n<meta property=\"og:description\" content=\"Am 29.5.2018 wurde in Graz zum ersten Mal die AERA vergeben - der Smoke Free Award in sechs Kategorien. Vivid, die Fachstelle f\u00fcr Suchtpr\u00e4vention in der Steiermark initiierte den Preis, unterst\u00fctzt durch das Land Steiermark und die STGKK. Das Rauchfrei Telefon war eingeladen, als Teil der 8 k\u00f6pfigen Jury, aus den vielen Einreichungen die Gewinnerinnen und Gewinner zu ermitteln. Kein leichtes Unterfangen, angesichts der vielf\u00e4ltigen engagierten Projekte in der Steiermark.\" \/>\n<meta property=\"og:url\" content=\"https:\/\/rauchfrei.at\/smoke-free-award-2018-zum-ersten-mal-vergeben\/\" \/>\n<meta property=\"og:site_name\" content=\"Rauchfrei Telefon\" \/>\n<meta property=\"article:published_time\" content=\"2018-06-01T08:00:14+00:00\" \/>\n<meta property=\"article:modified_time\" content=\"2019-04-24T08:17:58+00:00\" \/>\n<meta property=\"og:image\" content=\"https:\/\/rauchfrei.at\/wp-content\/uploads\/OFL0083-480x299.jpg\" \/>\n<meta name=\"author\" content=\"Andrea B\u00fcttner\" \/>\n<meta name=\"twitter:card\" content=\"summary_large_image\" \/>\n<meta name=\"twitter:label1\" content=\"Written by\" \/>\n\t<meta name=\"twitter:data1\" content=\"Andrea B\u00fcttner\" \/>\n\t<meta name=\"twitter:label2\" content=\"Est. reading time\" \/>\n\t<meta name=\"twitter:data2\" content=\"1 minute\" \/>\n<script type=\"application\/ld+json\" class=\"yoast-schema-graph\">{\"@context\":\"https:\/\/schema.org\",\"@graph\":[{\"@type\":\"WebPage\",\"@id\":\"https:\/\/rauchfrei.at\/smoke-free-award-2018-zum-ersten-mal-vergeben\/\",\"url\":\"https:\/\/rauchfrei.at\/smoke-free-award-2018-zum-ersten-mal-vergeben\/\",\"name\":\"Smoke Free Award 2018 zum ersten Mal vergeben! - Rauchfrei Telefon\",\"isPartOf\":{\"@id\":\"https:\/\/rauchfrei.at\/#website\"},\"primaryImageOfPage\":{\"@id\":\"https:\/\/rauchfrei.at\/smoke-free-award-2018-zum-ersten-mal-vergeben\/#primaryimage\"},\"image\":{\"@id\":\"https:\/\/rauchfrei.at\/smoke-free-award-2018-zum-ersten-mal-vergeben\/#primaryimage\"},\"thumbnailUrl\":\"https:\/\/rauchfrei.at\/wp-content\/uploads\/OFL0083-480x299.jpg\",\"datePublished\":\"2018-06-01T08:00:14+00:00\",\"dateModified\":\"2019-04-24T08:17:58+00:00\",\"author\":{\"@id\":\"https:\/\/rauchfrei.at\/#\/schema\/person\/7993cb8bdf02ba65fd4ec8ec38b2dbbf\"},\"inLanguage\":\"en-US\",\"potentialAction\":[{\"@type\":\"ReadAction\",\"target\":[\"https:\/\/rauchfrei.at\/smoke-free-award-2018-zum-ersten-mal-vergeben\/\"]}]},{\"@type\":\"ImageObject\",\"inLanguage\":\"en-US\",\"@id\":\"https:\/\/rauchfrei.at\/smoke-free-award-2018-zum-ersten-mal-vergeben\/#primaryimage\",\"url\":\"https:\/\/rauchfrei.at\/wp-content\/uploads\/OFL0083-480x299.jpg\",\"contentUrl\":\"https:\/\/rauchfrei.at\/wp-content\/uploads\/OFL0083-480x299.jpg\"},{\"@type\":\"WebSite\",\"@id\":\"https:\/\/rauchfrei.at\/#website\",\"url\":\"https:\/\/rauchfrei.at\/\",\"name\":\"Rauchfrei Telefon\",\"description\":\"Eine \u00f6sterreichweite Initiative der Sozialversicherungen.\",\"potentialAction\":[{\"@type\":\"SearchAction\",\"target\":{\"@type\":\"EntryPoint\",\"urlTemplate\":\"https:\/\/rauchfrei.at\/?s={search_term_string}\"},\"query-input\":{\"@type\":\"PropertyValueSpecification\",\"valueRequired\":true,\"valueName\":\"search_term_string\"}}],\"inLanguage\":\"en-US\"},{\"@type\":\"Person\",\"@id\":\"https:\/\/rauchfrei.at\/#\/schema\/person\/7993cb8bdf02ba65fd4ec8ec38b2dbbf\",\"name\":\"Andrea B\u00fcttner\",\"image\":{\"@type\":\"ImageObject\",\"inLanguage\":\"en-US\",\"@id\":\"https:\/\/rauchfrei.at\/#\/schema\/person\/image\/\",\"url\":\"https:\/\/secure.gravatar.com\/avatar\/0f26ab1de0c83f37b101366a1244bf5de74c6d9c0641811dc6f7fc551dad1c7f?s=96&d=mm&r=g\",\"contentUrl\":\"https:\/\/secure.gravatar.com\/avatar\/0f26ab1de0c83f37b101366a1244bf5de74c6d9c0641811dc6f7fc551dad1c7f?s=96&d=mm&r=g\",\"caption\":\"Andrea B\u00fcttner\"},\"url\":\"https:\/\/rauchfrei.at\/en\/author\/buettner\/\"}]}<\/script>\n<!-- \/ Yoast SEO plugin. -->","yoast_head_json":{"title":"Smoke Free Award 2018 zum ersten Mal vergeben! - Rauchfrei Telefon","robots":{"index":"index","follow":"follow","max-snippet":"max-snippet:-1","max-image-preview":"max-image-preview:large","max-video-preview":"max-video-preview:-1"},"canonical":"https:\/\/rauchfrei.at\/smoke-free-award-2018-zum-ersten-mal-vergeben\/","og_locale":"en_US","og_type":"article","og_title":"Smoke Free Award 2018 zum ersten Mal vergeben! - Rauchfrei Telefon","og_description":"Am 29.5.2018 wurde in Graz zum ersten Mal die AERA vergeben - der Smoke Free Award in sechs Kategorien. Vivid, die Fachstelle f\u00fcr Suchtpr\u00e4vention in der Steiermark initiierte den Preis, unterst\u00fctzt durch das Land Steiermark und die STGKK. Das Rauchfrei Telefon war eingeladen, als Teil der 8 k\u00f6pfigen Jury, aus den vielen Einreichungen die Gewinnerinnen und Gewinner zu ermitteln. Kein leichtes Unterfangen, angesichts der vielf\u00e4ltigen engagierten Projekte in der Steiermark.","og_url":"https:\/\/rauchfrei.at\/smoke-free-award-2018-zum-ersten-mal-vergeben\/","og_site_name":"Rauchfrei Telefon","article_published_time":"2018-06-01T08:00:14+00:00","article_modified_time":"2019-04-24T08:17:58+00:00","og_image":[{"url":"https:\/\/rauchfrei.at\/wp-content\/uploads\/OFL0083-480x299.jpg","type":"","width":"","height":""}],"author":"Andrea B\u00fcttner","twitter_card":"summary_large_image","twitter_misc":{"Written by":"Andrea B\u00fcttner","Est. reading time":"1 minute"},"schema":{"@context":"https:\/\/schema.org","@graph":[{"@type":"WebPage","@id":"https:\/\/rauchfrei.at\/smoke-free-award-2018-zum-ersten-mal-vergeben\/","url":"https:\/\/rauchfrei.at\/smoke-free-award-2018-zum-ersten-mal-vergeben\/","name":"Smoke Free Award 2018 zum ersten Mal vergeben! - Rauchfrei Telefon","isPartOf":{"@id":"https:\/\/rauchfrei.at\/#website"},"primaryImageOfPage":{"@id":"https:\/\/rauchfrei.at\/smoke-free-award-2018-zum-ersten-mal-vergeben\/#primaryimage"},"image":{"@id":"https:\/\/rauchfrei.at\/smoke-free-award-2018-zum-ersten-mal-vergeben\/#primaryimage"},"thumbnailUrl":"https:\/\/rauchfrei.at\/wp-content\/uploads\/OFL0083-480x299.jpg","datePublished":"2018-06-01T08:00:14+00:00","dateModified":"2019-04-24T08:17:58+00:00","author":{"@id":"https:\/\/rauchfrei.at\/#\/schema\/person\/7993cb8bdf02ba65fd4ec8ec38b2dbbf"},"inLanguage":"en-US","potentialAction":[{"@type":"ReadAction","target":["https:\/\/rauchfrei.at\/smoke-free-award-2018-zum-ersten-mal-vergeben\/"]}]},{"@type":"ImageObject","inLanguage":"en-US","@id":"https:\/\/rauchfrei.at\/smoke-free-award-2018-zum-ersten-mal-vergeben\/#primaryimage","url":"https:\/\/rauchfrei.at\/wp-content\/uploads\/OFL0083-480x299.jpg","contentUrl":"https:\/\/rauchfrei.at\/wp-content\/uploads\/OFL0083-480x299.jpg"},{"@type":"WebSite","@id":"https:\/\/rauchfrei.at\/#website","url":"https:\/\/rauchfrei.at\/","name":"Rauchfrei Telefon","description":"Eine \u00f6sterreichweite Initiative der Sozialversicherungen.","potentialAction":[{"@type":"SearchAction","target":{"@type":"EntryPoint","urlTemplate":"https:\/\/rauchfrei.at\/?s={search_term_string}"},"query-input":{"@type":"PropertyValueSpecification","valueRequired":true,"valueName":"search_term_string"}}],"inLanguage":"en-US"},{"@type":"Person","@id":"https:\/\/rauchfrei.at\/#\/schema\/person\/7993cb8bdf02ba65fd4ec8ec38b2dbbf","name":"Andrea B\u00fcttner","image":{"@type":"ImageObject","inLanguage":"en-US","@id":"https:\/\/rauchfrei.at\/#\/schema\/person\/image\/","url":"https:\/\/secure.gravatar.com\/avatar\/0f26ab1de0c83f37b101366a1244bf5de74c6d9c0641811dc6f7fc551dad1c7f?s=96&d=mm&r=g","contentUrl":"https:\/\/secure.gravatar.com\/avatar\/0f26ab1de0c83f37b101366a1244bf5de74c6d9c0641811dc6f7fc551dad1c7f?s=96&d=mm&r=g","caption":"Andrea B\u00fcttner"},"url":"https:\/\/rauchfrei.at\/en\/author\/buettner\/"}]}},"_links":{"self":[{"href":"https:\/\/rauchfrei.at\/en\/wp-json\/wp\/v2\/posts\/10959","targetHints":{"allow":["GET"]}}],"collection":[{"href":"https:\/\/rauchfrei.at\/en\/wp-json\/wp\/v2\/posts"}],"about":[{"href":"https:\/\/rauchfrei.at\/en\/wp-json\/wp\/v2\/types\/post"}],"author":[{"embeddable":true,"href":"https:\/\/rauchfrei.at\/en\/wp-json\/wp\/v2\/users\/11"}],"replies":[{"embeddable":true,"href":"https:\/\/rauchfrei.at\/en\/wp-json\/wp\/v2\/comments?post=10959"}],"version-history":[{"count":2,"href":"https:\/\/rauchfrei.at\/en\/wp-json\/wp\/v2\/posts\/10959\/revisions"}],"predecessor-version":[{"id":15929,"href":"https:\/\/rauchfrei.at\/en\/wp-json\/wp\/v2\/posts\/10959\/revisions\/15929"}],"wp:attachment":[{"href":"https:\/\/rauchfrei.at\/en\/wp-json\/wp\/v2\/media?parent=10959"}],"wp:term":[{"taxonomy":"category","embeddable":true,"href":"https:\/\/rauchfrei.at\/en\/wp-json\/wp\/v2\/categories?post=10959"},{"taxonomy":"post_tag","embeddable":true,"href":"https:\/\/rauchfrei.at\/en\/wp-json\/wp\/v2\/tags?post=10959"}],"curies":[{"name":"wp","href":"https:\/\/api.w.org\/{rel}","templated":true}]}}