
{"id":10961,"date":"2018-06-11T10:00:33","date_gmt":"2018-06-11T08:00:33","guid":{"rendered":"https:\/\/rauchfrei.at\/?p=10322"},"modified":"2019-04-24T10:12:45","modified_gmt":"2019-04-24T08:12:45","slug":"unsere-umwelt-ein-gutes-motiv-fuer-den-rauchstopp","status":"publish","type":"post","link":"https:\/\/rauchfrei.at\/en\/unsere-umwelt-ein-gutes-motiv-fuer-den-rauchstopp\/","title":{"rendered":"Unsere Umwelt &#8211; ein gutes Motiv f\u00fcr den Rauchstopp!"},"content":{"rendered":"<p>[et_pb_section bb_built=&#8221;1&#8243; fullwidth=&#8221;off&#8221; specialty=&#8221;off&#8221; _builder_version=&#8221;3.0.99&#8243; module_class=&#8221;header&#8221; next_background_color=&#8221;#000000&#8243;][et_pb_row _builder_version=&#8221;3.0.99&#8243;][et_pb_column type=&#8221;4_4&#8243;][et_pb_dp_dmb_module_10001 _builder_version=&#8221;3.21.1&#8243; subheadline=&#8221;Ein Einleitungstext (H2?), der das Thema beschreibt und kurz zusammenfasst um was es im Artikel geht&#8221; background_layout=&#8221;light&#8221; \/][\/et_pb_column][\/et_pb_row][\/et_pb_section][et_pb_section bb_built=&#8221;1&#8243; prev_background_color=&#8221;#000000&#8243;][et_pb_row][et_pb_column type=&#8221;2_3&#8243;][et_pb_text _builder_version=&#8221;3.21.1&#8243;]<\/p>\n<p>\nUnter dem Motto: \u201cBeat Plastic Pollution- If you can&#8217;t reuse it, refuse it\u201d hat der Welt-Umwelttag am 5. Juni die Aufmerksamkeit auf die Umweltverschmutzung durch Plastik gelenkt. Sicher kann jede\/r Einzelne einen Beitrag leisten, Stofftaschen statt Plastiksackerl w\u00e4ren hier schon ein Anfang.<\/p>\n<p>Wo finden wir Plastikm\u00fcll im Zusammenhang mit dem Rauchen?<br \/>Beispielsweise in den Verpackungen aus Zellophan. Und auch Zigarettenfilter bestehen aus Kunststoff. Werden die Zigarettenstummeln einfach weggeworfen, z. B. am Gehweg oder in den Kanal, hat das weitreichende Auswirkungen. Bedenkt man, dass so die Giftstoffe ins Grundwasser gelangen k\u00f6nnen, ist der Aufruf, Stummeln in den M\u00fcll zu werfen, wirklich wichtig. Eigentlich geh\u00f6ren Zigarettenstummeln aufgrund der darin enthaltenen Giftstoffe sogar zum Sonderm\u00fcll.<\/p>\n<p>Wussten Sie, dass gro\u00dfe Fl\u00e4chen an Tropenwald abgeholzt werden m\u00fcssen, um Tabak anzubauen? Wussten Sie, dass zum Anbau von Tabak ca. f\u00fcnf Mal so viel D\u00fcngemittel und Pestizide verwendet werden als f\u00fcr andere Nutzpflanzen?<\/p>\n<p>Die Initiative \u201eunfairtobacco\u201c besch\u00e4ftigt sich damit, inwiefern die Tabakindustrie f\u00fcr die Ausbeutung und Zerst\u00f6rung unserer Umwelt verantwortlich ist.<\/p>\n<p>Klicken Sie sich durch die sehr informative Homepage <a href=\"https:\/\/www.unfairtobacco.org\/\" target=\"_blank\" rel=\"noopener noreferrer\">www.unfairtobacco.org <\/a>dieser engagierten Initiative.<\/p>\n<p>Hier auch ein Video:<\/p>\n<p><iframe loading=\"lazy\" src=\"https:\/\/player.vimeo.com\/video\/266451376?app_id=122963\" width=\"1080\" height=\"608\" frameborder=\"0\" title=\"Wie beeinflusst Tabak die Umwelt?\" webkitallowfullscreen mozallowfullscreen allowfullscreen><\/iframe><\/p>\n<p>Links:<br \/><a href=\"https:\/\/www.unfairtobacco.org\/wie-tabak-die-umwelt-zerstoert\" target=\"_blank\" rel=\"noopener noreferrer\">https:\/\/www.unfairtobacco.org\/wie-tabak-die-umwelt-zerstoert<\/a><br \/><a href=\"http:\/\/worldenvironmentday.global\/\" target=\"_blank\" rel=\"noopener noreferrer\">http:\/\/worldenvironmentday.global<\/a><br \/><a href=\"http:\/\/www.unfairtobacco.org\" target=\"_blank\" rel=\"noopener noreferrer\">www.unfairtobacco.org<\/a><\/p>\n<p>[\/et_pb_text][\/et_pb_column][et_pb_column type=&#8221;1_3&#8243;][et_pb_sidebar _builder_version=&#8221;3.0.99&#8243; area=&#8221;sidebar-1&#8243; orientation=&#8221;left&#8221; show_border=&#8221;on&#8221; background_layout=&#8221;light&#8221; \/][\/et_pb_column][\/et_pb_row][\/et_pb_section]<\/p>\n","protected":false},"excerpt":{"rendered":"<p>Am 5. Juni war Weltumwelttag. Dieser sollte heuer dazu anregen, zu \u00fcberlegen, wo Plastikm\u00fcll vermeidbar ist. Was hat Rauchen mit der Umwelt zu tun? Nicht nur Verpackungsm\u00fcll aus Zellophan, sondern auch die Filter von Zigaretten bestehen aus Kunststoff. Welche Auswirkungen hat ein weggeworfener Zigarettenstummel?<\/p>\n","protected":false},"author":11,"featured_media":0,"comment_status":"open","ping_status":"open","sticky":false,"template":"","format":"standard","meta":{"_et_pb_use_builder":"on","_et_pb_old_content":"<p>\u00a0<br \/>Unter dem Motto: \u201cBeat Plastic Pollution- If you can't reuse it, refuse it\u201d hat der Welt-Umwelttag am 5. Juni die Aufmerksamkeit auf die Umweltverschmutzung durch Plastik gelenkt. Sicher kann jede\/r Einzelne einen Beitrag leisten, Stofftaschen statt Plastiksackerl w\u00e4ren hier schon ein Anfang.<br \/>\u00a0<br \/>Wo finden wir Plastikm\u00fcll im Zusammenhang mit dem Rauchen?<br \/>Beispielsweise in den Verpackungen aus Zellophan. Und auch Zigarettenfilter bestehen aus Kunststoff. Werden die Zigarettenstummeln einfach weggeworfen, z. B. am Gehweg oder in den Kanal, hat das weitreichende Auswirkungen. Bedenkt man, dass so die Giftstoffe ins Grundwasser gelangen k\u00f6nnen, ist der Aufruf, Stummeln in den M\u00fcll zu werfen, wirklich wichtig. Eigentlich geh\u00f6ren Zigarettenstummeln aufgrund der darin enthaltenen Giftstoffe sogar zum Sonderm\u00fcll.<br \/>\u00a0<br \/>Wussten Sie, dass gro\u00dfe Fl\u00e4chen an Tropenwald abgeholzt werden m\u00fcssen, um Tabak anzubauen? Wussten Sie, dass zum Anbau von Tabak ca. f\u00fcnf Mal so viel D\u00fcngemittel und Pestizide verwendet werden als f\u00fcr andere Nutzpflanzen?<br \/>\u00a0<br \/>Die Initiative \u201eunfairtobacco\u201c besch\u00e4ftigt sich damit, inwiefern die Tabakindustrie f\u00fcr die Ausbeutung und Zerst\u00f6rung unserer Umwelt verantwortlich ist.<br \/>\u00a0<br \/>Klicken Sie sich durch die sehr informative Homepage <a href=\"https:\/\/www.unfairtobacco.org\/\" target=\"_blank\" rel=\"noopener\">www.unfairtobacco.org <\/a>dieser engagierten Initiative.<br \/>\u00a0<br \/>Hier auch ein Video:<br \/>\u00a0<br \/>https:\/\/vimeo.com\/266451376<br \/>\u00a0<br \/>Links:<br \/><a href=\"https:\/\/www.unfairtobacco.org\/wie-tabak-die-umwelt-zerstoert\" target=\"_blank\" rel=\"noopener\">https:\/\/www.unfairtobacco.org\/wie-tabak-die-umwelt-zerstoert<\/a><br \/><a href=\"http:\/\/worldenvironmentday.global\/\" target=\"_blank\" rel=\"noopener\">http:\/\/worldenvironmentday.global<\/a><br \/><a href=\"http:\/\/www.unfairtobacco.org\" target=\"_blank\" rel=\"noopener\">www.unfairtobacco.org<\/a><br \/>\u00a0<br \/>\u00a0<\/p>","_et_gb_content_width":"","footnotes":""},"categories":[236],"tags":[],"class_list":["post-10961","post","type-post","status-publish","format-standard","hentry","category-nicht-kategorisiert"],"yoast_head":"<!-- This site is optimized with the Yoast SEO plugin v26.2 - https:\/\/yoast.com\/wordpress\/plugins\/seo\/ -->\n<title>Unsere Umwelt - ein gutes Motiv f\u00fcr den Rauchstopp! - Rauchfrei Telefon<\/title>\n<meta name=\"robots\" content=\"index, follow, max-snippet:-1, max-image-preview:large, max-video-preview:-1\" \/>\n<link rel=\"canonical\" href=\"https:\/\/rauchfrei.at\/unsere-umwelt-ein-gutes-motiv-fuer-den-rauchstopp\/\" \/>\n<meta property=\"og:locale\" content=\"en_US\" \/>\n<meta property=\"og:type\" content=\"article\" \/>\n<meta property=\"og:title\" content=\"Unsere Umwelt - ein gutes Motiv f\u00fcr den Rauchstopp! - Rauchfrei Telefon\" \/>\n<meta property=\"og:description\" content=\"Am 5. Juni war Weltumwelttag. Dieser sollte heuer dazu anregen, zu \u00fcberlegen, wo Plastikm\u00fcll vermeidbar ist. Was hat Rauchen mit der Umwelt zu tun? Nicht nur Verpackungsm\u00fcll aus Zellophan, sondern auch die Filter von Zigaretten bestehen aus Kunststoff. Welche Auswirkungen hat ein weggeworfener Zigarettenstummel?\" \/>\n<meta property=\"og:url\" content=\"https:\/\/rauchfrei.at\/unsere-umwelt-ein-gutes-motiv-fuer-den-rauchstopp\/\" \/>\n<meta property=\"og:site_name\" content=\"Rauchfrei Telefon\" \/>\n<meta property=\"article:published_time\" content=\"2018-06-11T08:00:33+00:00\" \/>\n<meta property=\"article:modified_time\" content=\"2019-04-24T08:12:45+00:00\" \/>\n<meta name=\"author\" content=\"Andrea B\u00fcttner\" \/>\n<meta name=\"twitter:card\" content=\"summary_large_image\" \/>\n<meta name=\"twitter:label1\" content=\"Written by\" \/>\n\t<meta name=\"twitter:data1\" content=\"Andrea B\u00fcttner\" \/>\n\t<meta name=\"twitter:label2\" content=\"Est. reading time\" \/>\n\t<meta name=\"twitter:data2\" content=\"2 minutes\" \/>\n<script type=\"application\/ld+json\" class=\"yoast-schema-graph\">{\"@context\":\"https:\/\/schema.org\",\"@graph\":[{\"@type\":\"WebPage\",\"@id\":\"https:\/\/rauchfrei.at\/unsere-umwelt-ein-gutes-motiv-fuer-den-rauchstopp\/\",\"url\":\"https:\/\/rauchfrei.at\/unsere-umwelt-ein-gutes-motiv-fuer-den-rauchstopp\/\",\"name\":\"Unsere Umwelt - ein gutes Motiv f\u00fcr den Rauchstopp! - Rauchfrei Telefon\",\"isPartOf\":{\"@id\":\"https:\/\/rauchfrei.at\/#website\"},\"datePublished\":\"2018-06-11T08:00:33+00:00\",\"dateModified\":\"2019-04-24T08:12:45+00:00\",\"author\":{\"@id\":\"https:\/\/rauchfrei.at\/#\/schema\/person\/7993cb8bdf02ba65fd4ec8ec38b2dbbf\"},\"inLanguage\":\"en-US\",\"potentialAction\":[{\"@type\":\"ReadAction\",\"target\":[\"https:\/\/rauchfrei.at\/unsere-umwelt-ein-gutes-motiv-fuer-den-rauchstopp\/\"]}]},{\"@type\":\"WebSite\",\"@id\":\"https:\/\/rauchfrei.at\/#website\",\"url\":\"https:\/\/rauchfrei.at\/\",\"name\":\"Rauchfrei Telefon\",\"description\":\"Eine \u00f6sterreichweite Initiative der Sozialversicherungen.\",\"potentialAction\":[{\"@type\":\"SearchAction\",\"target\":{\"@type\":\"EntryPoint\",\"urlTemplate\":\"https:\/\/rauchfrei.at\/?s={search_term_string}\"},\"query-input\":{\"@type\":\"PropertyValueSpecification\",\"valueRequired\":true,\"valueName\":\"search_term_string\"}}],\"inLanguage\":\"en-US\"},{\"@type\":\"Person\",\"@id\":\"https:\/\/rauchfrei.at\/#\/schema\/person\/7993cb8bdf02ba65fd4ec8ec38b2dbbf\",\"name\":\"Andrea B\u00fcttner\",\"image\":{\"@type\":\"ImageObject\",\"inLanguage\":\"en-US\",\"@id\":\"https:\/\/rauchfrei.at\/#\/schema\/person\/image\/\",\"url\":\"https:\/\/secure.gravatar.com\/avatar\/0f26ab1de0c83f37b101366a1244bf5de74c6d9c0641811dc6f7fc551dad1c7f?s=96&d=mm&r=g\",\"contentUrl\":\"https:\/\/secure.gravatar.com\/avatar\/0f26ab1de0c83f37b101366a1244bf5de74c6d9c0641811dc6f7fc551dad1c7f?s=96&d=mm&r=g\",\"caption\":\"Andrea B\u00fcttner\"},\"url\":\"https:\/\/rauchfrei.at\/en\/author\/buettner\/\"}]}<\/script>\n<!-- \/ Yoast SEO plugin. -->","yoast_head_json":{"title":"Unsere Umwelt - ein gutes Motiv f\u00fcr den Rauchstopp! - Rauchfrei Telefon","robots":{"index":"index","follow":"follow","max-snippet":"max-snippet:-1","max-image-preview":"max-image-preview:large","max-video-preview":"max-video-preview:-1"},"canonical":"https:\/\/rauchfrei.at\/unsere-umwelt-ein-gutes-motiv-fuer-den-rauchstopp\/","og_locale":"en_US","og_type":"article","og_title":"Unsere Umwelt - ein gutes Motiv f\u00fcr den Rauchstopp! - Rauchfrei Telefon","og_description":"Am 5. Juni war Weltumwelttag. Dieser sollte heuer dazu anregen, zu \u00fcberlegen, wo Plastikm\u00fcll vermeidbar ist. Was hat Rauchen mit der Umwelt zu tun? Nicht nur Verpackungsm\u00fcll aus Zellophan, sondern auch die Filter von Zigaretten bestehen aus Kunststoff. Welche Auswirkungen hat ein weggeworfener Zigarettenstummel?","og_url":"https:\/\/rauchfrei.at\/unsere-umwelt-ein-gutes-motiv-fuer-den-rauchstopp\/","og_site_name":"Rauchfrei Telefon","article_published_time":"2018-06-11T08:00:33+00:00","article_modified_time":"2019-04-24T08:12:45+00:00","author":"Andrea B\u00fcttner","twitter_card":"summary_large_image","twitter_misc":{"Written by":"Andrea B\u00fcttner","Est. reading time":"2 minutes"},"schema":{"@context":"https:\/\/schema.org","@graph":[{"@type":"WebPage","@id":"https:\/\/rauchfrei.at\/unsere-umwelt-ein-gutes-motiv-fuer-den-rauchstopp\/","url":"https:\/\/rauchfrei.at\/unsere-umwelt-ein-gutes-motiv-fuer-den-rauchstopp\/","name":"Unsere Umwelt - ein gutes Motiv f\u00fcr den Rauchstopp! - Rauchfrei Telefon","isPartOf":{"@id":"https:\/\/rauchfrei.at\/#website"},"datePublished":"2018-06-11T08:00:33+00:00","dateModified":"2019-04-24T08:12:45+00:00","author":{"@id":"https:\/\/rauchfrei.at\/#\/schema\/person\/7993cb8bdf02ba65fd4ec8ec38b2dbbf"},"inLanguage":"en-US","potentialAction":[{"@type":"ReadAction","target":["https:\/\/rauchfrei.at\/unsere-umwelt-ein-gutes-motiv-fuer-den-rauchstopp\/"]}]},{"@type":"WebSite","@id":"https:\/\/rauchfrei.at\/#website","url":"https:\/\/rauchfrei.at\/","name":"Rauchfrei Telefon","description":"Eine \u00f6sterreichweite Initiative der Sozialversicherungen.","potentialAction":[{"@type":"SearchAction","target":{"@type":"EntryPoint","urlTemplate":"https:\/\/rauchfrei.at\/?s={search_term_string}"},"query-input":{"@type":"PropertyValueSpecification","valueRequired":true,"valueName":"search_term_string"}}],"inLanguage":"en-US"},{"@type":"Person","@id":"https:\/\/rauchfrei.at\/#\/schema\/person\/7993cb8bdf02ba65fd4ec8ec38b2dbbf","name":"Andrea B\u00fcttner","image":{"@type":"ImageObject","inLanguage":"en-US","@id":"https:\/\/rauchfrei.at\/#\/schema\/person\/image\/","url":"https:\/\/secure.gravatar.com\/avatar\/0f26ab1de0c83f37b101366a1244bf5de74c6d9c0641811dc6f7fc551dad1c7f?s=96&d=mm&r=g","contentUrl":"https:\/\/secure.gravatar.com\/avatar\/0f26ab1de0c83f37b101366a1244bf5de74c6d9c0641811dc6f7fc551dad1c7f?s=96&d=mm&r=g","caption":"Andrea B\u00fcttner"},"url":"https:\/\/rauchfrei.at\/en\/author\/buettner\/"}]}},"_links":{"self":[{"href":"https:\/\/rauchfrei.at\/en\/wp-json\/wp\/v2\/posts\/10961","targetHints":{"allow":["GET"]}}],"collection":[{"href":"https:\/\/rauchfrei.at\/en\/wp-json\/wp\/v2\/posts"}],"about":[{"href":"https:\/\/rauchfrei.at\/en\/wp-json\/wp\/v2\/types\/post"}],"author":[{"embeddable":true,"href":"https:\/\/rauchfrei.at\/en\/wp-json\/wp\/v2\/users\/11"}],"replies":[{"embeddable":true,"href":"https:\/\/rauchfrei.at\/en\/wp-json\/wp\/v2\/comments?post=10961"}],"version-history":[{"count":4,"href":"https:\/\/rauchfrei.at\/en\/wp-json\/wp\/v2\/posts\/10961\/revisions"}],"predecessor-version":[{"id":15926,"href":"https:\/\/rauchfrei.at\/en\/wp-json\/wp\/v2\/posts\/10961\/revisions\/15926"}],"wp:attachment":[{"href":"https:\/\/rauchfrei.at\/en\/wp-json\/wp\/v2\/media?parent=10961"}],"wp:term":[{"taxonomy":"category","embeddable":true,"href":"https:\/\/rauchfrei.at\/en\/wp-json\/wp\/v2\/categories?post=10961"},{"taxonomy":"post_tag","embeddable":true,"href":"https:\/\/rauchfrei.at\/en\/wp-json\/wp\/v2\/tags?post=10961"}],"curies":[{"name":"wp","href":"https:\/\/api.w.org\/{rel}","templated":true}]}}