
{"id":10962,"date":"2018-06-25T10:00:44","date_gmt":"2018-06-25T08:00:44","guid":{"rendered":"https:\/\/rauchfrei.at\/?p=10343"},"modified":"2020-01-15T12:56:09","modified_gmt":"2020-01-15T10:56:09","slug":"alkohol-zwischen-genuss-und-gefahr","status":"publish","type":"post","link":"https:\/\/rauchfrei.at\/en\/alkohol-zwischen-genuss-und-gefahr\/","title":{"rendered":"Alkohol \u2013 zwischen Genuss und Gefahr"},"content":{"rendered":"<p>[et_pb_section fb_built=&#8221;1&#8243; module_class=&#8221;header&#8221; _builder_version=&#8221;3.22&#8243;][et_pb_row _builder_version=&#8221;3.25&#8243;][et_pb_column type=&#8221;4_4&#8243; _builder_version=&#8221;3.25&#8243; custom_padding=&#8221;|||&#8221; custom_padding__hover=&#8221;|||&#8221;][et_pb_dp_dmb_module_10001 _builder_version=&#8221;3.21.1&#8243; z_index_tablet=&#8221;500&#8243;][\/et_pb_dp_dmb_module_10001][\/et_pb_column][\/et_pb_row][\/et_pb_section][et_pb_section fb_built=&#8221;1&#8243; _builder_version=&#8221;3.22&#8243;][et_pb_row column_structure=&#8221;2_3,1_3&#8243; _builder_version=&#8221;3.25&#8243; background_size=&#8221;initial&#8221; background_position=&#8221;top_left&#8221; background_repeat=&#8221;repeat&#8221;][et_pb_column type=&#8221;2_3&#8243; _builder_version=&#8221;3.25&#8243; custom_padding=&#8221;|||&#8221; custom_padding__hover=&#8221;|||&#8221;][et_pb_text _builder_version=&#8221;4.1&#8243; z_index_tablet=&#8221;500&#8243; hover_enabled=&#8221;0&#8243;]<\/p>\n<p>Ma\u00dfhalten ist die Empfehlung beim Konsum von Alkohol. Woran erkenne ich, ob mein Alkoholkonsum noch unter Genuss f\u00e4llt? Bin ich gef\u00e4hrdet eine Abh\u00e4ngigkeit zu entwickeln? Der Hauptverband der Sozialversicherungstr\u00e4ger informiert mit einem Buch und kurzen Videos \u00fcber Mythen und Fakten:<\/p>\n<p><a href=\"http:\/\/www.hauptverband.at\/cdscontent\/load?contentid=10008.654731&amp;version=1525357342\" target=\"_blank\" rel=\"noopener noreferrer\"><img loading=\"lazy\" decoding=\"async\" class=\"alignnone size-full wp-image-10350\" src=\"https:\/\/rauchfrei.at\/wp-content\/uploads\/Buch.png\" alt=\"\" width=\"120\" height=\"166\" data-id=\"10350\" \/><\/a><br \/>(C) Hauptverband der \u00f6sterreichischen Sozialversicherungstr\u00e4ger<\/p>\n<h3>Wann lehne ich \u201eein Glaserl in Ehren\u201c lieber ab, wann ist es okay, auch mal ein zweites Glas zu trinken?<\/h3>\n<p>Die Entscheidung, wann und wie viel Sie trinken, treffen Sie selbst. Wenn Sie zum Beispiel wissen wollen, ab wann Alkohol gesundheitlich negative Auswirkungen hat oder wann es ratsam ist auf Alkohol zu verzichten, dann finden Sie im Buch \u201eAlkohol \u2013 zwischen Genuss und Gefahr\u201c und in den Alkohol-Videos hilfreiche Informationen zum besseren Umgang mit Alkohol.<\/p>\n<p>Folgende Videos bieten Informationen zu Mythen und Fakten rund um das Thema Alkohol und geben Tipps, wie Sie darauf achten k\u00f6nnen, dass Alkoholkonsum nicht schadet:<\/p>\n<p><a href=\"http:\/\/www.hauptverband.at\/cdscontent\/?contentid=10007.793255&amp;viewmode=content\" target=\"_blank\" rel=\"noopener noreferrer\"><img loading=\"lazy\" decoding=\"async\" class=\"alignnone size-full wp-image-10349\" src=\"https:\/\/rauchfrei.at\/wp-content\/uploads\/Trinke-zu-viel.png\" alt=\"\" width=\"280\" height=\"216\" data-id=\"10349\" \/><\/a><br \/>(C) Hauptverband der \u00f6sterreichischen Sozialversicherungstr\u00e4ger<\/p>\n<p>\u201eTrinke ich zu viel?\u201c \u2013 Wenn Sie das Gef\u00fchl haben, dass Alkohol eine zu gro\u00dfe Rolle in Ihrem allt\u00e4glichen Leben spielt, finden Sie hier nicht nur das Buch kostenfrei als PDF-Download, sondern auch n\u00fctzliche Adressen sortiert nach Bundesl\u00e4ndern: <a href=\"https:\/\/www.sozialversicherung.at\/cdscontent\/?contentid=10007.844512&amp;viewmode=content\" target=\"_blank\" rel=\"noopener noreferrer\">www.sozialversicherung.at<\/a><\/p>\n<p>[\/et_pb_text][\/et_pb_column][et_pb_column type=&#8221;1_3&#8243; _builder_version=&#8221;3.25&#8243; custom_padding=&#8221;|||&#8221; custom_padding__hover=&#8221;|||&#8221;][et_pb_sidebar area=&#8221;sidebar-1&#8243; _builder_version=&#8221;3.0.99&#8243;][\/et_pb_sidebar][\/et_pb_column][\/et_pb_row][\/et_pb_section]<\/p>\n","protected":false},"excerpt":{"rendered":"<p>Am 26. Juni ist Weltdrogentag, Probleme die durch Nikotin und Alkohol entstehen, werden zu wenig wahrgenommen, obwohl die beiden Abh\u00e4ngigkeiten in \u00d6sterreich Spitzereiter sind. In diesem Beitrag widmen wir uns ausnahmsweise dem Alkohol.<\/p>\n","protected":false},"author":11,"featured_media":0,"comment_status":"open","ping_status":"open","sticky":false,"template":"","format":"standard","meta":{"_et_pb_use_builder":"on","_et_pb_old_content":"<p>\u00a0<br \/>Ma\u00dfhalten ist die Empfehlung beim Konsum von Alkohol. Woran erkenne ich, ob mein Alkoholkonsum noch unter Genuss f\u00e4llt? Bin ich gef\u00e4hrdet eine Abh\u00e4ngigkeit zu entwickeln? Der Hauptverband der Sozialversicherungstr\u00e4ger informiert mit einem Buch und kurzen Videos \u00fcber Mythen und Fakten:<br \/>\u00a0<br \/><a href=\"http:\/\/www.hauptverband.at\/cdscontent\/load?contentid=10008.654731&version=1525357342\" target=\"_blank\" rel=\"noopener\"><img class=\"alignnone size-full wp-image-10350\" src=\"https:\/\/rauchfrei.at\/wp-content\/uploads\/Buch.png\" alt=\"\" width=\"120\" height=\"166\" data-id=\"10350\" \/><\/a><br \/>(C) Hauptverband der \u00f6sterreichischen Sozialversicherungstr\u00e4ger<br \/>\u00a0<br \/>Wann lehne ich \u201eein Glaserl in Ehren\u201c lieber ab, wann ist es okay, auch mal ein zweites Glas zu trinken?<br \/>\u00a0<br \/>Die Entscheidung, wann und wie viel Sie trinken, treffen Sie selbst. Wenn Sie zum Beispiel wissen wollen, ab wann Alkohol gesundheitlich negative Auswirkungen hat oder wann es ratsam ist auf Alkohol zu verzichten, dann finden Sie im Buch \u201eAlkohol \u2013 zwischen Genuss und Gefahr\u201c und in den Alkohol-Videos hilfreiche Informationen zum besseren Umgang mit Alkohol.<br \/>\u00a0<br \/>Folgende Videos bieten Informationen zu Mythen und Fakten rund um das Thema Alkohol und geben Tipps, wie Sie darauf achten k\u00f6nnen, dass Alkoholkonsum nicht schadet:<br \/>\u00a0<br \/>\u00a0<br \/><a href=\"http:\/\/www.hauptverband.at\/cdscontent\/?contentid=10007.793255&viewmode=content\" target=\"_blank\" rel=\"noopener\"><img class=\"alignnone size-full wp-image-10349\" src=\"https:\/\/rauchfrei.at\/wp-content\/uploads\/Trinke-zu-viel.png\" alt=\"\" width=\"280\" height=\"216\" data-id=\"10349\" \/><\/a><br \/>(C) Hauptverband der \u00f6sterreichischen Sozialversicherungstr\u00e4ger<br \/>\u00a0<br \/>\u201eTrinke ich zu viel?\u201c \u2013 Wenn Sie das Gef\u00fchl haben, dass Alkohol eine zu gro\u00dfe Rolle in Ihrem allt\u00e4glichen Leben spielt, finden Sie hier nicht nur das Buch kostenfrei als PDF-Download, sondern auch n\u00fctzliche Adressen sortiert nach Bundesl\u00e4ndern: <a href=\"http:\/\/www.hauptverband.at\/alkohol\">www.hauptverband.at\/alkohol<\/a><\/p>","_et_gb_content_width":"","footnotes":""},"categories":[235],"tags":[],"class_list":["post-10962","post","type-post","status-publish","format-standard","hentry","category-gesundheit-und-rauchstopp"],"yoast_head":"<!-- This site is optimized with the Yoast SEO plugin v26.2 - https:\/\/yoast.com\/wordpress\/plugins\/seo\/ -->\n<title>Alkohol \u2013 zwischen Genuss und Gefahr - Rauchfrei Telefon<\/title>\n<meta name=\"robots\" content=\"index, follow, max-snippet:-1, max-image-preview:large, max-video-preview:-1\" \/>\n<link rel=\"canonical\" href=\"https:\/\/rauchfrei.at\/alkohol-zwischen-genuss-und-gefahr\/\" \/>\n<meta property=\"og:locale\" content=\"en_US\" \/>\n<meta property=\"og:type\" content=\"article\" \/>\n<meta property=\"og:title\" content=\"Alkohol \u2013 zwischen Genuss und Gefahr - Rauchfrei Telefon\" \/>\n<meta property=\"og:description\" content=\"Am 26. Juni ist Weltdrogentag, Probleme die durch Nikotin und Alkohol entstehen, werden zu wenig wahrgenommen, obwohl die beiden Abh\u00e4ngigkeiten in \u00d6sterreich Spitzereiter sind. In diesem Beitrag widmen wir uns ausnahmsweise dem Alkohol.\" \/>\n<meta property=\"og:url\" content=\"https:\/\/rauchfrei.at\/alkohol-zwischen-genuss-und-gefahr\/\" \/>\n<meta property=\"og:site_name\" content=\"Rauchfrei Telefon\" \/>\n<meta property=\"article:published_time\" content=\"2018-06-25T08:00:44+00:00\" \/>\n<meta property=\"article:modified_time\" content=\"2020-01-15T10:56:09+00:00\" \/>\n<meta property=\"og:image\" content=\"https:\/\/rauchfrei.at\/wp-content\/uploads\/Buch.png\" \/>\n<meta name=\"author\" content=\"Andrea B\u00fcttner\" \/>\n<meta name=\"twitter:card\" content=\"summary_large_image\" \/>\n<meta name=\"twitter:label1\" content=\"Written by\" \/>\n\t<meta name=\"twitter:data1\" content=\"Andrea B\u00fcttner\" \/>\n\t<meta name=\"twitter:label2\" content=\"Est. reading time\" \/>\n\t<meta name=\"twitter:data2\" content=\"2 minutes\" \/>\n<script type=\"application\/ld+json\" class=\"yoast-schema-graph\">{\"@context\":\"https:\/\/schema.org\",\"@graph\":[{\"@type\":\"WebPage\",\"@id\":\"https:\/\/rauchfrei.at\/alkohol-zwischen-genuss-und-gefahr\/\",\"url\":\"https:\/\/rauchfrei.at\/alkohol-zwischen-genuss-und-gefahr\/\",\"name\":\"Alkohol \u2013 zwischen Genuss und Gefahr - Rauchfrei Telefon\",\"isPartOf\":{\"@id\":\"https:\/\/rauchfrei.at\/#website\"},\"primaryImageOfPage\":{\"@id\":\"https:\/\/rauchfrei.at\/alkohol-zwischen-genuss-und-gefahr\/#primaryimage\"},\"image\":{\"@id\":\"https:\/\/rauchfrei.at\/alkohol-zwischen-genuss-und-gefahr\/#primaryimage\"},\"thumbnailUrl\":\"https:\/\/rauchfrei.at\/wp-content\/uploads\/Buch.png\",\"datePublished\":\"2018-06-25T08:00:44+00:00\",\"dateModified\":\"2020-01-15T10:56:09+00:00\",\"author\":{\"@id\":\"https:\/\/rauchfrei.at\/#\/schema\/person\/7993cb8bdf02ba65fd4ec8ec38b2dbbf\"},\"inLanguage\":\"en-US\",\"potentialAction\":[{\"@type\":\"ReadAction\",\"target\":[\"https:\/\/rauchfrei.at\/alkohol-zwischen-genuss-und-gefahr\/\"]}]},{\"@type\":\"ImageObject\",\"inLanguage\":\"en-US\",\"@id\":\"https:\/\/rauchfrei.at\/alkohol-zwischen-genuss-und-gefahr\/#primaryimage\",\"url\":\"https:\/\/rauchfrei.at\/wp-content\/uploads\/Buch.png\",\"contentUrl\":\"https:\/\/rauchfrei.at\/wp-content\/uploads\/Buch.png\"},{\"@type\":\"WebSite\",\"@id\":\"https:\/\/rauchfrei.at\/#website\",\"url\":\"https:\/\/rauchfrei.at\/\",\"name\":\"Rauchfrei Telefon\",\"description\":\"Eine \u00f6sterreichweite Initiative der Sozialversicherungen.\",\"potentialAction\":[{\"@type\":\"SearchAction\",\"target\":{\"@type\":\"EntryPoint\",\"urlTemplate\":\"https:\/\/rauchfrei.at\/?s={search_term_string}\"},\"query-input\":{\"@type\":\"PropertyValueSpecification\",\"valueRequired\":true,\"valueName\":\"search_term_string\"}}],\"inLanguage\":\"en-US\"},{\"@type\":\"Person\",\"@id\":\"https:\/\/rauchfrei.at\/#\/schema\/person\/7993cb8bdf02ba65fd4ec8ec38b2dbbf\",\"name\":\"Andrea B\u00fcttner\",\"image\":{\"@type\":\"ImageObject\",\"inLanguage\":\"en-US\",\"@id\":\"https:\/\/rauchfrei.at\/#\/schema\/person\/image\/\",\"url\":\"https:\/\/secure.gravatar.com\/avatar\/0f26ab1de0c83f37b101366a1244bf5de74c6d9c0641811dc6f7fc551dad1c7f?s=96&d=mm&r=g\",\"contentUrl\":\"https:\/\/secure.gravatar.com\/avatar\/0f26ab1de0c83f37b101366a1244bf5de74c6d9c0641811dc6f7fc551dad1c7f?s=96&d=mm&r=g\",\"caption\":\"Andrea B\u00fcttner\"},\"url\":\"https:\/\/rauchfrei.at\/en\/author\/buettner\/\"}]}<\/script>\n<!-- \/ Yoast SEO plugin. -->","yoast_head_json":{"title":"Alkohol \u2013 zwischen Genuss und Gefahr - Rauchfrei Telefon","robots":{"index":"index","follow":"follow","max-snippet":"max-snippet:-1","max-image-preview":"max-image-preview:large","max-video-preview":"max-video-preview:-1"},"canonical":"https:\/\/rauchfrei.at\/alkohol-zwischen-genuss-und-gefahr\/","og_locale":"en_US","og_type":"article","og_title":"Alkohol \u2013 zwischen Genuss und Gefahr - Rauchfrei Telefon","og_description":"Am 26. Juni ist Weltdrogentag, Probleme die durch Nikotin und Alkohol entstehen, werden zu wenig wahrgenommen, obwohl die beiden Abh\u00e4ngigkeiten in \u00d6sterreich Spitzereiter sind. In diesem Beitrag widmen wir uns ausnahmsweise dem Alkohol.","og_url":"https:\/\/rauchfrei.at\/alkohol-zwischen-genuss-und-gefahr\/","og_site_name":"Rauchfrei Telefon","article_published_time":"2018-06-25T08:00:44+00:00","article_modified_time":"2020-01-15T10:56:09+00:00","og_image":[{"url":"https:\/\/rauchfrei.at\/wp-content\/uploads\/Buch.png","type":"","width":"","height":""}],"author":"Andrea B\u00fcttner","twitter_card":"summary_large_image","twitter_misc":{"Written by":"Andrea B\u00fcttner","Est. reading time":"2 minutes"},"schema":{"@context":"https:\/\/schema.org","@graph":[{"@type":"WebPage","@id":"https:\/\/rauchfrei.at\/alkohol-zwischen-genuss-und-gefahr\/","url":"https:\/\/rauchfrei.at\/alkohol-zwischen-genuss-und-gefahr\/","name":"Alkohol \u2013 zwischen Genuss und Gefahr - Rauchfrei Telefon","isPartOf":{"@id":"https:\/\/rauchfrei.at\/#website"},"primaryImageOfPage":{"@id":"https:\/\/rauchfrei.at\/alkohol-zwischen-genuss-und-gefahr\/#primaryimage"},"image":{"@id":"https:\/\/rauchfrei.at\/alkohol-zwischen-genuss-und-gefahr\/#primaryimage"},"thumbnailUrl":"https:\/\/rauchfrei.at\/wp-content\/uploads\/Buch.png","datePublished":"2018-06-25T08:00:44+00:00","dateModified":"2020-01-15T10:56:09+00:00","author":{"@id":"https:\/\/rauchfrei.at\/#\/schema\/person\/7993cb8bdf02ba65fd4ec8ec38b2dbbf"},"inLanguage":"en-US","potentialAction":[{"@type":"ReadAction","target":["https:\/\/rauchfrei.at\/alkohol-zwischen-genuss-und-gefahr\/"]}]},{"@type":"ImageObject","inLanguage":"en-US","@id":"https:\/\/rauchfrei.at\/alkohol-zwischen-genuss-und-gefahr\/#primaryimage","url":"https:\/\/rauchfrei.at\/wp-content\/uploads\/Buch.png","contentUrl":"https:\/\/rauchfrei.at\/wp-content\/uploads\/Buch.png"},{"@type":"WebSite","@id":"https:\/\/rauchfrei.at\/#website","url":"https:\/\/rauchfrei.at\/","name":"Rauchfrei Telefon","description":"Eine \u00f6sterreichweite Initiative der Sozialversicherungen.","potentialAction":[{"@type":"SearchAction","target":{"@type":"EntryPoint","urlTemplate":"https:\/\/rauchfrei.at\/?s={search_term_string}"},"query-input":{"@type":"PropertyValueSpecification","valueRequired":true,"valueName":"search_term_string"}}],"inLanguage":"en-US"},{"@type":"Person","@id":"https:\/\/rauchfrei.at\/#\/schema\/person\/7993cb8bdf02ba65fd4ec8ec38b2dbbf","name":"Andrea B\u00fcttner","image":{"@type":"ImageObject","inLanguage":"en-US","@id":"https:\/\/rauchfrei.at\/#\/schema\/person\/image\/","url":"https:\/\/secure.gravatar.com\/avatar\/0f26ab1de0c83f37b101366a1244bf5de74c6d9c0641811dc6f7fc551dad1c7f?s=96&d=mm&r=g","contentUrl":"https:\/\/secure.gravatar.com\/avatar\/0f26ab1de0c83f37b101366a1244bf5de74c6d9c0641811dc6f7fc551dad1c7f?s=96&d=mm&r=g","caption":"Andrea B\u00fcttner"},"url":"https:\/\/rauchfrei.at\/en\/author\/buettner\/"}]}},"_links":{"self":[{"href":"https:\/\/rauchfrei.at\/en\/wp-json\/wp\/v2\/posts\/10962","targetHints":{"allow":["GET"]}}],"collection":[{"href":"https:\/\/rauchfrei.at\/en\/wp-json\/wp\/v2\/posts"}],"about":[{"href":"https:\/\/rauchfrei.at\/en\/wp-json\/wp\/v2\/types\/post"}],"author":[{"embeddable":true,"href":"https:\/\/rauchfrei.at\/en\/wp-json\/wp\/v2\/users\/11"}],"replies":[{"embeddable":true,"href":"https:\/\/rauchfrei.at\/en\/wp-json\/wp\/v2\/comments?post=10962"}],"version-history":[{"count":6,"href":"https:\/\/rauchfrei.at\/en\/wp-json\/wp\/v2\/posts\/10962\/revisions"}],"predecessor-version":[{"id":24275,"href":"https:\/\/rauchfrei.at\/en\/wp-json\/wp\/v2\/posts\/10962\/revisions\/24275"}],"wp:attachment":[{"href":"https:\/\/rauchfrei.at\/en\/wp-json\/wp\/v2\/media?parent=10962"}],"wp:term":[{"taxonomy":"category","embeddable":true,"href":"https:\/\/rauchfrei.at\/en\/wp-json\/wp\/v2\/categories?post=10962"},{"taxonomy":"post_tag","embeddable":true,"href":"https:\/\/rauchfrei.at\/en\/wp-json\/wp\/v2\/tags?post=10962"}],"curies":[{"name":"wp","href":"https:\/\/api.w.org\/{rel}","templated":true}]}}