
{"id":10963,"date":"2018-07-02T10:00:23","date_gmt":"2018-07-02T08:00:23","guid":{"rendered":"https:\/\/rauchfrei.at\/?p=10356"},"modified":"2019-04-24T09:37:32","modified_gmt":"2019-04-24T07:37:32","slug":"rauchfrei-fuer-die-zahngesundheit","status":"publish","type":"post","link":"https:\/\/rauchfrei.at\/en\/rauchfrei-fuer-die-zahngesundheit\/","title":{"rendered":"Rauchfrei f\u00fcr die Zahngesundheit!"},"content":{"rendered":"<p>[et_pb_section fb_built=&#8221;1&#8243; module_class=&#8221;header&#8221; _builder_version=&#8221;3.0.99&#8243;][et_pb_row _builder_version=&#8221;3.0.99&#8243;][et_pb_column type=&#8221;4_4&#8243; _builder_version=&#8221;3.0.47&#8243;][et_pb_dp_dmb_module_10001 _builder_version=&#8221;3.21.1&#8243; z_index_tablet=&#8221;500&#8243;][\/et_pb_dp_dmb_module_10001][\/et_pb_column][\/et_pb_row][\/et_pb_section][et_pb_section fb_built=&#8221;1&#8243; _builder_version=&#8221;3.0.47&#8243;][et_pb_row _builder_version=&#8221;3.0.48&#8243; background_size=&#8221;initial&#8221; background_position=&#8221;top_left&#8221; background_repeat=&#8221;repeat&#8221;][et_pb_column type=&#8221;2_3&#8243; _builder_version=&#8221;3.0.47&#8243;][et_pb_text _builder_version=&#8221;3.21.1&#8243; z_index_tablet=&#8221;500&#8243;]<\/p>\n<h2>Es gibt kein K\u00f6rperteil, das nicht vom Rauchen betroffen ist. So auch der Mund und die Z\u00e4hne:<\/h2>\n<p>Rauchen hat direkten Einfluss auf die Zahn- und Mundgesundheit. Nicht nur die \u00e4sthetischen Aspekte wie Verf\u00e4rbungen der Z\u00e4hne, Mundgeruch und vermehrte Zahnsteinbildung k\u00f6nnen gute Gr\u00fcnde f\u00fcr ein rauchfreies Leben sein.<\/p>\n<p>Rauchen ist ein wichtiger vermeidbarer Risikofaktor f\u00fcr Tumorerkrankungen der Lippen und der Mundh\u00f6hle. Das Mundh\u00f6hlenkarzinom tritt h\u00e4ufig bei Raucherinnen und Rauchern auf.<\/p>\n<p>Zahnimplantate halten besser bei Nichtraucherinnen und Nichtrauchern, Nichtraucher haben ein geringeres Risiko an Paradontitis zu erkranken.<\/p>\n<p>Der Rauchstopp f\u00f6rdert die Durchblutung, es werden keine Giftstoffe mehr zugef\u00fchrt, die Geschmacksnerven auf der Zunge erholen sich wieder. Gute Gr\u00fcnde f\u00fcr den Rauchstopp?\u00a0 Wir helfen Ihnen dabei!<\/p>\n<h2><\/h2>\n<h2>Hier ein paar Alternativen zur Zigarette, die die Mundgesundheit f\u00f6rdern:<\/h2>\n<ul>\n<li>bei Rauchverlangen Z\u00e4hneputzen und Zahnseide verwenden<\/li>\n<li>bei Gusto eine Mundsp\u00fclung machen<\/li>\n<li>nach dem Essen einen Kaugummi kauen<\/li>\n<li>Karottensticks und Gurkensticks knabbern<\/li>\n<li>die Zunge mit einem Zungenschaber putzen<\/li>\n<li>ein Glas Wasser trinken<\/li>\n<li>die Liebste oder den Liebsten k\u00fcssen &#8211; \u00fcbrigens am Freitag dem 6.7. ist Weltkusstag \ud83d\ude09<\/li>\n<li><\/li>\n<\/ul>\n<p>Und einer unserer Tipps, wenn Sie den Rauchstopp planen lautet deshalb oft: Machen Sie sich einen Termin zur Mundhygiene aus und genie\u00dfen Sie das frische Gef\u00fchl, wenn Sie l\u00e4cheln!<\/p>\n<p><img loading=\"lazy\" decoding=\"async\" class=\" wp-image-10357\" src=\"https:\/\/rauchfrei.at\/wp-content\/uploads\/L\u00e4cheln_\u00fcberarbeitet-480x325.jpg\" alt=\"\" width=\"341\" height=\"231\" data-id=\"10357\" \/>(C) Shutterstock<\/p>\n<p>[\/et_pb_text][\/et_pb_column][et_pb_column type=&#8221;1_3&#8243; _builder_version=&#8221;3.0.47&#8243;][et_pb_sidebar area=&#8221;sidebar-1&#8243; _builder_version=&#8221;3.21.1&#8243; z_index_tablet=&#8221;500&#8243;][\/et_pb_sidebar][\/et_pb_column][\/et_pb_row][\/et_pb_section]<\/p>\n","protected":false},"excerpt":{"rendered":"<p>Wei\u00dfere Z\u00e4hne, gesundes Zahnfleisch, besserer Atem sind neben der Risikoreduktion f\u00fcr verschiedene Erkrankungen der Mundh\u00f6hle und des Zahnhalteapparats gro\u00dfe Vorteile des Rauchfrei Seins. Rauchfrei sein reduziert auch das Risiko, Zahnverlust, Zahnfleischentz\u00fcndungen, Tumorerkrankungen der Lippen und der Mundh\u00f6hle zu erleiden. <\/p>\n","protected":false},"author":11,"featured_media":0,"comment_status":"open","ping_status":"open","sticky":false,"template":"","format":"standard","meta":{"_et_pb_use_builder":"on","_et_pb_old_content":"<p>\u00a0<br \/>Es gibt kein K\u00f6rperteil, das nicht vom Rauchen betroffen ist. So auch der Mund und die Z\u00e4hne:<br \/>\u00a0<br \/>Rauchen hat direkten Einfluss auf die Zahn- und Mundgesundheit. Nicht nur die \u00e4sthetischen Aspekte wie Verf\u00e4rbungen der Z\u00e4hne, Mundgeruch und vermehrte Zahnsteinbildung k\u00f6nnen gute Gr\u00fcnde f\u00fcr ein rauchfreies Leben sein.<br \/>\u00a0<br \/>Rauchen ist ein wichtiger vermeidbarer Risikofaktor f\u00fcr Tumorerkrankungen der Lippen und der Mundh\u00f6hle. Das Mundh\u00f6hlenkarzinom tritt h\u00e4ufig bei Raucherinnen und Rauchern auf.<br \/>\u00a0<br \/>Zahnimplantate halten besser bei Nichtraucherinnen und Nichtrauchern, Nichtraucher haben ein geringeres Risiko an Paradontitis zu erkranken.<br \/>\u00a0<br \/>Der Rauchstopp f\u00f6rdert die Durchblutung, es werden keine Giftstoffe mehr zugef\u00fchrt, die Geschmacksnerven auf der Zunge erholen sich wieder. Gute Gr\u00fcnde f\u00fcr den Rauchstopp?\u00a0 Wir helfen Ihnen dabei!<br \/>\u00a0<br \/>Hier ein paar Alternativen zur Zigarette, die die Mundgesundheit f\u00f6rdern:<br \/>\u00a0<\/p><ul><li>bei Rauchverlangen Z\u00e4hneputzen und Zahnseide verwenden<\/li><li>bei Gusto eine Mundsp\u00fclung machen<\/li><li>nach dem Essen einen Kaugummi kauen<\/li><li>Karottensticks und Gurkensticks knabbern<\/li><li>die Zunge mit einem Zungenschaber putzen<\/li><li>ein Glas Wasser trinken<\/li><li>die Liebste oder den Liebsten k\u00fcssen - \u00fcbrigens am Freitag dem 6.7. ist Weltkusstag ;)<\/li><li>\u00a0<\/li><\/ul><p>Und einer unserer Tipps, wenn Sie den Rauchstopp planen lautet deshalb oft: Machen Sie sich einen Termin zur Mundhygiene aus und genie\u00dfen Sie das frische Gef\u00fchl, wenn Sie l\u00e4cheln!<br \/>\u00a0<br \/><img class=\" wp-image-10357\" src=\"https:\/\/rauchfrei.at\/wp-content\/uploads\/L\u00e4cheln_\u00fcberarbeitet-480x325.jpg\" alt=\"\" width=\"341\" height=\"231\" data-id=\"10357\" \/>(C) Shutterstock<br \/>\u00a0<br \/>\u00a0<br \/>\u00a0<br \/>\u00a0<\/p>","_et_gb_content_width":"","footnotes":""},"categories":[235],"tags":[],"class_list":["post-10963","post","type-post","status-publish","format-standard","hentry","category-gesundheit-und-rauchstopp"],"yoast_head":"<!-- This site is optimized with the Yoast SEO plugin v26.2 - https:\/\/yoast.com\/wordpress\/plugins\/seo\/ -->\n<title>Rauchfrei f\u00fcr die Zahngesundheit! - Rauchfrei Telefon<\/title>\n<meta name=\"robots\" content=\"index, follow, max-snippet:-1, max-image-preview:large, max-video-preview:-1\" \/>\n<link rel=\"canonical\" href=\"https:\/\/rauchfrei.at\/rauchfrei-fuer-die-zahngesundheit\/\" \/>\n<meta property=\"og:locale\" content=\"en_US\" \/>\n<meta property=\"og:type\" content=\"article\" \/>\n<meta property=\"og:title\" content=\"Rauchfrei f\u00fcr die Zahngesundheit! - Rauchfrei Telefon\" \/>\n<meta property=\"og:description\" content=\"Wei\u00dfere Z\u00e4hne, gesundes Zahnfleisch, besserer Atem sind neben der Risikoreduktion f\u00fcr verschiedene Erkrankungen der Mundh\u00f6hle und des Zahnhalteapparats gro\u00dfe Vorteile des Rauchfrei Seins. Rauchfrei sein reduziert auch das Risiko, Zahnverlust, Zahnfleischentz\u00fcndungen, Tumorerkrankungen der Lippen und der Mundh\u00f6hle zu erleiden.\" \/>\n<meta property=\"og:url\" content=\"https:\/\/rauchfrei.at\/rauchfrei-fuer-die-zahngesundheit\/\" \/>\n<meta property=\"og:site_name\" content=\"Rauchfrei Telefon\" \/>\n<meta property=\"article:published_time\" content=\"2018-07-02T08:00:23+00:00\" \/>\n<meta property=\"article:modified_time\" content=\"2019-04-24T07:37:32+00:00\" \/>\n<meta property=\"og:image\" content=\"https:\/\/rauchfrei.at\/wp-content\/uploads\/L\u00e4cheln_\u00fcberarbeitet-480x325.jpg\" \/>\n<meta name=\"author\" content=\"Andrea B\u00fcttner\" \/>\n<meta name=\"twitter:card\" content=\"summary_large_image\" \/>\n<meta name=\"twitter:label1\" content=\"Written by\" \/>\n\t<meta name=\"twitter:data1\" content=\"Andrea B\u00fcttner\" \/>\n\t<meta name=\"twitter:label2\" content=\"Est. reading time\" \/>\n\t<meta name=\"twitter:data2\" content=\"2 minutes\" \/>\n<script type=\"application\/ld+json\" class=\"yoast-schema-graph\">{\"@context\":\"https:\/\/schema.org\",\"@graph\":[{\"@type\":\"WebPage\",\"@id\":\"https:\/\/rauchfrei.at\/rauchfrei-fuer-die-zahngesundheit\/\",\"url\":\"https:\/\/rauchfrei.at\/rauchfrei-fuer-die-zahngesundheit\/\",\"name\":\"Rauchfrei f\u00fcr die Zahngesundheit! - Rauchfrei Telefon\",\"isPartOf\":{\"@id\":\"https:\/\/rauchfrei.at\/#website\"},\"datePublished\":\"2018-07-02T08:00:23+00:00\",\"dateModified\":\"2019-04-24T07:37:32+00:00\",\"author\":{\"@id\":\"https:\/\/rauchfrei.at\/#\/schema\/person\/7993cb8bdf02ba65fd4ec8ec38b2dbbf\"},\"inLanguage\":\"en-US\",\"potentialAction\":[{\"@type\":\"ReadAction\",\"target\":[\"https:\/\/rauchfrei.at\/rauchfrei-fuer-die-zahngesundheit\/\"]}]},{\"@type\":\"WebSite\",\"@id\":\"https:\/\/rauchfrei.at\/#website\",\"url\":\"https:\/\/rauchfrei.at\/\",\"name\":\"Rauchfrei Telefon\",\"description\":\"Eine \u00f6sterreichweite Initiative der Sozialversicherungen.\",\"potentialAction\":[{\"@type\":\"SearchAction\",\"target\":{\"@type\":\"EntryPoint\",\"urlTemplate\":\"https:\/\/rauchfrei.at\/?s={search_term_string}\"},\"query-input\":{\"@type\":\"PropertyValueSpecification\",\"valueRequired\":true,\"valueName\":\"search_term_string\"}}],\"inLanguage\":\"en-US\"},{\"@type\":\"Person\",\"@id\":\"https:\/\/rauchfrei.at\/#\/schema\/person\/7993cb8bdf02ba65fd4ec8ec38b2dbbf\",\"name\":\"Andrea B\u00fcttner\",\"image\":{\"@type\":\"ImageObject\",\"inLanguage\":\"en-US\",\"@id\":\"https:\/\/rauchfrei.at\/#\/schema\/person\/image\/\",\"url\":\"https:\/\/secure.gravatar.com\/avatar\/0f26ab1de0c83f37b101366a1244bf5de74c6d9c0641811dc6f7fc551dad1c7f?s=96&d=mm&r=g\",\"contentUrl\":\"https:\/\/secure.gravatar.com\/avatar\/0f26ab1de0c83f37b101366a1244bf5de74c6d9c0641811dc6f7fc551dad1c7f?s=96&d=mm&r=g\",\"caption\":\"Andrea B\u00fcttner\"},\"url\":\"https:\/\/rauchfrei.at\/en\/author\/buettner\/\"}]}<\/script>\n<!-- \/ Yoast SEO plugin. -->","yoast_head_json":{"title":"Rauchfrei f\u00fcr die Zahngesundheit! - Rauchfrei Telefon","robots":{"index":"index","follow":"follow","max-snippet":"max-snippet:-1","max-image-preview":"max-image-preview:large","max-video-preview":"max-video-preview:-1"},"canonical":"https:\/\/rauchfrei.at\/rauchfrei-fuer-die-zahngesundheit\/","og_locale":"en_US","og_type":"article","og_title":"Rauchfrei f\u00fcr die Zahngesundheit! - Rauchfrei Telefon","og_description":"Wei\u00dfere Z\u00e4hne, gesundes Zahnfleisch, besserer Atem sind neben der Risikoreduktion f\u00fcr verschiedene Erkrankungen der Mundh\u00f6hle und des Zahnhalteapparats gro\u00dfe Vorteile des Rauchfrei Seins. Rauchfrei sein reduziert auch das Risiko, Zahnverlust, Zahnfleischentz\u00fcndungen, Tumorerkrankungen der Lippen und der Mundh\u00f6hle zu erleiden.","og_url":"https:\/\/rauchfrei.at\/rauchfrei-fuer-die-zahngesundheit\/","og_site_name":"Rauchfrei Telefon","article_published_time":"2018-07-02T08:00:23+00:00","article_modified_time":"2019-04-24T07:37:32+00:00","og_image":[{"url":"https:\/\/rauchfrei.at\/wp-content\/uploads\/L\u00e4cheln_\u00fcberarbeitet-480x325.jpg","type":"","width":"","height":""}],"author":"Andrea B\u00fcttner","twitter_card":"summary_large_image","twitter_misc":{"Written by":"Andrea B\u00fcttner","Est. reading time":"2 minutes"},"schema":{"@context":"https:\/\/schema.org","@graph":[{"@type":"WebPage","@id":"https:\/\/rauchfrei.at\/rauchfrei-fuer-die-zahngesundheit\/","url":"https:\/\/rauchfrei.at\/rauchfrei-fuer-die-zahngesundheit\/","name":"Rauchfrei f\u00fcr die Zahngesundheit! - Rauchfrei Telefon","isPartOf":{"@id":"https:\/\/rauchfrei.at\/#website"},"datePublished":"2018-07-02T08:00:23+00:00","dateModified":"2019-04-24T07:37:32+00:00","author":{"@id":"https:\/\/rauchfrei.at\/#\/schema\/person\/7993cb8bdf02ba65fd4ec8ec38b2dbbf"},"inLanguage":"en-US","potentialAction":[{"@type":"ReadAction","target":["https:\/\/rauchfrei.at\/rauchfrei-fuer-die-zahngesundheit\/"]}]},{"@type":"WebSite","@id":"https:\/\/rauchfrei.at\/#website","url":"https:\/\/rauchfrei.at\/","name":"Rauchfrei Telefon","description":"Eine \u00f6sterreichweite Initiative der Sozialversicherungen.","potentialAction":[{"@type":"SearchAction","target":{"@type":"EntryPoint","urlTemplate":"https:\/\/rauchfrei.at\/?s={search_term_string}"},"query-input":{"@type":"PropertyValueSpecification","valueRequired":true,"valueName":"search_term_string"}}],"inLanguage":"en-US"},{"@type":"Person","@id":"https:\/\/rauchfrei.at\/#\/schema\/person\/7993cb8bdf02ba65fd4ec8ec38b2dbbf","name":"Andrea B\u00fcttner","image":{"@type":"ImageObject","inLanguage":"en-US","@id":"https:\/\/rauchfrei.at\/#\/schema\/person\/image\/","url":"https:\/\/secure.gravatar.com\/avatar\/0f26ab1de0c83f37b101366a1244bf5de74c6d9c0641811dc6f7fc551dad1c7f?s=96&d=mm&r=g","contentUrl":"https:\/\/secure.gravatar.com\/avatar\/0f26ab1de0c83f37b101366a1244bf5de74c6d9c0641811dc6f7fc551dad1c7f?s=96&d=mm&r=g","caption":"Andrea B\u00fcttner"},"url":"https:\/\/rauchfrei.at\/en\/author\/buettner\/"}]}},"_links":{"self":[{"href":"https:\/\/rauchfrei.at\/en\/wp-json\/wp\/v2\/posts\/10963","targetHints":{"allow":["GET"]}}],"collection":[{"href":"https:\/\/rauchfrei.at\/en\/wp-json\/wp\/v2\/posts"}],"about":[{"href":"https:\/\/rauchfrei.at\/en\/wp-json\/wp\/v2\/types\/post"}],"author":[{"embeddable":true,"href":"https:\/\/rauchfrei.at\/en\/wp-json\/wp\/v2\/users\/11"}],"replies":[{"embeddable":true,"href":"https:\/\/rauchfrei.at\/en\/wp-json\/wp\/v2\/comments?post=10963"}],"version-history":[{"count":5,"href":"https:\/\/rauchfrei.at\/en\/wp-json\/wp\/v2\/posts\/10963\/revisions"}],"predecessor-version":[{"id":15913,"href":"https:\/\/rauchfrei.at\/en\/wp-json\/wp\/v2\/posts\/10963\/revisions\/15913"}],"wp:attachment":[{"href":"https:\/\/rauchfrei.at\/en\/wp-json\/wp\/v2\/media?parent=10963"}],"wp:term":[{"taxonomy":"category","embeddable":true,"href":"https:\/\/rauchfrei.at\/en\/wp-json\/wp\/v2\/categories?post=10963"},{"taxonomy":"post_tag","embeddable":true,"href":"https:\/\/rauchfrei.at\/en\/wp-json\/wp\/v2\/tags?post=10963"}],"curies":[{"name":"wp","href":"https:\/\/api.w.org\/{rel}","templated":true}]}}