
{"id":10965,"date":"2018-07-16T10:00:27","date_gmt":"2018-07-16T08:00:27","guid":{"rendered":"https:\/\/rauchfrei.at\/?p=10391"},"modified":"2021-06-11T16:33:04","modified_gmt":"2021-06-11T14:33:04","slug":"experts-save-the-dates-veranstaltungen-fuer-professionisten-in-der-tabakentwoehnung-und-praevention","status":"publish","type":"post","link":"https:\/\/rauchfrei.at\/en\/experts-save-the-dates-veranstaltungen-fuer-professionisten-in-der-tabakentwoehnung-und-praevention\/","title":{"rendered":"Experts! Save the Dates!"},"content":{"rendered":"<p>[et_pb_section fb_built=&#8221;1&#8243; module_class=&#8221;header&#8221; _builder_version=&#8221;3.22&#8243;][et_pb_row _builder_version=&#8221;3.25&#8243;][et_pb_column type=&#8221;4_4&#8243; _builder_version=&#8221;3.25&#8243; custom_padding=&#8221;|||&#8221; custom_padding__hover=&#8221;|||&#8221;][et_pb_dp_dmb_module_10001 _builder_version=&#8221;4.9.4&#8243; hover_enabled=&#8221;0&#8243; z_index_tablet=&#8221;500&#8243; sticky_enabled=&#8221;0&#8243;][\/et_pb_dp_dmb_module_10001][\/et_pb_column][\/et_pb_row][\/et_pb_section][et_pb_section fb_built=&#8221;1&#8243; _builder_version=&#8221;3.22&#8243;][et_pb_row _builder_version=&#8221;3.25&#8243; background_size=&#8221;initial&#8221; background_position=&#8221;top_left&#8221; background_repeat=&#8221;repeat&#8221; column_structure=&#8221;2_3,1_3&#8243;][et_pb_column type=&#8221;2_3&#8243; _builder_version=&#8221;3.25&#8243; custom_padding=&#8221;|||&#8221; custom_padding__hover=&#8221;|||&#8221;][et_pb_text _builder_version=&#8221;4.9.4&#8243; background_size=&#8221;initial&#8221; background_position=&#8221;top_left&#8221; background_repeat=&#8221;repeat&#8221; hover_enabled=&#8221;0&#8243; sticky_enabled=&#8221;0&#8243;]<\/p>\n<p><strong>Veranstaltungen f\u00fcr Professionisten in der Tabakentw\u00f6hnung und -pr\u00e4vention<\/strong><\/p>\n<p>Den Auftakt macht von 6.-8. September die <strong>18. Europ\u00e4ische Konferenz der Society for Research in Nicotine and Tobacco (SRNT) Europe <\/strong>in M\u00fcnchen zum Thema \u201eSmoking and Disease\u201c.<\/p>\n<p>Direkt anschlie\u00dfend\u00a0 von\u00a0 8. &#8211;\u00a0 9. September folgt die <strong>4. Fachtagung Tabakentw\u00f6hnung<\/strong>, die ebenfalls im \u00a0Klinikum der Ludwig-Maximilians-Universit\u00e4t stattfindet.<\/p>\n<p>Am 4.10. findet das <strong>Vernetzungstreffen der Tabakentw\u00f6hner\/innen<\/strong> in Wien statt, das vom Hauptverband der Sozialversicherungstr\u00e4ger\u00a0 zwei Mal j\u00e4hrlich rotierend in \u00d6sterreich veranstaltet wird. Fachlicher Input, Austausch und Vernetzung von Professionisten in der Tabakentw\u00f6hnung sind Ziel der Veranstaltung. F\u00fcr genauere Infos melden Sie sich bitte unter \u00a0<a href=\"mailto:info@rauchfrei.at\" target=\"_blank\" rel=\"noopener noreferrer\">info@rauchfrei.at<\/a>.<\/p>\n<p>In Linz findet von 18. bis 19. Oktober die <a href=\"http:\/\/www.ogp-kongress.at\/\" target=\"_blank\" rel=\"noopener noreferrer\"><strong>42. Jahrestagung der \u00f6sterreichischen Gesellschaft f\u00fcr Pneumologie<\/strong><\/a> statt.<\/p>\n<p>In Kooperation mit dem <a href=\"http:\/\/www.gesundheitsfonds-steiermark.at\/\" target=\"_blank\" rel=\"noopener noreferrer\">Gesundheitsfonds Steiermark<\/a>\u00a0und dem\u00a0<a href=\"http:\/\/www.fgoe.org\/\" target=\"_blank\" rel=\"noopener noreferrer\">Fonds Gesundes \u00d6sterreich<\/a>\u00a0findet die <a href=\"https:\/\/oepgk.at\/veranstaltung\/konferenz-2018\/\" target=\"_blank\" rel=\"noopener noreferrer\"><strong>4. \u00d6PGK-Konferenz<\/strong><\/a> am 24.10.2018 im Messecongress Graz statt. Das diesj\u00e4hrige Thema lautet \u201eEinfach gesund entscheiden\u201c.<\/p>\n<p>Die <a href=\"http:\/\/www.ongkg.at\/konferenzen.html\" target=\"_blank\" rel=\"noopener noreferrer\"><strong>23. \u00d6sterreichische Konferenz Gesundheitsf\u00f6rdernder Krankenh\u00e4user und Gesundheitseinrichtungen<\/strong><\/a>, zugleich 12. \u00d6sterreichische Konferenz Rauchfreier Gesundheitseinrichtungen findet vom 15. bis 16. November 2018 im LKH-Univ. Klinikum Graz statt.<\/p>\n<p>Den Abschluss macht auch heuer die <a href=\"https:\/\/www.dkfz.de\/de\/tabakkontrolle\/Deutsche_Konferenzen_fuer_Tabakkontrolle.html\" target=\"_blank\" rel=\"noopener noreferrer\"><strong>Deutsche Konferenz f\u00fcr Tabakkontrolle<\/strong><\/a> in Heidelberg. Vom \u00a012. bis 13.12. findet zum 16. Mal die Tagung statt, die neue und umfassende Aspekte zum Thema Tabakkontrolle, -entw\u00f6hnung und -pr\u00e4vention vorstellt.<\/p>\n<ul>\n<li><a href=\"https:\/\/www.srnt.org\/\">https:\/\/www.srnt.org\/<\/a><\/li>\n<li><a href=\"http:\/\/www.ogp-kongress.at\/\" target=\"_blank\" rel=\"noopener noreferrer\">http:\/\/www.ogp-kongress.at\/ <\/a><\/li>\n<li><a href=\"https:\/\/oepgk.at\/veranstaltung\/konferenz-2018\/\" target=\"_blank\" rel=\"noopener noreferrer\">https:\/\/oepgk.at\/veranstaltung\/konferenz-2018\/ <\/a><\/li>\n<li><a href=\"http:\/\/www.ongkg.at\/konferenzen.html\" target=\"_blank\" rel=\"noopener noreferrer\">http:\/\/www.ongkg.at\/konferenzen.html<\/a><\/li>\n<li><a href=\"https:\/\/www.dkfz.de\/de\/tabakkontrolle\/Deutsche_Konferenzen_fuer_Tabakkontrolle.html\" target=\"_blank\" rel=\"noopener noreferrer\">https:\/\/www.dkfz.de\/de\/tabakkontrolle\/Deutsche_Konferenzen_fuer_Tabakkontrolle.html<\/a><\/li>\n<\/ul>\n<p>&nbsp;<\/p>\n<p>[\/et_pb_text][\/et_pb_column][et_pb_column type=&#8221;1_3&#8243; _builder_version=&#8221;3.25&#8243; custom_padding=&#8221;|||&#8221; custom_padding__hover=&#8221;|||&#8221;][et_pb_sidebar area=&#8221;sidebar-1&#8243; _builder_version=&#8221;3.0.99&#8243;][\/et_pb_sidebar][\/et_pb_column][\/et_pb_row][\/et_pb_section]<\/p>\n","protected":false},"excerpt":{"rendered":"<p>Im Herbst finden einige Veranstaltungen statt, die f\u00fcr Expertinnen und Experten der Tabakentw\u00f6hnung und \u2013pr\u00e4vention  interessant sind. Hier finden Sie eine chronologische Zusammenstellung \u00f6sterreichischer und deutscher Veranstaltungen bis Ende des Jahres.<\/p>\n","protected":false},"author":11,"featured_media":0,"comment_status":"open","ping_status":"open","sticky":false,"template":"","format":"standard","meta":{"_et_pb_use_builder":"on","_et_pb_old_content":"<p><strong>Veranstaltungen f\u00fcr Professionisten in der Tabakentw\u00f6hnung und -pr\u00e4vention<\/strong><br \/>\u00a0<br \/>Den Auftakt macht von 6.-8. September die <a href=\"https:\/\/www.srnt-e-munich.com\/\" target=\"_blank\" rel=\"noopener\"><strong>18. Europ\u00e4ische Konferenz der Society for Research in Nicotine and Tobacco (SRNT) Europe <\/strong><\/a>in M\u00fcnchen zum Thema \u201eSmoking and Disease\u201c.<br \/>\u00a0<br \/>Direkt anschlie\u00dfend\u00a0 von\u00a0 8. -\u00a0 9. September folgt die <a href=\"https:\/\/www.srnt-e-munich.com\/fachtagung\/\" target=\"_blank\" rel=\"noopener\"><strong>4. Fachtagung Tabakentw\u00f6hnung<\/strong><\/a>, die ebenfalls im \u00a0Klinikum der Ludwig-Maximilians-Universit\u00e4t stattfindet.<br \/>\u00a0<br \/>Am 4.10. findet das <strong>Vernetzungstreffen der Tabakentw\u00f6hner\/innen<\/strong> in Wien statt, das vom Hauptverband der Sozialversicherungstr\u00e4ger\u00a0 zwei Mal j\u00e4hrlich rotierend in \u00d6sterreich veranstaltet wird. Fachlicher Input, Austausch und Vernetzung von Professionisten in der Tabakentw\u00f6hnung sind Ziel der Veranstaltung. F\u00fcr genauere Infos melden Sie sich bitte unter \u00a0<a href=\"mailto:info@rauchfrei.at\" target=\"_blank\" rel=\"noopener\">info@rauchfrei.at<\/a>.<br \/>\u00a0<br \/>In Linz findet von 18. bis 19. Oktober die <a href=\"http:\/\/www.ogp-kongress.at\/\" target=\"_blank\" rel=\"noopener\"><strong>42. Jahrestagung der \u00f6sterreichischen Gesellschaft f\u00fcr Pneumologie<\/strong><\/a> statt.<br \/>\u00a0<br \/>In Kooperation mit dem <a href=\"http:\/\/www.gesundheitsfonds-steiermark.at\/\" target=\"_blank\" rel=\"noopener\">Gesundheitsfonds Steiermark<\/a>\u00a0und dem\u00a0<a href=\"http:\/\/www.fgoe.org\/\" target=\"_blank\" rel=\"noopener\">Fonds Gesundes \u00d6sterreich<\/a>\u00a0findet die <a href=\"https:\/\/oepgk.at\/veranstaltung\/konferenz-2018\/\" target=\"_blank\" rel=\"noopener\"><strong>4. \u00d6PGK-Konferenz<\/strong><\/a> am 24.10.2018 im Messecongress Graz statt. Das diesj\u00e4hrige Thema lautet \u201eEinfach gesund entscheiden\u201c.<br \/>\u00a0<br \/>Die <a href=\"http:\/\/www.ongkg.at\/konferenzen.html\" target=\"_blank\" rel=\"noopener\"><strong>23. \u00d6sterreichische Konferenz Gesundheitsf\u00f6rdernder Krankenh\u00e4user und Gesundheitseinrichtungen<\/strong><\/a>, zugleich 12. \u00d6sterreichische Konferenz Rauchfreier Gesundheitseinrichtungen findet vom 15. bis 16. November 2018 im LKH-Univ. Klinikum Graz statt.<br \/>\u00a0<br \/>Den Abschluss macht auch heuer die <a href=\"https:\/\/www.dkfz.de\/de\/tabakkontrolle\/Deutsche_Konferenzen_fuer_Tabakkontrolle.html\" target=\"_blank\" rel=\"noopener\"><strong>Deutsche Konferenz f\u00fcr Tabakkontrolle<\/strong><\/a> in Heidelberg. Vom \u00a012. bis 13.12. findet zum 16. Mal die Tagung statt, die neue und umfassende Aspekte zum Thema Tabakkontrolle, -entw\u00f6hnung und -pr\u00e4vention vorstellt.<br \/>\u00a0<\/p><ul><li><a href=\"https:\/\/www.srnt-e-munich.com\/\">https:\/\/www.srnt-e-munich.com\/<\/a><\/li><li><a href=\"https:\/\/www.srnt-e-munich.com\/fachtagung\" target=\"_blank\" rel=\"noopener\">https:\/\/www.srnt-e-munich.com\/fachtagung<\/a><\/li><li><a href=\"http:\/\/www.ogp-kongress.at\/\" target=\"_blank\" rel=\"noopener\">http:\/\/www.ogp-kongress.at\/ <\/a><\/li><li><a href=\"https:\/\/oepgk.at\/veranstaltung\/konferenz-2018\/\" target=\"_blank\" rel=\"noopener\">https:\/\/oepgk.at\/veranstaltung\/konferenz-2018\/ <\/a><\/li><li><a href=\"http:\/\/www.ongkg.at\/konferenzen.html\" target=\"_blank\" rel=\"noopener\">http:\/\/www.ongkg.at\/konferenzen.html<\/a><\/li><li><a href=\"https:\/\/www.dkfz.de\/de\/tabakkontrolle\/Deutsche_Konferenzen_fuer_Tabakkontrolle.html\" target=\"_blank\" rel=\"noopener\">https:\/\/www.dkfz.de\/de\/tabakkontrolle\/Deutsche_Konferenzen_fuer_Tabakkontrolle.html<\/a><\/li><\/ul><p>\u00a0<\/p>","_et_gb_content_width":"","footnotes":""},"categories":[237,234],"tags":[],"class_list":["post-10965","post","type-post","status-publish","format-standard","hentry","category-literatur-und-hintergrundwissen","category-oesterreichweite-angebote-zur-entwoehnung"],"yoast_head":"<!-- This site is optimized with the Yoast SEO plugin v26.2 - https:\/\/yoast.com\/wordpress\/plugins\/seo\/ -->\n<title>Experts! Save the Dates! - Rauchfrei Telefon<\/title>\n<meta name=\"robots\" content=\"index, follow, max-snippet:-1, max-image-preview:large, max-video-preview:-1\" \/>\n<link rel=\"canonical\" href=\"https:\/\/rauchfrei.at\/experts-save-the-dates-veranstaltungen-fuer-professionisten-in-der-tabakentwoehnung-und-praevention\/\" \/>\n<meta property=\"og:locale\" content=\"en_US\" \/>\n<meta property=\"og:type\" content=\"article\" \/>\n<meta property=\"og:title\" content=\"Experts! Save the Dates! - Rauchfrei Telefon\" \/>\n<meta property=\"og:description\" content=\"Im Herbst finden einige Veranstaltungen statt, die f\u00fcr Expertinnen und Experten der Tabakentw\u00f6hnung und \u2013pr\u00e4vention interessant sind. Hier finden Sie eine chronologische Zusammenstellung \u00f6sterreichischer und deutscher Veranstaltungen bis Ende des Jahres.\" \/>\n<meta property=\"og:url\" content=\"https:\/\/rauchfrei.at\/experts-save-the-dates-veranstaltungen-fuer-professionisten-in-der-tabakentwoehnung-und-praevention\/\" \/>\n<meta property=\"og:site_name\" content=\"Rauchfrei Telefon\" \/>\n<meta property=\"article:published_time\" content=\"2018-07-16T08:00:27+00:00\" \/>\n<meta property=\"article:modified_time\" content=\"2021-06-11T14:33:04+00:00\" \/>\n<meta name=\"author\" content=\"Andrea B\u00fcttner\" \/>\n<meta name=\"twitter:card\" content=\"summary_large_image\" \/>\n<meta name=\"twitter:label1\" content=\"Written by\" \/>\n\t<meta name=\"twitter:data1\" content=\"Andrea B\u00fcttner\" \/>\n\t<meta name=\"twitter:label2\" content=\"Est. reading time\" \/>\n\t<meta name=\"twitter:data2\" content=\"2 minutes\" \/>\n<script type=\"application\/ld+json\" class=\"yoast-schema-graph\">{\"@context\":\"https:\/\/schema.org\",\"@graph\":[{\"@type\":\"WebPage\",\"@id\":\"https:\/\/rauchfrei.at\/experts-save-the-dates-veranstaltungen-fuer-professionisten-in-der-tabakentwoehnung-und-praevention\/\",\"url\":\"https:\/\/rauchfrei.at\/experts-save-the-dates-veranstaltungen-fuer-professionisten-in-der-tabakentwoehnung-und-praevention\/\",\"name\":\"Experts! Save the Dates! - Rauchfrei Telefon\",\"isPartOf\":{\"@id\":\"https:\/\/rauchfrei.at\/#website\"},\"datePublished\":\"2018-07-16T08:00:27+00:00\",\"dateModified\":\"2021-06-11T14:33:04+00:00\",\"author\":{\"@id\":\"https:\/\/rauchfrei.at\/#\/schema\/person\/7993cb8bdf02ba65fd4ec8ec38b2dbbf\"},\"inLanguage\":\"en-US\",\"potentialAction\":[{\"@type\":\"ReadAction\",\"target\":[\"https:\/\/rauchfrei.at\/experts-save-the-dates-veranstaltungen-fuer-professionisten-in-der-tabakentwoehnung-und-praevention\/\"]}]},{\"@type\":\"WebSite\",\"@id\":\"https:\/\/rauchfrei.at\/#website\",\"url\":\"https:\/\/rauchfrei.at\/\",\"name\":\"Rauchfrei Telefon\",\"description\":\"Eine \u00f6sterreichweite Initiative der Sozialversicherungen.\",\"potentialAction\":[{\"@type\":\"SearchAction\",\"target\":{\"@type\":\"EntryPoint\",\"urlTemplate\":\"https:\/\/rauchfrei.at\/?s={search_term_string}\"},\"query-input\":{\"@type\":\"PropertyValueSpecification\",\"valueRequired\":true,\"valueName\":\"search_term_string\"}}],\"inLanguage\":\"en-US\"},{\"@type\":\"Person\",\"@id\":\"https:\/\/rauchfrei.at\/#\/schema\/person\/7993cb8bdf02ba65fd4ec8ec38b2dbbf\",\"name\":\"Andrea B\u00fcttner\",\"image\":{\"@type\":\"ImageObject\",\"inLanguage\":\"en-US\",\"@id\":\"https:\/\/rauchfrei.at\/#\/schema\/person\/image\/\",\"url\":\"https:\/\/secure.gravatar.com\/avatar\/0f26ab1de0c83f37b101366a1244bf5de74c6d9c0641811dc6f7fc551dad1c7f?s=96&d=mm&r=g\",\"contentUrl\":\"https:\/\/secure.gravatar.com\/avatar\/0f26ab1de0c83f37b101366a1244bf5de74c6d9c0641811dc6f7fc551dad1c7f?s=96&d=mm&r=g\",\"caption\":\"Andrea B\u00fcttner\"},\"url\":\"https:\/\/rauchfrei.at\/en\/author\/buettner\/\"}]}<\/script>\n<!-- \/ Yoast SEO plugin. -->","yoast_head_json":{"title":"Experts! Save the Dates! - Rauchfrei Telefon","robots":{"index":"index","follow":"follow","max-snippet":"max-snippet:-1","max-image-preview":"max-image-preview:large","max-video-preview":"max-video-preview:-1"},"canonical":"https:\/\/rauchfrei.at\/experts-save-the-dates-veranstaltungen-fuer-professionisten-in-der-tabakentwoehnung-und-praevention\/","og_locale":"en_US","og_type":"article","og_title":"Experts! Save the Dates! - Rauchfrei Telefon","og_description":"Im Herbst finden einige Veranstaltungen statt, die f\u00fcr Expertinnen und Experten der Tabakentw\u00f6hnung und \u2013pr\u00e4vention interessant sind. Hier finden Sie eine chronologische Zusammenstellung \u00f6sterreichischer und deutscher Veranstaltungen bis Ende des Jahres.","og_url":"https:\/\/rauchfrei.at\/experts-save-the-dates-veranstaltungen-fuer-professionisten-in-der-tabakentwoehnung-und-praevention\/","og_site_name":"Rauchfrei Telefon","article_published_time":"2018-07-16T08:00:27+00:00","article_modified_time":"2021-06-11T14:33:04+00:00","author":"Andrea B\u00fcttner","twitter_card":"summary_large_image","twitter_misc":{"Written by":"Andrea B\u00fcttner","Est. reading time":"2 minutes"},"schema":{"@context":"https:\/\/schema.org","@graph":[{"@type":"WebPage","@id":"https:\/\/rauchfrei.at\/experts-save-the-dates-veranstaltungen-fuer-professionisten-in-der-tabakentwoehnung-und-praevention\/","url":"https:\/\/rauchfrei.at\/experts-save-the-dates-veranstaltungen-fuer-professionisten-in-der-tabakentwoehnung-und-praevention\/","name":"Experts! Save the Dates! - Rauchfrei Telefon","isPartOf":{"@id":"https:\/\/rauchfrei.at\/#website"},"datePublished":"2018-07-16T08:00:27+00:00","dateModified":"2021-06-11T14:33:04+00:00","author":{"@id":"https:\/\/rauchfrei.at\/#\/schema\/person\/7993cb8bdf02ba65fd4ec8ec38b2dbbf"},"inLanguage":"en-US","potentialAction":[{"@type":"ReadAction","target":["https:\/\/rauchfrei.at\/experts-save-the-dates-veranstaltungen-fuer-professionisten-in-der-tabakentwoehnung-und-praevention\/"]}]},{"@type":"WebSite","@id":"https:\/\/rauchfrei.at\/#website","url":"https:\/\/rauchfrei.at\/","name":"Rauchfrei Telefon","description":"Eine \u00f6sterreichweite Initiative der Sozialversicherungen.","potentialAction":[{"@type":"SearchAction","target":{"@type":"EntryPoint","urlTemplate":"https:\/\/rauchfrei.at\/?s={search_term_string}"},"query-input":{"@type":"PropertyValueSpecification","valueRequired":true,"valueName":"search_term_string"}}],"inLanguage":"en-US"},{"@type":"Person","@id":"https:\/\/rauchfrei.at\/#\/schema\/person\/7993cb8bdf02ba65fd4ec8ec38b2dbbf","name":"Andrea B\u00fcttner","image":{"@type":"ImageObject","inLanguage":"en-US","@id":"https:\/\/rauchfrei.at\/#\/schema\/person\/image\/","url":"https:\/\/secure.gravatar.com\/avatar\/0f26ab1de0c83f37b101366a1244bf5de74c6d9c0641811dc6f7fc551dad1c7f?s=96&d=mm&r=g","contentUrl":"https:\/\/secure.gravatar.com\/avatar\/0f26ab1de0c83f37b101366a1244bf5de74c6d9c0641811dc6f7fc551dad1c7f?s=96&d=mm&r=g","caption":"Andrea B\u00fcttner"},"url":"https:\/\/rauchfrei.at\/en\/author\/buettner\/"}]}},"_links":{"self":[{"href":"https:\/\/rauchfrei.at\/en\/wp-json\/wp\/v2\/posts\/10965","targetHints":{"allow":["GET"]}}],"collection":[{"href":"https:\/\/rauchfrei.at\/en\/wp-json\/wp\/v2\/posts"}],"about":[{"href":"https:\/\/rauchfrei.at\/en\/wp-json\/wp\/v2\/types\/post"}],"author":[{"embeddable":true,"href":"https:\/\/rauchfrei.at\/en\/wp-json\/wp\/v2\/users\/11"}],"replies":[{"embeddable":true,"href":"https:\/\/rauchfrei.at\/en\/wp-json\/wp\/v2\/comments?post=10965"}],"version-history":[{"count":7,"href":"https:\/\/rauchfrei.at\/en\/wp-json\/wp\/v2\/posts\/10965\/revisions"}],"predecessor-version":[{"id":20969,"href":"https:\/\/rauchfrei.at\/en\/wp-json\/wp\/v2\/posts\/10965\/revisions\/20969"}],"wp:attachment":[{"href":"https:\/\/rauchfrei.at\/en\/wp-json\/wp\/v2\/media?parent=10965"}],"wp:term":[{"taxonomy":"category","embeddable":true,"href":"https:\/\/rauchfrei.at\/en\/wp-json\/wp\/v2\/categories?post=10965"},{"taxonomy":"post_tag","embeddable":true,"href":"https:\/\/rauchfrei.at\/en\/wp-json\/wp\/v2\/tags?post=10965"}],"curies":[{"name":"wp","href":"https:\/\/api.w.org\/{rel}","templated":true}]}}