
{"id":10966,"date":"2018-07-23T13:57:34","date_gmt":"2018-07-23T11:57:34","guid":{"rendered":"https:\/\/rauchfrei.at\/?p=10399"},"modified":"2022-04-28T14:57:14","modified_gmt":"2022-04-28T12:57:14","slug":"generation-rauchfrei","status":"publish","type":"post","link":"https:\/\/rauchfrei.at\/en\/generation-rauchfrei\/","title":{"rendered":"Generation Rauchfrei"},"content":{"rendered":"<p>[et_pb_section fb_built=&#8221;1&#8243; module_class=&#8221;header&#8221; _builder_version=&#8221;4.16&#8243; global_colors_info=&#8221;{}&#8221;][et_pb_row _builder_version=&#8221;4.16&#8243; global_colors_info=&#8221;{}&#8221;][et_pb_column type=&#8221;4_4&#8243; _builder_version=&#8221;4.16&#8243; custom_padding=&#8221;|||&#8221; global_colors_info=&#8221;{}&#8221; custom_padding__hover=&#8221;|||&#8221;][et_pb_dp_dmb_module_10001 _builder_version=&#8221;4.16&#8243; z_index_tablet=&#8221;500&#8243; global_colors_info=&#8221;{}&#8221;][\/et_pb_dp_dmb_module_10001][\/et_pb_column][\/et_pb_row][\/et_pb_section][et_pb_section fb_built=&#8221;1&#8243; _builder_version=&#8221;4.16&#8243; global_colors_info=&#8221;{}&#8221;][et_pb_row _builder_version=&#8221;4.16&#8243; background_size=&#8221;initial&#8221; background_position=&#8221;top_left&#8221; background_repeat=&#8221;repeat&#8221; global_colors_info=&#8221;{}&#8221; column_structure=&#8221;2_3,1_3&#8243;][et_pb_column type=&#8221;2_3&#8243; _builder_version=&#8221;4.16&#8243; custom_padding=&#8221;|||&#8221; global_colors_info=&#8221;{}&#8221; custom_padding__hover=&#8221;|||&#8221;][et_pb_text _builder_version=&#8221;4.17.1&#8243; hover_enabled=&#8221;0&#8243; global_colors_info=&#8221;{}&#8221; sticky_enabled=&#8221;0&#8243;]<\/p>\n<p>&#8220;Generation Rauchfrei &#8221;\u00a0sind junge Menschen, denen der Nichtraucher\/innenschutz am Herzen liegt und die sich f\u00fcr eine rauchfreie Gastronomie einsetzen. Sie m\u00f6chten sich in dieser Hinsicht der Verantwortung ihrer und der nachfolgenden Generationen stellen.<\/p>\n<p><a href=\"https:\/\/www.generationrauchfrei.at\/\" target=\"_blank\" rel=\"noopener noreferrer\"><img loading=\"lazy\" decoding=\"async\" class=\"wp-image-10406 alignleft\" src=\"https:\/\/rauchfrei.at\/wp-content\/uploads\/Social-Media-Netzwerksharepic-foto-480x480.jpg\" alt=\"\" data-id=\"10406\" width=\"333\" height=\"333\" \/><\/a>Entstanden ist die Initiative Generation Rauchfrei aus einer Kooperation der Austrian Medical Students&#8217; Association (AMSA) mit dem Akademischen Fachverein \u00d6sterreichischer Pharmazeut\/innen (AF\u00d6P).<\/p>\n<p>Die Eintragungswoche\u00a0 f\u00fcr das Don\u2019t smoke-Volksbegehren ist von 1. bis 8. Oktober 2018. Das Ziel von Generation Rauchfrei ist es ihren Beitrag zur Erreichung von mindestens 900.000 Unterschriften zu leisten.<\/p>\n<p>591.146 \u00f6sterreichische Staatsb\u00fcrger\/innen haben bereits das Don\u2019t smoke- Volksbegehren unterschrieben.<\/p>\n<p>Wie k\u00f6nnen SIE das Projekt unterst\u00fctzen? Tragen Sie sich, so wie viele andere auch schon, hier als Unterst\u00fctzerIn von Generation Rauchfrei ein!<\/p>\n<p>Schauen Sie auf der Homepage www.generationrauchfrei.at vorbei, bzw. folgen Sie Generation Rauchfrei auf Facebook, Instagram oder Twitter. So werden Sie \u00fcber alle M\u00f6glichkeiten zur Unterst\u00fctzung, die Ihnen individuell zusagen, informiert und \u00fcber aktuelle Themen und Events am Laufenden gehalten.<\/p>\n<p><a href=\"https:\/\/www.generationrauchfrei.at\/\" target=\"_blank\" rel=\"noopener noreferrer\"><img loading=\"lazy\" decoding=\"async\" class=\"wp-image-10407 alignnone\" src=\"https:\/\/rauchfrei.at\/wp-content\/uploads\/Social-Media-Netzwerksharepic-pfeile-480x480.jpg\" alt=\"\" data-id=\"10407\" width=\"349\" height=\"349\" \/><\/a><\/p>\n<p>Links:<br \/>www.generationrauchfrei.at<br \/>dontsmoke.at<\/p>\n<p>[\/et_pb_text][\/et_pb_column][et_pb_column type=&#8221;1_3&#8243; _builder_version=&#8221;4.16&#8243; custom_padding=&#8221;|||&#8221; global_colors_info=&#8221;{}&#8221; custom_padding__hover=&#8221;|||&#8221;][et_pb_sidebar area=&#8221;sidebar-1&#8243; _builder_version=&#8221;4.16&#8243; z_index_tablet=&#8221;500&#8243; global_colors_info=&#8221;{}&#8221;][\/et_pb_sidebar][\/et_pb_column][\/et_pb_row][\/et_pb_section]<\/p>\n","protected":false},"excerpt":{"rendered":"<p>Heute m\u00f6chten wir Ihnen ein Projekt vorstellen, das uns begeistert! Generation Rauchfrei ist eine junge, dynamische und unabh\u00e4ngige Studierendenbewegung. Das Ziel von Generation Rauchfrei ist es, einen Beitrag f\u00fcr das Don\u2019t-Smoke-Volksbegehren zu leisten und mit evidenzbasierten Fakten die Vorteile einer rauchfreien Gastronomie aufzuzeigen.<\/p>\n","protected":false},"author":11,"featured_media":0,"comment_status":"open","ping_status":"open","sticky":false,"template":"","format":"standard","meta":{"_et_pb_use_builder":"on","_et_pb_old_content":"<p>\u00a0<br \/><a href=\"https:\/\/www.generationrauchfrei.at\/\" target=\"_blank\" rel=\"noopener\">\"Generation Rauchfrei \"<\/a>\u00a0sind junge Menschen, denen der Nichtraucher\/innenschutz am Herzen liegt und die sich f\u00fcr eine rauchfreie Gastronomie einsetzen. Sie m\u00f6chten sich in dieser Hinsicht der Verantwortung ihrer und der nachfolgenden Generationen stellen.<br \/>\u00a0<br \/><a href=\"https:\/\/www.generationrauchfrei.at\/\" target=\"_blank\" rel=\"noopener\"><img class=\"wp-image-10406 aligncenter\" src=\"https:\/\/rauchfrei.at\/wp-content\/uploads\/Social-Media-Netzwerksharepic-foto-480x480.jpg\" alt=\"\" width=\"333\" height=\"333\" data-id=\"10406\" \/><\/a><br \/>\u00a0<br \/>Entstanden ist die Initiative Generation Rauchfrei aus einer Kooperation der Austrian Medical Students' Association (AMSA) mit dem Akademischen Fachverein \u00d6sterreichischer Pharmazeut\/innen (AF\u00d6P).<br \/>\u00a0<br \/>Die Eintragungswoche\u00a0 f\u00fcr das <a href=\"https:\/\/dontsmoke.at\/\" target=\"_blank\" rel=\"noopener\">Don\u2019t smoke-Volksbegehren<\/a> ist von 1. bis 8. Oktober 2018. Das Ziel von Generation Rauchfrei ist es ihren Beitrag zur Erreichung von mindestens 900.000 Unterschriften zu leisten.<br \/>\u00a0<br \/>591.146 \u00f6sterreichische Staatsb\u00fcrger\/innen haben bereits das <a href=\"https:\/\/dontsmoke.at\/\" target=\"_blank\" rel=\"noopener\">Don\u2019t smoke- Volksbegehren <\/a>unterschrieben.<br \/>\u00a0<br \/>Wie k\u00f6nnen SIE das Projekt unterst\u00fctzen? Tragen Sie sich, so wie viele andere auch schon, hier als Unterst\u00fctzerIn von Generation Rauchfrei ein!<br \/>\u00a0<br \/>\u00a0<br \/>Schauen Sie auf der Homepage <a href=\"https:\/\/www.generationrauchfrei.at\/\" target=\"_blank\" rel=\"noopener\">www.generationrauchfrei.at <\/a>vorbei, bzw. folgen Sie Generation Rauchfrei auf Facebook, Instagram oder Twitter. So werden Sie \u00fcber alle M\u00f6glichkeiten zur Unterst\u00fctzung, die Ihnen individuell zusagen, informiert und \u00fcber aktuelle Themen und Events am Laufenden gehalten.<br \/>\u00a0<br \/><a href=\"https:\/\/www.generationrauchfrei.at\/\" target=\"_blank\" rel=\"noopener\"><img class=\" wp-image-10407 aligncenter\" src=\"https:\/\/rauchfrei.at\/wp-content\/uploads\/Social-Media-Netzwerksharepic-pfeile-480x480.jpg\" alt=\"\" width=\"349\" height=\"349\" data-id=\"10407\" \/><\/a><br \/>\u00a0<br \/>Links:<br \/><a href=\"https:\/\/www.generationrauchfrei.at\/\" target=\"_blank\" rel=\"noopener\">www.generationrauchfrei.at<\/a><br \/><a href=\"https:\/\/dontsmoke.at\/\" target=\"_blank\" rel=\"noopener\">dontsmoke.at<\/a><br \/>\u00a0<br \/>\u00a0<br \/>\u00a0<br \/>\u00a0<br \/>\u00a0<\/p>","_et_gb_content_width":"","footnotes":""},"categories":[236],"tags":[],"class_list":["post-10966","post","type-post","status-publish","format-standard","hentry","category-nicht-kategorisiert"],"yoast_head":"<!-- This site is optimized with the Yoast SEO plugin v26.2 - https:\/\/yoast.com\/wordpress\/plugins\/seo\/ -->\n<title>Generation Rauchfrei - Rauchfrei Telefon<\/title>\n<meta name=\"robots\" content=\"index, follow, max-snippet:-1, max-image-preview:large, max-video-preview:-1\" \/>\n<link rel=\"canonical\" href=\"https:\/\/rauchfrei.at\/generation-rauchfrei\/\" \/>\n<meta property=\"og:locale\" content=\"en_US\" \/>\n<meta property=\"og:type\" content=\"article\" \/>\n<meta property=\"og:title\" content=\"Generation Rauchfrei - Rauchfrei Telefon\" \/>\n<meta property=\"og:description\" content=\"Heute m\u00f6chten wir Ihnen ein Projekt vorstellen, das uns begeistert! Generation Rauchfrei ist eine junge, dynamische und unabh\u00e4ngige Studierendenbewegung. Das Ziel von Generation Rauchfrei ist es, einen Beitrag f\u00fcr das Don\u2019t-Smoke-Volksbegehren zu leisten und mit evidenzbasierten Fakten die Vorteile einer rauchfreien Gastronomie aufzuzeigen.\" \/>\n<meta property=\"og:url\" content=\"https:\/\/rauchfrei.at\/generation-rauchfrei\/\" \/>\n<meta property=\"og:site_name\" content=\"Rauchfrei Telefon\" \/>\n<meta property=\"article:published_time\" content=\"2018-07-23T11:57:34+00:00\" \/>\n<meta property=\"article:modified_time\" content=\"2022-04-28T12:57:14+00:00\" \/>\n<meta property=\"og:image\" content=\"https:\/\/rauchfrei.at\/wp-content\/uploads\/Social-Media-Netzwerksharepic-foto-480x480.jpg\" \/>\n<meta name=\"author\" content=\"Andrea B\u00fcttner\" \/>\n<meta name=\"twitter:card\" content=\"summary_large_image\" \/>\n<meta name=\"twitter:label1\" content=\"Written by\" \/>\n\t<meta name=\"twitter:data1\" content=\"Andrea B\u00fcttner\" \/>\n\t<meta name=\"twitter:label2\" content=\"Est. reading time\" \/>\n\t<meta name=\"twitter:data2\" content=\"2 minutes\" \/>\n<script type=\"application\/ld+json\" class=\"yoast-schema-graph\">{\"@context\":\"https:\/\/schema.org\",\"@graph\":[{\"@type\":\"WebPage\",\"@id\":\"https:\/\/rauchfrei.at\/generation-rauchfrei\/\",\"url\":\"https:\/\/rauchfrei.at\/generation-rauchfrei\/\",\"name\":\"Generation Rauchfrei - Rauchfrei Telefon\",\"isPartOf\":{\"@id\":\"https:\/\/rauchfrei.at\/#website\"},\"primaryImageOfPage\":{\"@id\":\"https:\/\/rauchfrei.at\/generation-rauchfrei\/#primaryimage\"},\"image\":{\"@id\":\"https:\/\/rauchfrei.at\/generation-rauchfrei\/#primaryimage\"},\"thumbnailUrl\":\"https:\/\/rauchfrei.at\/wp-content\/uploads\/Social-Media-Netzwerksharepic-foto-480x480.jpg\",\"datePublished\":\"2018-07-23T11:57:34+00:00\",\"dateModified\":\"2022-04-28T12:57:14+00:00\",\"author\":{\"@id\":\"https:\/\/rauchfrei.at\/#\/schema\/person\/7993cb8bdf02ba65fd4ec8ec38b2dbbf\"},\"inLanguage\":\"en-US\",\"potentialAction\":[{\"@type\":\"ReadAction\",\"target\":[\"https:\/\/rauchfrei.at\/generation-rauchfrei\/\"]}]},{\"@type\":\"ImageObject\",\"inLanguage\":\"en-US\",\"@id\":\"https:\/\/rauchfrei.at\/generation-rauchfrei\/#primaryimage\",\"url\":\"https:\/\/rauchfrei.at\/wp-content\/uploads\/Social-Media-Netzwerksharepic-foto-480x480.jpg\",\"contentUrl\":\"https:\/\/rauchfrei.at\/wp-content\/uploads\/Social-Media-Netzwerksharepic-foto-480x480.jpg\"},{\"@type\":\"WebSite\",\"@id\":\"https:\/\/rauchfrei.at\/#website\",\"url\":\"https:\/\/rauchfrei.at\/\",\"name\":\"Rauchfrei Telefon\",\"description\":\"Eine \u00f6sterreichweite Initiative der Sozialversicherungen.\",\"potentialAction\":[{\"@type\":\"SearchAction\",\"target\":{\"@type\":\"EntryPoint\",\"urlTemplate\":\"https:\/\/rauchfrei.at\/?s={search_term_string}\"},\"query-input\":{\"@type\":\"PropertyValueSpecification\",\"valueRequired\":true,\"valueName\":\"search_term_string\"}}],\"inLanguage\":\"en-US\"},{\"@type\":\"Person\",\"@id\":\"https:\/\/rauchfrei.at\/#\/schema\/person\/7993cb8bdf02ba65fd4ec8ec38b2dbbf\",\"name\":\"Andrea B\u00fcttner\",\"image\":{\"@type\":\"ImageObject\",\"inLanguage\":\"en-US\",\"@id\":\"https:\/\/rauchfrei.at\/#\/schema\/person\/image\/\",\"url\":\"https:\/\/secure.gravatar.com\/avatar\/0f26ab1de0c83f37b101366a1244bf5de74c6d9c0641811dc6f7fc551dad1c7f?s=96&d=mm&r=g\",\"contentUrl\":\"https:\/\/secure.gravatar.com\/avatar\/0f26ab1de0c83f37b101366a1244bf5de74c6d9c0641811dc6f7fc551dad1c7f?s=96&d=mm&r=g\",\"caption\":\"Andrea B\u00fcttner\"},\"url\":\"https:\/\/rauchfrei.at\/en\/author\/buettner\/\"}]}<\/script>\n<!-- \/ Yoast SEO plugin. -->","yoast_head_json":{"title":"Generation Rauchfrei - Rauchfrei Telefon","robots":{"index":"index","follow":"follow","max-snippet":"max-snippet:-1","max-image-preview":"max-image-preview:large","max-video-preview":"max-video-preview:-1"},"canonical":"https:\/\/rauchfrei.at\/generation-rauchfrei\/","og_locale":"en_US","og_type":"article","og_title":"Generation Rauchfrei - Rauchfrei Telefon","og_description":"Heute m\u00f6chten wir Ihnen ein Projekt vorstellen, das uns begeistert! Generation Rauchfrei ist eine junge, dynamische und unabh\u00e4ngige Studierendenbewegung. Das Ziel von Generation Rauchfrei ist es, einen Beitrag f\u00fcr das Don\u2019t-Smoke-Volksbegehren zu leisten und mit evidenzbasierten Fakten die Vorteile einer rauchfreien Gastronomie aufzuzeigen.","og_url":"https:\/\/rauchfrei.at\/generation-rauchfrei\/","og_site_name":"Rauchfrei Telefon","article_published_time":"2018-07-23T11:57:34+00:00","article_modified_time":"2022-04-28T12:57:14+00:00","og_image":[{"url":"https:\/\/rauchfrei.at\/wp-content\/uploads\/Social-Media-Netzwerksharepic-foto-480x480.jpg","type":"","width":"","height":""}],"author":"Andrea B\u00fcttner","twitter_card":"summary_large_image","twitter_misc":{"Written by":"Andrea B\u00fcttner","Est. reading time":"2 minutes"},"schema":{"@context":"https:\/\/schema.org","@graph":[{"@type":"WebPage","@id":"https:\/\/rauchfrei.at\/generation-rauchfrei\/","url":"https:\/\/rauchfrei.at\/generation-rauchfrei\/","name":"Generation Rauchfrei - Rauchfrei Telefon","isPartOf":{"@id":"https:\/\/rauchfrei.at\/#website"},"primaryImageOfPage":{"@id":"https:\/\/rauchfrei.at\/generation-rauchfrei\/#primaryimage"},"image":{"@id":"https:\/\/rauchfrei.at\/generation-rauchfrei\/#primaryimage"},"thumbnailUrl":"https:\/\/rauchfrei.at\/wp-content\/uploads\/Social-Media-Netzwerksharepic-foto-480x480.jpg","datePublished":"2018-07-23T11:57:34+00:00","dateModified":"2022-04-28T12:57:14+00:00","author":{"@id":"https:\/\/rauchfrei.at\/#\/schema\/person\/7993cb8bdf02ba65fd4ec8ec38b2dbbf"},"inLanguage":"en-US","potentialAction":[{"@type":"ReadAction","target":["https:\/\/rauchfrei.at\/generation-rauchfrei\/"]}]},{"@type":"ImageObject","inLanguage":"en-US","@id":"https:\/\/rauchfrei.at\/generation-rauchfrei\/#primaryimage","url":"https:\/\/rauchfrei.at\/wp-content\/uploads\/Social-Media-Netzwerksharepic-foto-480x480.jpg","contentUrl":"https:\/\/rauchfrei.at\/wp-content\/uploads\/Social-Media-Netzwerksharepic-foto-480x480.jpg"},{"@type":"WebSite","@id":"https:\/\/rauchfrei.at\/#website","url":"https:\/\/rauchfrei.at\/","name":"Rauchfrei Telefon","description":"Eine \u00f6sterreichweite Initiative der Sozialversicherungen.","potentialAction":[{"@type":"SearchAction","target":{"@type":"EntryPoint","urlTemplate":"https:\/\/rauchfrei.at\/?s={search_term_string}"},"query-input":{"@type":"PropertyValueSpecification","valueRequired":true,"valueName":"search_term_string"}}],"inLanguage":"en-US"},{"@type":"Person","@id":"https:\/\/rauchfrei.at\/#\/schema\/person\/7993cb8bdf02ba65fd4ec8ec38b2dbbf","name":"Andrea B\u00fcttner","image":{"@type":"ImageObject","inLanguage":"en-US","@id":"https:\/\/rauchfrei.at\/#\/schema\/person\/image\/","url":"https:\/\/secure.gravatar.com\/avatar\/0f26ab1de0c83f37b101366a1244bf5de74c6d9c0641811dc6f7fc551dad1c7f?s=96&d=mm&r=g","contentUrl":"https:\/\/secure.gravatar.com\/avatar\/0f26ab1de0c83f37b101366a1244bf5de74c6d9c0641811dc6f7fc551dad1c7f?s=96&d=mm&r=g","caption":"Andrea B\u00fcttner"},"url":"https:\/\/rauchfrei.at\/en\/author\/buettner\/"}]}},"_links":{"self":[{"href":"https:\/\/rauchfrei.at\/en\/wp-json\/wp\/v2\/posts\/10966","targetHints":{"allow":["GET"]}}],"collection":[{"href":"https:\/\/rauchfrei.at\/en\/wp-json\/wp\/v2\/posts"}],"about":[{"href":"https:\/\/rauchfrei.at\/en\/wp-json\/wp\/v2\/types\/post"}],"author":[{"embeddable":true,"href":"https:\/\/rauchfrei.at\/en\/wp-json\/wp\/v2\/users\/11"}],"replies":[{"embeddable":true,"href":"https:\/\/rauchfrei.at\/en\/wp-json\/wp\/v2\/comments?post=10966"}],"version-history":[{"count":7,"href":"https:\/\/rauchfrei.at\/en\/wp-json\/wp\/v2\/posts\/10966\/revisions"}],"predecessor-version":[{"id":23640,"href":"https:\/\/rauchfrei.at\/en\/wp-json\/wp\/v2\/posts\/10966\/revisions\/23640"}],"wp:attachment":[{"href":"https:\/\/rauchfrei.at\/en\/wp-json\/wp\/v2\/media?parent=10966"}],"wp:term":[{"taxonomy":"category","embeddable":true,"href":"https:\/\/rauchfrei.at\/en\/wp-json\/wp\/v2\/categories?post=10966"},{"taxonomy":"post_tag","embeddable":true,"href":"https:\/\/rauchfrei.at\/en\/wp-json\/wp\/v2\/tags?post=10966"}],"curies":[{"name":"wp","href":"https:\/\/api.w.org\/{rel}","templated":true}]}}