
{"id":10970,"date":"2018-08-27T10:00:47","date_gmt":"2018-08-27T08:00:47","guid":{"rendered":"https:\/\/rauchfrei.at\/?p=10477"},"modified":"2019-04-12T11:28:23","modified_gmt":"2019-04-12T09:28:23","slug":"gemeinsam-rauchfrei-in-den-herbst","status":"publish","type":"post","link":"https:\/\/rauchfrei.at\/en\/gemeinsam-rauchfrei-in-den-herbst\/","title":{"rendered":"Gemeinsam rauchfrei in den Herbst!"},"content":{"rendered":"<p>[et_pb_section bb_built=&#8221;1&#8243; module_class=&#8221;header&#8221; _builder_version=&#8221;3.0.99&#8243; next_background_color=&#8221;#000000&#8243;][et_pb_row _builder_version=&#8221;3.0.99&#8243;][et_pb_column type=&#8221;4_4&#8243;][et_pb_dp_dmb_module_10001 _builder_version=&#8221;3.21.1&#8243; z_index_tablet=&#8221;500&#8243;]<\/p>\n<p><\/p>\n<p>[\/et_pb_dp_dmb_module_10001][\/et_pb_column][\/et_pb_row][\/et_pb_section][et_pb_section bb_built=&#8221;1&#8243; _builder_version=&#8221;3.0.47&#8243; prev_background_color=&#8221;#000000&#8243;][et_pb_row _builder_version=&#8221;3.0.48&#8243; background_size=&#8221;initial&#8221; background_position=&#8221;top_left&#8221; background_repeat=&#8221;repeat&#8221;][et_pb_column type=&#8221;2_3&#8243;][et_pb_text _builder_version=&#8221;3.15&#8243;]<\/p>\n<p>Zigarettenpackung wegwerfen und aufh\u00f6ren! Sie haben es sich so einfach vorgestellt? Vielen f\u00e4llt es gerade im Sommer schwer mit dem Rauchen aufzuh\u00f6ren. Urlaube, Grillfeiern und andere Feste sind ohne Zigarette oft nicht vorstellbar.<\/p>\n<p>Sie wollen im Herbst endlich besser durchatmen k\u00f6nnen und w\u00fcnschen sich mehr Ausdauer und Geld?<\/p>\n<p>Dann ist jetzt die Gelegenheit, rauchfrei in den Herbst zu starten! Gemeinsam in der Gruppe, f\u00e4llt es vielen leichter rauchfrei zu werden.<\/p>\n<p><strong>Wo finde ich Rauchfrei-Kurse in meiner N\u00e4he?<\/strong><\/p>\n<p>Hier finden Sie Rauchfrei-Kurse nach Bundesl\u00e4ndern sortiert:<br \/> <a href=\"https:\/\/rauchfrei.at\/aufhoeren\/weitere-beratungsangebote-in-oe\/ambulante-beratung\/\" target=\"_blank\" rel=\"noopener noreferrer\">Beratungsangebote in \u00d6sterreich<\/a><\/p>\n<p><em>Unterst\u00fctzung beim Weg in die Rauchfreiheit erhalten Sie auch beim Rauchfrei Telefon unter 0800 810 013.<\/em><\/p>\n<p>[\/et_pb_text][\/et_pb_column][et_pb_column type=&#8221;1_3&#8243;][et_pb_sidebar area=&#8221;sidebar-1&#8243; _builder_version=&#8221;3.0.99&#8243;]<\/p>\n<p><\/p>\n<p>[\/et_pb_sidebar][\/et_pb_column][\/et_pb_row][\/et_pb_section]<\/p>\n","protected":false},"excerpt":{"rendered":"<p>Mit den herbstlichen Temperaturen erh\u00f6ht sich meist die Motivation zum Rauchstopp. Wir wissen: Raucherinnen und Raucher, die Unterst\u00fctzung annehmen, haben deutlich h\u00f6here Erfolgsquoten.<\/p>\n","protected":false},"author":11,"featured_media":0,"comment_status":"open","ping_status":"open","sticky":false,"template":"","format":"standard","meta":{"_et_pb_use_builder":"on","_et_pb_old_content":"<p>\u00a0<br \/>Zigarettenpackung wegwerfen und aufh\u00f6ren! Sie haben es sich so einfach vorgestellt? Vielen f\u00e4llt es gerade im Sommer schwer mit dem Rauchen aufzuh\u00f6ren. Urlaube, Grillfeiern und andere Feste sind ohne Zigarette oft nicht vorstellbar.<br \/>\u00a0<br \/>Sie wollen im Herbst endlich besser durchatmen k\u00f6nnen und w\u00fcnschen sich mehr Ausdauer und Geld?<br \/>\u00a0<br \/>Dann ist jetzt die Gelegenheit, rauchfrei in den Herbst zu starten! Gemeinsam in der Gruppe, f\u00e4llt es vielen leichter rauchfrei zu werden.<br \/>\u00a0<br \/>Wo finde ich Rauchfrei-Kurse in meiner N\u00e4he?<br \/>\u00a0<br \/>Hier finden Sie Rauchfrei-Kurse nach Bundesl\u00e4ndern sortiert:<br \/><a href=\"https:\/\/rauchfrei.at\/aufhoeren\/weitere-beratungsangebote-in-oe\/ambulante-beratung\/\" target=\"_blank\" rel=\"noopener\">Beratungsangebote in \u00d6sterreich<\/a><br \/>\u00a0<br \/>Unterst\u00fctzung beim Weg in die Rauchfreiheit erhalten Sie auch beim Rauchfrei Telefon unter 0800 810 013.<\/p>","_et_gb_content_width":"","footnotes":""},"categories":[234],"tags":[],"class_list":["post-10970","post","type-post","status-publish","format-standard","hentry","category-oesterreichweite-angebote-zur-entwoehnung"],"yoast_head":"<!-- This site is optimized with the Yoast SEO plugin v26.2 - https:\/\/yoast.com\/wordpress\/plugins\/seo\/ -->\n<title>Gemeinsam rauchfrei in den Herbst! - Rauchfrei Telefon<\/title>\n<meta name=\"robots\" content=\"index, follow, max-snippet:-1, max-image-preview:large, max-video-preview:-1\" \/>\n<link rel=\"canonical\" href=\"https:\/\/rauchfrei.at\/gemeinsam-rauchfrei-in-den-herbst\/\" \/>\n<meta property=\"og:locale\" content=\"en_US\" \/>\n<meta property=\"og:type\" content=\"article\" \/>\n<meta property=\"og:title\" content=\"Gemeinsam rauchfrei in den Herbst! - Rauchfrei Telefon\" \/>\n<meta property=\"og:description\" content=\"Mit den herbstlichen Temperaturen erh\u00f6ht sich meist die Motivation zum Rauchstopp. Wir wissen: Raucherinnen und Raucher, die Unterst\u00fctzung annehmen, haben deutlich h\u00f6here Erfolgsquoten.\" \/>\n<meta property=\"og:url\" content=\"https:\/\/rauchfrei.at\/gemeinsam-rauchfrei-in-den-herbst\/\" \/>\n<meta property=\"og:site_name\" content=\"Rauchfrei Telefon\" \/>\n<meta property=\"article:published_time\" content=\"2018-08-27T08:00:47+00:00\" \/>\n<meta property=\"article:modified_time\" content=\"2019-04-12T09:28:23+00:00\" \/>\n<meta name=\"author\" content=\"Andrea B\u00fcttner\" \/>\n<meta name=\"twitter:card\" content=\"summary_large_image\" \/>\n<meta name=\"twitter:label1\" content=\"Written by\" \/>\n\t<meta name=\"twitter:data1\" content=\"Andrea B\u00fcttner\" \/>\n\t<meta name=\"twitter:label2\" content=\"Est. reading time\" \/>\n\t<meta name=\"twitter:data2\" content=\"1 minute\" \/>\n<script type=\"application\/ld+json\" class=\"yoast-schema-graph\">{\"@context\":\"https:\/\/schema.org\",\"@graph\":[{\"@type\":\"WebPage\",\"@id\":\"https:\/\/rauchfrei.at\/gemeinsam-rauchfrei-in-den-herbst\/\",\"url\":\"https:\/\/rauchfrei.at\/gemeinsam-rauchfrei-in-den-herbst\/\",\"name\":\"Gemeinsam rauchfrei in den Herbst! - Rauchfrei Telefon\",\"isPartOf\":{\"@id\":\"https:\/\/rauchfrei.at\/#website\"},\"datePublished\":\"2018-08-27T08:00:47+00:00\",\"dateModified\":\"2019-04-12T09:28:23+00:00\",\"author\":{\"@id\":\"https:\/\/rauchfrei.at\/#\/schema\/person\/7993cb8bdf02ba65fd4ec8ec38b2dbbf\"},\"inLanguage\":\"en-US\",\"potentialAction\":[{\"@type\":\"ReadAction\",\"target\":[\"https:\/\/rauchfrei.at\/gemeinsam-rauchfrei-in-den-herbst\/\"]}]},{\"@type\":\"WebSite\",\"@id\":\"https:\/\/rauchfrei.at\/#website\",\"url\":\"https:\/\/rauchfrei.at\/\",\"name\":\"Rauchfrei Telefon\",\"description\":\"Eine \u00f6sterreichweite Initiative der Sozialversicherungen.\",\"potentialAction\":[{\"@type\":\"SearchAction\",\"target\":{\"@type\":\"EntryPoint\",\"urlTemplate\":\"https:\/\/rauchfrei.at\/?s={search_term_string}\"},\"query-input\":{\"@type\":\"PropertyValueSpecification\",\"valueRequired\":true,\"valueName\":\"search_term_string\"}}],\"inLanguage\":\"en-US\"},{\"@type\":\"Person\",\"@id\":\"https:\/\/rauchfrei.at\/#\/schema\/person\/7993cb8bdf02ba65fd4ec8ec38b2dbbf\",\"name\":\"Andrea B\u00fcttner\",\"image\":{\"@type\":\"ImageObject\",\"inLanguage\":\"en-US\",\"@id\":\"https:\/\/rauchfrei.at\/#\/schema\/person\/image\/\",\"url\":\"https:\/\/secure.gravatar.com\/avatar\/0f26ab1de0c83f37b101366a1244bf5de74c6d9c0641811dc6f7fc551dad1c7f?s=96&d=mm&r=g\",\"contentUrl\":\"https:\/\/secure.gravatar.com\/avatar\/0f26ab1de0c83f37b101366a1244bf5de74c6d9c0641811dc6f7fc551dad1c7f?s=96&d=mm&r=g\",\"caption\":\"Andrea B\u00fcttner\"},\"url\":\"https:\/\/rauchfrei.at\/en\/author\/buettner\/\"}]}<\/script>\n<!-- \/ Yoast SEO plugin. -->","yoast_head_json":{"title":"Gemeinsam rauchfrei in den Herbst! - Rauchfrei Telefon","robots":{"index":"index","follow":"follow","max-snippet":"max-snippet:-1","max-image-preview":"max-image-preview:large","max-video-preview":"max-video-preview:-1"},"canonical":"https:\/\/rauchfrei.at\/gemeinsam-rauchfrei-in-den-herbst\/","og_locale":"en_US","og_type":"article","og_title":"Gemeinsam rauchfrei in den Herbst! - Rauchfrei Telefon","og_description":"Mit den herbstlichen Temperaturen erh\u00f6ht sich meist die Motivation zum Rauchstopp. Wir wissen: Raucherinnen und Raucher, die Unterst\u00fctzung annehmen, haben deutlich h\u00f6here Erfolgsquoten.","og_url":"https:\/\/rauchfrei.at\/gemeinsam-rauchfrei-in-den-herbst\/","og_site_name":"Rauchfrei Telefon","article_published_time":"2018-08-27T08:00:47+00:00","article_modified_time":"2019-04-12T09:28:23+00:00","author":"Andrea B\u00fcttner","twitter_card":"summary_large_image","twitter_misc":{"Written by":"Andrea B\u00fcttner","Est. reading time":"1 minute"},"schema":{"@context":"https:\/\/schema.org","@graph":[{"@type":"WebPage","@id":"https:\/\/rauchfrei.at\/gemeinsam-rauchfrei-in-den-herbst\/","url":"https:\/\/rauchfrei.at\/gemeinsam-rauchfrei-in-den-herbst\/","name":"Gemeinsam rauchfrei in den Herbst! - Rauchfrei Telefon","isPartOf":{"@id":"https:\/\/rauchfrei.at\/#website"},"datePublished":"2018-08-27T08:00:47+00:00","dateModified":"2019-04-12T09:28:23+00:00","author":{"@id":"https:\/\/rauchfrei.at\/#\/schema\/person\/7993cb8bdf02ba65fd4ec8ec38b2dbbf"},"inLanguage":"en-US","potentialAction":[{"@type":"ReadAction","target":["https:\/\/rauchfrei.at\/gemeinsam-rauchfrei-in-den-herbst\/"]}]},{"@type":"WebSite","@id":"https:\/\/rauchfrei.at\/#website","url":"https:\/\/rauchfrei.at\/","name":"Rauchfrei Telefon","description":"Eine \u00f6sterreichweite Initiative der Sozialversicherungen.","potentialAction":[{"@type":"SearchAction","target":{"@type":"EntryPoint","urlTemplate":"https:\/\/rauchfrei.at\/?s={search_term_string}"},"query-input":{"@type":"PropertyValueSpecification","valueRequired":true,"valueName":"search_term_string"}}],"inLanguage":"en-US"},{"@type":"Person","@id":"https:\/\/rauchfrei.at\/#\/schema\/person\/7993cb8bdf02ba65fd4ec8ec38b2dbbf","name":"Andrea B\u00fcttner","image":{"@type":"ImageObject","inLanguage":"en-US","@id":"https:\/\/rauchfrei.at\/#\/schema\/person\/image\/","url":"https:\/\/secure.gravatar.com\/avatar\/0f26ab1de0c83f37b101366a1244bf5de74c6d9c0641811dc6f7fc551dad1c7f?s=96&d=mm&r=g","contentUrl":"https:\/\/secure.gravatar.com\/avatar\/0f26ab1de0c83f37b101366a1244bf5de74c6d9c0641811dc6f7fc551dad1c7f?s=96&d=mm&r=g","caption":"Andrea B\u00fcttner"},"url":"https:\/\/rauchfrei.at\/en\/author\/buettner\/"}]}},"_links":{"self":[{"href":"https:\/\/rauchfrei.at\/en\/wp-json\/wp\/v2\/posts\/10970","targetHints":{"allow":["GET"]}}],"collection":[{"href":"https:\/\/rauchfrei.at\/en\/wp-json\/wp\/v2\/posts"}],"about":[{"href":"https:\/\/rauchfrei.at\/en\/wp-json\/wp\/v2\/types\/post"}],"author":[{"embeddable":true,"href":"https:\/\/rauchfrei.at\/en\/wp-json\/wp\/v2\/users\/11"}],"replies":[{"embeddable":true,"href":"https:\/\/rauchfrei.at\/en\/wp-json\/wp\/v2\/comments?post=10970"}],"version-history":[{"count":5,"href":"https:\/\/rauchfrei.at\/en\/wp-json\/wp\/v2\/posts\/10970\/revisions"}],"predecessor-version":[{"id":15843,"href":"https:\/\/rauchfrei.at\/en\/wp-json\/wp\/v2\/posts\/10970\/revisions\/15843"}],"wp:attachment":[{"href":"https:\/\/rauchfrei.at\/en\/wp-json\/wp\/v2\/media?parent=10970"}],"wp:term":[{"taxonomy":"category","embeddable":true,"href":"https:\/\/rauchfrei.at\/en\/wp-json\/wp\/v2\/categories?post=10970"},{"taxonomy":"post_tag","embeddable":true,"href":"https:\/\/rauchfrei.at\/en\/wp-json\/wp\/v2\/tags?post=10970"}],"curies":[{"name":"wp","href":"https:\/\/api.w.org\/{rel}","templated":true}]}}