
{"id":12702,"date":"2018-09-24T10:00:57","date_gmt":"2018-09-24T08:00:57","guid":{"rendered":"http:\/\/rauchfrei.at\/?p=12702"},"modified":"2020-12-22T14:23:30","modified_gmt":"2020-12-22T12:23:30","slug":"alle-41-minuten-stirbt-in-oesterreich-ein-mensch-an-den-folgen-des-rauchens","status":"publish","type":"post","link":"https:\/\/rauchfrei.at\/en\/alle-41-minuten-stirbt-in-oesterreich-ein-mensch-an-den-folgen-des-rauchens\/","title":{"rendered":"Alle 41 Minuten stirbt in \u00d6sterreich ein Mensch an den Folgen des Rauchens"},"content":{"rendered":"<p>[et_pb_section fb_built=&#8221;1&#8243; module_class=&#8221;header&#8221; _builder_version=&#8221;3.22&#8243;][et_pb_row _builder_version=&#8221;3.25&#8243;][et_pb_column type=&#8221;4_4&#8243; _builder_version=&#8221;3.25&#8243; custom_padding=&#8221;|||&#8221; custom_padding__hover=&#8221;|||&#8221;][et_pb_dp_dmb_module_10001 subheadline=&#8221;Die Folgen des Rauchens sind ersch\u00fctternd.&#8221; _builder_version=&#8221;4.7.6&#8243; hover_enabled=&#8221;0&#8243; sticky_enabled=&#8221;0&#8243;][\/et_pb_dp_dmb_module_10001][\/et_pb_column][\/et_pb_row][\/et_pb_section][et_pb_section fb_built=&#8221;1&#8243; _builder_version=&#8221;3.22&#8243;][et_pb_row column_structure=&#8221;2_3,1_3&#8243; _builder_version=&#8221;3.25&#8243; background_size=&#8221;initial&#8221; background_position=&#8221;top_left&#8221; background_repeat=&#8221;repeat&#8221;][et_pb_column type=&#8221;2_3&#8243; _builder_version=&#8221;3.25&#8243; custom_padding=&#8221;|||&#8221; custom_padding__hover=&#8221;|||&#8221;][et_pb_text _builder_version=&#8221;4.7.6&#8243;]<\/p>\n<p><strong>Rauchen kostet Lebenszeit<\/strong><\/p>\n<p>Im Jahr 2016 wurden in \u00d6sterreich rund 13 000 Todesf\u00e4lle aufgrund von Rauchtabakkonsum verzeichnet. Das sind 16 Prozent aller Verstorbenen. Davon wurden 230 Todesf\u00e4lle durch Passivrauch verursacht. Auch die Lebenserwartung ist reduziert: sie sinkt bei m\u00e4nnlichen Aktiv-Rauchern um 7,5\u00a0Jahre, bei Raucherinnen um 6,3 Jahre. Passivrauch kostet die Betroffenen sieben Monate Lebenszeit.<\/p>\n<p>&nbsp;<\/p>\n<p><strong>Rauchen kostet Geld<\/strong><\/p>\n<p>Das Argument, dass Raucher\/innen f\u00fcr den Staat aus Kostengr\u00fcnden interessant sind, widerlegt die umfassende Studie eindeutig. Die volkswirtschaftlichen Kosten die durch das Rauchen der Bev\u00f6lkerung entstehen \u00fcbersteigen bei weitem die Einnahmen. Rechnet man alle Folgekosten durch das Rauchen zusammen und zieht die Einnahmen durch die Tabaksteuer und die Pensionseinsparungen durch die k\u00fcrzere Lebenszeit von Raucher\/innen bleiben Kosten von \u00a0664,7 Mio. \u20ac pro Jahr, die der Staat tragen muss.<\/p>\n<p>&nbsp;<\/p>\n<p>Die gesamte Studie finden Sie <a href=\"https:\/\/www.ihs.ac.at\/about\/public-relations\/press-releases\/2018\/volkswirtschaftliche-effekte-des-rauchens\" target=\"_blank\" rel=\"noopener noreferrer\">hier .<\/a><\/p>\n<p>&nbsp;<\/p>\n<p><strong>Gesundheit ist unbezahlbar<\/strong><\/p>\n<p>Gesundheit und Lebensqualit\u00e4t sind f\u00fcr Betroffene und ihre Familien nicht in Geld auszudr\u00fccken. Der Rauchstopp hilft in jedem Fall dabei die Kostenseite zu reduzieren und die Nutzenseite v.a. durch Lebensqualit\u00e4t zu st\u00e4rken.<\/p>\n<p>&nbsp;<\/p>\n<p>Gerne helfen wir am Rauchfrei Telefon Ihre Gewinne durchs Nichtrauchen zu erh\u00f6hen &#8211; rufen Sie uns einfach an\u00a0 &#8211; 0800 810 013!<\/p>\n<p>[\/et_pb_text][\/et_pb_column][et_pb_column type=&#8221;1_3&#8243; _builder_version=&#8221;3.25&#8243; custom_padding=&#8221;|||&#8221; custom_padding__hover=&#8221;|||&#8221;][et_pb_sidebar area=&#8221;sidebar-1&#8243; _builder_version=&#8221;3.15&#8243;][\/et_pb_sidebar][\/et_pb_column][\/et_pb_row][\/et_pb_section]<\/p>\n","protected":false},"excerpt":{"rendered":"<p>In der Pressekonferenz des Instituts f\u00fcr H\u00f6here Studien und wissenschaftliche Forschung  (IHS)  wurde die Studie \u201eVolkswirtschaftliche Effekte des Rauchens &#8211; ein Update\u201c  zu den Folgen des Tabakkonsums pr\u00e4sentiert. <\/p>\n","protected":false},"author":17,"featured_media":0,"comment_status":"open","ping_status":"open","sticky":false,"template":"","format":"standard","meta":{"_et_pb_use_builder":"on","_et_pb_old_content":"","_et_gb_content_width":"","footnotes":""},"categories":[235,237],"tags":[],"class_list":["post-12702","post","type-post","status-publish","format-standard","hentry","category-gesundheit-und-rauchstopp","category-literatur-und-hintergrundwissen"],"yoast_head":"<!-- This site is optimized with the Yoast SEO plugin v26.2 - https:\/\/yoast.com\/wordpress\/plugins\/seo\/ -->\n<title>Alle 41 Minuten stirbt in \u00d6sterreich ein Mensch an den Folgen des Rauchens - Rauchfrei Telefon<\/title>\n<meta name=\"robots\" content=\"index, follow, max-snippet:-1, max-image-preview:large, max-video-preview:-1\" \/>\n<link rel=\"canonical\" href=\"https:\/\/rauchfrei.at\/alle-41-minuten-stirbt-in-oesterreich-ein-mensch-an-den-folgen-des-rauchens\/\" \/>\n<meta property=\"og:locale\" content=\"en_US\" \/>\n<meta property=\"og:type\" content=\"article\" \/>\n<meta property=\"og:title\" content=\"Alle 41 Minuten stirbt in \u00d6sterreich ein Mensch an den Folgen des Rauchens - Rauchfrei Telefon\" \/>\n<meta property=\"og:description\" content=\"In der Pressekonferenz des Instituts f\u00fcr H\u00f6here Studien und wissenschaftliche Forschung (IHS) wurde die Studie \u201eVolkswirtschaftliche Effekte des Rauchens - ein Update\u201c zu den Folgen des Tabakkonsums pr\u00e4sentiert.\" \/>\n<meta property=\"og:url\" content=\"https:\/\/rauchfrei.at\/alle-41-minuten-stirbt-in-oesterreich-ein-mensch-an-den-folgen-des-rauchens\/\" \/>\n<meta property=\"og:site_name\" content=\"Rauchfrei Telefon\" \/>\n<meta property=\"article:published_time\" content=\"2018-09-24T08:00:57+00:00\" \/>\n<meta property=\"article:modified_time\" content=\"2020-12-22T12:23:30+00:00\" \/>\n<meta name=\"author\" content=\"Gastkommentar\" \/>\n<meta name=\"twitter:card\" content=\"summary_large_image\" \/>\n<meta name=\"twitter:label1\" content=\"Written by\" \/>\n\t<meta name=\"twitter:data1\" content=\"Gastkommentar\" \/>\n\t<meta name=\"twitter:label2\" content=\"Est. reading time\" \/>\n\t<meta name=\"twitter:data2\" content=\"2 minutes\" \/>\n<script type=\"application\/ld+json\" class=\"yoast-schema-graph\">{\"@context\":\"https:\/\/schema.org\",\"@graph\":[{\"@type\":\"WebPage\",\"@id\":\"https:\/\/rauchfrei.at\/alle-41-minuten-stirbt-in-oesterreich-ein-mensch-an-den-folgen-des-rauchens\/\",\"url\":\"https:\/\/rauchfrei.at\/alle-41-minuten-stirbt-in-oesterreich-ein-mensch-an-den-folgen-des-rauchens\/\",\"name\":\"Alle 41 Minuten stirbt in \u00d6sterreich ein Mensch an den Folgen des Rauchens - Rauchfrei Telefon\",\"isPartOf\":{\"@id\":\"https:\/\/rauchfrei.at\/#website\"},\"datePublished\":\"2018-09-24T08:00:57+00:00\",\"dateModified\":\"2020-12-22T12:23:30+00:00\",\"author\":{\"@id\":\"https:\/\/rauchfrei.at\/#\/schema\/person\/5fc25ba0c5c18c7bb72f39740e4d31da\"},\"inLanguage\":\"en-US\",\"potentialAction\":[{\"@type\":\"ReadAction\",\"target\":[\"https:\/\/rauchfrei.at\/alle-41-minuten-stirbt-in-oesterreich-ein-mensch-an-den-folgen-des-rauchens\/\"]}]},{\"@type\":\"WebSite\",\"@id\":\"https:\/\/rauchfrei.at\/#website\",\"url\":\"https:\/\/rauchfrei.at\/\",\"name\":\"Rauchfrei Telefon\",\"description\":\"Eine \u00f6sterreichweite Initiative der Sozialversicherungen.\",\"potentialAction\":[{\"@type\":\"SearchAction\",\"target\":{\"@type\":\"EntryPoint\",\"urlTemplate\":\"https:\/\/rauchfrei.at\/?s={search_term_string}\"},\"query-input\":{\"@type\":\"PropertyValueSpecification\",\"valueRequired\":true,\"valueName\":\"search_term_string\"}}],\"inLanguage\":\"en-US\"},{\"@type\":\"Person\",\"@id\":\"https:\/\/rauchfrei.at\/#\/schema\/person\/5fc25ba0c5c18c7bb72f39740e4d31da\",\"name\":\"Gastkommentar\",\"image\":{\"@type\":\"ImageObject\",\"inLanguage\":\"en-US\",\"@id\":\"https:\/\/rauchfrei.at\/#\/schema\/person\/image\/\",\"url\":\"https:\/\/secure.gravatar.com\/avatar\/85407d990e69802a3bded43886ed11ed06b45db3bbf254d52dd9f9c82c33dd83?s=96&d=mm&r=g\",\"contentUrl\":\"https:\/\/secure.gravatar.com\/avatar\/85407d990e69802a3bded43886ed11ed06b45db3bbf254d52dd9f9c82c33dd83?s=96&d=mm&r=g\",\"caption\":\"Gastkommentar\"},\"url\":\"https:\/\/rauchfrei.at\/en\/author\/gastkommentar\/\"}]}<\/script>\n<!-- \/ Yoast SEO plugin. -->","yoast_head_json":{"title":"Alle 41 Minuten stirbt in \u00d6sterreich ein Mensch an den Folgen des Rauchens - Rauchfrei Telefon","robots":{"index":"index","follow":"follow","max-snippet":"max-snippet:-1","max-image-preview":"max-image-preview:large","max-video-preview":"max-video-preview:-1"},"canonical":"https:\/\/rauchfrei.at\/alle-41-minuten-stirbt-in-oesterreich-ein-mensch-an-den-folgen-des-rauchens\/","og_locale":"en_US","og_type":"article","og_title":"Alle 41 Minuten stirbt in \u00d6sterreich ein Mensch an den Folgen des Rauchens - Rauchfrei Telefon","og_description":"In der Pressekonferenz des Instituts f\u00fcr H\u00f6here Studien und wissenschaftliche Forschung (IHS) wurde die Studie \u201eVolkswirtschaftliche Effekte des Rauchens - ein Update\u201c zu den Folgen des Tabakkonsums pr\u00e4sentiert.","og_url":"https:\/\/rauchfrei.at\/alle-41-minuten-stirbt-in-oesterreich-ein-mensch-an-den-folgen-des-rauchens\/","og_site_name":"Rauchfrei Telefon","article_published_time":"2018-09-24T08:00:57+00:00","article_modified_time":"2020-12-22T12:23:30+00:00","author":"Gastkommentar","twitter_card":"summary_large_image","twitter_misc":{"Written by":"Gastkommentar","Est. reading time":"2 minutes"},"schema":{"@context":"https:\/\/schema.org","@graph":[{"@type":"WebPage","@id":"https:\/\/rauchfrei.at\/alle-41-minuten-stirbt-in-oesterreich-ein-mensch-an-den-folgen-des-rauchens\/","url":"https:\/\/rauchfrei.at\/alle-41-minuten-stirbt-in-oesterreich-ein-mensch-an-den-folgen-des-rauchens\/","name":"Alle 41 Minuten stirbt in \u00d6sterreich ein Mensch an den Folgen des Rauchens - Rauchfrei Telefon","isPartOf":{"@id":"https:\/\/rauchfrei.at\/#website"},"datePublished":"2018-09-24T08:00:57+00:00","dateModified":"2020-12-22T12:23:30+00:00","author":{"@id":"https:\/\/rauchfrei.at\/#\/schema\/person\/5fc25ba0c5c18c7bb72f39740e4d31da"},"inLanguage":"en-US","potentialAction":[{"@type":"ReadAction","target":["https:\/\/rauchfrei.at\/alle-41-minuten-stirbt-in-oesterreich-ein-mensch-an-den-folgen-des-rauchens\/"]}]},{"@type":"WebSite","@id":"https:\/\/rauchfrei.at\/#website","url":"https:\/\/rauchfrei.at\/","name":"Rauchfrei Telefon","description":"Eine \u00f6sterreichweite Initiative der Sozialversicherungen.","potentialAction":[{"@type":"SearchAction","target":{"@type":"EntryPoint","urlTemplate":"https:\/\/rauchfrei.at\/?s={search_term_string}"},"query-input":{"@type":"PropertyValueSpecification","valueRequired":true,"valueName":"search_term_string"}}],"inLanguage":"en-US"},{"@type":"Person","@id":"https:\/\/rauchfrei.at\/#\/schema\/person\/5fc25ba0c5c18c7bb72f39740e4d31da","name":"Gastkommentar","image":{"@type":"ImageObject","inLanguage":"en-US","@id":"https:\/\/rauchfrei.at\/#\/schema\/person\/image\/","url":"https:\/\/secure.gravatar.com\/avatar\/85407d990e69802a3bded43886ed11ed06b45db3bbf254d52dd9f9c82c33dd83?s=96&d=mm&r=g","contentUrl":"https:\/\/secure.gravatar.com\/avatar\/85407d990e69802a3bded43886ed11ed06b45db3bbf254d52dd9f9c82c33dd83?s=96&d=mm&r=g","caption":"Gastkommentar"},"url":"https:\/\/rauchfrei.at\/en\/author\/gastkommentar\/"}]}},"_links":{"self":[{"href":"https:\/\/rauchfrei.at\/en\/wp-json\/wp\/v2\/posts\/12702","targetHints":{"allow":["GET"]}}],"collection":[{"href":"https:\/\/rauchfrei.at\/en\/wp-json\/wp\/v2\/posts"}],"about":[{"href":"https:\/\/rauchfrei.at\/en\/wp-json\/wp\/v2\/types\/post"}],"author":[{"embeddable":true,"href":"https:\/\/rauchfrei.at\/en\/wp-json\/wp\/v2\/users\/17"}],"replies":[{"embeddable":true,"href":"https:\/\/rauchfrei.at\/en\/wp-json\/wp\/v2\/comments?post=12702"}],"version-history":[{"count":5,"href":"https:\/\/rauchfrei.at\/en\/wp-json\/wp\/v2\/posts\/12702\/revisions"}],"predecessor-version":[{"id":24582,"href":"https:\/\/rauchfrei.at\/en\/wp-json\/wp\/v2\/posts\/12702\/revisions\/24582"}],"wp:attachment":[{"href":"https:\/\/rauchfrei.at\/en\/wp-json\/wp\/v2\/media?parent=12702"}],"wp:term":[{"taxonomy":"category","embeddable":true,"href":"https:\/\/rauchfrei.at\/en\/wp-json\/wp\/v2\/categories?post=12702"},{"taxonomy":"post_tag","embeddable":true,"href":"https:\/\/rauchfrei.at\/en\/wp-json\/wp\/v2\/tags?post=12702"}],"curies":[{"name":"wp","href":"https:\/\/api.w.org\/{rel}","templated":true}]}}