
{"id":12726,"date":"2018-10-15T10:00:44","date_gmt":"2018-10-15T08:00:44","guid":{"rendered":"http:\/\/rauchfrei.at\/?p=12726"},"modified":"2019-04-12T10:59:52","modified_gmt":"2019-04-12T08:59:52","slug":"die-endergebnisse-des-dont-smoke-volksbegehrens","status":"publish","type":"post","link":"https:\/\/rauchfrei.at\/en\/die-endergebnisse-des-dont-smoke-volksbegehrens\/","title":{"rendered":"Die Endergebnisse des Don\u00b4t Smoke Volksbegehrens"},"content":{"rendered":"<p>[et_pb_section fb_built=&#8221;1&#8243; module_class=&#8221;header&#8221; _builder_version=&#8221;3.0.99&#8243;][et_pb_row _builder_version=&#8221;3.0.99&#8243;][et_pb_column type=&#8221;4_4&#8243; _builder_version=&#8221;3.0.47&#8243;][et_pb_dp_dmb_module_10001 subheadline=&#8221;Die Ergebnisse sind bekannt!&#8221; _builder_version=&#8221;3.15&#8243;]<br \/>\n[\/et_pb_dp_dmb_module_10001][\/et_pb_column][\/et_pb_row][\/et_pb_section][et_pb_section fb_built=&#8221;1&#8243; _builder_version=&#8221;3.0.47&#8243;][et_pb_row _builder_version=&#8221;3.0.48&#8243; background_size=&#8221;initial&#8221; background_position=&#8221;top_left&#8221; background_repeat=&#8221;repeat&#8221;][et_pb_column type=&#8221;2_3&#8243; _builder_version=&#8221;3.0.47&#8243;][et_pb_text _builder_version=&#8221;3.21.1&#8243; z_index_tablet=&#8221;500&#8243;]<\/p>\n<blockquote>\n<p>Unglaubliche 881.569 Personen haben f\u00fcr ein <strong>Rauchverbot in der Gastronomie<\/strong> gestimmt.\u00a0 Es ist somit das 6. erfolgreichste Volksbegehren in der Geschichte \u00d6sterreichs.<\/p>\n<\/blockquote>\n<p>Das Volksbegehren wurde von der Wiener \u00c4rztekammer gemeinsam mit der \u00d6sterreichischen Krebshilfe initiiert, um ein generelles Rauchverbot in \u00f6sterreichischen Lokalen zu erreichen.<\/p>\n<p>Das Endergebnis im Bundesl\u00e4nder-Ranking: Wien ist klarer Sieger mit 16,8 Prozent, dicht gefolgt von der Steiermark (15 Prozent) und Ober\u00f6sterreich (13,9<\/p>\n<p>Prozent). Nieder\u00f6sterreich (13 Prozent) liegt im Mittelfeld, vor Burgenland und K\u00e4rnten (beide 12,2 Prozent). Auf den hinteren R\u00e4ngen folgen dann die<\/p>\n<p>westlichen Bundesl\u00e4nder Salzburg (11,9 Prozent), Vorarlberg (11,7 Prozent) und Tirol (11,5 Prozent).<\/p>\n<p>Bei den Landeshauptst\u00e4dten exklusive Wien ist Graz mit 21,8 Prozent einsamer Spitzenreiter, gefolgt von Eisenstadt (16,4 Prozent) und Innsbruck (16,1 Prozent). Das Mittelfeld besteht hier aus Klagenfurt (15,8 Prozent) und Linz (15,7 Prozent), gefolgt von Salzburg (13,9 Prozent) und St. P\u00f6lten (13,8 Prozent). Schlusslicht ist Bregenz mit 11,3 Prozent.<\/p>\n<p><strong>Dieses Ergebnis zeigt die Wichtigkeit dieses Themas innerhalb der \u00f6sterreichischen Bev\u00f6lkerung.<\/strong><\/p>\n<p>Link:<\/p>\n<p><a href=\"http:\/\/www.dontsmoke.at\/\" target=\"_blank\" rel=\"noopener noreferrer\">www.dontsmoke.at<\/a><\/p>\n<p>[\/et_pb_text][\/et_pb_column][et_pb_column type=&#8221;1_3&#8243; _builder_version=&#8221;3.0.47&#8243;][et_pb_sidebar area=&#8221;sidebar-1&#8243; _builder_version=&#8221;3.15&#8243;]<br \/>\n[\/et_pb_sidebar][\/et_pb_column][\/et_pb_row][\/et_pb_section]<\/p>\n","protected":false},"excerpt":{"rendered":"<p>Am Montag 8.10. ging das Volksbegehren Don\u00b4t Smoke zu Ende.<\/p>\n","protected":false},"author":17,"featured_media":0,"comment_status":"open","ping_status":"open","sticky":false,"template":"","format":"standard","meta":{"_et_pb_use_builder":"on","_et_pb_old_content":"","_et_gb_content_width":"","footnotes":""},"categories":[236],"tags":[],"class_list":["post-12726","post","type-post","status-publish","format-standard","hentry","category-nicht-kategorisiert"],"yoast_head":"<!-- This site is optimized with the Yoast SEO plugin v26.2 - https:\/\/yoast.com\/wordpress\/plugins\/seo\/ -->\n<title>Die Endergebnisse des Don\u00b4t Smoke Volksbegehrens - Rauchfrei Telefon<\/title>\n<meta name=\"robots\" content=\"index, follow, max-snippet:-1, max-image-preview:large, max-video-preview:-1\" \/>\n<link rel=\"canonical\" href=\"https:\/\/rauchfrei.at\/die-endergebnisse-des-dont-smoke-volksbegehrens\/\" \/>\n<meta property=\"og:locale\" content=\"en_US\" \/>\n<meta property=\"og:type\" content=\"article\" \/>\n<meta property=\"og:title\" content=\"Die Endergebnisse des Don\u00b4t Smoke Volksbegehrens - Rauchfrei Telefon\" \/>\n<meta property=\"og:description\" content=\"Am Montag 8.10. ging das Volksbegehren Don\u00b4t Smoke zu Ende.\" \/>\n<meta property=\"og:url\" content=\"https:\/\/rauchfrei.at\/die-endergebnisse-des-dont-smoke-volksbegehrens\/\" \/>\n<meta property=\"og:site_name\" content=\"Rauchfrei Telefon\" \/>\n<meta property=\"article:published_time\" content=\"2018-10-15T08:00:44+00:00\" \/>\n<meta property=\"article:modified_time\" content=\"2019-04-12T08:59:52+00:00\" \/>\n<meta name=\"author\" content=\"Gastkommentar\" \/>\n<meta name=\"twitter:card\" content=\"summary_large_image\" \/>\n<meta name=\"twitter:label1\" content=\"Written by\" \/>\n\t<meta name=\"twitter:data1\" content=\"Gastkommentar\" \/>\n\t<meta name=\"twitter:label2\" content=\"Est. reading time\" \/>\n\t<meta name=\"twitter:data2\" content=\"1 minute\" \/>\n<script type=\"application\/ld+json\" class=\"yoast-schema-graph\">{\"@context\":\"https:\/\/schema.org\",\"@graph\":[{\"@type\":\"WebPage\",\"@id\":\"https:\/\/rauchfrei.at\/die-endergebnisse-des-dont-smoke-volksbegehrens\/\",\"url\":\"https:\/\/rauchfrei.at\/die-endergebnisse-des-dont-smoke-volksbegehrens\/\",\"name\":\"Die Endergebnisse des Don\u00b4t Smoke Volksbegehrens - Rauchfrei Telefon\",\"isPartOf\":{\"@id\":\"https:\/\/rauchfrei.at\/#website\"},\"datePublished\":\"2018-10-15T08:00:44+00:00\",\"dateModified\":\"2019-04-12T08:59:52+00:00\",\"author\":{\"@id\":\"https:\/\/rauchfrei.at\/#\/schema\/person\/5fc25ba0c5c18c7bb72f39740e4d31da\"},\"inLanguage\":\"en-US\",\"potentialAction\":[{\"@type\":\"ReadAction\",\"target\":[\"https:\/\/rauchfrei.at\/die-endergebnisse-des-dont-smoke-volksbegehrens\/\"]}]},{\"@type\":\"WebSite\",\"@id\":\"https:\/\/rauchfrei.at\/#website\",\"url\":\"https:\/\/rauchfrei.at\/\",\"name\":\"Rauchfrei Telefon\",\"description\":\"Eine \u00f6sterreichweite Initiative der Sozialversicherungen.\",\"potentialAction\":[{\"@type\":\"SearchAction\",\"target\":{\"@type\":\"EntryPoint\",\"urlTemplate\":\"https:\/\/rauchfrei.at\/?s={search_term_string}\"},\"query-input\":{\"@type\":\"PropertyValueSpecification\",\"valueRequired\":true,\"valueName\":\"search_term_string\"}}],\"inLanguage\":\"en-US\"},{\"@type\":\"Person\",\"@id\":\"https:\/\/rauchfrei.at\/#\/schema\/person\/5fc25ba0c5c18c7bb72f39740e4d31da\",\"name\":\"Gastkommentar\",\"image\":{\"@type\":\"ImageObject\",\"inLanguage\":\"en-US\",\"@id\":\"https:\/\/rauchfrei.at\/#\/schema\/person\/image\/\",\"url\":\"https:\/\/secure.gravatar.com\/avatar\/85407d990e69802a3bded43886ed11ed06b45db3bbf254d52dd9f9c82c33dd83?s=96&d=mm&r=g\",\"contentUrl\":\"https:\/\/secure.gravatar.com\/avatar\/85407d990e69802a3bded43886ed11ed06b45db3bbf254d52dd9f9c82c33dd83?s=96&d=mm&r=g\",\"caption\":\"Gastkommentar\"},\"url\":\"https:\/\/rauchfrei.at\/en\/author\/gastkommentar\/\"}]}<\/script>\n<!-- \/ Yoast SEO plugin. -->","yoast_head_json":{"title":"Die Endergebnisse des Don\u00b4t Smoke Volksbegehrens - Rauchfrei Telefon","robots":{"index":"index","follow":"follow","max-snippet":"max-snippet:-1","max-image-preview":"max-image-preview:large","max-video-preview":"max-video-preview:-1"},"canonical":"https:\/\/rauchfrei.at\/die-endergebnisse-des-dont-smoke-volksbegehrens\/","og_locale":"en_US","og_type":"article","og_title":"Die Endergebnisse des Don\u00b4t Smoke Volksbegehrens - Rauchfrei Telefon","og_description":"Am Montag 8.10. ging das Volksbegehren Don\u00b4t Smoke zu Ende.","og_url":"https:\/\/rauchfrei.at\/die-endergebnisse-des-dont-smoke-volksbegehrens\/","og_site_name":"Rauchfrei Telefon","article_published_time":"2018-10-15T08:00:44+00:00","article_modified_time":"2019-04-12T08:59:52+00:00","author":"Gastkommentar","twitter_card":"summary_large_image","twitter_misc":{"Written by":"Gastkommentar","Est. reading time":"1 minute"},"schema":{"@context":"https:\/\/schema.org","@graph":[{"@type":"WebPage","@id":"https:\/\/rauchfrei.at\/die-endergebnisse-des-dont-smoke-volksbegehrens\/","url":"https:\/\/rauchfrei.at\/die-endergebnisse-des-dont-smoke-volksbegehrens\/","name":"Die Endergebnisse des Don\u00b4t Smoke Volksbegehrens - Rauchfrei Telefon","isPartOf":{"@id":"https:\/\/rauchfrei.at\/#website"},"datePublished":"2018-10-15T08:00:44+00:00","dateModified":"2019-04-12T08:59:52+00:00","author":{"@id":"https:\/\/rauchfrei.at\/#\/schema\/person\/5fc25ba0c5c18c7bb72f39740e4d31da"},"inLanguage":"en-US","potentialAction":[{"@type":"ReadAction","target":["https:\/\/rauchfrei.at\/die-endergebnisse-des-dont-smoke-volksbegehrens\/"]}]},{"@type":"WebSite","@id":"https:\/\/rauchfrei.at\/#website","url":"https:\/\/rauchfrei.at\/","name":"Rauchfrei Telefon","description":"Eine \u00f6sterreichweite Initiative der Sozialversicherungen.","potentialAction":[{"@type":"SearchAction","target":{"@type":"EntryPoint","urlTemplate":"https:\/\/rauchfrei.at\/?s={search_term_string}"},"query-input":{"@type":"PropertyValueSpecification","valueRequired":true,"valueName":"search_term_string"}}],"inLanguage":"en-US"},{"@type":"Person","@id":"https:\/\/rauchfrei.at\/#\/schema\/person\/5fc25ba0c5c18c7bb72f39740e4d31da","name":"Gastkommentar","image":{"@type":"ImageObject","inLanguage":"en-US","@id":"https:\/\/rauchfrei.at\/#\/schema\/person\/image\/","url":"https:\/\/secure.gravatar.com\/avatar\/85407d990e69802a3bded43886ed11ed06b45db3bbf254d52dd9f9c82c33dd83?s=96&d=mm&r=g","contentUrl":"https:\/\/secure.gravatar.com\/avatar\/85407d990e69802a3bded43886ed11ed06b45db3bbf254d52dd9f9c82c33dd83?s=96&d=mm&r=g","caption":"Gastkommentar"},"url":"https:\/\/rauchfrei.at\/en\/author\/gastkommentar\/"}]}},"_links":{"self":[{"href":"https:\/\/rauchfrei.at\/en\/wp-json\/wp\/v2\/posts\/12726","targetHints":{"allow":["GET"]}}],"collection":[{"href":"https:\/\/rauchfrei.at\/en\/wp-json\/wp\/v2\/posts"}],"about":[{"href":"https:\/\/rauchfrei.at\/en\/wp-json\/wp\/v2\/types\/post"}],"author":[{"embeddable":true,"href":"https:\/\/rauchfrei.at\/en\/wp-json\/wp\/v2\/users\/17"}],"replies":[{"embeddable":true,"href":"https:\/\/rauchfrei.at\/en\/wp-json\/wp\/v2\/comments?post=12726"}],"version-history":[{"count":4,"href":"https:\/\/rauchfrei.at\/en\/wp-json\/wp\/v2\/posts\/12726\/revisions"}],"predecessor-version":[{"id":15829,"href":"https:\/\/rauchfrei.at\/en\/wp-json\/wp\/v2\/posts\/12726\/revisions\/15829"}],"wp:attachment":[{"href":"https:\/\/rauchfrei.at\/en\/wp-json\/wp\/v2\/media?parent=12726"}],"wp:term":[{"taxonomy":"category","embeddable":true,"href":"https:\/\/rauchfrei.at\/en\/wp-json\/wp\/v2\/categories?post=12726"},{"taxonomy":"post_tag","embeddable":true,"href":"https:\/\/rauchfrei.at\/en\/wp-json\/wp\/v2\/tags?post=12726"}],"curies":[{"name":"wp","href":"https:\/\/api.w.org\/{rel}","templated":true}]}}