
{"id":12735,"date":"2018-10-29T10:00:29","date_gmt":"2018-10-29T08:00:29","guid":{"rendered":"http:\/\/rauchfrei.at\/?p=12735"},"modified":"2019-03-20T11:42:37","modified_gmt":"2019-03-20T09:42:37","slug":"wirksame-tabakentwoehnung-diesem-thema-widmete-sich-das-19-vernetzungstreffen-tabakpraevention-und-entwoehnung","status":"publish","type":"post","link":"https:\/\/rauchfrei.at\/en\/wirksame-tabakentwoehnung-diesem-thema-widmete-sich-das-19-vernetzungstreffen-tabakpraevention-und-entwoehnung\/","title":{"rendered":"\u201eWirksame Tabakentw\u00f6hnung\u201c \u2013 diesem Thema widmete sich das 19. Vernetzungstreffen Tabakpr\u00e4vention und -entw\u00f6hnung"},"content":{"rendered":"<p>[et_pb_section fb_built=&#8221;1&#8243; module_class=&#8221;header&#8221; _builder_version=&#8221;3.0.99&#8243;][et_pb_row _builder_version=&#8221;3.0.99&#8243;][et_pb_column type=&#8221;4_4&#8243; _builder_version=&#8221;3.0.47&#8243;][et_pb_dp_dmb_module_10001 subheadline=&#8221;Welche Elemente sollten Entw\u00f6hnangebote enthalten?&#8221; _builder_version=&#8221;3.15&#8243;][\/et_pb_dp_dmb_module_10001][\/et_pb_column][\/et_pb_row][\/et_pb_section][et_pb_section fb_built=&#8221;1&#8243; _builder_version=&#8221;3.0.47&#8243;][et_pb_row _builder_version=&#8221;3.0.48&#8243; background_size=&#8221;initial&#8221; background_position=&#8221;top_left&#8221; background_repeat=&#8221;repeat&#8221;][et_pb_column type=&#8221;2_3&#8243; _builder_version=&#8221;3.0.47&#8243;][et_pb_text _builder_version=&#8221;3.15&#8243;]Rund 1\/3 aller Raucher\/innen nehmen j\u00e4hrlich einen Rauchstopp in Angriff. Die R\u00fcckfallquote ist hoch: bei jenen, die ohne Unterst\u00fctzung aufh\u00f6ren 95\u00a0%, bei jenen, die mit Unterst\u00fctzung aufh\u00f6ren zwischen 60 und 90\u00a0%. Mit Hilfe gelingt der Rauchstopp besser.<\/p>\n<p><strong>Was sollten Rauchfrei-Programme enthalten, um hilfreich und damit wirksam zu sein?<\/strong><\/p>\n<p><u>Umgang mit Entzugserscheinungen und Craving:<\/u> Dr. Kr\u00f6ger vom IFT-Gesundheitsf\u00f6rderung M\u00fcnchen zeigte auf, dass es wichtig ist, Raucher\/innen \u00fcber m\u00f6gliche Entzugserscheinungen und sogenanntes Craving aufzukl\u00e4ren. Unter Entzugserscheinungen versteht man k\u00f6rperliche Symptome, die Aufgrund des Nikotin-Entzugs auftreten k\u00f6nnen. Unter Craving f\u00e4llt das Verlangen nach einer Zigarette, das durch unterschiedliche Reize ausgel\u00f6st werden kann, wie z.B. einer Tasse Kaffee oder dem Gef\u00fchl sich belohnen zu wollen. H\u00f6ren Raucher\/innen auf zu Rauchen ist es normal, dass Craving auftritt. Daher ist es wichtig, den Umgang damit zu lernen.<\/p>\n<p><u>Desillusionierung:<\/u> Raucher\/innen erleben jeden Tag zahlreiche Male die positive Verst\u00e4rkung des Rauchens. Nach einer Zigarette f\u00fchlen sie sich erleichtert. Allerdings h\u00e4tten sie das Gef\u00fchl des Suchtdrucks gar nicht erst, wenn sie nie angefangen h\u00e4tten zu Rauchen. Die negativen Aspekte des Rauchens und die positiven Aspekte eines rauchfreien Lebensstils sollen immer wieder in Erinnerung gerufen werden. Wiederholung ist hier ein wichtiges Element!<\/p>\n<p><u>Entpathologisieren des Scheiterns:<\/u> Ausrutscher und R\u00fcckf\u00e4lle kommen vor, fast alle Exraucher\/innen wissen das. Entscheidend ist, wie sich ehemalige Raucher\/innen danach verhalten. Da gilt es zu vermitteln, dass es sinnvoll ist, mit einem rauchfreien Lebensstil weiter zu machen. Ganz nach dem Motto: \u201eAufstehen, Krone richten, weitermachen!\u201c<\/p>\n<p><u>Selbstwirksamkeitserwartung: <\/u>\u00a0\u201eIch kann es schaffen!\u201c, \u201eIch traue mir das zu!\u201c &#8211; Studien zeigen, dass die Zuversicht von Raucherinnen und Rauchern, dass sie den Rauchstopp schaffen k\u00f6nnen, ausschlaggebend f\u00fcr die Rauchfreiheit ist. Entw\u00f6hnangebote sollten daher besonders darauf achten, die Selbstwirksamkeitserwartung zu steigern.<\/p>\n<p><strong>Welches Angebot passt zu mir?<\/strong><\/p>\n<p>Raucher\/innen, die aufh\u00f6ren wollen, haben ganz unterschiedliche Zug\u00e4nge, wie der Rauchstopp individuell klappen kann. In \u00d6sterreich gibt es zahlreiche Angebote zur Tabakentw\u00f6hnung, von Einzelberatungen \u00fcber Rauchfrei-Kurse bis hin zu station\u00e4ren Programmen. Einen guten \u00dcberblick \u2013 unter anderem nach Bundesl\u00e4ndern sortiert \u2013 finden Sie hier: <a href=\"https:\/\/rauchfrei.at\/aufhoeren\/weitere-beratungsangebote-in-oe\/\">https:\/\/rauchfrei.at\/aufhoeren\/weitere-beratungsangebote-in-oe\/<\/a><br \/>\n[\/et_pb_text][\/et_pb_column][et_pb_column type=&#8221;1_3&#8243; _builder_version=&#8221;3.0.47&#8243;][et_pb_sidebar area=&#8221;sidebar-1&#8243; _builder_version=&#8221;3.15&#8243;][\/et_pb_sidebar][\/et_pb_column][\/et_pb_row][\/et_pb_section]<\/p>\n","protected":false},"excerpt":{"rendered":"<p>Das 19. Vernetzungstreffen Tabakpr\u00e4vention und -entw\u00f6hnung der Sozialversicherungstr\u00e4ger am 4. Oktober 2018 bei der SVAgW in Wien stand unter dem Motto \u201eWirksame Tabakentw\u00f6hnung\u201c. Wie werden Raucher\/innen erfolgreich rauchfrei? Welche Elemente sollten Entw\u00f6hnangebote enthalten? Wie finde ich passende Unterst\u00fctzung?<\/p>\n","protected":false},"author":17,"featured_media":0,"comment_status":"open","ping_status":"open","sticky":false,"template":"","format":"standard","meta":{"_et_pb_use_builder":"on","_et_pb_old_content":"","_et_gb_content_width":"","footnotes":""},"categories":[237,234],"tags":[],"class_list":["post-12735","post","type-post","status-publish","format-standard","hentry","category-literatur-und-hintergrundwissen","category-oesterreichweite-angebote-zur-entwoehnung"],"yoast_head":"<!-- This site is optimized with the Yoast SEO plugin v26.2 - https:\/\/yoast.com\/wordpress\/plugins\/seo\/ -->\n<title>\u201eWirksame Tabakentw\u00f6hnung\u201c \u2013 diesem Thema widmete sich das 19. Vernetzungstreffen Tabakpr\u00e4vention und -entw\u00f6hnung - Rauchfrei Telefon<\/title>\n<meta name=\"robots\" content=\"index, follow, max-snippet:-1, max-image-preview:large, max-video-preview:-1\" \/>\n<link rel=\"canonical\" href=\"https:\/\/rauchfrei.at\/wirksame-tabakentwoehnung-diesem-thema-widmete-sich-das-19-vernetzungstreffen-tabakpraevention-und-entwoehnung\/\" \/>\n<meta property=\"og:locale\" content=\"en_US\" \/>\n<meta property=\"og:type\" content=\"article\" \/>\n<meta property=\"og:title\" content=\"\u201eWirksame Tabakentw\u00f6hnung\u201c \u2013 diesem Thema widmete sich das 19. Vernetzungstreffen Tabakpr\u00e4vention und -entw\u00f6hnung - Rauchfrei Telefon\" \/>\n<meta property=\"og:description\" content=\"Das 19. Vernetzungstreffen Tabakpr\u00e4vention und -entw\u00f6hnung der Sozialversicherungstr\u00e4ger am 4. Oktober 2018 bei der SVAgW in Wien stand unter dem Motto \u201eWirksame Tabakentw\u00f6hnung\u201c. Wie werden Raucher\/innen erfolgreich rauchfrei? Welche Elemente sollten Entw\u00f6hnangebote enthalten? Wie finde ich passende Unterst\u00fctzung?\" \/>\n<meta property=\"og:url\" content=\"https:\/\/rauchfrei.at\/wirksame-tabakentwoehnung-diesem-thema-widmete-sich-das-19-vernetzungstreffen-tabakpraevention-und-entwoehnung\/\" \/>\n<meta property=\"og:site_name\" content=\"Rauchfrei Telefon\" \/>\n<meta property=\"article:published_time\" content=\"2018-10-29T08:00:29+00:00\" \/>\n<meta property=\"article:modified_time\" content=\"2019-03-20T09:42:37+00:00\" \/>\n<meta name=\"author\" content=\"Gastkommentar\" \/>\n<meta name=\"twitter:card\" content=\"summary_large_image\" \/>\n<meta name=\"twitter:label1\" content=\"Written by\" \/>\n\t<meta name=\"twitter:data1\" content=\"Gastkommentar\" \/>\n\t<meta name=\"twitter:label2\" content=\"Est. reading time\" \/>\n\t<meta name=\"twitter:data2\" content=\"2 minutes\" \/>\n<script type=\"application\/ld+json\" class=\"yoast-schema-graph\">{\"@context\":\"https:\/\/schema.org\",\"@graph\":[{\"@type\":\"WebPage\",\"@id\":\"https:\/\/rauchfrei.at\/wirksame-tabakentwoehnung-diesem-thema-widmete-sich-das-19-vernetzungstreffen-tabakpraevention-und-entwoehnung\/\",\"url\":\"https:\/\/rauchfrei.at\/wirksame-tabakentwoehnung-diesem-thema-widmete-sich-das-19-vernetzungstreffen-tabakpraevention-und-entwoehnung\/\",\"name\":\"\u201eWirksame Tabakentw\u00f6hnung\u201c \u2013 diesem Thema widmete sich das 19. Vernetzungstreffen Tabakpr\u00e4vention und -entw\u00f6hnung - Rauchfrei Telefon\",\"isPartOf\":{\"@id\":\"https:\/\/rauchfrei.at\/#website\"},\"datePublished\":\"2018-10-29T08:00:29+00:00\",\"dateModified\":\"2019-03-20T09:42:37+00:00\",\"author\":{\"@id\":\"https:\/\/rauchfrei.at\/#\/schema\/person\/5fc25ba0c5c18c7bb72f39740e4d31da\"},\"inLanguage\":\"en-US\",\"potentialAction\":[{\"@type\":\"ReadAction\",\"target\":[\"https:\/\/rauchfrei.at\/wirksame-tabakentwoehnung-diesem-thema-widmete-sich-das-19-vernetzungstreffen-tabakpraevention-und-entwoehnung\/\"]}]},{\"@type\":\"WebSite\",\"@id\":\"https:\/\/rauchfrei.at\/#website\",\"url\":\"https:\/\/rauchfrei.at\/\",\"name\":\"Rauchfrei Telefon\",\"description\":\"Eine \u00f6sterreichweite Initiative der Sozialversicherungen.\",\"potentialAction\":[{\"@type\":\"SearchAction\",\"target\":{\"@type\":\"EntryPoint\",\"urlTemplate\":\"https:\/\/rauchfrei.at\/?s={search_term_string}\"},\"query-input\":{\"@type\":\"PropertyValueSpecification\",\"valueRequired\":true,\"valueName\":\"search_term_string\"}}],\"inLanguage\":\"en-US\"},{\"@type\":\"Person\",\"@id\":\"https:\/\/rauchfrei.at\/#\/schema\/person\/5fc25ba0c5c18c7bb72f39740e4d31da\",\"name\":\"Gastkommentar\",\"image\":{\"@type\":\"ImageObject\",\"inLanguage\":\"en-US\",\"@id\":\"https:\/\/rauchfrei.at\/#\/schema\/person\/image\/\",\"url\":\"https:\/\/secure.gravatar.com\/avatar\/85407d990e69802a3bded43886ed11ed06b45db3bbf254d52dd9f9c82c33dd83?s=96&d=mm&r=g\",\"contentUrl\":\"https:\/\/secure.gravatar.com\/avatar\/85407d990e69802a3bded43886ed11ed06b45db3bbf254d52dd9f9c82c33dd83?s=96&d=mm&r=g\",\"caption\":\"Gastkommentar\"},\"url\":\"https:\/\/rauchfrei.at\/en\/author\/gastkommentar\/\"}]}<\/script>\n<!-- \/ Yoast SEO plugin. -->","yoast_head_json":{"title":"\u201eWirksame Tabakentw\u00f6hnung\u201c \u2013 diesem Thema widmete sich das 19. Vernetzungstreffen Tabakpr\u00e4vention und -entw\u00f6hnung - Rauchfrei Telefon","robots":{"index":"index","follow":"follow","max-snippet":"max-snippet:-1","max-image-preview":"max-image-preview:large","max-video-preview":"max-video-preview:-1"},"canonical":"https:\/\/rauchfrei.at\/wirksame-tabakentwoehnung-diesem-thema-widmete-sich-das-19-vernetzungstreffen-tabakpraevention-und-entwoehnung\/","og_locale":"en_US","og_type":"article","og_title":"\u201eWirksame Tabakentw\u00f6hnung\u201c \u2013 diesem Thema widmete sich das 19. Vernetzungstreffen Tabakpr\u00e4vention und -entw\u00f6hnung - Rauchfrei Telefon","og_description":"Das 19. Vernetzungstreffen Tabakpr\u00e4vention und -entw\u00f6hnung der Sozialversicherungstr\u00e4ger am 4. Oktober 2018 bei der SVAgW in Wien stand unter dem Motto \u201eWirksame Tabakentw\u00f6hnung\u201c. Wie werden Raucher\/innen erfolgreich rauchfrei? Welche Elemente sollten Entw\u00f6hnangebote enthalten? Wie finde ich passende Unterst\u00fctzung?","og_url":"https:\/\/rauchfrei.at\/wirksame-tabakentwoehnung-diesem-thema-widmete-sich-das-19-vernetzungstreffen-tabakpraevention-und-entwoehnung\/","og_site_name":"Rauchfrei Telefon","article_published_time":"2018-10-29T08:00:29+00:00","article_modified_time":"2019-03-20T09:42:37+00:00","author":"Gastkommentar","twitter_card":"summary_large_image","twitter_misc":{"Written by":"Gastkommentar","Est. reading time":"2 minutes"},"schema":{"@context":"https:\/\/schema.org","@graph":[{"@type":"WebPage","@id":"https:\/\/rauchfrei.at\/wirksame-tabakentwoehnung-diesem-thema-widmete-sich-das-19-vernetzungstreffen-tabakpraevention-und-entwoehnung\/","url":"https:\/\/rauchfrei.at\/wirksame-tabakentwoehnung-diesem-thema-widmete-sich-das-19-vernetzungstreffen-tabakpraevention-und-entwoehnung\/","name":"\u201eWirksame Tabakentw\u00f6hnung\u201c \u2013 diesem Thema widmete sich das 19. Vernetzungstreffen Tabakpr\u00e4vention und -entw\u00f6hnung - Rauchfrei Telefon","isPartOf":{"@id":"https:\/\/rauchfrei.at\/#website"},"datePublished":"2018-10-29T08:00:29+00:00","dateModified":"2019-03-20T09:42:37+00:00","author":{"@id":"https:\/\/rauchfrei.at\/#\/schema\/person\/5fc25ba0c5c18c7bb72f39740e4d31da"},"inLanguage":"en-US","potentialAction":[{"@type":"ReadAction","target":["https:\/\/rauchfrei.at\/wirksame-tabakentwoehnung-diesem-thema-widmete-sich-das-19-vernetzungstreffen-tabakpraevention-und-entwoehnung\/"]}]},{"@type":"WebSite","@id":"https:\/\/rauchfrei.at\/#website","url":"https:\/\/rauchfrei.at\/","name":"Rauchfrei Telefon","description":"Eine \u00f6sterreichweite Initiative der Sozialversicherungen.","potentialAction":[{"@type":"SearchAction","target":{"@type":"EntryPoint","urlTemplate":"https:\/\/rauchfrei.at\/?s={search_term_string}"},"query-input":{"@type":"PropertyValueSpecification","valueRequired":true,"valueName":"search_term_string"}}],"inLanguage":"en-US"},{"@type":"Person","@id":"https:\/\/rauchfrei.at\/#\/schema\/person\/5fc25ba0c5c18c7bb72f39740e4d31da","name":"Gastkommentar","image":{"@type":"ImageObject","inLanguage":"en-US","@id":"https:\/\/rauchfrei.at\/#\/schema\/person\/image\/","url":"https:\/\/secure.gravatar.com\/avatar\/85407d990e69802a3bded43886ed11ed06b45db3bbf254d52dd9f9c82c33dd83?s=96&d=mm&r=g","contentUrl":"https:\/\/secure.gravatar.com\/avatar\/85407d990e69802a3bded43886ed11ed06b45db3bbf254d52dd9f9c82c33dd83?s=96&d=mm&r=g","caption":"Gastkommentar"},"url":"https:\/\/rauchfrei.at\/en\/author\/gastkommentar\/"}]}},"_links":{"self":[{"href":"https:\/\/rauchfrei.at\/en\/wp-json\/wp\/v2\/posts\/12735","targetHints":{"allow":["GET"]}}],"collection":[{"href":"https:\/\/rauchfrei.at\/en\/wp-json\/wp\/v2\/posts"}],"about":[{"href":"https:\/\/rauchfrei.at\/en\/wp-json\/wp\/v2\/types\/post"}],"author":[{"embeddable":true,"href":"https:\/\/rauchfrei.at\/en\/wp-json\/wp\/v2\/users\/17"}],"replies":[{"embeddable":true,"href":"https:\/\/rauchfrei.at\/en\/wp-json\/wp\/v2\/comments?post=12735"}],"version-history":[{"count":2,"href":"https:\/\/rauchfrei.at\/en\/wp-json\/wp\/v2\/posts\/12735\/revisions"}],"predecessor-version":[{"id":15201,"href":"https:\/\/rauchfrei.at\/en\/wp-json\/wp\/v2\/posts\/12735\/revisions\/15201"}],"wp:attachment":[{"href":"https:\/\/rauchfrei.at\/en\/wp-json\/wp\/v2\/media?parent=12735"}],"wp:term":[{"taxonomy":"category","embeddable":true,"href":"https:\/\/rauchfrei.at\/en\/wp-json\/wp\/v2\/categories?post=12735"},{"taxonomy":"post_tag","embeddable":true,"href":"https:\/\/rauchfrei.at\/en\/wp-json\/wp\/v2\/tags?post=12735"}],"curies":[{"name":"wp","href":"https:\/\/api.w.org\/{rel}","templated":true}]}}