
{"id":12744,"date":"2018-11-12T10:01:56","date_gmt":"2018-11-12T08:01:56","guid":{"rendered":"http:\/\/rauchfrei.at\/?p=12744"},"modified":"2019-10-02T14:16:06","modified_gmt":"2019-10-02T12:16:06","slug":"frischer-wind-mit-rauchfrei-kampagne","status":"publish","type":"post","link":"https:\/\/rauchfrei.at\/en\/frischer-wind-mit-rauchfrei-kampagne\/","title":{"rendered":"Frischer Wind mit Rauchfrei-Kampagne"},"content":{"rendered":"<p>[et_pb_section fb_built=&#8221;1&#8243; module_class=&#8221;header&#8221; _builder_version=&#8221;3.0.99&#8243;][et_pb_row _builder_version=&#8221;3.0.99&#8243;][et_pb_column type=&#8221;4_4&#8243; _builder_version=&#8221;3.0.47&#8243;][et_pb_dp_dmb_module_10001 subheadline=&#8221; \u201eKick ohne Tschick\u201c &#8221; _builder_version=&#8221;3.15&#8243;][\/et_pb_dp_dmb_module_10001][\/et_pb_column][\/et_pb_row][\/et_pb_section][et_pb_section fb_built=&#8221;1&#8243; _builder_version=&#8221;3.0.47&#8243;][et_pb_row _builder_version=&#8221;3.0.48&#8243; background_size=&#8221;initial&#8221; background_position=&#8221;top_left&#8221; background_repeat=&#8221;repeat&#8221;][et_pb_column type=&#8221;2_3&#8243; _builder_version=&#8221;3.0.47&#8243;][et_pb_text _builder_version=&#8221;3.15&#8243;]Ziel der Kampagne \u201eKick ohne Tschick\u201c ist es, speziell im Nachwuchsbereich das Nichtrauchen zu f\u00f6rdern und gleichzeitig die Vorbildwirkung von Trainern hervorzuheben sowie das Vereinsumfeld als Lebensmittelpunkt noch attraktiver zu gestalten. \u201eIch habe bereits am Beginn dieser einzigartigen Zusammenarbeit zwischen einem Sportfachverband und einer Organisation mit Kernkompetenz im Gesundheitsbereich von der gro\u00dfen Chance f\u00fcr den ober\u00f6sterreichischen Fu\u00dfball gesprochen, die wir gemeinsam bestm\u00f6glich n\u00fctzen wollen. Vier Jahre sp\u00e4ter feststellen zu k\u00f6nnen, dass unsere Erwartungen \u00fcbertroffen wurden, ist eine echte Freude und gleichzeitig ein Indikator f\u00fcr die Zuversicht, dass auch die neue Kampagne wieder wichtige Impulse setzen wird\u201c, sagte O\u00d6FV-Pr\u00e4sident Gerhard G\u00f6tschhofer bei der Pr\u00e4sentation der Kampagne, die pikanterweise bewusst in der Tabakfabrik in Linz \u00fcber die B\u00fchne ging.<\/p>\n<p><strong><img loading=\"lazy\" decoding=\"async\" class=\"wp-image-10611 size-large aligncenter\" src=\"https:\/\/rauchfrei.at\/wp-content\/uploads\/shutterstock_289559630_2500px-480x320.jpg\" alt=\"\" width=\"480\" height=\"320\" data-id=\"10611\" \/><\/strong><\/p>\n<p><strong>Ziel sind bessere Sportler<\/strong><\/p>\n<p>Auch O\u00d6GKK-Obmann Albert Maringer freut sich, dass die bisherige Zusammenarbeit nun in einer weiteren wichtigen Kampagne m\u00fcndet: \u201eUnsere Kooperation als Gebietskrankenkasse mit dem O\u00d6 FUSSBALLVERBAND ist einzigartig. Seit 2014 brechen wir gemeinsam alle Rekorde der Wirksamkeit: Zusammen haben wir bislang \u00fcber 6.000 Trainer, Spieler und Vereinsfunktion\u00e4re in Seminaren zu Gesundheitsthemen erreicht. Derart stark aufgestellt, k\u00e4mpfen wir nun gemeinsam f\u00fcr die Rauchfreiheit der Jugend. Wir k\u00e4mpfen f\u00fcr mehr ges\u00fcndere Versicherte \u2013 und damit auch f\u00fcr bessere Sportler. Die O\u00d6GKK dankt dem O\u00d6FV f\u00fcr die exzellente Zusammenarbeit. Erfolg verbindet \u2013 und gemeinsam haben wir noch viel vor!\u201c<\/p>\n<p><strong>Auswirkungen auf Leistung<\/strong><\/p>\n<p>Rauchen gilt weltweit als h\u00e4ufigste vermeidbare Todesursache, j\u00e4hrlich sterben 14.000 Personen in \u00d6sterreich an den Folgen des Tabakkonsums. 90% der Raucher beginnen vor dem 19. Lebensjahr mit dem Rauchen. Sch\u00e4digungen sind bei Jugendlichen gr\u00f6\u00dfer, da die k\u00f6rperliche Entwicklung, speziell das Lungenwachstum, noch nicht abgeschlossen ist. Zudem hat der Tabakkonsum bei der Aus\u00fcbung des Fu\u00dfballsports gravierende Auswirkungen auf die Leistungsf\u00e4higkeit, wie einige Beispiele aufzeigen: Rauchen f\u00fchrt bereits bei Jugendlichen zu einer Abnahme der aeroben Ausdauerleistungsf\u00e4higkeit um acht Prozent, der Muskelaufbau wird gehemmt, Blutdruck und Puls sind erh\u00f6ht und die Regenerationszeit verl\u00e4ngert sich. \u00a0\u201eFu\u00dfballtrainer meistern eine untersch\u00e4tzte Doppelrolle: Sie m\u00fcssen die fu\u00dfballerische Qualit\u00e4t ihres Teams weiterentwickeln, genauso aber die Pers\u00f6nlichkeit der einzelnen Spieler. Das Thema Gesundheit ist ein wichtiger Faktor auf beiden Ebenen. Sport und Rauchen sind eine denkbar schlechte Allianz. Das sagt mir meine Erfahrung als Fu\u00dfballtrainer, aber auch mein Wissen als O\u00d6GKK-Projektleiter. Mit \u201eKick ohne Tschick\u201c begegnen wir der Tabaksucht mit frischem Wind, neuen Ideen und vor allem praxisnahen L\u00f6sungen\u201c, wei\u00df Gerald Scheiblehner.<\/p>\n<p><strong>Vereinsumfeld attraktivieren<\/strong><\/p>\n<p>Die Fu\u00dfballvereine als wichtiger Anker in der Gesellschaft eignen sich ideal, um bei Jugendlichen den Einstieg in die \u201eRaucherkarriere\u201c zu verhindern. Daher m\u00f6chten O\u00d6FV und O\u00d6GKK gemeinsam mit den Vereinen Impulse setzen. Als Teil der Kampagne erm\u00f6glichen Vereine positive Effekte f\u00fcr die Gesundheit ihrer Spieler \u2013 und positionieren sich nachhaltig als gesunde Institution in ihrer Gemeinde. \u201eMan darf \u00fcber die soziale Verantwortung des Fu\u00dfballs nicht nur reden, man muss auch den Wahrheitsbeweis antreten. Daher legen wir bei der Themenwahl gerne den Finger in die Wunde, denn nur so k\u00f6nnen wir tats\u00e4chlich auch das Vereinsumfeld als Lebensraum attraktivieren. \u201eKick ohne Tschick\u201c wird die bisher umfangreichste Kampagne in der Vereinscoaching-Historie, immerhin haben wir eine Startelf an Ma\u00dfnahmen aufgestellt\u201c, so der f\u00fcr das Vereinscoaching zust\u00e4ndige O\u00d6FV-Direktor Mag. (FH)\u00a0Raphael Oberndorfinger.<\/p>\n<p><img loading=\"lazy\" decoding=\"async\" class=\"alignnone wp-image-10621\" src=\"https:\/\/rauchfrei.at\/wp-content\/uploads\/6-480x697.jpg\" alt=\"\" width=\"172\" height=\"250\" data-id=\"10621\" \/>\u00a0(C)O\u00d6 Fussballverband<\/p>\n<p><strong>Mag. (FH) Raphael Oberndorfinger<\/strong><br \/>\n[\/et_pb_text][\/et_pb_column][et_pb_column type=&#8221;1_3&#8243; _builder_version=&#8221;3.0.47&#8243;][et_pb_sidebar area=&#8221;sidebar-1&#8243; _builder_version=&#8221;3.15&#8243;][\/et_pb_sidebar][\/et_pb_column][\/et_pb_row][\/et_pb_section]<\/p>\n","protected":false},"excerpt":{"rendered":"<p>Mit \u201eKick ohne Tschick\u201c haben der O\u00d6 FUSSBALLVERBAND und die O\u00d6 Gebietskrankenkasse im Herbst eine weitere gesundheitspr\u00e4ventive Initiative im Rahmen des Vereinscoachings gestartet, die Unterst\u00fctzung und Anreize f\u00fcr Klubs liefert. <\/p>\n","protected":false},"author":17,"featured_media":0,"comment_status":"open","ping_status":"open","sticky":false,"template":"","format":"standard","meta":{"_et_pb_use_builder":"on","_et_pb_old_content":"","_et_gb_content_width":"","footnotes":""},"categories":[233],"tags":[],"class_list":["post-12744","post","type-post","status-publish","format-standard","hentry","category-unterstuetzung-beim-rauchstopp"],"yoast_head":"<!-- This site is optimized with the Yoast SEO plugin v26.2 - https:\/\/yoast.com\/wordpress\/plugins\/seo\/ -->\n<title>Frischer Wind mit Rauchfrei-Kampagne - Rauchfrei Telefon<\/title>\n<meta name=\"robots\" content=\"index, follow, max-snippet:-1, max-image-preview:large, max-video-preview:-1\" \/>\n<link rel=\"canonical\" href=\"https:\/\/rauchfrei.at\/frischer-wind-mit-rauchfrei-kampagne\/\" \/>\n<meta property=\"og:locale\" content=\"en_US\" \/>\n<meta property=\"og:type\" content=\"article\" \/>\n<meta property=\"og:title\" content=\"Frischer Wind mit Rauchfrei-Kampagne - Rauchfrei Telefon\" \/>\n<meta property=\"og:description\" content=\"Mit \u201eKick ohne Tschick\u201c haben der O\u00d6 FUSSBALLVERBAND und die O\u00d6 Gebietskrankenkasse im Herbst eine weitere gesundheitspr\u00e4ventive Initiative im Rahmen des Vereinscoachings gestartet, die Unterst\u00fctzung und Anreize f\u00fcr Klubs liefert.\" \/>\n<meta property=\"og:url\" content=\"https:\/\/rauchfrei.at\/frischer-wind-mit-rauchfrei-kampagne\/\" \/>\n<meta property=\"og:site_name\" content=\"Rauchfrei Telefon\" \/>\n<meta property=\"article:published_time\" content=\"2018-11-12T08:01:56+00:00\" \/>\n<meta property=\"article:modified_time\" content=\"2019-10-02T12:16:06+00:00\" \/>\n<meta property=\"og:image\" content=\"https:\/\/rauchfrei.at\/wp-content\/uploads\/shutterstock_289559630_2500px-480x320.jpg\" \/>\n<meta name=\"author\" content=\"Gastkommentar\" \/>\n<meta name=\"twitter:card\" content=\"summary_large_image\" \/>\n<meta name=\"twitter:label1\" content=\"Written by\" \/>\n\t<meta name=\"twitter:data1\" content=\"Gastkommentar\" \/>\n\t<meta name=\"twitter:label2\" content=\"Est. reading time\" \/>\n\t<meta name=\"twitter:data2\" content=\"3 minutes\" \/>\n<script type=\"application\/ld+json\" class=\"yoast-schema-graph\">{\"@context\":\"https:\/\/schema.org\",\"@graph\":[{\"@type\":\"WebPage\",\"@id\":\"https:\/\/rauchfrei.at\/frischer-wind-mit-rauchfrei-kampagne\/\",\"url\":\"https:\/\/rauchfrei.at\/frischer-wind-mit-rauchfrei-kampagne\/\",\"name\":\"Frischer Wind mit Rauchfrei-Kampagne - Rauchfrei Telefon\",\"isPartOf\":{\"@id\":\"https:\/\/rauchfrei.at\/#website\"},\"primaryImageOfPage\":{\"@id\":\"https:\/\/rauchfrei.at\/frischer-wind-mit-rauchfrei-kampagne\/#primaryimage\"},\"image\":{\"@id\":\"https:\/\/rauchfrei.at\/frischer-wind-mit-rauchfrei-kampagne\/#primaryimage\"},\"thumbnailUrl\":\"https:\/\/rauchfrei.at\/wp-content\/uploads\/shutterstock_289559630_2500px-480x320.jpg\",\"datePublished\":\"2018-11-12T08:01:56+00:00\",\"dateModified\":\"2019-10-02T12:16:06+00:00\",\"author\":{\"@id\":\"https:\/\/rauchfrei.at\/#\/schema\/person\/5fc25ba0c5c18c7bb72f39740e4d31da\"},\"inLanguage\":\"en-US\",\"potentialAction\":[{\"@type\":\"ReadAction\",\"target\":[\"https:\/\/rauchfrei.at\/frischer-wind-mit-rauchfrei-kampagne\/\"]}]},{\"@type\":\"ImageObject\",\"inLanguage\":\"en-US\",\"@id\":\"https:\/\/rauchfrei.at\/frischer-wind-mit-rauchfrei-kampagne\/#primaryimage\",\"url\":\"https:\/\/rauchfrei.at\/wp-content\/uploads\/shutterstock_289559630_2500px-480x320.jpg\",\"contentUrl\":\"https:\/\/rauchfrei.at\/wp-content\/uploads\/shutterstock_289559630_2500px-480x320.jpg\"},{\"@type\":\"WebSite\",\"@id\":\"https:\/\/rauchfrei.at\/#website\",\"url\":\"https:\/\/rauchfrei.at\/\",\"name\":\"Rauchfrei Telefon\",\"description\":\"Eine \u00f6sterreichweite Initiative der Sozialversicherungen.\",\"potentialAction\":[{\"@type\":\"SearchAction\",\"target\":{\"@type\":\"EntryPoint\",\"urlTemplate\":\"https:\/\/rauchfrei.at\/?s={search_term_string}\"},\"query-input\":{\"@type\":\"PropertyValueSpecification\",\"valueRequired\":true,\"valueName\":\"search_term_string\"}}],\"inLanguage\":\"en-US\"},{\"@type\":\"Person\",\"@id\":\"https:\/\/rauchfrei.at\/#\/schema\/person\/5fc25ba0c5c18c7bb72f39740e4d31da\",\"name\":\"Gastkommentar\",\"image\":{\"@type\":\"ImageObject\",\"inLanguage\":\"en-US\",\"@id\":\"https:\/\/rauchfrei.at\/#\/schema\/person\/image\/\",\"url\":\"https:\/\/secure.gravatar.com\/avatar\/85407d990e69802a3bded43886ed11ed06b45db3bbf254d52dd9f9c82c33dd83?s=96&d=mm&r=g\",\"contentUrl\":\"https:\/\/secure.gravatar.com\/avatar\/85407d990e69802a3bded43886ed11ed06b45db3bbf254d52dd9f9c82c33dd83?s=96&d=mm&r=g\",\"caption\":\"Gastkommentar\"},\"url\":\"https:\/\/rauchfrei.at\/en\/author\/gastkommentar\/\"}]}<\/script>\n<!-- \/ Yoast SEO plugin. -->","yoast_head_json":{"title":"Frischer Wind mit Rauchfrei-Kampagne - Rauchfrei Telefon","robots":{"index":"index","follow":"follow","max-snippet":"max-snippet:-1","max-image-preview":"max-image-preview:large","max-video-preview":"max-video-preview:-1"},"canonical":"https:\/\/rauchfrei.at\/frischer-wind-mit-rauchfrei-kampagne\/","og_locale":"en_US","og_type":"article","og_title":"Frischer Wind mit Rauchfrei-Kampagne - Rauchfrei Telefon","og_description":"Mit \u201eKick ohne Tschick\u201c haben der O\u00d6 FUSSBALLVERBAND und die O\u00d6 Gebietskrankenkasse im Herbst eine weitere gesundheitspr\u00e4ventive Initiative im Rahmen des Vereinscoachings gestartet, die Unterst\u00fctzung und Anreize f\u00fcr Klubs liefert.","og_url":"https:\/\/rauchfrei.at\/frischer-wind-mit-rauchfrei-kampagne\/","og_site_name":"Rauchfrei Telefon","article_published_time":"2018-11-12T08:01:56+00:00","article_modified_time":"2019-10-02T12:16:06+00:00","og_image":[{"url":"https:\/\/rauchfrei.at\/wp-content\/uploads\/shutterstock_289559630_2500px-480x320.jpg","type":"","width":"","height":""}],"author":"Gastkommentar","twitter_card":"summary_large_image","twitter_misc":{"Written by":"Gastkommentar","Est. reading time":"3 minutes"},"schema":{"@context":"https:\/\/schema.org","@graph":[{"@type":"WebPage","@id":"https:\/\/rauchfrei.at\/frischer-wind-mit-rauchfrei-kampagne\/","url":"https:\/\/rauchfrei.at\/frischer-wind-mit-rauchfrei-kampagne\/","name":"Frischer Wind mit Rauchfrei-Kampagne - Rauchfrei Telefon","isPartOf":{"@id":"https:\/\/rauchfrei.at\/#website"},"primaryImageOfPage":{"@id":"https:\/\/rauchfrei.at\/frischer-wind-mit-rauchfrei-kampagne\/#primaryimage"},"image":{"@id":"https:\/\/rauchfrei.at\/frischer-wind-mit-rauchfrei-kampagne\/#primaryimage"},"thumbnailUrl":"https:\/\/rauchfrei.at\/wp-content\/uploads\/shutterstock_289559630_2500px-480x320.jpg","datePublished":"2018-11-12T08:01:56+00:00","dateModified":"2019-10-02T12:16:06+00:00","author":{"@id":"https:\/\/rauchfrei.at\/#\/schema\/person\/5fc25ba0c5c18c7bb72f39740e4d31da"},"inLanguage":"en-US","potentialAction":[{"@type":"ReadAction","target":["https:\/\/rauchfrei.at\/frischer-wind-mit-rauchfrei-kampagne\/"]}]},{"@type":"ImageObject","inLanguage":"en-US","@id":"https:\/\/rauchfrei.at\/frischer-wind-mit-rauchfrei-kampagne\/#primaryimage","url":"https:\/\/rauchfrei.at\/wp-content\/uploads\/shutterstock_289559630_2500px-480x320.jpg","contentUrl":"https:\/\/rauchfrei.at\/wp-content\/uploads\/shutterstock_289559630_2500px-480x320.jpg"},{"@type":"WebSite","@id":"https:\/\/rauchfrei.at\/#website","url":"https:\/\/rauchfrei.at\/","name":"Rauchfrei Telefon","description":"Eine \u00f6sterreichweite Initiative der Sozialversicherungen.","potentialAction":[{"@type":"SearchAction","target":{"@type":"EntryPoint","urlTemplate":"https:\/\/rauchfrei.at\/?s={search_term_string}"},"query-input":{"@type":"PropertyValueSpecification","valueRequired":true,"valueName":"search_term_string"}}],"inLanguage":"en-US"},{"@type":"Person","@id":"https:\/\/rauchfrei.at\/#\/schema\/person\/5fc25ba0c5c18c7bb72f39740e4d31da","name":"Gastkommentar","image":{"@type":"ImageObject","inLanguage":"en-US","@id":"https:\/\/rauchfrei.at\/#\/schema\/person\/image\/","url":"https:\/\/secure.gravatar.com\/avatar\/85407d990e69802a3bded43886ed11ed06b45db3bbf254d52dd9f9c82c33dd83?s=96&d=mm&r=g","contentUrl":"https:\/\/secure.gravatar.com\/avatar\/85407d990e69802a3bded43886ed11ed06b45db3bbf254d52dd9f9c82c33dd83?s=96&d=mm&r=g","caption":"Gastkommentar"},"url":"https:\/\/rauchfrei.at\/en\/author\/gastkommentar\/"}]}},"_links":{"self":[{"href":"https:\/\/rauchfrei.at\/en\/wp-json\/wp\/v2\/posts\/12744","targetHints":{"allow":["GET"]}}],"collection":[{"href":"https:\/\/rauchfrei.at\/en\/wp-json\/wp\/v2\/posts"}],"about":[{"href":"https:\/\/rauchfrei.at\/en\/wp-json\/wp\/v2\/types\/post"}],"author":[{"embeddable":true,"href":"https:\/\/rauchfrei.at\/en\/wp-json\/wp\/v2\/users\/17"}],"replies":[{"embeddable":true,"href":"https:\/\/rauchfrei.at\/en\/wp-json\/wp\/v2\/comments?post=12744"}],"version-history":[{"count":3,"href":"https:\/\/rauchfrei.at\/en\/wp-json\/wp\/v2\/posts\/12744\/revisions"}],"predecessor-version":[{"id":17425,"href":"https:\/\/rauchfrei.at\/en\/wp-json\/wp\/v2\/posts\/12744\/revisions\/17425"}],"wp:attachment":[{"href":"https:\/\/rauchfrei.at\/en\/wp-json\/wp\/v2\/media?parent=12744"}],"wp:term":[{"taxonomy":"category","embeddable":true,"href":"https:\/\/rauchfrei.at\/en\/wp-json\/wp\/v2\/categories?post=12744"},{"taxonomy":"post_tag","embeddable":true,"href":"https:\/\/rauchfrei.at\/en\/wp-json\/wp\/v2\/tags?post=12744"}],"curies":[{"name":"wp","href":"https:\/\/api.w.org\/{rel}","templated":true}]}}