
{"id":12747,"date":"2018-11-19T10:00:18","date_gmt":"2018-11-19T08:00:18","guid":{"rendered":"http:\/\/rauchfrei.at\/?p=12747"},"modified":"2019-04-12T10:28:49","modified_gmt":"2019-04-12T08:28:49","slug":"der-welt-copd-tag-kennen-sie-copd","status":"publish","type":"post","link":"https:\/\/rauchfrei.at\/en\/der-welt-copd-tag-kennen-sie-copd\/","title":{"rendered":"Der Welt COPD Tag &#8211; Kennen Sie COPD?"},"content":{"rendered":"<p>[et_pb_section fb_built=&#8221;1&#8243; module_class=&#8221;header&#8221; _builder_version=&#8221;3.0.99&#8243;][et_pb_row _builder_version=&#8221;3.0.99&#8243;][et_pb_column type=&#8221;4_4&#8243; _builder_version=&#8221;3.0.47&#8243;][et_pb_dp_dmb_module_10001 subheadline=&#8221;Was steckt hinter den vier Buchstaben?&#8221; _builder_version=&#8221;3.15&#8243;][\/et_pb_dp_dmb_module_10001][\/et_pb_column][\/et_pb_row][\/et_pb_section][et_pb_section fb_built=&#8221;1&#8243; _builder_version=&#8221;3.0.47&#8243;][et_pb_row _builder_version=&#8221;3.0.48&#8243; background_size=&#8221;initial&#8221; background_position=&#8221;top_left&#8221; background_repeat=&#8221;repeat&#8221;][et_pb_column type=&#8221;2_3&#8243; _builder_version=&#8221;3.0.47&#8243;][et_pb_text _builder_version=&#8221;3.15&#8243;]<\/p>\n<p>Die Symptome der chronisch obstruktiven Lungenerkrankung (COPD) wie das Gef\u00fchl keine Luft mehr zu bekommen, Kurzatmigkeit auch bei Ruhe, Auswurf und Husten werden meist, auch wegen ihres schleichenden Verlaufes, viel zu sp\u00e4t ernst genommen. Deshalb wird die Erkrankung COPD <strong>h\u00e4ufig erst sehr sp\u00e4t erkannt<\/strong> und diagnostiziert. Die Krankheit verl\u00e4uft in vier Stadien, genauere Informationen zum Verlauf k\u00f6nnen Sie in unserem <a href=\"https:\/\/rauchfrei.at\/wp-content\/uploads\/rTel_copd_AKTUELL_small.pdf\" target=\"_blank\" rel=\"noopener noreferrer\"> Folder<\/a> nachlesen.<\/p>\n<p>Den Folder k\u00f6nnen Sie auch kostenfrei bestellen: <a href=\"https:\/\/rauchfrei.at\/broschueren-downloads\/bestellung\/\" target=\"_blank\" rel=\"noopener noreferrer\">Bestellung<\/a><\/p>\n<blockquote>\n<p>F\u00fcr Betroffene wird der <strong>t\u00e4gliche Alltag zur Herausforderung<\/strong>, Stufensteigen, ein Sparziergang oder das Nachhause tragen von Eink\u00e4ufen wird teilweise unm\u00f6glich.<\/p>\n<\/blockquote>\n<p>COPD, bei der das Lungengewebe immer mehr gesch\u00e4digt und zerst\u00f6rt wird, ist in rund 90 % der F\u00e4lle eine direkte Folge des Rauchens.<\/p>\n<p>Der Rauchstopp ist daher von enormer Bedeutung, um der COPD vorzubeugen. Wenn bereits COPD besteht, kann durch den Rauchstopp eine <strong>weitere Zerst\u00f6rung des Lungengewebes<\/strong> vermieden werden.<\/p>\n<p><em>Wenn Sie sich genauer \u00fcber COPD informieren m\u00f6chten, k\u00f6nnen Sie beim Rauchfrei Telefon (0800 810 013) kostenfrei das Buch \u201eHusten \u2013 Atemnot \u2013 COPD\u201c von OA Dr. Syilvia Eva Hartl und Dr. Martina Netz aus einer Buchreihe des Hauptverbandes der \u00f6sterreichischen Sozialversicherungstr\u00e4ger f\u00fcr Patienten und Angeh\u00f6rige bestellen.<\/em><\/p>\n<p>[\/et_pb_text][\/et_pb_column][et_pb_column type=&#8221;1_3&#8243; _builder_version=&#8221;3.0.47&#8243;][et_pb_sidebar area=&#8221;sidebar-1&#8243; _builder_version=&#8221;3.15&#8243;][\/et_pb_sidebar][\/et_pb_column][\/et_pb_row][\/et_pb_section]<\/p>\n","protected":false},"excerpt":{"rendered":"<p>Noch immer f\u00fcr viele unbekannt ist die COPD. Hinter diesen Buchstaben verbirgt sich die chronisch obstruktive Lungenerkrankung &#8211; eine ernstzunehmende Erkrankung. In den meisten F\u00e4llen ist Rauchen die Ursache. Der Rauchstopp ist f\u00fcr diese Erkrankung die wichtigste Therapieempfehlung. Rauchfrei sein ist die beste M\u00f6glichkeit, COPD zu vermeiden.<\/p>\n","protected":false},"author":17,"featured_media":0,"comment_status":"open","ping_status":"open","sticky":false,"template":"","format":"standard","meta":{"_et_pb_use_builder":"on","_et_pb_old_content":"","_et_gb_content_width":"","footnotes":""},"categories":[235],"tags":[],"class_list":["post-12747","post","type-post","status-publish","format-standard","hentry","category-gesundheit-und-rauchstopp"],"yoast_head":"<!-- This site is optimized with the Yoast SEO plugin v26.2 - https:\/\/yoast.com\/wordpress\/plugins\/seo\/ -->\n<title>Der Welt COPD Tag - Kennen Sie COPD? - Rauchfrei Telefon<\/title>\n<meta name=\"robots\" content=\"index, follow, max-snippet:-1, max-image-preview:large, max-video-preview:-1\" \/>\n<link rel=\"canonical\" href=\"https:\/\/rauchfrei.at\/der-welt-copd-tag-kennen-sie-copd\/\" \/>\n<meta property=\"og:locale\" content=\"en_US\" \/>\n<meta property=\"og:type\" content=\"article\" \/>\n<meta property=\"og:title\" content=\"Der Welt COPD Tag - Kennen Sie COPD? - Rauchfrei Telefon\" \/>\n<meta property=\"og:description\" content=\"Noch immer f\u00fcr viele unbekannt ist die COPD. Hinter diesen Buchstaben verbirgt sich die chronisch obstruktive Lungenerkrankung - eine ernstzunehmende Erkrankung. In den meisten F\u00e4llen ist Rauchen die Ursache. Der Rauchstopp ist f\u00fcr diese Erkrankung die wichtigste Therapieempfehlung. Rauchfrei sein ist die beste M\u00f6glichkeit, COPD zu vermeiden.\" \/>\n<meta property=\"og:url\" content=\"https:\/\/rauchfrei.at\/der-welt-copd-tag-kennen-sie-copd\/\" \/>\n<meta property=\"og:site_name\" content=\"Rauchfrei Telefon\" \/>\n<meta property=\"article:published_time\" content=\"2018-11-19T08:00:18+00:00\" \/>\n<meta property=\"article:modified_time\" content=\"2019-04-12T08:28:49+00:00\" \/>\n<meta name=\"author\" content=\"Gastkommentar\" \/>\n<meta name=\"twitter:card\" content=\"summary_large_image\" \/>\n<meta name=\"twitter:label1\" content=\"Written by\" \/>\n\t<meta name=\"twitter:data1\" content=\"Gastkommentar\" \/>\n\t<meta name=\"twitter:label2\" content=\"Est. reading time\" \/>\n\t<meta name=\"twitter:data2\" content=\"2 minutes\" \/>\n<script type=\"application\/ld+json\" class=\"yoast-schema-graph\">{\"@context\":\"https:\/\/schema.org\",\"@graph\":[{\"@type\":\"WebPage\",\"@id\":\"https:\/\/rauchfrei.at\/der-welt-copd-tag-kennen-sie-copd\/\",\"url\":\"https:\/\/rauchfrei.at\/der-welt-copd-tag-kennen-sie-copd\/\",\"name\":\"Der Welt COPD Tag - Kennen Sie COPD? - Rauchfrei Telefon\",\"isPartOf\":{\"@id\":\"https:\/\/rauchfrei.at\/#website\"},\"datePublished\":\"2018-11-19T08:00:18+00:00\",\"dateModified\":\"2019-04-12T08:28:49+00:00\",\"author\":{\"@id\":\"https:\/\/rauchfrei.at\/#\/schema\/person\/5fc25ba0c5c18c7bb72f39740e4d31da\"},\"inLanguage\":\"en-US\",\"potentialAction\":[{\"@type\":\"ReadAction\",\"target\":[\"https:\/\/rauchfrei.at\/der-welt-copd-tag-kennen-sie-copd\/\"]}]},{\"@type\":\"WebSite\",\"@id\":\"https:\/\/rauchfrei.at\/#website\",\"url\":\"https:\/\/rauchfrei.at\/\",\"name\":\"Rauchfrei Telefon\",\"description\":\"Eine \u00f6sterreichweite Initiative der Sozialversicherungen.\",\"potentialAction\":[{\"@type\":\"SearchAction\",\"target\":{\"@type\":\"EntryPoint\",\"urlTemplate\":\"https:\/\/rauchfrei.at\/?s={search_term_string}\"},\"query-input\":{\"@type\":\"PropertyValueSpecification\",\"valueRequired\":true,\"valueName\":\"search_term_string\"}}],\"inLanguage\":\"en-US\"},{\"@type\":\"Person\",\"@id\":\"https:\/\/rauchfrei.at\/#\/schema\/person\/5fc25ba0c5c18c7bb72f39740e4d31da\",\"name\":\"Gastkommentar\",\"image\":{\"@type\":\"ImageObject\",\"inLanguage\":\"en-US\",\"@id\":\"https:\/\/rauchfrei.at\/#\/schema\/person\/image\/\",\"url\":\"https:\/\/secure.gravatar.com\/avatar\/85407d990e69802a3bded43886ed11ed06b45db3bbf254d52dd9f9c82c33dd83?s=96&d=mm&r=g\",\"contentUrl\":\"https:\/\/secure.gravatar.com\/avatar\/85407d990e69802a3bded43886ed11ed06b45db3bbf254d52dd9f9c82c33dd83?s=96&d=mm&r=g\",\"caption\":\"Gastkommentar\"},\"url\":\"https:\/\/rauchfrei.at\/en\/author\/gastkommentar\/\"}]}<\/script>\n<!-- \/ Yoast SEO plugin. -->","yoast_head_json":{"title":"Der Welt COPD Tag - Kennen Sie COPD? - Rauchfrei Telefon","robots":{"index":"index","follow":"follow","max-snippet":"max-snippet:-1","max-image-preview":"max-image-preview:large","max-video-preview":"max-video-preview:-1"},"canonical":"https:\/\/rauchfrei.at\/der-welt-copd-tag-kennen-sie-copd\/","og_locale":"en_US","og_type":"article","og_title":"Der Welt COPD Tag - Kennen Sie COPD? - Rauchfrei Telefon","og_description":"Noch immer f\u00fcr viele unbekannt ist die COPD. Hinter diesen Buchstaben verbirgt sich die chronisch obstruktive Lungenerkrankung - eine ernstzunehmende Erkrankung. In den meisten F\u00e4llen ist Rauchen die Ursache. Der Rauchstopp ist f\u00fcr diese Erkrankung die wichtigste Therapieempfehlung. Rauchfrei sein ist die beste M\u00f6glichkeit, COPD zu vermeiden.","og_url":"https:\/\/rauchfrei.at\/der-welt-copd-tag-kennen-sie-copd\/","og_site_name":"Rauchfrei Telefon","article_published_time":"2018-11-19T08:00:18+00:00","article_modified_time":"2019-04-12T08:28:49+00:00","author":"Gastkommentar","twitter_card":"summary_large_image","twitter_misc":{"Written by":"Gastkommentar","Est. reading time":"2 minutes"},"schema":{"@context":"https:\/\/schema.org","@graph":[{"@type":"WebPage","@id":"https:\/\/rauchfrei.at\/der-welt-copd-tag-kennen-sie-copd\/","url":"https:\/\/rauchfrei.at\/der-welt-copd-tag-kennen-sie-copd\/","name":"Der Welt COPD Tag - Kennen Sie COPD? - Rauchfrei Telefon","isPartOf":{"@id":"https:\/\/rauchfrei.at\/#website"},"datePublished":"2018-11-19T08:00:18+00:00","dateModified":"2019-04-12T08:28:49+00:00","author":{"@id":"https:\/\/rauchfrei.at\/#\/schema\/person\/5fc25ba0c5c18c7bb72f39740e4d31da"},"inLanguage":"en-US","potentialAction":[{"@type":"ReadAction","target":["https:\/\/rauchfrei.at\/der-welt-copd-tag-kennen-sie-copd\/"]}]},{"@type":"WebSite","@id":"https:\/\/rauchfrei.at\/#website","url":"https:\/\/rauchfrei.at\/","name":"Rauchfrei Telefon","description":"Eine \u00f6sterreichweite Initiative der Sozialversicherungen.","potentialAction":[{"@type":"SearchAction","target":{"@type":"EntryPoint","urlTemplate":"https:\/\/rauchfrei.at\/?s={search_term_string}"},"query-input":{"@type":"PropertyValueSpecification","valueRequired":true,"valueName":"search_term_string"}}],"inLanguage":"en-US"},{"@type":"Person","@id":"https:\/\/rauchfrei.at\/#\/schema\/person\/5fc25ba0c5c18c7bb72f39740e4d31da","name":"Gastkommentar","image":{"@type":"ImageObject","inLanguage":"en-US","@id":"https:\/\/rauchfrei.at\/#\/schema\/person\/image\/","url":"https:\/\/secure.gravatar.com\/avatar\/85407d990e69802a3bded43886ed11ed06b45db3bbf254d52dd9f9c82c33dd83?s=96&d=mm&r=g","contentUrl":"https:\/\/secure.gravatar.com\/avatar\/85407d990e69802a3bded43886ed11ed06b45db3bbf254d52dd9f9c82c33dd83?s=96&d=mm&r=g","caption":"Gastkommentar"},"url":"https:\/\/rauchfrei.at\/en\/author\/gastkommentar\/"}]}},"_links":{"self":[{"href":"https:\/\/rauchfrei.at\/en\/wp-json\/wp\/v2\/posts\/12747","targetHints":{"allow":["GET"]}}],"collection":[{"href":"https:\/\/rauchfrei.at\/en\/wp-json\/wp\/v2\/posts"}],"about":[{"href":"https:\/\/rauchfrei.at\/en\/wp-json\/wp\/v2\/types\/post"}],"author":[{"embeddable":true,"href":"https:\/\/rauchfrei.at\/en\/wp-json\/wp\/v2\/users\/17"}],"replies":[{"embeddable":true,"href":"https:\/\/rauchfrei.at\/en\/wp-json\/wp\/v2\/comments?post=12747"}],"version-history":[{"count":3,"href":"https:\/\/rauchfrei.at\/en\/wp-json\/wp\/v2\/posts\/12747\/revisions"}],"predecessor-version":[{"id":15820,"href":"https:\/\/rauchfrei.at\/en\/wp-json\/wp\/v2\/posts\/12747\/revisions\/15820"}],"wp:attachment":[{"href":"https:\/\/rauchfrei.at\/en\/wp-json\/wp\/v2\/media?parent=12747"}],"wp:term":[{"taxonomy":"category","embeddable":true,"href":"https:\/\/rauchfrei.at\/en\/wp-json\/wp\/v2\/categories?post=12747"},{"taxonomy":"post_tag","embeddable":true,"href":"https:\/\/rauchfrei.at\/en\/wp-json\/wp\/v2\/tags?post=12747"}],"curies":[{"name":"wp","href":"https:\/\/api.w.org\/{rel}","templated":true}]}}