
{"id":12750,"date":"2018-11-26T10:00:06","date_gmt":"2018-11-26T08:00:06","guid":{"rendered":"http:\/\/rauchfrei.at\/?p=12750"},"modified":"2019-04-12T10:16:14","modified_gmt":"2019-04-12T08:16:14","slug":"nichtrauchen-bringts-neue-videos-von-feel-ok","status":"publish","type":"post","link":"https:\/\/rauchfrei.at\/en\/nichtrauchen-bringts-neue-videos-von-feel-ok\/","title":{"rendered":"&#8220;Nichtrauchen bringt\u2019s\u201c neue Videos von Feel ok"},"content":{"rendered":"<p>[et_pb_section fb_built=&#8221;1&#8243; module_class=&#8221;header&#8221; _builder_version=&#8221;3.0.99&#8243;][et_pb_row _builder_version=&#8221;3.0.99&#8243;][et_pb_column type=&#8221;4_4&#8243; _builder_version=&#8221;3.0.47&#8243;][et_pb_dp_dmb_module_10001 subheadline=&#8221;Klicke dich durch: www.feel-ok.at &#8221; _builder_version=&#8221;3.15&#8243;]<br \/>\n[\/et_pb_dp_dmb_module_10001][\/et_pb_column][\/et_pb_row][\/et_pb_section][et_pb_section fb_built=&#8221;1&#8243; _builder_version=&#8221;3.0.47&#8243;][et_pb_row _builder_version=&#8221;3.0.48&#8243; background_size=&#8221;initial&#8221; background_position=&#8221;top_left&#8221; background_repeat=&#8221;repeat&#8221;][et_pb_column type=&#8221;2_3&#8243; _builder_version=&#8221;3.0.47&#8243;][et_pb_text _builder_version=&#8221;3.21.1&#8243; z_index_tablet=&#8221;500&#8243;]<\/p>\n<p>Entwickelt vom Verein CunTRA in Kooperation mit Jugendlichen, fachlich begleitet von VIVID &#8211; Fachstelle f\u00fcr Suchtpr\u00e4vention und gef\u00f6rdert vom Hauptverband der \u00f6sterreichischen Sozialversicherungstr\u00e4ger (HVB) ist dieses Video entstanden:<\/p>\n<p><iframe loading=\"lazy\" width=\"1080\" height=\"608\" src=\"https:\/\/www.youtube.com\/embed\/lta00hPrk3U?feature=oembed\" frameborder=\"0\" allow=\"accelerometer; autoplay; encrypted-media; gyroscope; picture-in-picture\" allowfullscreen><\/iframe><\/p>\n<p>Auf www.feel-ok.at findet man nicht nur Inhalte zum Thema Tabak, sondern speziell f\u00fcr Jugendliche aufbereitete Antworten auf Fragen zu Themen wie Alkohol, Cannabis, Ern\u00e4hrung, Bewegung und Sport, Liebe und Sexualit\u00e4t, Selbstvertrauen, Beruf, Stress und Suizidalit\u00e4t.<\/p>\n<p>Das <a href=\"https:\/\/www.feel-ok.at\/de_AT\/jugendliche\/themen\/tabak\/tabak.cfm\" target=\"_blank\" rel=\"noopener noreferrer\">Thema Rauchen\/Nichtrauchen<\/a> kommt nicht zu kurz, unter anderem findet man ein <strong><a href=\"https:\/\/www.feel-ok.at\/de_AT\/jugendliche\/themen\/tabak\/wir_empfehlen\/rauchfrei_werden\/dein_erster_schritt\/mit_dem_rauchen_aufhoeren_so_gehts.cfm\" target=\"_blank\" rel=\"noopener noreferrer\">Rauchstopp-Programm<\/a><\/strong> f\u00fcr Jugendliche. Dieses Programm unterst\u00fctzt Schritt f\u00fcr Schritt auf dem Weg in ein rauchfreies Leben und gibt viele hilfreiche Tipps und Tricks!<\/p>\n<p>Link:<\/p>\n<p><strong><u><a href=\"http:\/\/www.feel-ok.at\/\" target=\"_blank\" rel=\"noopener noreferrer\">feel-ok.at<\/a><\/u><\/strong><\/p>\n<p>[\/et_pb_text][\/et_pb_column][et_pb_column type=&#8221;1_3&#8243; _builder_version=&#8221;3.0.47&#8243;][et_pb_sidebar area=&#8221;sidebar-1&#8243; _builder_version=&#8221;3.15&#8243;]<br \/>\n[\/et_pb_sidebar][\/et_pb_column][\/et_pb_row][\/et_pb_section]<\/p>\n","protected":false},"excerpt":{"rendered":"<p>Auf www.feel-ok.at werden Videos zum Thema Nichtrauchen pr\u00e4sentiert, die gemeinsam mit Jugendlichen gedreht wurden.<\/p>\n","protected":false},"author":17,"featured_media":0,"comment_status":"open","ping_status":"open","sticky":false,"template":"","format":"standard","meta":{"_et_pb_use_builder":"on","_et_pb_old_content":"","_et_gb_content_width":"","footnotes":""},"categories":[236],"tags":[],"class_list":["post-12750","post","type-post","status-publish","format-standard","hentry","category-nicht-kategorisiert"],"yoast_head":"<!-- This site is optimized with the Yoast SEO plugin v26.2 - https:\/\/yoast.com\/wordpress\/plugins\/seo\/ -->\n<title>&quot;Nichtrauchen bringt\u2019s\u201c neue Videos von Feel ok - Rauchfrei Telefon<\/title>\n<meta name=\"robots\" content=\"index, follow, max-snippet:-1, max-image-preview:large, max-video-preview:-1\" \/>\n<link rel=\"canonical\" href=\"https:\/\/rauchfrei.at\/nichtrauchen-bringts-neue-videos-von-feel-ok\/\" \/>\n<meta property=\"og:locale\" content=\"en_US\" \/>\n<meta property=\"og:type\" content=\"article\" \/>\n<meta property=\"og:title\" content=\"&quot;Nichtrauchen bringt\u2019s\u201c neue Videos von Feel ok - Rauchfrei Telefon\" \/>\n<meta property=\"og:description\" content=\"Auf www.feel-ok.at werden Videos zum Thema Nichtrauchen pr\u00e4sentiert, die gemeinsam mit Jugendlichen gedreht wurden.\" \/>\n<meta property=\"og:url\" content=\"https:\/\/rauchfrei.at\/nichtrauchen-bringts-neue-videos-von-feel-ok\/\" \/>\n<meta property=\"og:site_name\" content=\"Rauchfrei Telefon\" \/>\n<meta property=\"article:published_time\" content=\"2018-11-26T08:00:06+00:00\" \/>\n<meta property=\"article:modified_time\" content=\"2019-04-12T08:16:14+00:00\" \/>\n<meta name=\"author\" content=\"Gastkommentar\" \/>\n<meta name=\"twitter:card\" content=\"summary_large_image\" \/>\n<meta name=\"twitter:label1\" content=\"Written by\" \/>\n\t<meta name=\"twitter:data1\" content=\"Gastkommentar\" \/>\n\t<meta name=\"twitter:label2\" content=\"Est. reading time\" \/>\n\t<meta name=\"twitter:data2\" content=\"1 minute\" \/>\n<script type=\"application\/ld+json\" class=\"yoast-schema-graph\">{\"@context\":\"https:\/\/schema.org\",\"@graph\":[{\"@type\":\"WebPage\",\"@id\":\"https:\/\/rauchfrei.at\/nichtrauchen-bringts-neue-videos-von-feel-ok\/\",\"url\":\"https:\/\/rauchfrei.at\/nichtrauchen-bringts-neue-videos-von-feel-ok\/\",\"name\":\"\\\"Nichtrauchen bringt\u2019s\u201c neue Videos von Feel ok - Rauchfrei Telefon\",\"isPartOf\":{\"@id\":\"https:\/\/rauchfrei.at\/#website\"},\"datePublished\":\"2018-11-26T08:00:06+00:00\",\"dateModified\":\"2019-04-12T08:16:14+00:00\",\"author\":{\"@id\":\"https:\/\/rauchfrei.at\/#\/schema\/person\/5fc25ba0c5c18c7bb72f39740e4d31da\"},\"inLanguage\":\"en-US\",\"potentialAction\":[{\"@type\":\"ReadAction\",\"target\":[\"https:\/\/rauchfrei.at\/nichtrauchen-bringts-neue-videos-von-feel-ok\/\"]}]},{\"@type\":\"WebSite\",\"@id\":\"https:\/\/rauchfrei.at\/#website\",\"url\":\"https:\/\/rauchfrei.at\/\",\"name\":\"Rauchfrei Telefon\",\"description\":\"Eine \u00f6sterreichweite Initiative der Sozialversicherungen.\",\"potentialAction\":[{\"@type\":\"SearchAction\",\"target\":{\"@type\":\"EntryPoint\",\"urlTemplate\":\"https:\/\/rauchfrei.at\/?s={search_term_string}\"},\"query-input\":{\"@type\":\"PropertyValueSpecification\",\"valueRequired\":true,\"valueName\":\"search_term_string\"}}],\"inLanguage\":\"en-US\"},{\"@type\":\"Person\",\"@id\":\"https:\/\/rauchfrei.at\/#\/schema\/person\/5fc25ba0c5c18c7bb72f39740e4d31da\",\"name\":\"Gastkommentar\",\"image\":{\"@type\":\"ImageObject\",\"inLanguage\":\"en-US\",\"@id\":\"https:\/\/rauchfrei.at\/#\/schema\/person\/image\/\",\"url\":\"https:\/\/secure.gravatar.com\/avatar\/85407d990e69802a3bded43886ed11ed06b45db3bbf254d52dd9f9c82c33dd83?s=96&d=mm&r=g\",\"contentUrl\":\"https:\/\/secure.gravatar.com\/avatar\/85407d990e69802a3bded43886ed11ed06b45db3bbf254d52dd9f9c82c33dd83?s=96&d=mm&r=g\",\"caption\":\"Gastkommentar\"},\"url\":\"https:\/\/rauchfrei.at\/en\/author\/gastkommentar\/\"}]}<\/script>\n<!-- \/ Yoast SEO plugin. -->","yoast_head_json":{"title":"\"Nichtrauchen bringt\u2019s\u201c neue Videos von Feel ok - Rauchfrei Telefon","robots":{"index":"index","follow":"follow","max-snippet":"max-snippet:-1","max-image-preview":"max-image-preview:large","max-video-preview":"max-video-preview:-1"},"canonical":"https:\/\/rauchfrei.at\/nichtrauchen-bringts-neue-videos-von-feel-ok\/","og_locale":"en_US","og_type":"article","og_title":"\"Nichtrauchen bringt\u2019s\u201c neue Videos von Feel ok - Rauchfrei Telefon","og_description":"Auf www.feel-ok.at werden Videos zum Thema Nichtrauchen pr\u00e4sentiert, die gemeinsam mit Jugendlichen gedreht wurden.","og_url":"https:\/\/rauchfrei.at\/nichtrauchen-bringts-neue-videos-von-feel-ok\/","og_site_name":"Rauchfrei Telefon","article_published_time":"2018-11-26T08:00:06+00:00","article_modified_time":"2019-04-12T08:16:14+00:00","author":"Gastkommentar","twitter_card":"summary_large_image","twitter_misc":{"Written by":"Gastkommentar","Est. reading time":"1 minute"},"schema":{"@context":"https:\/\/schema.org","@graph":[{"@type":"WebPage","@id":"https:\/\/rauchfrei.at\/nichtrauchen-bringts-neue-videos-von-feel-ok\/","url":"https:\/\/rauchfrei.at\/nichtrauchen-bringts-neue-videos-von-feel-ok\/","name":"\"Nichtrauchen bringt\u2019s\u201c neue Videos von Feel ok - Rauchfrei Telefon","isPartOf":{"@id":"https:\/\/rauchfrei.at\/#website"},"datePublished":"2018-11-26T08:00:06+00:00","dateModified":"2019-04-12T08:16:14+00:00","author":{"@id":"https:\/\/rauchfrei.at\/#\/schema\/person\/5fc25ba0c5c18c7bb72f39740e4d31da"},"inLanguage":"en-US","potentialAction":[{"@type":"ReadAction","target":["https:\/\/rauchfrei.at\/nichtrauchen-bringts-neue-videos-von-feel-ok\/"]}]},{"@type":"WebSite","@id":"https:\/\/rauchfrei.at\/#website","url":"https:\/\/rauchfrei.at\/","name":"Rauchfrei Telefon","description":"Eine \u00f6sterreichweite Initiative der Sozialversicherungen.","potentialAction":[{"@type":"SearchAction","target":{"@type":"EntryPoint","urlTemplate":"https:\/\/rauchfrei.at\/?s={search_term_string}"},"query-input":{"@type":"PropertyValueSpecification","valueRequired":true,"valueName":"search_term_string"}}],"inLanguage":"en-US"},{"@type":"Person","@id":"https:\/\/rauchfrei.at\/#\/schema\/person\/5fc25ba0c5c18c7bb72f39740e4d31da","name":"Gastkommentar","image":{"@type":"ImageObject","inLanguage":"en-US","@id":"https:\/\/rauchfrei.at\/#\/schema\/person\/image\/","url":"https:\/\/secure.gravatar.com\/avatar\/85407d990e69802a3bded43886ed11ed06b45db3bbf254d52dd9f9c82c33dd83?s=96&d=mm&r=g","contentUrl":"https:\/\/secure.gravatar.com\/avatar\/85407d990e69802a3bded43886ed11ed06b45db3bbf254d52dd9f9c82c33dd83?s=96&d=mm&r=g","caption":"Gastkommentar"},"url":"https:\/\/rauchfrei.at\/en\/author\/gastkommentar\/"}]}},"_links":{"self":[{"href":"https:\/\/rauchfrei.at\/en\/wp-json\/wp\/v2\/posts\/12750","targetHints":{"allow":["GET"]}}],"collection":[{"href":"https:\/\/rauchfrei.at\/en\/wp-json\/wp\/v2\/posts"}],"about":[{"href":"https:\/\/rauchfrei.at\/en\/wp-json\/wp\/v2\/types\/post"}],"author":[{"embeddable":true,"href":"https:\/\/rauchfrei.at\/en\/wp-json\/wp\/v2\/users\/17"}],"replies":[{"embeddable":true,"href":"https:\/\/rauchfrei.at\/en\/wp-json\/wp\/v2\/comments?post=12750"}],"version-history":[{"count":5,"href":"https:\/\/rauchfrei.at\/en\/wp-json\/wp\/v2\/posts\/12750\/revisions"}],"predecessor-version":[{"id":15816,"href":"https:\/\/rauchfrei.at\/en\/wp-json\/wp\/v2\/posts\/12750\/revisions\/15816"}],"wp:attachment":[{"href":"https:\/\/rauchfrei.at\/en\/wp-json\/wp\/v2\/media?parent=12750"}],"wp:term":[{"taxonomy":"category","embeddable":true,"href":"https:\/\/rauchfrei.at\/en\/wp-json\/wp\/v2\/categories?post=12750"},{"taxonomy":"post_tag","embeddable":true,"href":"https:\/\/rauchfrei.at\/en\/wp-json\/wp\/v2\/tags?post=12750"}],"curies":[{"name":"wp","href":"https:\/\/api.w.org\/{rel}","templated":true}]}}