
{"id":12777,"date":"2018-12-17T10:10:05","date_gmt":"2018-12-17T08:10:05","guid":{"rendered":"http:\/\/rauchfrei.at\/?p=12777"},"modified":"2020-03-23T19:39:52","modified_gmt":"2020-03-23T17:39:52","slug":"ein-rauchfreies-krankenhaus-eine-rauchfreie-zukunft","status":"publish","type":"post","link":"https:\/\/rauchfrei.at\/en\/ein-rauchfreies-krankenhaus-eine-rauchfreie-zukunft\/","title":{"rendered":"Ein rauchfreies Krankenhaus, eine rauchfreie Zukunft!"},"content":{"rendered":"<p>[et_pb_section fb_built=&#8221;1&#8243; module_class=&#8221;header&#8221; _builder_version=&#8221;3.22&#8243;][et_pb_row _builder_version=&#8221;3.25&#8243;][et_pb_column type=&#8221;4_4&#8243; _builder_version=&#8221;3.25&#8243; custom_padding=&#8221;|||&#8221; custom_padding__hover=&#8221;|||&#8221;][et_pb_dp_dmb_module_10001 subheadline=&#8221;Gl\u00fcckwunsch zum Zertifikat&#8221; _builder_version=&#8221;3.15&#8243;]<\/p>\n<p>[\/et_pb_dp_dmb_module_10001][\/et_pb_column][\/et_pb_row][\/et_pb_section][et_pb_section fb_built=&#8221;1&#8243; _builder_version=&#8221;3.22&#8243;][et_pb_row _builder_version=&#8221;3.25&#8243; background_size=&#8221;initial&#8221; background_position=&#8221;top_left&#8221; background_repeat=&#8221;repeat&#8221; column_structure=&#8221;2_3,1_3&#8243;][et_pb_column type=&#8221;2_3&#8243; _builder_version=&#8221;3.25&#8243; custom_padding=&#8221;|||&#8221; custom_padding__hover=&#8221;|||&#8221;][et_pb_text _builder_version=&#8221;4.1&#8243; z_index_tablet=&#8221;500&#8243; hover_enabled=&#8221;0&#8243;]<\/p>\n<p>Daf\u00fcr war es n\u00f6tig, die wenigen noch verbleibenden Raucherzonen abzuschaffen. Weitere Ma\u00dfnahmen waren: die Mitarbeiterschulungen in der Tabakentw\u00f6hnung, die Kurzintervention zum Rauchstopp bei Neuaufnahmen und das kostenfreie Angebot zur Raucherentw\u00f6hnung zu implementieren.<\/p>\n<div id=\"attachment_10700\" style=\"width: 490px\" class=\"wp-caption alignnone\"><img loading=\"lazy\" decoding=\"async\" aria-describedby=\"caption-attachment-10700\" class=\"size-large wp-image-10700\" src=\"https:\/\/rauchfrei.at\/wp-content\/uploads\/Maria-Ebene-480x180.jpg\" alt=\"\" width=\"480\" height=\"180\" data-id=\"10700\" \/><p id=\"caption-attachment-10700\" class=\"wp-caption-text\"><span class=\"vodl-picture-wrappercaption-alt2\">Landesrat Christian Bernhard mit Primar Michael Willis, Projektleiter Wolfgang Grabher und SUPRO-Leiter Andreas Prenn<\/span> <span class=\"vodl-picture-wrappercaption-copyright\">\u00a9VLK\/Kees<\/span><\/p><\/div>\n<p>Mit viel Ehrgeiz wird das Krankenhaus Maria Ebene auch die Gold-Zertifizierung anstreben, wir dr\u00fccken daf\u00fcr die Daumen!<\/p>\n<p><strong>Haben Sie auch Interesse an einer Zertifizierung im<\/strong> <a href=\"https:\/\/www.tobaccofreehealthcare.org\" target=\"_blank\" rel=\"noopener noreferrer\">Global Network for Tobacco Free Health Care Services<\/a> <strong>als rauchfreie Gesundheitseinrichtung?<\/strong><\/p>\n<p>Das \u201e\u00d6sterreichische Netzwerk Gesundheitsf\u00f6rdernder Krankenh\u00e4user und Gesundheitseinrichtungen\u201c (ONGKG) begleitet Einrichtungen dabei Gesundheitsf\u00f6rderung st\u00e4rker im Krankenhausalltag einzubauen. Alle Informationen zur Zertifizierung finden Sie unter \u00a0<a href=\"http:\/\/www.ongkg.at\/rauchfrei\/zertifizierung.html\">http:\/\/www.ongkg.at\/rauchfrei\/zertifizierung.html<\/a>.<\/p>\n<p>Heuer waren wir \u00fcbrigens auch wieder bei der \u00d6sterreichischen Konferenz Gesundheitsf\u00f6rdernder Krankenh\u00e4user und Gesundheitseinrichtungen des ONGKGs dabei, hier finden Sie Informationen dazu: <a href=\"http:\/\/www.ongkg.at\/konferenzen.html\">http:\/\/www.ongkg.at\/konferenzen.html<\/a><\/p>\n<p>Links:<\/p>\n<p><a href=\"http:\/\/www.ongkg.at\/rauchfrei\/zertifizierung.html\" target=\"_blank\" rel=\"noopener noreferrer\">https:\/\/www.ongkg.at\/rauchfrei\/zertifizierung.html<\/a><\/p>\n<p>[\/et_pb_text][\/et_pb_column][et_pb_column type=&#8221;1_3&#8243; _builder_version=&#8221;3.25&#8243; custom_padding=&#8221;|||&#8221; custom_padding__hover=&#8221;|||&#8221;][et_pb_sidebar area=&#8221;sidebar-1&#8243; _builder_version=&#8221;3.15&#8243;]<\/p>\n<p>[\/et_pb_sidebar][\/et_pb_column][\/et_pb_row][\/et_pb_section]<\/p>\n","protected":false},"excerpt":{"rendered":"<p>Wir gratulieren dem Krankenhaus Maria Ebene zur Silber-Zertifizierung als rauchfreies Krankenhaus.<\/p>\n","protected":false},"author":17,"featured_media":0,"comment_status":"open","ping_status":"open","sticky":false,"template":"","format":"standard","meta":{"_et_pb_use_builder":"on","_et_pb_old_content":"","_et_gb_content_width":"","footnotes":""},"categories":[236],"tags":[],"class_list":["post-12777","post","type-post","status-publish","format-standard","hentry","category-nicht-kategorisiert"],"yoast_head":"<!-- This site is optimized with the Yoast SEO plugin v26.2 - https:\/\/yoast.com\/wordpress\/plugins\/seo\/ -->\n<title>Ein rauchfreies Krankenhaus, eine rauchfreie Zukunft! - Rauchfrei Telefon<\/title>\n<meta name=\"robots\" content=\"index, follow, max-snippet:-1, max-image-preview:large, max-video-preview:-1\" \/>\n<link rel=\"canonical\" href=\"https:\/\/rauchfrei.at\/ein-rauchfreies-krankenhaus-eine-rauchfreie-zukunft\/\" \/>\n<meta property=\"og:locale\" content=\"en_US\" \/>\n<meta property=\"og:type\" content=\"article\" \/>\n<meta property=\"og:title\" content=\"Ein rauchfreies Krankenhaus, eine rauchfreie Zukunft! - Rauchfrei Telefon\" \/>\n<meta property=\"og:description\" content=\"Wir gratulieren dem Krankenhaus Maria Ebene zur Silber-Zertifizierung als rauchfreies Krankenhaus.\" \/>\n<meta property=\"og:url\" content=\"https:\/\/rauchfrei.at\/ein-rauchfreies-krankenhaus-eine-rauchfreie-zukunft\/\" \/>\n<meta property=\"og:site_name\" content=\"Rauchfrei Telefon\" \/>\n<meta property=\"article:published_time\" content=\"2018-12-17T08:10:05+00:00\" \/>\n<meta property=\"article:modified_time\" content=\"2020-03-23T17:39:52+00:00\" \/>\n<meta property=\"og:image\" content=\"https:\/\/rauchfrei.at\/wp-content\/uploads\/Maria-Ebene-480x180.jpg\" \/>\n<meta name=\"author\" content=\"Gastkommentar\" \/>\n<meta name=\"twitter:card\" content=\"summary_large_image\" \/>\n<meta name=\"twitter:label1\" content=\"Written by\" \/>\n\t<meta name=\"twitter:data1\" content=\"Gastkommentar\" \/>\n\t<meta name=\"twitter:label2\" content=\"Est. reading time\" \/>\n\t<meta name=\"twitter:data2\" content=\"2 minutes\" \/>\n<script type=\"application\/ld+json\" class=\"yoast-schema-graph\">{\"@context\":\"https:\/\/schema.org\",\"@graph\":[{\"@type\":\"WebPage\",\"@id\":\"https:\/\/rauchfrei.at\/ein-rauchfreies-krankenhaus-eine-rauchfreie-zukunft\/\",\"url\":\"https:\/\/rauchfrei.at\/ein-rauchfreies-krankenhaus-eine-rauchfreie-zukunft\/\",\"name\":\"Ein rauchfreies Krankenhaus, eine rauchfreie Zukunft! - Rauchfrei Telefon\",\"isPartOf\":{\"@id\":\"https:\/\/rauchfrei.at\/#website\"},\"primaryImageOfPage\":{\"@id\":\"https:\/\/rauchfrei.at\/ein-rauchfreies-krankenhaus-eine-rauchfreie-zukunft\/#primaryimage\"},\"image\":{\"@id\":\"https:\/\/rauchfrei.at\/ein-rauchfreies-krankenhaus-eine-rauchfreie-zukunft\/#primaryimage\"},\"thumbnailUrl\":\"https:\/\/rauchfrei.at\/wp-content\/uploads\/Maria-Ebene-480x180.jpg\",\"datePublished\":\"2018-12-17T08:10:05+00:00\",\"dateModified\":\"2020-03-23T17:39:52+00:00\",\"author\":{\"@id\":\"https:\/\/rauchfrei.at\/#\/schema\/person\/5fc25ba0c5c18c7bb72f39740e4d31da\"},\"inLanguage\":\"en-US\",\"potentialAction\":[{\"@type\":\"ReadAction\",\"target\":[\"https:\/\/rauchfrei.at\/ein-rauchfreies-krankenhaus-eine-rauchfreie-zukunft\/\"]}]},{\"@type\":\"ImageObject\",\"inLanguage\":\"en-US\",\"@id\":\"https:\/\/rauchfrei.at\/ein-rauchfreies-krankenhaus-eine-rauchfreie-zukunft\/#primaryimage\",\"url\":\"https:\/\/rauchfrei.at\/wp-content\/uploads\/Maria-Ebene-480x180.jpg\",\"contentUrl\":\"https:\/\/rauchfrei.at\/wp-content\/uploads\/Maria-Ebene-480x180.jpg\"},{\"@type\":\"WebSite\",\"@id\":\"https:\/\/rauchfrei.at\/#website\",\"url\":\"https:\/\/rauchfrei.at\/\",\"name\":\"Rauchfrei Telefon\",\"description\":\"Eine \u00f6sterreichweite Initiative der Sozialversicherungen.\",\"potentialAction\":[{\"@type\":\"SearchAction\",\"target\":{\"@type\":\"EntryPoint\",\"urlTemplate\":\"https:\/\/rauchfrei.at\/?s={search_term_string}\"},\"query-input\":{\"@type\":\"PropertyValueSpecification\",\"valueRequired\":true,\"valueName\":\"search_term_string\"}}],\"inLanguage\":\"en-US\"},{\"@type\":\"Person\",\"@id\":\"https:\/\/rauchfrei.at\/#\/schema\/person\/5fc25ba0c5c18c7bb72f39740e4d31da\",\"name\":\"Gastkommentar\",\"image\":{\"@type\":\"ImageObject\",\"inLanguage\":\"en-US\",\"@id\":\"https:\/\/rauchfrei.at\/#\/schema\/person\/image\/\",\"url\":\"https:\/\/secure.gravatar.com\/avatar\/85407d990e69802a3bded43886ed11ed06b45db3bbf254d52dd9f9c82c33dd83?s=96&d=mm&r=g\",\"contentUrl\":\"https:\/\/secure.gravatar.com\/avatar\/85407d990e69802a3bded43886ed11ed06b45db3bbf254d52dd9f9c82c33dd83?s=96&d=mm&r=g\",\"caption\":\"Gastkommentar\"},\"url\":\"https:\/\/rauchfrei.at\/en\/author\/gastkommentar\/\"}]}<\/script>\n<!-- \/ Yoast SEO plugin. -->","yoast_head_json":{"title":"Ein rauchfreies Krankenhaus, eine rauchfreie Zukunft! - Rauchfrei Telefon","robots":{"index":"index","follow":"follow","max-snippet":"max-snippet:-1","max-image-preview":"max-image-preview:large","max-video-preview":"max-video-preview:-1"},"canonical":"https:\/\/rauchfrei.at\/ein-rauchfreies-krankenhaus-eine-rauchfreie-zukunft\/","og_locale":"en_US","og_type":"article","og_title":"Ein rauchfreies Krankenhaus, eine rauchfreie Zukunft! - Rauchfrei Telefon","og_description":"Wir gratulieren dem Krankenhaus Maria Ebene zur Silber-Zertifizierung als rauchfreies Krankenhaus.","og_url":"https:\/\/rauchfrei.at\/ein-rauchfreies-krankenhaus-eine-rauchfreie-zukunft\/","og_site_name":"Rauchfrei Telefon","article_published_time":"2018-12-17T08:10:05+00:00","article_modified_time":"2020-03-23T17:39:52+00:00","og_image":[{"url":"https:\/\/rauchfrei.at\/wp-content\/uploads\/Maria-Ebene-480x180.jpg","type":"","width":"","height":""}],"author":"Gastkommentar","twitter_card":"summary_large_image","twitter_misc":{"Written by":"Gastkommentar","Est. reading time":"2 minutes"},"schema":{"@context":"https:\/\/schema.org","@graph":[{"@type":"WebPage","@id":"https:\/\/rauchfrei.at\/ein-rauchfreies-krankenhaus-eine-rauchfreie-zukunft\/","url":"https:\/\/rauchfrei.at\/ein-rauchfreies-krankenhaus-eine-rauchfreie-zukunft\/","name":"Ein rauchfreies Krankenhaus, eine rauchfreie Zukunft! - Rauchfrei Telefon","isPartOf":{"@id":"https:\/\/rauchfrei.at\/#website"},"primaryImageOfPage":{"@id":"https:\/\/rauchfrei.at\/ein-rauchfreies-krankenhaus-eine-rauchfreie-zukunft\/#primaryimage"},"image":{"@id":"https:\/\/rauchfrei.at\/ein-rauchfreies-krankenhaus-eine-rauchfreie-zukunft\/#primaryimage"},"thumbnailUrl":"https:\/\/rauchfrei.at\/wp-content\/uploads\/Maria-Ebene-480x180.jpg","datePublished":"2018-12-17T08:10:05+00:00","dateModified":"2020-03-23T17:39:52+00:00","author":{"@id":"https:\/\/rauchfrei.at\/#\/schema\/person\/5fc25ba0c5c18c7bb72f39740e4d31da"},"inLanguage":"en-US","potentialAction":[{"@type":"ReadAction","target":["https:\/\/rauchfrei.at\/ein-rauchfreies-krankenhaus-eine-rauchfreie-zukunft\/"]}]},{"@type":"ImageObject","inLanguage":"en-US","@id":"https:\/\/rauchfrei.at\/ein-rauchfreies-krankenhaus-eine-rauchfreie-zukunft\/#primaryimage","url":"https:\/\/rauchfrei.at\/wp-content\/uploads\/Maria-Ebene-480x180.jpg","contentUrl":"https:\/\/rauchfrei.at\/wp-content\/uploads\/Maria-Ebene-480x180.jpg"},{"@type":"WebSite","@id":"https:\/\/rauchfrei.at\/#website","url":"https:\/\/rauchfrei.at\/","name":"Rauchfrei Telefon","description":"Eine \u00f6sterreichweite Initiative der Sozialversicherungen.","potentialAction":[{"@type":"SearchAction","target":{"@type":"EntryPoint","urlTemplate":"https:\/\/rauchfrei.at\/?s={search_term_string}"},"query-input":{"@type":"PropertyValueSpecification","valueRequired":true,"valueName":"search_term_string"}}],"inLanguage":"en-US"},{"@type":"Person","@id":"https:\/\/rauchfrei.at\/#\/schema\/person\/5fc25ba0c5c18c7bb72f39740e4d31da","name":"Gastkommentar","image":{"@type":"ImageObject","inLanguage":"en-US","@id":"https:\/\/rauchfrei.at\/#\/schema\/person\/image\/","url":"https:\/\/secure.gravatar.com\/avatar\/85407d990e69802a3bded43886ed11ed06b45db3bbf254d52dd9f9c82c33dd83?s=96&d=mm&r=g","contentUrl":"https:\/\/secure.gravatar.com\/avatar\/85407d990e69802a3bded43886ed11ed06b45db3bbf254d52dd9f9c82c33dd83?s=96&d=mm&r=g","caption":"Gastkommentar"},"url":"https:\/\/rauchfrei.at\/en\/author\/gastkommentar\/"}]}},"_links":{"self":[{"href":"https:\/\/rauchfrei.at\/en\/wp-json\/wp\/v2\/posts\/12777","targetHints":{"allow":["GET"]}}],"collection":[{"href":"https:\/\/rauchfrei.at\/en\/wp-json\/wp\/v2\/posts"}],"about":[{"href":"https:\/\/rauchfrei.at\/en\/wp-json\/wp\/v2\/types\/post"}],"author":[{"embeddable":true,"href":"https:\/\/rauchfrei.at\/en\/wp-json\/wp\/v2\/users\/17"}],"replies":[{"embeddable":true,"href":"https:\/\/rauchfrei.at\/en\/wp-json\/wp\/v2\/comments?post=12777"}],"version-history":[{"count":5,"href":"https:\/\/rauchfrei.at\/en\/wp-json\/wp\/v2\/posts\/12777\/revisions"}],"predecessor-version":[{"id":18438,"href":"https:\/\/rauchfrei.at\/en\/wp-json\/wp\/v2\/posts\/12777\/revisions\/18438"}],"wp:attachment":[{"href":"https:\/\/rauchfrei.at\/en\/wp-json\/wp\/v2\/media?parent=12777"}],"wp:term":[{"taxonomy":"category","embeddable":true,"href":"https:\/\/rauchfrei.at\/en\/wp-json\/wp\/v2\/categories?post=12777"},{"taxonomy":"post_tag","embeddable":true,"href":"https:\/\/rauchfrei.at\/en\/wp-json\/wp\/v2\/tags?post=12777"}],"curies":[{"name":"wp","href":"https:\/\/api.w.org\/{rel}","templated":true}]}}