
{"id":12783,"date":"2018-12-20T10:00:23","date_gmt":"2018-12-20T08:00:23","guid":{"rendered":"http:\/\/rauchfrei.at\/?p=12783"},"modified":"2019-04-12T09:52:49","modified_gmt":"2019-04-12T07:52:49","slug":"der-oesterreichische-nichtraucherschutz-im-europavergleich-weit-hinten","status":"publish","type":"post","link":"https:\/\/rauchfrei.at\/en\/der-oesterreichische-nichtraucherschutz-im-europavergleich-weit-hinten\/","title":{"rendered":"Der \u00f6sterreichische Nichtraucherschutz \u2013 im Europavergleich weit hinten"},"content":{"rendered":"<p>[et_pb_section bb_built=&#8221;1&#8243; module_class=&#8221;header&#8221; _builder_version=&#8221;3.0.99&#8243; next_background_color=&#8221;#000000&#8243;][et_pb_row _builder_version=&#8221;3.0.99&#8243;][et_pb_column type=&#8221;4_4&#8243;][et_pb_dp_dmb_module_10001 subheadline=&#8221;Es besteht Aufholbedarf&#8221; _builder_version=&#8221;3.15&#8243;]<\/p>\n<p><\/p>\n<p>[\/et_pb_dp_dmb_module_10001][\/et_pb_column][\/et_pb_row][\/et_pb_section][et_pb_section bb_built=&#8221;1&#8243; _builder_version=&#8221;3.0.47&#8243; prev_background_color=&#8221;#000000&#8243;][et_pb_row _builder_version=&#8221;3.0.48&#8243; background_size=&#8221;initial&#8221; background_position=&#8221;top_left&#8221; background_repeat=&#8221;repeat&#8221;][et_pb_column type=&#8221;2_3&#8243;][et_pb_text _builder_version=&#8221;3.21.1&#8243; z_index_tablet=&#8221;500&#8243;]<\/p>\n<p>Immer wieder h\u00f6rt man das Argument, dass \u00d6sterreich eines der strengsten Nichtraucherschutzgesetze h\u00e4tte. Das stimmt nicht. Ein <strong>umfassender Nichtraucherschutz<\/strong> bedeutet, dass niemand unfreiwillig Tabakrauch einatmen muss. In vielen europ\u00e4ischen L\u00e4ndern wie zum Beispiel Irland, Italien oder Gro\u00dfbritannien ist dieser gesetzliche Schutz vor dem giftigen Passivrauch bereits Alltag. Die Gastronomie ist dort ausnahmslos rauchfrei.<\/p>\n<p>Umfassender Jugendschutz vor Passivrauch bedeutet, dass die (v.a. \u00f6ffentlichen) <strong>Aufenthaltsorte<\/strong> von Kindern und Jugendlichen <strong>durchg\u00e4ngig rauchfrei<\/strong> sind. Ein positives Beispiel in \u00d6sterreich sind die Bildungseinrichtungen, in denen sowohl die Geb\u00e4ude als auch die Freifl\u00e4chen rauchfrei sein m\u00fcssen.<\/p>\n<p>In anderen Bereichen, wie in der Gastronomie oder in Autos sind Kinder und Jugendliche nach wie vor <strong>unfreiwillig<\/strong> den giftigen Schadstoffen ausgesetzt.<\/p>\n<p>Lehrlinge, die nach dem 1.9.2018 die Lehre in der Gastronomie begonnen haben, d\u00fcrfen laut Gesetzt bis zu einer Stunde t\u00e4glich im Raucherbereich eingesetzt werden. Eine Stunde Passivrauchen ist mindestens genauso sch\u00e4dlich, als ob man selber eine Zigarette geraucht h\u00e4tte. Neue Studien zeigen zudem, dass die r\u00e4umliche Abtrennung von Raucherbereichen nicht funktioniert. Vermeintliche <a href=\"https:\/\/rauchfrei.at\/nichtraucherzone-mitraucherzone\/\" target=\"_blank\" rel=\"noopener noreferrer\">Nichtraucherr\u00e4ume sind eigentlich Mitraucherr\u00e4ume<\/a>.<\/p>\n<p>Auch ein Rauchverbot im Auto, wenn unter 18- j\u00e4hrige mitfahren, ist nicht ausreichend. Der Passivrauch setzt sich in den Autositzen und an den W\u00e4nden in hoher Konzentration fest und wird als Feinstaub auch in die Luft abgegeben, auch wenn gerade nicht aktiv geraucht wird.<\/p>\n<p>Zus\u00e4tzlich zum unzureichenden gesetzlichen Schutz vor Passivrauch wird die Einhaltung der bestehenden gesetzlichen Vorgaben nicht kontrolliert und somit auch nicht exekutiert. Die bestehenden gesetzlichen Vorgaben sind daher in der Alltagsrealit\u00e4t oft nicht wahrnehmbar.<\/p>\n<p>Bei einem nachweislich giftigen Schadstoff wie Passivrauch, bei dem es keine Unbedenklichkeitsgrenze gibt, w\u00e4re der bestehende gesetzliche Schutz, selbst wenn er kontrolliert und exekutiert w\u00fcrde, nicht ausreichend.<\/p>\n<p>[\/et_pb_text][\/et_pb_column][et_pb_column type=&#8221;1_3&#8243;][et_pb_sidebar area=&#8221;sidebar-1&#8243; _builder_version=&#8221;3.15&#8243;]<\/p>\n<p><\/p>\n<p>[\/et_pb_sidebar][\/et_pb_column][\/et_pb_row][\/et_pb_section]<\/p>\n","protected":false},"excerpt":{"rendered":"<p>\u00d6sterreich hat eines der schw\u00e4chsten Nichtraucherschutzgesetze im internationalen Vergleich. Eine gro\u00dfe Gruppe der Arbeitnehmer\/innen sowie Kinder und Jugendliche sind gesetzlich nicht ausreichend vor der Exposition mit giftigem Tabakrauch gesch\u00fctzt. Zus\u00e4tzlich zu den schwachen gesetzlichen Regelungen gibt es keine vorgesehenen Kontrollen, ob die gesetzlichen Vorgaben zum Nichtraucherschutz eingehalten werden. <\/p>\n","protected":false},"author":17,"featured_media":0,"comment_status":"open","ping_status":"open","sticky":false,"template":"","format":"standard","meta":{"_et_pb_use_builder":"on","_et_pb_old_content":"","_et_gb_content_width":"","footnotes":""},"categories":[237,236],"tags":[],"class_list":["post-12783","post","type-post","status-publish","format-standard","hentry","category-literatur-und-hintergrundwissen","category-nicht-kategorisiert"],"yoast_head":"<!-- This site is optimized with the Yoast SEO plugin v26.2 - https:\/\/yoast.com\/wordpress\/plugins\/seo\/ -->\n<title>Der \u00f6sterreichische Nichtraucherschutz \u2013 im Europavergleich weit hinten - Rauchfrei Telefon<\/title>\n<meta name=\"robots\" content=\"index, follow, max-snippet:-1, max-image-preview:large, max-video-preview:-1\" \/>\n<link rel=\"canonical\" href=\"https:\/\/rauchfrei.at\/der-oesterreichische-nichtraucherschutz-im-europavergleich-weit-hinten\/\" \/>\n<meta property=\"og:locale\" content=\"en_US\" \/>\n<meta property=\"og:type\" content=\"article\" \/>\n<meta property=\"og:title\" content=\"Der \u00f6sterreichische Nichtraucherschutz \u2013 im Europavergleich weit hinten - Rauchfrei Telefon\" \/>\n<meta property=\"og:description\" content=\"\u00d6sterreich hat eines der schw\u00e4chsten Nichtraucherschutzgesetze im internationalen Vergleich. Eine gro\u00dfe Gruppe der Arbeitnehmer\/innen sowie Kinder und Jugendliche sind gesetzlich nicht ausreichend vor der Exposition mit giftigem Tabakrauch gesch\u00fctzt. Zus\u00e4tzlich zu den schwachen gesetzlichen Regelungen gibt es keine vorgesehenen Kontrollen, ob die gesetzlichen Vorgaben zum Nichtraucherschutz eingehalten werden.\" \/>\n<meta property=\"og:url\" content=\"https:\/\/rauchfrei.at\/der-oesterreichische-nichtraucherschutz-im-europavergleich-weit-hinten\/\" \/>\n<meta property=\"og:site_name\" content=\"Rauchfrei Telefon\" \/>\n<meta property=\"article:published_time\" content=\"2018-12-20T08:00:23+00:00\" \/>\n<meta property=\"article:modified_time\" content=\"2019-04-12T07:52:49+00:00\" \/>\n<meta name=\"author\" content=\"Gastkommentar\" \/>\n<meta name=\"twitter:card\" content=\"summary_large_image\" \/>\n<meta name=\"twitter:label1\" content=\"Written by\" \/>\n\t<meta name=\"twitter:data1\" content=\"Gastkommentar\" \/>\n\t<meta name=\"twitter:label2\" content=\"Est. reading time\" \/>\n\t<meta name=\"twitter:data2\" content=\"2 minutes\" \/>\n<script type=\"application\/ld+json\" class=\"yoast-schema-graph\">{\"@context\":\"https:\/\/schema.org\",\"@graph\":[{\"@type\":\"WebPage\",\"@id\":\"https:\/\/rauchfrei.at\/der-oesterreichische-nichtraucherschutz-im-europavergleich-weit-hinten\/\",\"url\":\"https:\/\/rauchfrei.at\/der-oesterreichische-nichtraucherschutz-im-europavergleich-weit-hinten\/\",\"name\":\"Der \u00f6sterreichische Nichtraucherschutz \u2013 im Europavergleich weit hinten - Rauchfrei Telefon\",\"isPartOf\":{\"@id\":\"https:\/\/rauchfrei.at\/#website\"},\"datePublished\":\"2018-12-20T08:00:23+00:00\",\"dateModified\":\"2019-04-12T07:52:49+00:00\",\"author\":{\"@id\":\"https:\/\/rauchfrei.at\/#\/schema\/person\/5fc25ba0c5c18c7bb72f39740e4d31da\"},\"inLanguage\":\"en-US\",\"potentialAction\":[{\"@type\":\"ReadAction\",\"target\":[\"https:\/\/rauchfrei.at\/der-oesterreichische-nichtraucherschutz-im-europavergleich-weit-hinten\/\"]}]},{\"@type\":\"WebSite\",\"@id\":\"https:\/\/rauchfrei.at\/#website\",\"url\":\"https:\/\/rauchfrei.at\/\",\"name\":\"Rauchfrei Telefon\",\"description\":\"Eine \u00f6sterreichweite Initiative der Sozialversicherungen.\",\"potentialAction\":[{\"@type\":\"SearchAction\",\"target\":{\"@type\":\"EntryPoint\",\"urlTemplate\":\"https:\/\/rauchfrei.at\/?s={search_term_string}\"},\"query-input\":{\"@type\":\"PropertyValueSpecification\",\"valueRequired\":true,\"valueName\":\"search_term_string\"}}],\"inLanguage\":\"en-US\"},{\"@type\":\"Person\",\"@id\":\"https:\/\/rauchfrei.at\/#\/schema\/person\/5fc25ba0c5c18c7bb72f39740e4d31da\",\"name\":\"Gastkommentar\",\"image\":{\"@type\":\"ImageObject\",\"inLanguage\":\"en-US\",\"@id\":\"https:\/\/rauchfrei.at\/#\/schema\/person\/image\/\",\"url\":\"https:\/\/secure.gravatar.com\/avatar\/85407d990e69802a3bded43886ed11ed06b45db3bbf254d52dd9f9c82c33dd83?s=96&d=mm&r=g\",\"contentUrl\":\"https:\/\/secure.gravatar.com\/avatar\/85407d990e69802a3bded43886ed11ed06b45db3bbf254d52dd9f9c82c33dd83?s=96&d=mm&r=g\",\"caption\":\"Gastkommentar\"},\"url\":\"https:\/\/rauchfrei.at\/en\/author\/gastkommentar\/\"}]}<\/script>\n<!-- \/ Yoast SEO plugin. -->","yoast_head_json":{"title":"Der \u00f6sterreichische Nichtraucherschutz \u2013 im Europavergleich weit hinten - Rauchfrei Telefon","robots":{"index":"index","follow":"follow","max-snippet":"max-snippet:-1","max-image-preview":"max-image-preview:large","max-video-preview":"max-video-preview:-1"},"canonical":"https:\/\/rauchfrei.at\/der-oesterreichische-nichtraucherschutz-im-europavergleich-weit-hinten\/","og_locale":"en_US","og_type":"article","og_title":"Der \u00f6sterreichische Nichtraucherschutz \u2013 im Europavergleich weit hinten - Rauchfrei Telefon","og_description":"\u00d6sterreich hat eines der schw\u00e4chsten Nichtraucherschutzgesetze im internationalen Vergleich. Eine gro\u00dfe Gruppe der Arbeitnehmer\/innen sowie Kinder und Jugendliche sind gesetzlich nicht ausreichend vor der Exposition mit giftigem Tabakrauch gesch\u00fctzt. Zus\u00e4tzlich zu den schwachen gesetzlichen Regelungen gibt es keine vorgesehenen Kontrollen, ob die gesetzlichen Vorgaben zum Nichtraucherschutz eingehalten werden.","og_url":"https:\/\/rauchfrei.at\/der-oesterreichische-nichtraucherschutz-im-europavergleich-weit-hinten\/","og_site_name":"Rauchfrei Telefon","article_published_time":"2018-12-20T08:00:23+00:00","article_modified_time":"2019-04-12T07:52:49+00:00","author":"Gastkommentar","twitter_card":"summary_large_image","twitter_misc":{"Written by":"Gastkommentar","Est. reading time":"2 minutes"},"schema":{"@context":"https:\/\/schema.org","@graph":[{"@type":"WebPage","@id":"https:\/\/rauchfrei.at\/der-oesterreichische-nichtraucherschutz-im-europavergleich-weit-hinten\/","url":"https:\/\/rauchfrei.at\/der-oesterreichische-nichtraucherschutz-im-europavergleich-weit-hinten\/","name":"Der \u00f6sterreichische Nichtraucherschutz \u2013 im Europavergleich weit hinten - Rauchfrei Telefon","isPartOf":{"@id":"https:\/\/rauchfrei.at\/#website"},"datePublished":"2018-12-20T08:00:23+00:00","dateModified":"2019-04-12T07:52:49+00:00","author":{"@id":"https:\/\/rauchfrei.at\/#\/schema\/person\/5fc25ba0c5c18c7bb72f39740e4d31da"},"inLanguage":"en-US","potentialAction":[{"@type":"ReadAction","target":["https:\/\/rauchfrei.at\/der-oesterreichische-nichtraucherschutz-im-europavergleich-weit-hinten\/"]}]},{"@type":"WebSite","@id":"https:\/\/rauchfrei.at\/#website","url":"https:\/\/rauchfrei.at\/","name":"Rauchfrei Telefon","description":"Eine \u00f6sterreichweite Initiative der Sozialversicherungen.","potentialAction":[{"@type":"SearchAction","target":{"@type":"EntryPoint","urlTemplate":"https:\/\/rauchfrei.at\/?s={search_term_string}"},"query-input":{"@type":"PropertyValueSpecification","valueRequired":true,"valueName":"search_term_string"}}],"inLanguage":"en-US"},{"@type":"Person","@id":"https:\/\/rauchfrei.at\/#\/schema\/person\/5fc25ba0c5c18c7bb72f39740e4d31da","name":"Gastkommentar","image":{"@type":"ImageObject","inLanguage":"en-US","@id":"https:\/\/rauchfrei.at\/#\/schema\/person\/image\/","url":"https:\/\/secure.gravatar.com\/avatar\/85407d990e69802a3bded43886ed11ed06b45db3bbf254d52dd9f9c82c33dd83?s=96&d=mm&r=g","contentUrl":"https:\/\/secure.gravatar.com\/avatar\/85407d990e69802a3bded43886ed11ed06b45db3bbf254d52dd9f9c82c33dd83?s=96&d=mm&r=g","caption":"Gastkommentar"},"url":"https:\/\/rauchfrei.at\/en\/author\/gastkommentar\/"}]}},"_links":{"self":[{"href":"https:\/\/rauchfrei.at\/en\/wp-json\/wp\/v2\/posts\/12783","targetHints":{"allow":["GET"]}}],"collection":[{"href":"https:\/\/rauchfrei.at\/en\/wp-json\/wp\/v2\/posts"}],"about":[{"href":"https:\/\/rauchfrei.at\/en\/wp-json\/wp\/v2\/types\/post"}],"author":[{"embeddable":true,"href":"https:\/\/rauchfrei.at\/en\/wp-json\/wp\/v2\/users\/17"}],"replies":[{"embeddable":true,"href":"https:\/\/rauchfrei.at\/en\/wp-json\/wp\/v2\/comments?post=12783"}],"version-history":[{"count":5,"href":"https:\/\/rauchfrei.at\/en\/wp-json\/wp\/v2\/posts\/12783\/revisions"}],"predecessor-version":[{"id":15809,"href":"https:\/\/rauchfrei.at\/en\/wp-json\/wp\/v2\/posts\/12783\/revisions\/15809"}],"wp:attachment":[{"href":"https:\/\/rauchfrei.at\/en\/wp-json\/wp\/v2\/media?parent=12783"}],"wp:term":[{"taxonomy":"category","embeddable":true,"href":"https:\/\/rauchfrei.at\/en\/wp-json\/wp\/v2\/categories?post=12783"},{"taxonomy":"post_tag","embeddable":true,"href":"https:\/\/rauchfrei.at\/en\/wp-json\/wp\/v2\/tags?post=12783"}],"curies":[{"name":"wp","href":"https:\/\/api.w.org\/{rel}","templated":true}]}}