
{"id":12808,"date":"2019-01-21T10:00:50","date_gmt":"2019-01-21T08:00:50","guid":{"rendered":"http:\/\/rauchfrei.at\/?p=12808"},"modified":"2019-03-04T18:58:39","modified_gmt":"2019-03-04T16:58:39","slug":"rauchen-passt-nicht-mehr-eine-online-kampagne-von-vivid","status":"publish","type":"post","link":"https:\/\/rauchfrei.at\/en\/rauchen-passt-nicht-mehr-eine-online-kampagne-von-vivid\/","title":{"rendered":"\u201eRauchen passt nicht mehr\u201c \u2013 Eine Online \u2013 Kampagne von VIVID"},"content":{"rendered":"<p>[et_pb_section fb_built=&#8221;1&#8243; next_background_color=&#8221;#000000&#8243; module_class=&#8221;header&#8221; _builder_version=&#8221;3.0.99&#8243;][et_pb_row _builder_version=&#8221;3.0.99&#8243;][et_pb_column type=&#8221;4_4&#8243; _builder_version=&#8221;3.0.47&#8243;][et_pb_dp_dmb_module_10001 subheadline=&#8221;Was nervt Sie am Rauchen?&#8221; _builder_version=&#8221;3.15&#8243;][\/et_pb_dp_dmb_module_10001][\/et_pb_column][\/et_pb_row][\/et_pb_section][et_pb_section fb_built=&#8221;1&#8243; prev_background_color=&#8221;#000000&#8243; _builder_version=&#8221;3.0.47&#8243;][et_pb_row _builder_version=&#8221;3.0.48&#8243; background_size=&#8221;initial&#8221; background_position=&#8221;top_left&#8221; background_repeat=&#8221;repeat&#8221;][et_pb_column type=&#8221;2_3&#8243; _builder_version=&#8221;3.0.47&#8243;][et_pb_text _builder_version=&#8221;3.15&#8243;]Die Organisation VIVID \u2013 Fachstelle f\u00fcr Suchtpr\u00e4vention in der Steiermark, hat mit \u201eRauchen passt nicht mehr zu mir\u201c eine tolle Kampagne ins Leben gerufen. Diese Aktion zeigt, warum und wie Menschen mit dem Rauchen aufgeh\u00f6rt haben.<\/p>\n<p><img loading=\"lazy\" decoding=\"async\" class=\"aligncenter size-large wp-image-10781\" src=\"https:\/\/rauchfrei.at\/wp-content\/uploads\/Foto-Ex-Raucher-gesuch-480x280.png\" alt=\"\" width=\"480\" height=\"280\" data-id=\"10781\" \/>(C) Vivid<\/p>\n<p>Exraucher\/innen werden nach dem Motiv f\u00fcr den Rauchstopp gefragt oder ob es etwa eine spezielle Situation als Anlass f\u00fcr den Rauchstopp gab.<\/p>\n<p>Auf der Homepage sind sehr pers\u00f6nliche Erlebnisse und Erfolgsgeschichten zu lesen, die auch andere Raucher\/innen zum Rauchstopp motivieren k\u00f6nnen.<\/p>\n<p>Laut VIVID \u2013 Bev\u00f6lkerungsbefragung aus dem Jahr 2009 \u00fcberlegen 52,5 Prozent der steirischen Raucher\/innen, mit dem Rauchen aufzuh\u00f6ren. Geht es Ihnen \u00e4hnlich? Hier k\u00f6nnen Sie Ihre Beweggr\u00fcnde abw\u00e4gen:<\/p>\n<p><a href=\"https:\/\/rauchfrei.at\/wp-content\/uploads\/motive.pdf\" target=\"_blank\" rel=\"noopener noreferrer\"><em>Motivwaage<\/em><\/a><\/p>\n<p>Sind Sie rauchfrei? Dann machen Sie mit! Erz\u00e4hlen Sie, warum Sie aufgeh\u00f6rt haben! Damit k\u00f6nnen Sie Vorbild f\u00fcr andere sein, die auch von der Zigarette loskommen wollen.<\/p>\n<p>Vielleicht kann auch die Kampagne selbst ein Ansto\u00df und Grund f\u00fcr den Rauchstopp sein?<br \/>\nWir beraten Sie gerne und begleiten Sie auf dem Weg in die Rauchfreiheit.<\/p>\n<p><strong><u>Link: <\/u><\/strong><\/p>\n<p><strong><a href=\"https:\/\/www.passt-nicht-mehr.at\/\">https:\/\/www.passt-nicht-mehr.at\/<\/a><\/strong><br \/>\n[\/et_pb_text][\/et_pb_column][et_pb_column type=&#8221;1_3&#8243; _builder_version=&#8221;3.0.47&#8243;][et_pb_sidebar area=&#8221;sidebar-1&#8243; _builder_version=&#8221;3.15&#8243;][\/et_pb_sidebar][\/et_pb_column][\/et_pb_row][\/et_pb_section]<\/p>\n","protected":false},"excerpt":{"rendered":"<p>Was ist der Grund f\u00fcr den Rauchstopp? Wieso h\u00f6ren Menschen damit auf? Was sind Dinge, die am Rauchen nerven? Die Kampagne \u201eRauchen passt nicht mehr zu mir\u201c befasst sich mit diesen Fragen und ruft Exraucher\/innen auf www.passt-nicht-mehr.at dazu auf, dar\u00fcber zu berichten.<\/p>\n","protected":false},"author":25,"featured_media":0,"comment_status":"open","ping_status":"open","sticky":false,"template":"","format":"standard","meta":{"_et_pb_use_builder":"on","_et_pb_old_content":"","_et_gb_content_width":"","footnotes":""},"categories":[236],"tags":[],"class_list":["post-12808","post","type-post","status-publish","format-standard","hentry","category-nicht-kategorisiert"],"yoast_head":"<!-- This site is optimized with the Yoast SEO plugin v26.2 - https:\/\/yoast.com\/wordpress\/plugins\/seo\/ -->\n<title>\u201eRauchen passt nicht mehr\u201c \u2013 Eine Online \u2013 Kampagne von VIVID - Rauchfrei Telefon<\/title>\n<meta name=\"robots\" content=\"index, follow, max-snippet:-1, max-image-preview:large, max-video-preview:-1\" \/>\n<link rel=\"canonical\" href=\"https:\/\/rauchfrei.at\/rauchen-passt-nicht-mehr-eine-online-kampagne-von-vivid\/\" \/>\n<meta property=\"og:locale\" content=\"en_US\" \/>\n<meta property=\"og:type\" content=\"article\" \/>\n<meta property=\"og:title\" content=\"\u201eRauchen passt nicht mehr\u201c \u2013 Eine Online \u2013 Kampagne von VIVID - Rauchfrei Telefon\" \/>\n<meta property=\"og:description\" content=\"Was ist der Grund f\u00fcr den Rauchstopp? Wieso h\u00f6ren Menschen damit auf? Was sind Dinge, die am Rauchen nerven? Die Kampagne \u201eRauchen passt nicht mehr zu mir\u201c befasst sich mit diesen Fragen und ruft Exraucher\/innen auf www.passt-nicht-mehr.at dazu auf, dar\u00fcber zu berichten.\" \/>\n<meta property=\"og:url\" content=\"https:\/\/rauchfrei.at\/rauchen-passt-nicht-mehr-eine-online-kampagne-von-vivid\/\" \/>\n<meta property=\"og:site_name\" content=\"Rauchfrei Telefon\" \/>\n<meta property=\"article:published_time\" content=\"2019-01-21T08:00:50+00:00\" \/>\n<meta property=\"article:modified_time\" content=\"2019-03-04T16:58:39+00:00\" \/>\n<meta property=\"og:image\" content=\"https:\/\/rauchfrei.at\/wp-content\/uploads\/Foto-Ex-Raucher-gesuch-480x280.png\" \/>\n<meta name=\"author\" content=\"Rauchfrei Team\" \/>\n<meta name=\"twitter:card\" content=\"summary_large_image\" \/>\n<meta name=\"twitter:label1\" content=\"Written by\" \/>\n\t<meta name=\"twitter:data1\" content=\"Rauchfrei Team\" \/>\n\t<meta name=\"twitter:label2\" content=\"Est. reading time\" \/>\n\t<meta name=\"twitter:data2\" content=\"2 minutes\" \/>\n<script type=\"application\/ld+json\" class=\"yoast-schema-graph\">{\"@context\":\"https:\/\/schema.org\",\"@graph\":[{\"@type\":\"WebPage\",\"@id\":\"https:\/\/rauchfrei.at\/rauchen-passt-nicht-mehr-eine-online-kampagne-von-vivid\/\",\"url\":\"https:\/\/rauchfrei.at\/rauchen-passt-nicht-mehr-eine-online-kampagne-von-vivid\/\",\"name\":\"\u201eRauchen passt nicht mehr\u201c \u2013 Eine Online \u2013 Kampagne von VIVID - Rauchfrei Telefon\",\"isPartOf\":{\"@id\":\"https:\/\/rauchfrei.at\/#website\"},\"primaryImageOfPage\":{\"@id\":\"https:\/\/rauchfrei.at\/rauchen-passt-nicht-mehr-eine-online-kampagne-von-vivid\/#primaryimage\"},\"image\":{\"@id\":\"https:\/\/rauchfrei.at\/rauchen-passt-nicht-mehr-eine-online-kampagne-von-vivid\/#primaryimage\"},\"thumbnailUrl\":\"https:\/\/rauchfrei.at\/wp-content\/uploads\/Foto-Ex-Raucher-gesuch-480x280.png\",\"datePublished\":\"2019-01-21T08:00:50+00:00\",\"dateModified\":\"2019-03-04T16:58:39+00:00\",\"author\":{\"@id\":\"https:\/\/rauchfrei.at\/#\/schema\/person\/504bbf90c5482004fc09aef6de7f9277\"},\"inLanguage\":\"en-US\",\"potentialAction\":[{\"@type\":\"ReadAction\",\"target\":[\"https:\/\/rauchfrei.at\/rauchen-passt-nicht-mehr-eine-online-kampagne-von-vivid\/\"]}]},{\"@type\":\"ImageObject\",\"inLanguage\":\"en-US\",\"@id\":\"https:\/\/rauchfrei.at\/rauchen-passt-nicht-mehr-eine-online-kampagne-von-vivid\/#primaryimage\",\"url\":\"https:\/\/rauchfrei.at\/wp-content\/uploads\/Foto-Ex-Raucher-gesuch-480x280.png\",\"contentUrl\":\"https:\/\/rauchfrei.at\/wp-content\/uploads\/Foto-Ex-Raucher-gesuch-480x280.png\"},{\"@type\":\"WebSite\",\"@id\":\"https:\/\/rauchfrei.at\/#website\",\"url\":\"https:\/\/rauchfrei.at\/\",\"name\":\"Rauchfrei Telefon\",\"description\":\"Eine \u00f6sterreichweite Initiative der Sozialversicherungen.\",\"potentialAction\":[{\"@type\":\"SearchAction\",\"target\":{\"@type\":\"EntryPoint\",\"urlTemplate\":\"https:\/\/rauchfrei.at\/?s={search_term_string}\"},\"query-input\":{\"@type\":\"PropertyValueSpecification\",\"valueRequired\":true,\"valueName\":\"search_term_string\"}}],\"inLanguage\":\"en-US\"},{\"@type\":\"Person\",\"@id\":\"https:\/\/rauchfrei.at\/#\/schema\/person\/504bbf90c5482004fc09aef6de7f9277\",\"name\":\"Rauchfrei Team\",\"image\":{\"@type\":\"ImageObject\",\"inLanguage\":\"en-US\",\"@id\":\"https:\/\/rauchfrei.at\/#\/schema\/person\/image\/\",\"url\":\"https:\/\/secure.gravatar.com\/avatar\/2115b79a00800516fa1523bb5a329611f90e73e89be559131fc7e82b4fdc95ff?s=96&d=mm&r=g\",\"contentUrl\":\"https:\/\/secure.gravatar.com\/avatar\/2115b79a00800516fa1523bb5a329611f90e73e89be559131fc7e82b4fdc95ff?s=96&d=mm&r=g\",\"caption\":\"Rauchfrei Team\"},\"url\":\"https:\/\/rauchfrei.at\/en\/author\/rauchfrei-team\/\"}]}<\/script>\n<!-- \/ Yoast SEO plugin. -->","yoast_head_json":{"title":"\u201eRauchen passt nicht mehr\u201c \u2013 Eine Online \u2013 Kampagne von VIVID - Rauchfrei Telefon","robots":{"index":"index","follow":"follow","max-snippet":"max-snippet:-1","max-image-preview":"max-image-preview:large","max-video-preview":"max-video-preview:-1"},"canonical":"https:\/\/rauchfrei.at\/rauchen-passt-nicht-mehr-eine-online-kampagne-von-vivid\/","og_locale":"en_US","og_type":"article","og_title":"\u201eRauchen passt nicht mehr\u201c \u2013 Eine Online \u2013 Kampagne von VIVID - Rauchfrei Telefon","og_description":"Was ist der Grund f\u00fcr den Rauchstopp? Wieso h\u00f6ren Menschen damit auf? Was sind Dinge, die am Rauchen nerven? Die Kampagne \u201eRauchen passt nicht mehr zu mir\u201c befasst sich mit diesen Fragen und ruft Exraucher\/innen auf www.passt-nicht-mehr.at dazu auf, dar\u00fcber zu berichten.","og_url":"https:\/\/rauchfrei.at\/rauchen-passt-nicht-mehr-eine-online-kampagne-von-vivid\/","og_site_name":"Rauchfrei Telefon","article_published_time":"2019-01-21T08:00:50+00:00","article_modified_time":"2019-03-04T16:58:39+00:00","og_image":[{"url":"https:\/\/rauchfrei.at\/wp-content\/uploads\/Foto-Ex-Raucher-gesuch-480x280.png","type":"","width":"","height":""}],"author":"Rauchfrei Team","twitter_card":"summary_large_image","twitter_misc":{"Written by":"Rauchfrei Team","Est. reading time":"2 minutes"},"schema":{"@context":"https:\/\/schema.org","@graph":[{"@type":"WebPage","@id":"https:\/\/rauchfrei.at\/rauchen-passt-nicht-mehr-eine-online-kampagne-von-vivid\/","url":"https:\/\/rauchfrei.at\/rauchen-passt-nicht-mehr-eine-online-kampagne-von-vivid\/","name":"\u201eRauchen passt nicht mehr\u201c \u2013 Eine Online \u2013 Kampagne von VIVID - Rauchfrei Telefon","isPartOf":{"@id":"https:\/\/rauchfrei.at\/#website"},"primaryImageOfPage":{"@id":"https:\/\/rauchfrei.at\/rauchen-passt-nicht-mehr-eine-online-kampagne-von-vivid\/#primaryimage"},"image":{"@id":"https:\/\/rauchfrei.at\/rauchen-passt-nicht-mehr-eine-online-kampagne-von-vivid\/#primaryimage"},"thumbnailUrl":"https:\/\/rauchfrei.at\/wp-content\/uploads\/Foto-Ex-Raucher-gesuch-480x280.png","datePublished":"2019-01-21T08:00:50+00:00","dateModified":"2019-03-04T16:58:39+00:00","author":{"@id":"https:\/\/rauchfrei.at\/#\/schema\/person\/504bbf90c5482004fc09aef6de7f9277"},"inLanguage":"en-US","potentialAction":[{"@type":"ReadAction","target":["https:\/\/rauchfrei.at\/rauchen-passt-nicht-mehr-eine-online-kampagne-von-vivid\/"]}]},{"@type":"ImageObject","inLanguage":"en-US","@id":"https:\/\/rauchfrei.at\/rauchen-passt-nicht-mehr-eine-online-kampagne-von-vivid\/#primaryimage","url":"https:\/\/rauchfrei.at\/wp-content\/uploads\/Foto-Ex-Raucher-gesuch-480x280.png","contentUrl":"https:\/\/rauchfrei.at\/wp-content\/uploads\/Foto-Ex-Raucher-gesuch-480x280.png"},{"@type":"WebSite","@id":"https:\/\/rauchfrei.at\/#website","url":"https:\/\/rauchfrei.at\/","name":"Rauchfrei Telefon","description":"Eine \u00f6sterreichweite Initiative der Sozialversicherungen.","potentialAction":[{"@type":"SearchAction","target":{"@type":"EntryPoint","urlTemplate":"https:\/\/rauchfrei.at\/?s={search_term_string}"},"query-input":{"@type":"PropertyValueSpecification","valueRequired":true,"valueName":"search_term_string"}}],"inLanguage":"en-US"},{"@type":"Person","@id":"https:\/\/rauchfrei.at\/#\/schema\/person\/504bbf90c5482004fc09aef6de7f9277","name":"Rauchfrei Team","image":{"@type":"ImageObject","inLanguage":"en-US","@id":"https:\/\/rauchfrei.at\/#\/schema\/person\/image\/","url":"https:\/\/secure.gravatar.com\/avatar\/2115b79a00800516fa1523bb5a329611f90e73e89be559131fc7e82b4fdc95ff?s=96&d=mm&r=g","contentUrl":"https:\/\/secure.gravatar.com\/avatar\/2115b79a00800516fa1523bb5a329611f90e73e89be559131fc7e82b4fdc95ff?s=96&d=mm&r=g","caption":"Rauchfrei Team"},"url":"https:\/\/rauchfrei.at\/en\/author\/rauchfrei-team\/"}]}},"_links":{"self":[{"href":"https:\/\/rauchfrei.at\/en\/wp-json\/wp\/v2\/posts\/12808","targetHints":{"allow":["GET"]}}],"collection":[{"href":"https:\/\/rauchfrei.at\/en\/wp-json\/wp\/v2\/posts"}],"about":[{"href":"https:\/\/rauchfrei.at\/en\/wp-json\/wp\/v2\/types\/post"}],"author":[{"embeddable":true,"href":"https:\/\/rauchfrei.at\/en\/wp-json\/wp\/v2\/users\/25"}],"replies":[{"embeddable":true,"href":"https:\/\/rauchfrei.at\/en\/wp-json\/wp\/v2\/comments?post=12808"}],"version-history":[{"count":2,"href":"https:\/\/rauchfrei.at\/en\/wp-json\/wp\/v2\/posts\/12808\/revisions"}],"predecessor-version":[{"id":13916,"href":"https:\/\/rauchfrei.at\/en\/wp-json\/wp\/v2\/posts\/12808\/revisions\/13916"}],"wp:attachment":[{"href":"https:\/\/rauchfrei.at\/en\/wp-json\/wp\/v2\/media?parent=12808"}],"wp:term":[{"taxonomy":"category","embeddable":true,"href":"https:\/\/rauchfrei.at\/en\/wp-json\/wp\/v2\/categories?post=12808"},{"taxonomy":"post_tag","embeddable":true,"href":"https:\/\/rauchfrei.at\/en\/wp-json\/wp\/v2\/tags?post=12808"}],"curies":[{"name":"wp","href":"https:\/\/api.w.org\/{rel}","templated":true}]}}