
{"id":12843,"date":"2019-02-04T10:00:24","date_gmt":"2019-02-04T08:00:24","guid":{"rendered":"http:\/\/rauchfrei.at\/?p=12843"},"modified":"2021-03-03T11:54:47","modified_gmt":"2021-03-03T09:54:47","slug":"weltkrebstag-am-4-2-2019","status":"publish","type":"post","link":"https:\/\/rauchfrei.at\/en\/weltkrebstag-am-4-2-2019\/","title":{"rendered":"Weltkrebstag am 4.2.2019!"},"content":{"rendered":"<p>[et_pb_section fb_built=&#8221;1&#8243; module_class=&#8221;header&#8221; _builder_version=&#8221;3.22&#8243;][et_pb_row _builder_version=&#8221;3.25&#8243;][et_pb_column type=&#8221;4_4&#8243; _builder_version=&#8221;3.25&#8243; custom_padding=&#8221;|||&#8221; custom_padding__hover=&#8221;|||&#8221;][et_pb_dp_dmb_module_10001 _builder_version=&#8221;3.19.15&#8243;]<br \/>\n[\/et_pb_dp_dmb_module_10001][\/et_pb_column][\/et_pb_row][\/et_pb_section][et_pb_section fb_built=&#8221;1&#8243; _builder_version=&#8221;3.22&#8243;][et_pb_row column_structure=&#8221;2_3,1_3&#8243; _builder_version=&#8221;3.25&#8243; background_size=&#8221;initial&#8221; background_position=&#8221;top_left&#8221; background_repeat=&#8221;repeat&#8221;][et_pb_column type=&#8221;2_3&#8243; _builder_version=&#8221;3.25&#8243; custom_padding=&#8221;|||&#8221; custom_padding__hover=&#8221;|||&#8221;][et_pb_text _builder_version=&#8221;4.9.0&#8243; hover_enabled=&#8221;0&#8243; z_index_tablet=&#8221;500&#8243; sticky_enabled=&#8221;0&#8243;]<\/p>\n<h2>Das Motto des diesj\u00e4hrigen Weltkrebstag lautet: \u201eIch bin und ich werde\u201c.<\/h2>\n<p><img loading=\"lazy\" decoding=\"async\" class=\"wp-image-10815 alignnone\" src=\"https:\/\/rauchfrei.at\/wp-content\/uploads\/Ich-bin-ich-werde.jpg\" alt=\"\" width=\"258\" height=\"315\" data-id=\"10815\" \/><\/p>\n<p>Die \u00d6sterreichische Krebshilfe und die \u00d6sterreichische Palliativgesellschaft wollen den Weltkrebstag dazu nutzen, mit dem Thema: \u201eW\u00fcrde am Ende des Lebens\u201c einen raschen Ausbau der Hospiz- und Palliativversorgung zu fordern.<\/p>\n<p>Bei Hospiz- und Palliativbetreuung geht es um die aktive, ganzheitliche Versorgung Betroffener in ihrem letzten Lebensabschnitt, sowie Unterst\u00fctzung ihrer Angeh\u00f6rigen.<\/p>\n<p>Daf\u00fcr ist eine intensive Zusammenarbeit vieler Berufsgruppen und eine offene Kommunikation zwischen PatientInnen, Angeh\u00f6rigen, \u00c4rzten und dem weiteren palliativen Betreuungsteam n\u00f6tig.<\/p>\n<p>Bei Betroffenen mit fortgeschrittenen lebensbedrohlichen (Krebs-)Erkrankungen, die palliativ behandelt werden, stehen Stabilisierung, Schmerzbehandlung, Symptombehandlung bei \u00dcbelkeit\/Appetitlosigkeit sowie die Verbesserung\/Erhaltung der Lebensqualit\u00e4t im Vordergrund. Begleitende Unterst\u00fctzung, die psychische und soziale Belastungen in dieser Phase lindern hilft oder bewusste Auseinandersetzung mit Entscheidungen\/Erledigungen oder spirituellen Themen erm\u00f6glicht, sind weitere wertvolle Bereiche der Hospiz- und Palliativbetreuung.<\/p>\n<p>Je fr\u00fcher palliative Ma\u00dfnahmen eingesetzt werden, umso h\u00f6her oft die Lebensqualit\u00e4t und auch die Lebensdauer. Auch der Rauchstopp kann wesentlich zur Erh\u00f6hung der Lebensqualit\u00e4t beitragen. Raucherinnen und Raucher haben gegen\u00fcber Nichtraucherinnen und Nichtrauchern ein sehr stark erh\u00f6htes Risiko an Krebs zu erkranken. Der Rauchstopp st\u00e4rkt das Immunsystem, was zur Verbesserung bei Behandlungen w\u00e4hrend der Krebserkrankung f\u00fchren kann.<\/p>\n<h3>Die \u00d6sterreichische Krebshilfe Wien feiert heuer ein Jubil\u00e4um, denn sie steht seit nun 25 Jahren als wichtige Anlaufstelle und fachlich kompetente Unterst\u00fctzung f\u00fcr Betroffene mit Krebserkrankungen und deren Angeh\u00f6rigen zur Verf\u00fcgung.<\/h3>\n<p>Mehr als 80.000 psychoonkologische Gespr\u00e4che mit KrebspatientInnen und Angeh\u00f6rigen wurden in den letzten 25 Jahren im Beratungszentrum in Wien gef\u00fchrt. Die Krebshilfe Wien ist f\u00fcr alle Betroffenen als psychoonkologisches Beratungszentrum uns wichtige Anlaufstelle f\u00fcr Informationen nicht mehr wegzudenken. Gegen freie Spende k\u00f6nnen die KlientInnen sowohl psychoonkologische Unterst\u00fctzung im Gespr\u00e4ch mit Klinischen- und Gesundheitspsychologinnen, als auch medizinische und komplement\u00e4rmedizinische Beratung, Ern\u00e4hrungsberatung, sowie Beratung zum Thema \u201eKrebs und Beruf\u201c und Beratung onkologische Bewegungstherapie in Anspruch nehmen. Zus\u00e4tzlich gibt es eine Reihe an Gruppenangeboten, mobile Beratung, informative Vortragsangebote und eine <strong>kostenlose KrebsHotline: 0800 699 900<\/strong>.<\/p>\n<p><strong><u>Link: <\/u><\/strong><\/p>\n<p>Brosch\u00fcren-Download: <a href=\"https:\/\/www.krebshilfe.net\/services\/broschueren#broschuere-32\" target=\"_blank\" rel=\"noopener noreferrer\">https:\/\/www.krebshilfe.net\/uploads\/tx_brochure\/Palliativ_2018.pdf<\/a><\/p>\n<p>www.krebshilfe.net<\/p>\n<p>[\/et_pb_text][\/et_pb_column][et_pb_column type=&#8221;1_3&#8243; _builder_version=&#8221;3.25&#8243; custom_padding=&#8221;|||&#8221; custom_padding__hover=&#8221;|||&#8221;][et_pb_sidebar area=&#8221;sidebar-1&#8243; _builder_version=&#8221;3.15&#8243;]<br \/>\n[\/et_pb_sidebar][\/et_pb_column][\/et_pb_row][\/et_pb_section]<\/p>\n","protected":false},"excerpt":{"rendered":"<p>Das Motto des diesj\u00e4hrigen Weltkrebstag lautet: \u201eIch bin und ich werde\u201c. Die \u00d6sterreichische Krebshilfe und die \u00d6sterreichische Palliativgesellschaft wollen den Weltkrebstag dazu nutzen, mit dem Thema: \u201eW\u00fcrde am Ende des Lebens\u201c einen raschen Ausbau der Hospiz- und Palliativversorgung zu fordern. Bei Hospiz- und Palliativbetreuung geht es um die aktive, ganzheitliche Versorgung Betroffener in ihrem letzten [&hellip;]<\/p>\n","protected":false},"author":25,"featured_media":0,"comment_status":"open","ping_status":"open","sticky":false,"template":"","format":"standard","meta":{"_et_pb_use_builder":"on","_et_pb_old_content":"","_et_gb_content_width":"","footnotes":""},"categories":[236],"tags":[],"class_list":["post-12843","post","type-post","status-publish","format-standard","hentry","category-nicht-kategorisiert"],"yoast_head":"<!-- This site is optimized with the Yoast SEO plugin v26.2 - https:\/\/yoast.com\/wordpress\/plugins\/seo\/ -->\n<title>Weltkrebstag am 4.2.2019! - Rauchfrei Telefon<\/title>\n<meta name=\"robots\" content=\"index, follow, max-snippet:-1, max-image-preview:large, max-video-preview:-1\" \/>\n<link rel=\"canonical\" href=\"https:\/\/rauchfrei.at\/weltkrebstag-am-4-2-2019\/\" \/>\n<meta property=\"og:locale\" content=\"en_US\" \/>\n<meta property=\"og:type\" content=\"article\" \/>\n<meta property=\"og:title\" content=\"Weltkrebstag am 4.2.2019! - Rauchfrei Telefon\" \/>\n<meta property=\"og:description\" content=\"Das Motto des diesj\u00e4hrigen Weltkrebstag lautet: \u201eIch bin und ich werde\u201c. Die \u00d6sterreichische Krebshilfe und die \u00d6sterreichische Palliativgesellschaft wollen den Weltkrebstag dazu nutzen, mit dem Thema: \u201eW\u00fcrde am Ende des Lebens\u201c einen raschen Ausbau der Hospiz- und Palliativversorgung zu fordern. Bei Hospiz- und Palliativbetreuung geht es um die aktive, ganzheitliche Versorgung Betroffener in ihrem letzten [&hellip;]\" \/>\n<meta property=\"og:url\" content=\"https:\/\/rauchfrei.at\/weltkrebstag-am-4-2-2019\/\" \/>\n<meta property=\"og:site_name\" content=\"Rauchfrei Telefon\" \/>\n<meta property=\"article:published_time\" content=\"2019-02-04T08:00:24+00:00\" \/>\n<meta property=\"article:modified_time\" content=\"2021-03-03T09:54:47+00:00\" \/>\n<meta property=\"og:image\" content=\"https:\/\/rauchfrei.at\/wp-content\/uploads\/Ich-bin-ich-werde.jpg\" \/>\n<meta name=\"author\" content=\"Rauchfrei Team\" \/>\n<meta name=\"twitter:card\" content=\"summary_large_image\" \/>\n<meta name=\"twitter:label1\" content=\"Written by\" \/>\n\t<meta name=\"twitter:data1\" content=\"Rauchfrei Team\" \/>\n\t<meta name=\"twitter:label2\" content=\"Est. reading time\" \/>\n\t<meta name=\"twitter:data2\" content=\"2 minutes\" \/>\n<script type=\"application\/ld+json\" class=\"yoast-schema-graph\">{\"@context\":\"https:\/\/schema.org\",\"@graph\":[{\"@type\":\"WebPage\",\"@id\":\"https:\/\/rauchfrei.at\/weltkrebstag-am-4-2-2019\/\",\"url\":\"https:\/\/rauchfrei.at\/weltkrebstag-am-4-2-2019\/\",\"name\":\"Weltkrebstag am 4.2.2019! - Rauchfrei Telefon\",\"isPartOf\":{\"@id\":\"https:\/\/rauchfrei.at\/#website\"},\"primaryImageOfPage\":{\"@id\":\"https:\/\/rauchfrei.at\/weltkrebstag-am-4-2-2019\/#primaryimage\"},\"image\":{\"@id\":\"https:\/\/rauchfrei.at\/weltkrebstag-am-4-2-2019\/#primaryimage\"},\"thumbnailUrl\":\"https:\/\/rauchfrei.at\/wp-content\/uploads\/Ich-bin-ich-werde.jpg\",\"datePublished\":\"2019-02-04T08:00:24+00:00\",\"dateModified\":\"2021-03-03T09:54:47+00:00\",\"author\":{\"@id\":\"https:\/\/rauchfrei.at\/#\/schema\/person\/504bbf90c5482004fc09aef6de7f9277\"},\"inLanguage\":\"en-US\",\"potentialAction\":[{\"@type\":\"ReadAction\",\"target\":[\"https:\/\/rauchfrei.at\/weltkrebstag-am-4-2-2019\/\"]}]},{\"@type\":\"ImageObject\",\"inLanguage\":\"en-US\",\"@id\":\"https:\/\/rauchfrei.at\/weltkrebstag-am-4-2-2019\/#primaryimage\",\"url\":\"https:\/\/rauchfrei.at\/wp-content\/uploads\/Ich-bin-ich-werde.jpg\",\"contentUrl\":\"https:\/\/rauchfrei.at\/wp-content\/uploads\/Ich-bin-ich-werde.jpg\"},{\"@type\":\"WebSite\",\"@id\":\"https:\/\/rauchfrei.at\/#website\",\"url\":\"https:\/\/rauchfrei.at\/\",\"name\":\"Rauchfrei Telefon\",\"description\":\"Eine \u00f6sterreichweite Initiative der Sozialversicherungen.\",\"potentialAction\":[{\"@type\":\"SearchAction\",\"target\":{\"@type\":\"EntryPoint\",\"urlTemplate\":\"https:\/\/rauchfrei.at\/?s={search_term_string}\"},\"query-input\":{\"@type\":\"PropertyValueSpecification\",\"valueRequired\":true,\"valueName\":\"search_term_string\"}}],\"inLanguage\":\"en-US\"},{\"@type\":\"Person\",\"@id\":\"https:\/\/rauchfrei.at\/#\/schema\/person\/504bbf90c5482004fc09aef6de7f9277\",\"name\":\"Rauchfrei Team\",\"image\":{\"@type\":\"ImageObject\",\"inLanguage\":\"en-US\",\"@id\":\"https:\/\/rauchfrei.at\/#\/schema\/person\/image\/\",\"url\":\"https:\/\/secure.gravatar.com\/avatar\/2115b79a00800516fa1523bb5a329611f90e73e89be559131fc7e82b4fdc95ff?s=96&d=mm&r=g\",\"contentUrl\":\"https:\/\/secure.gravatar.com\/avatar\/2115b79a00800516fa1523bb5a329611f90e73e89be559131fc7e82b4fdc95ff?s=96&d=mm&r=g\",\"caption\":\"Rauchfrei Team\"},\"url\":\"https:\/\/rauchfrei.at\/en\/author\/rauchfrei-team\/\"}]}<\/script>\n<!-- \/ Yoast SEO plugin. -->","yoast_head_json":{"title":"Weltkrebstag am 4.2.2019! - Rauchfrei Telefon","robots":{"index":"index","follow":"follow","max-snippet":"max-snippet:-1","max-image-preview":"max-image-preview:large","max-video-preview":"max-video-preview:-1"},"canonical":"https:\/\/rauchfrei.at\/weltkrebstag-am-4-2-2019\/","og_locale":"en_US","og_type":"article","og_title":"Weltkrebstag am 4.2.2019! - Rauchfrei Telefon","og_description":"Das Motto des diesj\u00e4hrigen Weltkrebstag lautet: \u201eIch bin und ich werde\u201c. Die \u00d6sterreichische Krebshilfe und die \u00d6sterreichische Palliativgesellschaft wollen den Weltkrebstag dazu nutzen, mit dem Thema: \u201eW\u00fcrde am Ende des Lebens\u201c einen raschen Ausbau der Hospiz- und Palliativversorgung zu fordern. Bei Hospiz- und Palliativbetreuung geht es um die aktive, ganzheitliche Versorgung Betroffener in ihrem letzten [&hellip;]","og_url":"https:\/\/rauchfrei.at\/weltkrebstag-am-4-2-2019\/","og_site_name":"Rauchfrei Telefon","article_published_time":"2019-02-04T08:00:24+00:00","article_modified_time":"2021-03-03T09:54:47+00:00","og_image":[{"url":"https:\/\/rauchfrei.at\/wp-content\/uploads\/Ich-bin-ich-werde.jpg","type":"","width":"","height":""}],"author":"Rauchfrei Team","twitter_card":"summary_large_image","twitter_misc":{"Written by":"Rauchfrei Team","Est. reading time":"2 minutes"},"schema":{"@context":"https:\/\/schema.org","@graph":[{"@type":"WebPage","@id":"https:\/\/rauchfrei.at\/weltkrebstag-am-4-2-2019\/","url":"https:\/\/rauchfrei.at\/weltkrebstag-am-4-2-2019\/","name":"Weltkrebstag am 4.2.2019! - Rauchfrei Telefon","isPartOf":{"@id":"https:\/\/rauchfrei.at\/#website"},"primaryImageOfPage":{"@id":"https:\/\/rauchfrei.at\/weltkrebstag-am-4-2-2019\/#primaryimage"},"image":{"@id":"https:\/\/rauchfrei.at\/weltkrebstag-am-4-2-2019\/#primaryimage"},"thumbnailUrl":"https:\/\/rauchfrei.at\/wp-content\/uploads\/Ich-bin-ich-werde.jpg","datePublished":"2019-02-04T08:00:24+00:00","dateModified":"2021-03-03T09:54:47+00:00","author":{"@id":"https:\/\/rauchfrei.at\/#\/schema\/person\/504bbf90c5482004fc09aef6de7f9277"},"inLanguage":"en-US","potentialAction":[{"@type":"ReadAction","target":["https:\/\/rauchfrei.at\/weltkrebstag-am-4-2-2019\/"]}]},{"@type":"ImageObject","inLanguage":"en-US","@id":"https:\/\/rauchfrei.at\/weltkrebstag-am-4-2-2019\/#primaryimage","url":"https:\/\/rauchfrei.at\/wp-content\/uploads\/Ich-bin-ich-werde.jpg","contentUrl":"https:\/\/rauchfrei.at\/wp-content\/uploads\/Ich-bin-ich-werde.jpg"},{"@type":"WebSite","@id":"https:\/\/rauchfrei.at\/#website","url":"https:\/\/rauchfrei.at\/","name":"Rauchfrei Telefon","description":"Eine \u00f6sterreichweite Initiative der Sozialversicherungen.","potentialAction":[{"@type":"SearchAction","target":{"@type":"EntryPoint","urlTemplate":"https:\/\/rauchfrei.at\/?s={search_term_string}"},"query-input":{"@type":"PropertyValueSpecification","valueRequired":true,"valueName":"search_term_string"}}],"inLanguage":"en-US"},{"@type":"Person","@id":"https:\/\/rauchfrei.at\/#\/schema\/person\/504bbf90c5482004fc09aef6de7f9277","name":"Rauchfrei Team","image":{"@type":"ImageObject","inLanguage":"en-US","@id":"https:\/\/rauchfrei.at\/#\/schema\/person\/image\/","url":"https:\/\/secure.gravatar.com\/avatar\/2115b79a00800516fa1523bb5a329611f90e73e89be559131fc7e82b4fdc95ff?s=96&d=mm&r=g","contentUrl":"https:\/\/secure.gravatar.com\/avatar\/2115b79a00800516fa1523bb5a329611f90e73e89be559131fc7e82b4fdc95ff?s=96&d=mm&r=g","caption":"Rauchfrei Team"},"url":"https:\/\/rauchfrei.at\/en\/author\/rauchfrei-team\/"}]}},"_links":{"self":[{"href":"https:\/\/rauchfrei.at\/en\/wp-json\/wp\/v2\/posts\/12843","targetHints":{"allow":["GET"]}}],"collection":[{"href":"https:\/\/rauchfrei.at\/en\/wp-json\/wp\/v2\/posts"}],"about":[{"href":"https:\/\/rauchfrei.at\/en\/wp-json\/wp\/v2\/types\/post"}],"author":[{"embeddable":true,"href":"https:\/\/rauchfrei.at\/en\/wp-json\/wp\/v2\/users\/25"}],"replies":[{"embeddable":true,"href":"https:\/\/rauchfrei.at\/en\/wp-json\/wp\/v2\/comments?post=12843"}],"version-history":[{"count":6,"href":"https:\/\/rauchfrei.at\/en\/wp-json\/wp\/v2\/posts\/12843\/revisions"}],"predecessor-version":[{"id":20257,"href":"https:\/\/rauchfrei.at\/en\/wp-json\/wp\/v2\/posts\/12843\/revisions\/20257"}],"wp:attachment":[{"href":"https:\/\/rauchfrei.at\/en\/wp-json\/wp\/v2\/media?parent=12843"}],"wp:term":[{"taxonomy":"category","embeddable":true,"href":"https:\/\/rauchfrei.at\/en\/wp-json\/wp\/v2\/categories?post=12843"},{"taxonomy":"post_tag","embeddable":true,"href":"https:\/\/rauchfrei.at\/en\/wp-json\/wp\/v2\/tags?post=12843"}],"curies":[{"name":"wp","href":"https:\/\/api.w.org\/{rel}","templated":true}]}}