
{"id":13052,"date":"2019-04-08T10:00:23","date_gmt":"2019-04-08T08:00:23","guid":{"rendered":"http:\/\/rauchfrei.at\/?p=13052"},"modified":"2022-09-28T15:45:05","modified_gmt":"2022-09-28T13:45:05","slug":"copd-das-unbekannte-kuerzel-das-leben-veraendern-kann","status":"publish","type":"post","link":"https:\/\/rauchfrei.at\/en\/copd-das-unbekannte-kuerzel-das-leben-veraendern-kann\/","title":{"rendered":"COPD \u2013 das unbekannte K\u00fcrzel, das Leben ver\u00e4ndern kann"},"content":{"rendered":"<p>[et_pb_section fb_built=&#8221;1&#8243; module_class=&#8221;header&#8221; _builder_version=&#8221;4.16&#8243; global_colors_info=&#8221;{}&#8221;][et_pb_row _builder_version=&#8221;4.16&#8243; global_colors_info=&#8221;{}&#8221;][et_pb_column type=&#8221;4_4&#8243; _builder_version=&#8221;4.16&#8243; custom_padding=&#8221;|||&#8221; global_colors_info=&#8221;{}&#8221; custom_padding__hover=&#8221;|||&#8221;][et_pb_dp_dmb_module_10001 subheadline=&#8221;Mehr als nur Husten&#8221; _builder_version=&#8221;4.16&#8243; global_colors_info=&#8221;{}&#8221;][\/et_pb_dp_dmb_module_10001][\/et_pb_column][\/et_pb_row][\/et_pb_section][et_pb_section fb_built=&#8221;1&#8243; _builder_version=&#8221;4.16&#8243; global_colors_info=&#8221;{}&#8221;][et_pb_row _builder_version=&#8221;4.16&#8243; background_size=&#8221;initial&#8221; background_position=&#8221;top_left&#8221; background_repeat=&#8221;repeat&#8221; global_colors_info=&#8221;{}&#8221; column_structure=&#8221;2_3,1_3&#8243;][et_pb_column type=&#8221;2_3&#8243; _builder_version=&#8221;4.16&#8243; custom_padding=&#8221;|||&#8221; global_colors_info=&#8221;{}&#8221; custom_padding__hover=&#8221;|||&#8221;][et_pb_text _builder_version=&#8221;4.16&#8243; global_colors_info=&#8221;{}&#8221;]<\/p>\n<div class=\"wrapper-area\">\n<div class=\"wrapper-holder\">\n<div class=\"wrapper-frame\">\n<div id=\"wrapper\">\n<div id=\"main\">\n<div id=\"threecolumns\">\n<div class=\"content-column\">\n<div id=\"twocolumns\">\n<div class=\"text-columns\">\n<div class=\"text-columns-area\">\n<div id=\"content\">\n<div class=\"post-sections\">\n<div class=\"post-item entire-post\">\n<p><span style=\"font-size: 15px;\">Die wichtigsten Fragen\u00a0(Antworten basieren auf dem Buch \u201eHusten-Atemnot-COPD vom Hauptverband der \u00f6sterreichischen Sozialversicherungstr\u00e4ger und der Website www.minimed.at):<\/span><\/p>\n<\/div>\n<\/div>\n<\/div>\n<\/div>\n<\/div>\n<\/div>\n<\/div>\n<\/div>\n<\/div>\n<\/div>\n<\/div>\n<\/div>\n<\/div>\n<p>[\/et_pb_text][et_pb_toggle title=&#8221;Frage 1: Warum ist COPD so gef\u00e4hrlich?&#8221; _builder_version=&#8221;4.16&#8243; global_colors_info=&#8221;{}&#8221;]<\/p>\n<div class=\"text-slide\">\n<p class=\"toggle\">COPD wird lange nicht als Krankheit erkannt. Die Atemwege reagieren zu Beginn mit morgendlichem Husten und Auswurf (\u201eRaucherhusten\u201c) auf die eingeatmeten Schadstoffe und die vermehrte Atemnot wird als mangelnde Kondition interpretiert. Wird die Erkrankung allerdings nicht schon in einem fr\u00fchen Stadium behandelt, kann es mit Fortschreitung der Erkrankung zu einer schweren Beeintr\u00e4chtigung der Lebensqualit\u00e4t f\u00fchren. Entscheidend ist, dass diese Krankheit bei 30- bis 40J\u00e4hrige h\u00e4ufiger wird, da das Alter der Raucher und Raucherinnen sinkt.<\/p>\n<p>&nbsp;<\/p>\n<\/div>\n<div class=\"text-slide\">\u00a0<\/div>\n<p>&nbsp;<\/p>\n<p>[\/et_pb_toggle][et_pb_toggle title=&#8221;Frage 2: Warum kommt es zur Atemnot?&#8221; _builder_version=&#8221;4.16&#8243; global_colors_info=&#8221;{}&#8221;]<\/p>\n<div class=\"text-slide\">\n<div class=\"toggle-box\">\n<p>Signifikant f\u00fcr COPD ist der so genannte \u201eLufthunger\u201c. Es wird beschrieben, als die Wahrnehmung von Enge im Brustraum. Durch die entz\u00fcndeten und dadurch verengten Bronchien kann der Betroffene nicht vollst\u00e4ndig ausatmen \u2013 es bleibt Luft in der Lunge und dadurch entsteht Atemnot.<\/p>\n<\/div>\n<\/div>\n<p>[\/et_pb_toggle][et_pb_toggle title=&#8221;Frage 3: K\u00f6nnen nur Raucher COPD bekommen?&#8221; _builder_version=&#8221;4.16&#8243; global_colors_info=&#8221;{}&#8221;]<\/p>\n<div class=\"text-slide\">\n<div class=\"toggle-box\">\n<p>Rauchen und die eingeatmeten Schadstoffe sind die h\u00e4ufigste Ursache f\u00fcr COPD. 80% der Betroffenen haben geraucht oder sind Raucher. Ebenso Passivrauch beg\u00fcnstigt die Entwicklung der Erkrankung. Frauen sind bei der Entwicklung, der Schwere und dem Verlauf empfindlicher.<\/p>\n<p>&nbsp;<\/p>\n<\/div>\n<\/div>\n<div class=\"text-slide\">\u00a0<\/div>\n<p>&nbsp;<\/p>\n<p>[\/et_pb_toggle][et_pb_toggle title=&#8221;Frage 4: Was passiert bei COPD in der Lunge?&#8221; _builder_version=&#8221;4.16&#8243; global_colors_info=&#8221;{}&#8221;]<\/p>\n<div class=\"toggle-box\">\n<p>Drei Faktoren treten zusammen bei COPD auf: eine konstante Entz\u00fcndung und Verengung der Bronchien und eine Bl\u00e4hung der Lungenbl\u00e4schen. Diese k\u00f6nnen in unterschiedlicher St\u00e4rke auftreten. Verschiedene Schadstoffe, u.a. Zigarettenrauch, l\u00f6sen die elastischen Strukturen des Lungengewebes auf und zerst\u00f6ren diese unwiderruflich. Aus diesem Grund wird weniger Sauerstoff in die Lunge aufgenommen.<\/p>\n<\/div>\n<p>[\/et_pb_toggle][et_pb_toggle title=&#8221;Frage 5: L\u00e4sst sich die Erkrankung stoppen?&#8221; _builder_version=&#8221;4.16&#8243; global_colors_info=&#8221;{}&#8221;]<\/p>\n<div class=\"toggle-box\">\n<p>Ja, vor allem wenn sie in einem fr\u00fchen Stadium mittels eines Lungenfunktionstest erkannt wird. Wenn dann alle notwendigen Schritte, wie ein Rauchstopp, umgesetzt und die Medikamente eingenommen werden, ist es wahrscheinlich, dass die Entwicklung der Erkrankung gestoppt wird.<\/p>\n<\/div>\n<p>[\/et_pb_toggle][et_pb_toggle title=&#8221;Frage 6: Wie wird COPD behandelt?&#8221; _builder_version=&#8221;4.16&#8243; global_colors_info=&#8221;{}&#8221;]<\/p>\n<div class=\"toggle-box\">\n<p>COPD ist nicht heilbar. Das Fortschreiten der Erkrankung kann allerdings mit einigen Ma\u00dfnahmen einged\u00e4mmt werden:<\/p>\n<ul>\n<li>Raucherentw\u00f6hnung (sehr wichtig!)<\/li>\n<li>Medikament\u00f6se Behandlung <\/li>\n<li>Sauerstofftherapie<\/li>\n<li>Bewegungstraining<\/li>\n<li>Abnehmen<\/li>\n<\/ul>\n<\/div>\n<p>[\/et_pb_toggle][et_pb_text _builder_version=&#8221;4.18.0&#8243; hover_enabled=&#8221;0&#8243; global_colors_info=&#8221;{}&#8221; sticky_enabled=&#8221;0&#8243;]<\/p>\n<p>Quelle: https:\/\/www.minimed.at\/medizinische-themen\/lunge\/7-fragen-zu-copd\/<\/p>\n<p>Das Buch \u201eHusten-Atemnot-COPD\u201c vom Hauptverband der \u00f6sterreichischen Sozialversicherungstr\u00e4ger kann kostenfrei unter <a href=\"http:\/\/www.rauchfrei.at\">www.rauchfrei.at <\/a>bestellt werden.<\/p>\n<p><img loading=\"lazy\" decoding=\"async\" class=\"wp-image-15542 alignnone \" src=\"https:\/\/rauchfrei.at\/wp-content\/uploads\/Bild-COPD-SV-Buch-1-480x442.jpg\" alt=\"\" width=\"131\" height=\"121\" srcset=\"https:\/\/rauchfrei.at\/wp-content\/uploads\/Bild-COPD-SV-Buch-1-480x442.jpg 480w, https:\/\/rauchfrei.at\/wp-content\/uploads\/Bild-COPD-SV-Buch-1-225x207.jpg 225w, https:\/\/rauchfrei.at\/wp-content\/uploads\/Bild-COPD-SV-Buch-1-768x708.jpg 768w, https:\/\/rauchfrei.at\/wp-content\/uploads\/Bild-COPD-SV-Buch-1-1080x995.jpg 1080w, https:\/\/rauchfrei.at\/wp-content\/uploads\/Bild-COPD-SV-Buch-1.jpg 1955w\" sizes=\"(max-width: 131px) 100vw, 131px\" \/><\/p>\n<p>Weiterf\u00fchrende Informationen:<\/p>\n<ul>\n<li><a href=\"http:\/\/www.lungenunion.at\/index.php\/erkrankungen\/atemwege\/copd\">http:\/\/www.lungenunion.at (03.04.2018)<\/a><\/li>\n<li><a href=\"http:\/\/www.selbsthilfe-lot.at\/home.php\">LOT, \u00d6sterreichische Selbsthilfegruppe COPD, Lungenfibrose und Langzeit-Sauerstoff-Therapie (03.04.2018)<\/a><\/li>\n<li><a href=\"http:\/\/goldcopd.org\/gold-2017-global-strategy-diagnosis-management-prevention-copd\/\">Gold-Richtlinie (03.04.2018)<\/a><\/li>\n<li><a href=\"https:\/\/copd-austria.at\/wordpress\/links\/weitere-informationen\/reha-einrichtungen-in-oesterreich\/\" target=\"_blank\" rel=\"noopener\">Liste aller COPD-Rehabilitationszentren in \u00d6sterreich<\/a><\/li>\n<\/ul>\n<p>&nbsp;<\/p>\n<p>[\/et_pb_text][et_pb_post_nav _builder_version=&#8221;4.16&#8243; global_colors_info=&#8221;{}&#8221;][\/et_pb_post_nav][\/et_pb_column][et_pb_column type=&#8221;1_3&#8243; _builder_version=&#8221;4.16&#8243; custom_padding=&#8221;|||&#8221; global_colors_info=&#8221;{}&#8221; custom_padding__hover=&#8221;|||&#8221;][et_pb_sidebar area=&#8221;sidebar-1&#8243; _builder_version=&#8221;4.16&#8243; global_colors_info=&#8221;{}&#8221;][\/et_pb_sidebar][\/et_pb_column][\/et_pb_row][\/et_pb_section]<\/p>\n","protected":false},"excerpt":{"rendered":"<p>Ungef\u00e4hr 800.000 \u00d6sterreicher sind von der Lungenerkrankung COPD betroffen. Diese verl\u00e4uft schleichend. Am Anfang merkt der Betroffene eine leichte Kurzatmigkeit oder eine nachlassende Kondition kombiniert mit einem morgendlichen Husten. Rauchen ist die h\u00e4ufigste Ursache f\u00fcr diese Erkrankung.<\/p>\n","protected":false},"author":25,"featured_media":0,"comment_status":"closed","ping_status":"closed","sticky":false,"template":"","format":"standard","meta":{"_et_pb_use_builder":"on","_et_pb_old_content":"","_et_gb_content_width":"","footnotes":""},"categories":[236],"tags":[],"class_list":["post-13052","post","type-post","status-publish","format-standard","hentry","category-nicht-kategorisiert"],"yoast_head":"<!-- This site is optimized with the Yoast SEO plugin v26.2 - https:\/\/yoast.com\/wordpress\/plugins\/seo\/ -->\n<title>COPD \u2013 das unbekannte K\u00fcrzel, das Leben ver\u00e4ndern kann - Rauchfrei Telefon<\/title>\n<meta name=\"robots\" content=\"index, follow, max-snippet:-1, max-image-preview:large, max-video-preview:-1\" \/>\n<link rel=\"canonical\" href=\"https:\/\/rauchfrei.at\/copd-das-unbekannte-kuerzel-das-leben-veraendern-kann\/\" \/>\n<meta property=\"og:locale\" content=\"en_US\" \/>\n<meta property=\"og:type\" content=\"article\" \/>\n<meta property=\"og:title\" content=\"COPD \u2013 das unbekannte K\u00fcrzel, das Leben ver\u00e4ndern kann - Rauchfrei Telefon\" \/>\n<meta property=\"og:description\" content=\"Ungef\u00e4hr 800.000 \u00d6sterreicher sind von der Lungenerkrankung COPD betroffen. Diese verl\u00e4uft schleichend. Am Anfang merkt der Betroffene eine leichte Kurzatmigkeit oder eine nachlassende Kondition kombiniert mit einem morgendlichen Husten. Rauchen ist die h\u00e4ufigste Ursache f\u00fcr diese Erkrankung.\" \/>\n<meta property=\"og:url\" content=\"https:\/\/rauchfrei.at\/copd-das-unbekannte-kuerzel-das-leben-veraendern-kann\/\" \/>\n<meta property=\"og:site_name\" content=\"Rauchfrei Telefon\" \/>\n<meta property=\"article:published_time\" content=\"2019-04-08T08:00:23+00:00\" \/>\n<meta property=\"article:modified_time\" content=\"2022-09-28T13:45:05+00:00\" \/>\n<meta property=\"og:image\" content=\"https:\/\/rauchfrei.at\/wp-content\/uploads\/Bild-COPD-SV-Buch-1-480x442.jpg\" \/>\n<meta name=\"author\" content=\"Rauchfrei Team\" \/>\n<meta name=\"twitter:card\" content=\"summary_large_image\" \/>\n<meta name=\"twitter:label1\" content=\"Written by\" \/>\n\t<meta name=\"twitter:data1\" content=\"Rauchfrei Team\" \/>\n\t<meta name=\"twitter:label2\" content=\"Est. reading time\" \/>\n\t<meta name=\"twitter:data2\" content=\"3 minutes\" \/>\n<script type=\"application\/ld+json\" class=\"yoast-schema-graph\">{\"@context\":\"https:\/\/schema.org\",\"@graph\":[{\"@type\":\"WebPage\",\"@id\":\"https:\/\/rauchfrei.at\/copd-das-unbekannte-kuerzel-das-leben-veraendern-kann\/\",\"url\":\"https:\/\/rauchfrei.at\/copd-das-unbekannte-kuerzel-das-leben-veraendern-kann\/\",\"name\":\"COPD \u2013 das unbekannte K\u00fcrzel, das Leben ver\u00e4ndern kann - Rauchfrei Telefon\",\"isPartOf\":{\"@id\":\"https:\/\/rauchfrei.at\/#website\"},\"primaryImageOfPage\":{\"@id\":\"https:\/\/rauchfrei.at\/copd-das-unbekannte-kuerzel-das-leben-veraendern-kann\/#primaryimage\"},\"image\":{\"@id\":\"https:\/\/rauchfrei.at\/copd-das-unbekannte-kuerzel-das-leben-veraendern-kann\/#primaryimage\"},\"thumbnailUrl\":\"https:\/\/rauchfrei.at\/wp-content\/uploads\/Bild-COPD-SV-Buch-1-480x442.jpg\",\"datePublished\":\"2019-04-08T08:00:23+00:00\",\"dateModified\":\"2022-09-28T13:45:05+00:00\",\"author\":{\"@id\":\"https:\/\/rauchfrei.at\/#\/schema\/person\/504bbf90c5482004fc09aef6de7f9277\"},\"inLanguage\":\"en-US\",\"potentialAction\":[{\"@type\":\"ReadAction\",\"target\":[\"https:\/\/rauchfrei.at\/copd-das-unbekannte-kuerzel-das-leben-veraendern-kann\/\"]}]},{\"@type\":\"ImageObject\",\"inLanguage\":\"en-US\",\"@id\":\"https:\/\/rauchfrei.at\/copd-das-unbekannte-kuerzel-das-leben-veraendern-kann\/#primaryimage\",\"url\":\"https:\/\/rauchfrei.at\/wp-content\/uploads\/Bild-COPD-SV-Buch-1-480x442.jpg\",\"contentUrl\":\"https:\/\/rauchfrei.at\/wp-content\/uploads\/Bild-COPD-SV-Buch-1-480x442.jpg\"},{\"@type\":\"WebSite\",\"@id\":\"https:\/\/rauchfrei.at\/#website\",\"url\":\"https:\/\/rauchfrei.at\/\",\"name\":\"Rauchfrei Telefon\",\"description\":\"Eine \u00f6sterreichweite Initiative der Sozialversicherungen.\",\"potentialAction\":[{\"@type\":\"SearchAction\",\"target\":{\"@type\":\"EntryPoint\",\"urlTemplate\":\"https:\/\/rauchfrei.at\/?s={search_term_string}\"},\"query-input\":{\"@type\":\"PropertyValueSpecification\",\"valueRequired\":true,\"valueName\":\"search_term_string\"}}],\"inLanguage\":\"en-US\"},{\"@type\":\"Person\",\"@id\":\"https:\/\/rauchfrei.at\/#\/schema\/person\/504bbf90c5482004fc09aef6de7f9277\",\"name\":\"Rauchfrei Team\",\"image\":{\"@type\":\"ImageObject\",\"inLanguage\":\"en-US\",\"@id\":\"https:\/\/rauchfrei.at\/#\/schema\/person\/image\/\",\"url\":\"https:\/\/secure.gravatar.com\/avatar\/2115b79a00800516fa1523bb5a329611f90e73e89be559131fc7e82b4fdc95ff?s=96&d=mm&r=g\",\"contentUrl\":\"https:\/\/secure.gravatar.com\/avatar\/2115b79a00800516fa1523bb5a329611f90e73e89be559131fc7e82b4fdc95ff?s=96&d=mm&r=g\",\"caption\":\"Rauchfrei Team\"},\"url\":\"https:\/\/rauchfrei.at\/en\/author\/rauchfrei-team\/\"}]}<\/script>\n<!-- \/ Yoast SEO plugin. -->","yoast_head_json":{"title":"COPD \u2013 das unbekannte K\u00fcrzel, das Leben ver\u00e4ndern kann - Rauchfrei Telefon","robots":{"index":"index","follow":"follow","max-snippet":"max-snippet:-1","max-image-preview":"max-image-preview:large","max-video-preview":"max-video-preview:-1"},"canonical":"https:\/\/rauchfrei.at\/copd-das-unbekannte-kuerzel-das-leben-veraendern-kann\/","og_locale":"en_US","og_type":"article","og_title":"COPD \u2013 das unbekannte K\u00fcrzel, das Leben ver\u00e4ndern kann - Rauchfrei Telefon","og_description":"Ungef\u00e4hr 800.000 \u00d6sterreicher sind von der Lungenerkrankung COPD betroffen. Diese verl\u00e4uft schleichend. Am Anfang merkt der Betroffene eine leichte Kurzatmigkeit oder eine nachlassende Kondition kombiniert mit einem morgendlichen Husten. Rauchen ist die h\u00e4ufigste Ursache f\u00fcr diese Erkrankung.","og_url":"https:\/\/rauchfrei.at\/copd-das-unbekannte-kuerzel-das-leben-veraendern-kann\/","og_site_name":"Rauchfrei Telefon","article_published_time":"2019-04-08T08:00:23+00:00","article_modified_time":"2022-09-28T13:45:05+00:00","og_image":[{"url":"https:\/\/rauchfrei.at\/wp-content\/uploads\/Bild-COPD-SV-Buch-1-480x442.jpg","type":"","width":"","height":""}],"author":"Rauchfrei Team","twitter_card":"summary_large_image","twitter_misc":{"Written by":"Rauchfrei Team","Est. reading time":"3 minutes"},"schema":{"@context":"https:\/\/schema.org","@graph":[{"@type":"WebPage","@id":"https:\/\/rauchfrei.at\/copd-das-unbekannte-kuerzel-das-leben-veraendern-kann\/","url":"https:\/\/rauchfrei.at\/copd-das-unbekannte-kuerzel-das-leben-veraendern-kann\/","name":"COPD \u2013 das unbekannte K\u00fcrzel, das Leben ver\u00e4ndern kann - Rauchfrei Telefon","isPartOf":{"@id":"https:\/\/rauchfrei.at\/#website"},"primaryImageOfPage":{"@id":"https:\/\/rauchfrei.at\/copd-das-unbekannte-kuerzel-das-leben-veraendern-kann\/#primaryimage"},"image":{"@id":"https:\/\/rauchfrei.at\/copd-das-unbekannte-kuerzel-das-leben-veraendern-kann\/#primaryimage"},"thumbnailUrl":"https:\/\/rauchfrei.at\/wp-content\/uploads\/Bild-COPD-SV-Buch-1-480x442.jpg","datePublished":"2019-04-08T08:00:23+00:00","dateModified":"2022-09-28T13:45:05+00:00","author":{"@id":"https:\/\/rauchfrei.at\/#\/schema\/person\/504bbf90c5482004fc09aef6de7f9277"},"inLanguage":"en-US","potentialAction":[{"@type":"ReadAction","target":["https:\/\/rauchfrei.at\/copd-das-unbekannte-kuerzel-das-leben-veraendern-kann\/"]}]},{"@type":"ImageObject","inLanguage":"en-US","@id":"https:\/\/rauchfrei.at\/copd-das-unbekannte-kuerzel-das-leben-veraendern-kann\/#primaryimage","url":"https:\/\/rauchfrei.at\/wp-content\/uploads\/Bild-COPD-SV-Buch-1-480x442.jpg","contentUrl":"https:\/\/rauchfrei.at\/wp-content\/uploads\/Bild-COPD-SV-Buch-1-480x442.jpg"},{"@type":"WebSite","@id":"https:\/\/rauchfrei.at\/#website","url":"https:\/\/rauchfrei.at\/","name":"Rauchfrei Telefon","description":"Eine \u00f6sterreichweite Initiative der Sozialversicherungen.","potentialAction":[{"@type":"SearchAction","target":{"@type":"EntryPoint","urlTemplate":"https:\/\/rauchfrei.at\/?s={search_term_string}"},"query-input":{"@type":"PropertyValueSpecification","valueRequired":true,"valueName":"search_term_string"}}],"inLanguage":"en-US"},{"@type":"Person","@id":"https:\/\/rauchfrei.at\/#\/schema\/person\/504bbf90c5482004fc09aef6de7f9277","name":"Rauchfrei Team","image":{"@type":"ImageObject","inLanguage":"en-US","@id":"https:\/\/rauchfrei.at\/#\/schema\/person\/image\/","url":"https:\/\/secure.gravatar.com\/avatar\/2115b79a00800516fa1523bb5a329611f90e73e89be559131fc7e82b4fdc95ff?s=96&d=mm&r=g","contentUrl":"https:\/\/secure.gravatar.com\/avatar\/2115b79a00800516fa1523bb5a329611f90e73e89be559131fc7e82b4fdc95ff?s=96&d=mm&r=g","caption":"Rauchfrei Team"},"url":"https:\/\/rauchfrei.at\/en\/author\/rauchfrei-team\/"}]}},"_links":{"self":[{"href":"https:\/\/rauchfrei.at\/en\/wp-json\/wp\/v2\/posts\/13052","targetHints":{"allow":["GET"]}}],"collection":[{"href":"https:\/\/rauchfrei.at\/en\/wp-json\/wp\/v2\/posts"}],"about":[{"href":"https:\/\/rauchfrei.at\/en\/wp-json\/wp\/v2\/types\/post"}],"author":[{"embeddable":true,"href":"https:\/\/rauchfrei.at\/en\/wp-json\/wp\/v2\/users\/25"}],"replies":[{"embeddable":true,"href":"https:\/\/rauchfrei.at\/en\/wp-json\/wp\/v2\/comments?post=13052"}],"version-history":[{"count":6,"href":"https:\/\/rauchfrei.at\/en\/wp-json\/wp\/v2\/posts\/13052\/revisions"}],"predecessor-version":[{"id":25191,"href":"https:\/\/rauchfrei.at\/en\/wp-json\/wp\/v2\/posts\/13052\/revisions\/25191"}],"wp:attachment":[{"href":"https:\/\/rauchfrei.at\/en\/wp-json\/wp\/v2\/media?parent=13052"}],"wp:term":[{"taxonomy":"category","embeddable":true,"href":"https:\/\/rauchfrei.at\/en\/wp-json\/wp\/v2\/categories?post=13052"},{"taxonomy":"post_tag","embeddable":true,"href":"https:\/\/rauchfrei.at\/en\/wp-json\/wp\/v2\/tags?post=13052"}],"curies":[{"name":"wp","href":"https:\/\/api.w.org\/{rel}","templated":true}]}}