
{"id":13990,"date":"2019-02-25T10:00:50","date_gmt":"2019-02-25T08:00:50","guid":{"rendered":"http:\/\/rauchfrei.at\/?p=13990"},"modified":"2019-04-24T09:57:27","modified_gmt":"2019-04-24T07:57:27","slug":"was-haelt-jugendliche-vom-rauchen-ab","status":"publish","type":"post","link":"https:\/\/rauchfrei.at\/en\/was-haelt-jugendliche-vom-rauchen-ab\/","title":{"rendered":"Was h\u00e4lt Jugendliche vom Rauchen ab?"},"content":{"rendered":"<p>[et_pb_section bb_built=&#8221;1&#8243; module_class=&#8221;header&#8221; _builder_version=&#8221;3.0.99&#8243; next_background_color=&#8221;#000000&#8243;][et_pb_row _builder_version=&#8221;3.0.99&#8243;][et_pb_column type=&#8221;4_4&#8243;][et_pb_dp_dmb_module_10001 _builder_version=&#8221;3.20.2&#8243;]<\/p>\n<p>[\/et_pb_dp_dmb_module_10001][\/et_pb_column][\/et_pb_row][\/et_pb_section][et_pb_section bb_built=&#8221;1&#8243; _builder_version=&#8221;3.20.2&#8243; prev_background_color=&#8221;#000000&#8243;][et_pb_row _builder_version=&#8221;3.21.1&#8243;][et_pb_column type=&#8221;2_3&#8243;][et_pb_text _builder_version=&#8221;3.21.1&#8243; z_index_tablet=&#8221;500&#8243;]<\/p>\n<p>\u201eAlso bitte, ich bin doch kein Kind mehr!\u201c \u00e4rgert sich Peter. Er holt eine angebrochene Zigarettenpackung hervor und z\u00fcndet sich eine Zigarette an. Er inhaliert tief, atmet den Rauch aus und mit der Rauchwolke verpufft ein St\u00fcck \u00c4rger. Eigentlich schmeckt es ihm gar nicht. Aber es gibt ihm das Gef\u00fchl, etwas gegen den \u00c4rger zu tun, erwachsen zu sein. Und schlie\u00dflich raucht sein Vater ja auch. Und dieser tolle \u00f6sterreichische Schauspieler in dem Kinofilm unl\u00e4ngst, der hat ja fast durchgehend gequalmt. Und dann haben sich er und ein Freund vom Vater eine Packung geschnappt, um das einmal auszuprobieren.<\/p>\n<p>Eine Schl\u00fcsselrolle in der Tabakpr\u00e4vention spielt das Schaffen von rauchfreien Umgebungen. Wenn Rauchfreiheit die Norm ist, werden Kinder und Jugendliche nicht dazu animiert selbst zu rauchen, oder das gar cool und erwachsen zu finden. Rauchfreie Umgebungen k\u00f6nnen ganz einfach durch bestimmte Ma\u00dfnahmen geschaffen werden. Klare gesetzliche Regelungen bieten die beste M\u00f6glichkeit.<\/p>\n<h3>Welche Faktoren wirken im \u00f6ffentlichen Umfeld?<\/h3>\n<ul>\n<li>rauchfreie Gastronomie (Kaffeeh\u00e4user, Wirtsh\u00e4user, Discos, Bars,\u2026)<\/li>\n<li>rauchfreie \u00f6ffentliche Orte (Sportpl\u00e4tze, Eingangsbereiche von Schulen, Kinderspielpl\u00e4tze, &#8230;)<\/li>\n<li>deutliche Preissteigerungen auf Tabakprodukte, v.a. Zigaretten<\/li>\n<li>Anheben des Schutzalters auf 18 Jahre<\/li>\n<li>geringe Verf\u00fcgbarkeit (keine Zigarettenautomaten, Zigaretten nicht sichtbar in Verkaufsstellen)<\/li>\n<li>rauchfreies Fernsehen, rauchfreie Filme<\/li>\n<\/ul>\n<h3>Welche Faktoren wirken im privaten Umfeld?<\/h3>\n<ul>\n<li>Eltern und Bezugspersonen, die selbst nicht rauchen (Vorbildwirkung)<\/li>\n<li>klare ablehnende Haltung der Bezugspersonen zum Rauchen<\/li>\n<li>rauchfreie Innenr\u00e4ume (Wohnung, Haus und Auto)<\/li>\n<li>\u00dcbers Rauchen reden, wenn Kinder das Thema aufbringen<\/li>\n<li>Freundinnen und Freunde, die rauchfrei sind<\/li>\n<li>Sport (Rauchen und Sport passen nicht zusammen, das sp\u00fcren Jugendliche sehr schnell in ihrer Fitness)<\/li>\n<\/ul>\n<p>Sie haben Kinder oder arbeiten mit Kindern und Jugendlichen und Rauchen ist ein Thema?<br \/>Hier finden Sie Infos und Unterst\u00fctzungsangebote: <a href=\"https:\/\/rauchfrei.at\/jugendarbeit\/\">https:\/\/rauchfrei.at\/jugendarbeit\/<\/a><\/p>\n<p>Sie m\u00f6chten unseren Infofolder \u201eZiga-Rette sich wer kann\u201c?<br \/>Bestellen Sie diesen kostenlos unter https:\/\/rauchfrei.at\/broschueren-downloads\/bestellung\/.<\/p>\n<p>[\/et_pb_text][\/et_pb_column][et_pb_column type=&#8221;1_3&#8243;][et_pb_sidebar _builder_version=&#8221;3.20.2&#8243;]<\/p>\n<p>[\/et_pb_sidebar][\/et_pb_column][\/et_pb_row][\/et_pb_section]<\/p>\n","protected":false},"excerpt":{"rendered":"<p>Die meisten Raucher\/innen haben im Teenageralter mit dem Rauchen begonnen und bleiben dann \u00fcber Jahrzehnte \u201edran\u201c. Wer bis zum Alter von 20 Jahren nicht anf\u00e4ngt zu Rauchen, wird mit gro\u00dfer Wahrscheinlichkeit keine Nikotinabh\u00e4ngigkeit mehr entwickeln. Welche Faktoren und Ma\u00dfnahmen bewirken, dass Jugendliche nicht in die Abh\u00e4ngigkeitsfalle tappen?<\/p>\n","protected":false},"author":25,"featured_media":0,"comment_status":"open","ping_status":"open","sticky":false,"template":"","format":"standard","meta":{"_et_pb_use_builder":"on","_et_pb_old_content":"","_et_gb_content_width":"","footnotes":""},"categories":[236],"tags":[],"class_list":["post-13990","post","type-post","status-publish","format-standard","hentry","category-nicht-kategorisiert"],"yoast_head":"<!-- This site is optimized with the Yoast SEO plugin v26.2 - https:\/\/yoast.com\/wordpress\/plugins\/seo\/ -->\n<title>Was h\u00e4lt Jugendliche vom Rauchen ab? - Rauchfrei Telefon<\/title>\n<meta name=\"robots\" content=\"index, follow, max-snippet:-1, max-image-preview:large, max-video-preview:-1\" \/>\n<link rel=\"canonical\" href=\"https:\/\/rauchfrei.at\/was-haelt-jugendliche-vom-rauchen-ab\/\" \/>\n<meta property=\"og:locale\" content=\"en_US\" \/>\n<meta property=\"og:type\" content=\"article\" \/>\n<meta property=\"og:title\" content=\"Was h\u00e4lt Jugendliche vom Rauchen ab? - Rauchfrei Telefon\" \/>\n<meta property=\"og:description\" content=\"Die meisten Raucher\/innen haben im Teenageralter mit dem Rauchen begonnen und bleiben dann \u00fcber Jahrzehnte \u201edran\u201c. Wer bis zum Alter von 20 Jahren nicht anf\u00e4ngt zu Rauchen, wird mit gro\u00dfer Wahrscheinlichkeit keine Nikotinabh\u00e4ngigkeit mehr entwickeln. Welche Faktoren und Ma\u00dfnahmen bewirken, dass Jugendliche nicht in die Abh\u00e4ngigkeitsfalle tappen?\" \/>\n<meta property=\"og:url\" content=\"https:\/\/rauchfrei.at\/was-haelt-jugendliche-vom-rauchen-ab\/\" \/>\n<meta property=\"og:site_name\" content=\"Rauchfrei Telefon\" \/>\n<meta property=\"article:published_time\" content=\"2019-02-25T08:00:50+00:00\" \/>\n<meta property=\"article:modified_time\" content=\"2019-04-24T07:57:27+00:00\" \/>\n<meta name=\"author\" content=\"Rauchfrei Team\" \/>\n<meta name=\"twitter:card\" content=\"summary_large_image\" \/>\n<meta name=\"twitter:label1\" content=\"Written by\" \/>\n\t<meta name=\"twitter:data1\" content=\"Rauchfrei Team\" \/>\n\t<meta name=\"twitter:label2\" content=\"Est. reading time\" \/>\n\t<meta name=\"twitter:data2\" content=\"2 minutes\" \/>\n<script type=\"application\/ld+json\" class=\"yoast-schema-graph\">{\"@context\":\"https:\/\/schema.org\",\"@graph\":[{\"@type\":\"WebPage\",\"@id\":\"https:\/\/rauchfrei.at\/was-haelt-jugendliche-vom-rauchen-ab\/\",\"url\":\"https:\/\/rauchfrei.at\/was-haelt-jugendliche-vom-rauchen-ab\/\",\"name\":\"Was h\u00e4lt Jugendliche vom Rauchen ab? - Rauchfrei Telefon\",\"isPartOf\":{\"@id\":\"https:\/\/rauchfrei.at\/#website\"},\"datePublished\":\"2019-02-25T08:00:50+00:00\",\"dateModified\":\"2019-04-24T07:57:27+00:00\",\"author\":{\"@id\":\"https:\/\/rauchfrei.at\/#\/schema\/person\/504bbf90c5482004fc09aef6de7f9277\"},\"inLanguage\":\"en-US\",\"potentialAction\":[{\"@type\":\"ReadAction\",\"target\":[\"https:\/\/rauchfrei.at\/was-haelt-jugendliche-vom-rauchen-ab\/\"]}]},{\"@type\":\"WebSite\",\"@id\":\"https:\/\/rauchfrei.at\/#website\",\"url\":\"https:\/\/rauchfrei.at\/\",\"name\":\"Rauchfrei Telefon\",\"description\":\"Eine \u00f6sterreichweite Initiative der Sozialversicherungen.\",\"potentialAction\":[{\"@type\":\"SearchAction\",\"target\":{\"@type\":\"EntryPoint\",\"urlTemplate\":\"https:\/\/rauchfrei.at\/?s={search_term_string}\"},\"query-input\":{\"@type\":\"PropertyValueSpecification\",\"valueRequired\":true,\"valueName\":\"search_term_string\"}}],\"inLanguage\":\"en-US\"},{\"@type\":\"Person\",\"@id\":\"https:\/\/rauchfrei.at\/#\/schema\/person\/504bbf90c5482004fc09aef6de7f9277\",\"name\":\"Rauchfrei Team\",\"image\":{\"@type\":\"ImageObject\",\"inLanguage\":\"en-US\",\"@id\":\"https:\/\/rauchfrei.at\/#\/schema\/person\/image\/\",\"url\":\"https:\/\/secure.gravatar.com\/avatar\/2115b79a00800516fa1523bb5a329611f90e73e89be559131fc7e82b4fdc95ff?s=96&d=mm&r=g\",\"contentUrl\":\"https:\/\/secure.gravatar.com\/avatar\/2115b79a00800516fa1523bb5a329611f90e73e89be559131fc7e82b4fdc95ff?s=96&d=mm&r=g\",\"caption\":\"Rauchfrei Team\"},\"url\":\"https:\/\/rauchfrei.at\/en\/author\/rauchfrei-team\/\"}]}<\/script>\n<!-- \/ Yoast SEO plugin. -->","yoast_head_json":{"title":"Was h\u00e4lt Jugendliche vom Rauchen ab? - Rauchfrei Telefon","robots":{"index":"index","follow":"follow","max-snippet":"max-snippet:-1","max-image-preview":"max-image-preview:large","max-video-preview":"max-video-preview:-1"},"canonical":"https:\/\/rauchfrei.at\/was-haelt-jugendliche-vom-rauchen-ab\/","og_locale":"en_US","og_type":"article","og_title":"Was h\u00e4lt Jugendliche vom Rauchen ab? - Rauchfrei Telefon","og_description":"Die meisten Raucher\/innen haben im Teenageralter mit dem Rauchen begonnen und bleiben dann \u00fcber Jahrzehnte \u201edran\u201c. Wer bis zum Alter von 20 Jahren nicht anf\u00e4ngt zu Rauchen, wird mit gro\u00dfer Wahrscheinlichkeit keine Nikotinabh\u00e4ngigkeit mehr entwickeln. Welche Faktoren und Ma\u00dfnahmen bewirken, dass Jugendliche nicht in die Abh\u00e4ngigkeitsfalle tappen?","og_url":"https:\/\/rauchfrei.at\/was-haelt-jugendliche-vom-rauchen-ab\/","og_site_name":"Rauchfrei Telefon","article_published_time":"2019-02-25T08:00:50+00:00","article_modified_time":"2019-04-24T07:57:27+00:00","author":"Rauchfrei Team","twitter_card":"summary_large_image","twitter_misc":{"Written by":"Rauchfrei Team","Est. reading time":"2 minutes"},"schema":{"@context":"https:\/\/schema.org","@graph":[{"@type":"WebPage","@id":"https:\/\/rauchfrei.at\/was-haelt-jugendliche-vom-rauchen-ab\/","url":"https:\/\/rauchfrei.at\/was-haelt-jugendliche-vom-rauchen-ab\/","name":"Was h\u00e4lt Jugendliche vom Rauchen ab? - Rauchfrei Telefon","isPartOf":{"@id":"https:\/\/rauchfrei.at\/#website"},"datePublished":"2019-02-25T08:00:50+00:00","dateModified":"2019-04-24T07:57:27+00:00","author":{"@id":"https:\/\/rauchfrei.at\/#\/schema\/person\/504bbf90c5482004fc09aef6de7f9277"},"inLanguage":"en-US","potentialAction":[{"@type":"ReadAction","target":["https:\/\/rauchfrei.at\/was-haelt-jugendliche-vom-rauchen-ab\/"]}]},{"@type":"WebSite","@id":"https:\/\/rauchfrei.at\/#website","url":"https:\/\/rauchfrei.at\/","name":"Rauchfrei Telefon","description":"Eine \u00f6sterreichweite Initiative der Sozialversicherungen.","potentialAction":[{"@type":"SearchAction","target":{"@type":"EntryPoint","urlTemplate":"https:\/\/rauchfrei.at\/?s={search_term_string}"},"query-input":{"@type":"PropertyValueSpecification","valueRequired":true,"valueName":"search_term_string"}}],"inLanguage":"en-US"},{"@type":"Person","@id":"https:\/\/rauchfrei.at\/#\/schema\/person\/504bbf90c5482004fc09aef6de7f9277","name":"Rauchfrei Team","image":{"@type":"ImageObject","inLanguage":"en-US","@id":"https:\/\/rauchfrei.at\/#\/schema\/person\/image\/","url":"https:\/\/secure.gravatar.com\/avatar\/2115b79a00800516fa1523bb5a329611f90e73e89be559131fc7e82b4fdc95ff?s=96&d=mm&r=g","contentUrl":"https:\/\/secure.gravatar.com\/avatar\/2115b79a00800516fa1523bb5a329611f90e73e89be559131fc7e82b4fdc95ff?s=96&d=mm&r=g","caption":"Rauchfrei Team"},"url":"https:\/\/rauchfrei.at\/en\/author\/rauchfrei-team\/"}]}},"_links":{"self":[{"href":"https:\/\/rauchfrei.at\/en\/wp-json\/wp\/v2\/posts\/13990","targetHints":{"allow":["GET"]}}],"collection":[{"href":"https:\/\/rauchfrei.at\/en\/wp-json\/wp\/v2\/posts"}],"about":[{"href":"https:\/\/rauchfrei.at\/en\/wp-json\/wp\/v2\/types\/post"}],"author":[{"embeddable":true,"href":"https:\/\/rauchfrei.at\/en\/wp-json\/wp\/v2\/users\/25"}],"replies":[{"embeddable":true,"href":"https:\/\/rauchfrei.at\/en\/wp-json\/wp\/v2\/comments?post=13990"}],"version-history":[{"count":5,"href":"https:\/\/rauchfrei.at\/en\/wp-json\/wp\/v2\/posts\/13990\/revisions"}],"predecessor-version":[{"id":15919,"href":"https:\/\/rauchfrei.at\/en\/wp-json\/wp\/v2\/posts\/13990\/revisions\/15919"}],"wp:attachment":[{"href":"https:\/\/rauchfrei.at\/en\/wp-json\/wp\/v2\/media?parent=13990"}],"wp:term":[{"taxonomy":"category","embeddable":true,"href":"https:\/\/rauchfrei.at\/en\/wp-json\/wp\/v2\/categories?post=13990"},{"taxonomy":"post_tag","embeddable":true,"href":"https:\/\/rauchfrei.at\/en\/wp-json\/wp\/v2\/tags?post=13990"}],"curies":[{"name":"wp","href":"https:\/\/api.w.org\/{rel}","templated":true}]}}