
{"id":13997,"date":"2019-03-05T18:44:54","date_gmt":"2019-03-05T16:44:54","guid":{"rendered":"http:\/\/rauchfrei.at\/?p=13997"},"modified":"2021-02-16T10:57:54","modified_gmt":"2021-02-16T08:57:54","slug":"aschermittwoch-ein-guter-zeitpunkt-der-zigarettenasche-ade-zu-sagen","status":"publish","type":"post","link":"https:\/\/rauchfrei.at\/en\/aschermittwoch-ein-guter-zeitpunkt-der-zigarettenasche-ade-zu-sagen\/","title":{"rendered":"Aschermittwoch \u2013 Ein guter Zeitpunkt der Zigarettenasche Ad\u00e9 zu sagen"},"content":{"rendered":"<p>[et_pb_section fb_built=&#8221;1&#8243; module_class=&#8221;header&#8221; _builder_version=&#8221;3.22&#8243;][et_pb_row _builder_version=&#8221;3.25&#8243;][et_pb_column type=&#8221;4_4&#8243; _builder_version=&#8221;3.25&#8243; custom_padding=&#8221;|||&#8221; custom_padding__hover=&#8221;|||&#8221;][et_pb_dp_dmb_module_10001 _builder_version=&#8221;3.21&#8243;]<\/p>\n<p>[\/et_pb_dp_dmb_module_10001][\/et_pb_column][\/et_pb_row][\/et_pb_section][et_pb_section fb_built=&#8221;1&#8243; _builder_version=&#8221;3.22&#8243;][et_pb_row column_structure=&#8221;2_3,1_3&#8243; _builder_version=&#8221;3.25&#8243;][et_pb_column type=&#8221;2_3&#8243; _builder_version=&#8221;3.25&#8243; custom_padding=&#8221;|||&#8221; custom_padding__hover=&#8221;|||&#8221;][et_pb_text _builder_version=&#8221;4.7.6&#8243; z_index_tablet=&#8221;500&#8243;]<\/p>\n<p>Die Fastenzeit ist eine Zeit, in der ein Neuanfang gemacht werden kann und eine Zeit der R\u00fcckbesinnung auf die wichtigen Dinge. Vermehrt nutzen Personen diese 40 Tage um sich und den Menschen in ihrer Umgebung etwas Gutes zu tun, um den K\u00f6rper und Geist zu reinigen, mehr Energie zu bekommen oder mehr Zeit mit Dingen oder Personen zu verbringen, die ihnen gut tun.<\/p>\n<blockquote>\n<p>Wunderbar kann man diese Zeit auch f\u00fcr eine <strong>Rauchkarenz<\/strong> nutzen.<\/p>\n<\/blockquote>\n<p>F\u00fcr viele stellt sich dann allerdings die Frage, wie sie die Finger von den Zigaretten lassen k\u00f6nnen.<\/p>\n<h3>Ein paar Tipps f\u00fcrs \u201eZigarettenfasten\u201c:<\/h3>\n<p><strong>Werfen Sie die Zigaretten weg,<\/strong> die Sie noch haben. \u201eAus den Augen, aus dem Sinn\u201c ist eine gute Redewendung und hilft auch in diesem Zusammenhang. Starten Sie ohne Zigaretten in die Fastenzeit.<\/p>\n<p><strong>Suchen Sie sich ansprechende Alternativen<\/strong> f\u00fcr liebgewonnene Rituale und Gewohnheiten, bei denen Sie bisher geraucht haben. Genie\u00dfen Sie zum Beispiel eine Tasse guten Tee in einer Pause, oder bereiten Sie sich f\u00fcr den Fernsehabend Obst- \u00a0oder Gem\u00fcsesticks, die Sie knabbern k\u00f6nnen, anstatt zu rauchen.<\/p>\n<p><strong>Gehen Sie an die Frischluft.<\/strong> Rechtzeitig mit Beginn der Fastenzeit naht auch der Fr\u00fchling. Die Motivation sich in der frischen Luft aufzuhalten wird gr\u00f6\u00dfer. Das kann unterst\u00fctzend sein f\u00fcr eine rauchfreie Zeit, da Bewegung an der frischen Luft eine gute Ablenkung bei Rauchverlangen sein kann und dadurch vermehrt Gl\u00fccksgef\u00fchle ausgesch\u00fcttet werden.<\/p>\n<p><strong>Denken Sie in Etappen<\/strong>, wie z.B. wie \u201eHeute bleibe ich rauchfrei\u201c. Einen Tag rauchfrei schaffen Sie, und morgen beginnt der n\u00e4chste Tag.<\/p>\n<p><strong>Sparen Sie das Geld<\/strong>, das Sie nun nicht f\u00fcr Zigaretten ausgeben sichtbar in einem Schraubglas.<\/p>\n<p><strong>Belohnen Sie sich f\u00fcr die ersten rauchfreien Tage<\/strong> und weitere geschaffte Etappen und verwenden Sie das ersparte Geld bewusst um sich etwas zu g\u00f6nnen.<\/p>\n<p><strong>Nutzen Sie die Rauchfrei App!<\/strong> Sie z\u00e4hlt Ihre rauchfreien Tage und bietet vielf\u00e4ltige Unterst\u00fctzung.<\/p>\n<p><strong>Genie\u00dfen Sie Ihr neues K\u00f6rpergef\u00fchl!<\/strong> Durch das ver\u00e4nderte Verhalten in der Fastenzeit nehmen viele ihren K\u00f6rper neu wahr, f\u00fchlen sich wohl in ihrer Haut und genie\u00dfen die Vorteile des Rauchfreiseins.<\/p>\n<p><strong>Vielleicht tut Ihnen die Rauchfreiheit so gut, dass Sie auch nach der Fastenzeit noch rauchfrei bleiben wollen! <\/strong><\/p>\n<p>[\/et_pb_text][\/et_pb_column][et_pb_column type=&#8221;1_3&#8243; _builder_version=&#8221;3.25&#8243; custom_padding=&#8221;|||&#8221; custom_padding__hover=&#8221;|||&#8221;][et_pb_sidebar _builder_version=&#8221;3.21&#8243;]<\/p>\n<p>[\/et_pb_sidebar][\/et_pb_column][\/et_pb_row][\/et_pb_section]<\/p>\n","protected":false},"excerpt":{"rendered":"<p>Sind Sie schon bereit f\u00fcr die Fastenzeit? Vielleicht wollen Sie in dieser Fastenzeit nicht auf bestimmte Nahrungsmittel wie S\u00fc\u00dfigkeiten oder Alkohol verzichten, sondern etwas Neues probieren! Wie w\u00e4re es mit einer Pause vom Rauchen?<\/p>\n","protected":false},"author":25,"featured_media":0,"comment_status":"open","ping_status":"open","sticky":false,"template":"","format":"standard","meta":{"_et_pb_use_builder":"on","_et_pb_old_content":"","_et_gb_content_width":"","footnotes":""},"categories":[236],"tags":[],"class_list":["post-13997","post","type-post","status-publish","format-standard","hentry","category-nicht-kategorisiert"],"yoast_head":"<!-- This site is optimized with the Yoast SEO plugin v26.2 - https:\/\/yoast.com\/wordpress\/plugins\/seo\/ -->\n<title>Aschermittwoch \u2013 Ein guter Zeitpunkt der Zigarettenasche Ad\u00e9 zu sagen - Rauchfrei Telefon<\/title>\n<meta name=\"robots\" content=\"index, follow, max-snippet:-1, max-image-preview:large, max-video-preview:-1\" \/>\n<link rel=\"canonical\" href=\"https:\/\/rauchfrei.at\/aschermittwoch-ein-guter-zeitpunkt-der-zigarettenasche-ade-zu-sagen\/\" \/>\n<meta property=\"og:locale\" content=\"en_US\" \/>\n<meta property=\"og:type\" content=\"article\" \/>\n<meta property=\"og:title\" content=\"Aschermittwoch \u2013 Ein guter Zeitpunkt der Zigarettenasche Ad\u00e9 zu sagen - Rauchfrei Telefon\" \/>\n<meta property=\"og:description\" content=\"Sind Sie schon bereit f\u00fcr die Fastenzeit? Vielleicht wollen Sie in dieser Fastenzeit nicht auf bestimmte Nahrungsmittel wie S\u00fc\u00dfigkeiten oder Alkohol verzichten, sondern etwas Neues probieren! Wie w\u00e4re es mit einer Pause vom Rauchen?\" \/>\n<meta property=\"og:url\" content=\"https:\/\/rauchfrei.at\/aschermittwoch-ein-guter-zeitpunkt-der-zigarettenasche-ade-zu-sagen\/\" \/>\n<meta property=\"og:site_name\" content=\"Rauchfrei Telefon\" \/>\n<meta property=\"article:published_time\" content=\"2019-03-05T16:44:54+00:00\" \/>\n<meta property=\"article:modified_time\" content=\"2021-02-16T08:57:54+00:00\" \/>\n<meta name=\"author\" content=\"Rauchfrei Team\" \/>\n<meta name=\"twitter:card\" content=\"summary_large_image\" \/>\n<meta name=\"twitter:label1\" content=\"Written by\" \/>\n\t<meta name=\"twitter:data1\" content=\"Rauchfrei Team\" \/>\n\t<meta name=\"twitter:label2\" content=\"Est. reading time\" \/>\n\t<meta name=\"twitter:data2\" content=\"2 minutes\" \/>\n<script type=\"application\/ld+json\" class=\"yoast-schema-graph\">{\"@context\":\"https:\/\/schema.org\",\"@graph\":[{\"@type\":\"WebPage\",\"@id\":\"https:\/\/rauchfrei.at\/aschermittwoch-ein-guter-zeitpunkt-der-zigarettenasche-ade-zu-sagen\/\",\"url\":\"https:\/\/rauchfrei.at\/aschermittwoch-ein-guter-zeitpunkt-der-zigarettenasche-ade-zu-sagen\/\",\"name\":\"Aschermittwoch \u2013 Ein guter Zeitpunkt der Zigarettenasche Ad\u00e9 zu sagen - Rauchfrei Telefon\",\"isPartOf\":{\"@id\":\"https:\/\/rauchfrei.at\/#website\"},\"datePublished\":\"2019-03-05T16:44:54+00:00\",\"dateModified\":\"2021-02-16T08:57:54+00:00\",\"author\":{\"@id\":\"https:\/\/rauchfrei.at\/#\/schema\/person\/504bbf90c5482004fc09aef6de7f9277\"},\"inLanguage\":\"en-US\",\"potentialAction\":[{\"@type\":\"ReadAction\",\"target\":[\"https:\/\/rauchfrei.at\/aschermittwoch-ein-guter-zeitpunkt-der-zigarettenasche-ade-zu-sagen\/\"]}]},{\"@type\":\"WebSite\",\"@id\":\"https:\/\/rauchfrei.at\/#website\",\"url\":\"https:\/\/rauchfrei.at\/\",\"name\":\"Rauchfrei Telefon\",\"description\":\"Eine \u00f6sterreichweite Initiative der Sozialversicherungen.\",\"potentialAction\":[{\"@type\":\"SearchAction\",\"target\":{\"@type\":\"EntryPoint\",\"urlTemplate\":\"https:\/\/rauchfrei.at\/?s={search_term_string}\"},\"query-input\":{\"@type\":\"PropertyValueSpecification\",\"valueRequired\":true,\"valueName\":\"search_term_string\"}}],\"inLanguage\":\"en-US\"},{\"@type\":\"Person\",\"@id\":\"https:\/\/rauchfrei.at\/#\/schema\/person\/504bbf90c5482004fc09aef6de7f9277\",\"name\":\"Rauchfrei Team\",\"image\":{\"@type\":\"ImageObject\",\"inLanguage\":\"en-US\",\"@id\":\"https:\/\/rauchfrei.at\/#\/schema\/person\/image\/\",\"url\":\"https:\/\/secure.gravatar.com\/avatar\/2115b79a00800516fa1523bb5a329611f90e73e89be559131fc7e82b4fdc95ff?s=96&d=mm&r=g\",\"contentUrl\":\"https:\/\/secure.gravatar.com\/avatar\/2115b79a00800516fa1523bb5a329611f90e73e89be559131fc7e82b4fdc95ff?s=96&d=mm&r=g\",\"caption\":\"Rauchfrei Team\"},\"url\":\"https:\/\/rauchfrei.at\/en\/author\/rauchfrei-team\/\"}]}<\/script>\n<!-- \/ Yoast SEO plugin. -->","yoast_head_json":{"title":"Aschermittwoch \u2013 Ein guter Zeitpunkt der Zigarettenasche Ad\u00e9 zu sagen - Rauchfrei Telefon","robots":{"index":"index","follow":"follow","max-snippet":"max-snippet:-1","max-image-preview":"max-image-preview:large","max-video-preview":"max-video-preview:-1"},"canonical":"https:\/\/rauchfrei.at\/aschermittwoch-ein-guter-zeitpunkt-der-zigarettenasche-ade-zu-sagen\/","og_locale":"en_US","og_type":"article","og_title":"Aschermittwoch \u2013 Ein guter Zeitpunkt der Zigarettenasche Ad\u00e9 zu sagen - Rauchfrei Telefon","og_description":"Sind Sie schon bereit f\u00fcr die Fastenzeit? Vielleicht wollen Sie in dieser Fastenzeit nicht auf bestimmte Nahrungsmittel wie S\u00fc\u00dfigkeiten oder Alkohol verzichten, sondern etwas Neues probieren! Wie w\u00e4re es mit einer Pause vom Rauchen?","og_url":"https:\/\/rauchfrei.at\/aschermittwoch-ein-guter-zeitpunkt-der-zigarettenasche-ade-zu-sagen\/","og_site_name":"Rauchfrei Telefon","article_published_time":"2019-03-05T16:44:54+00:00","article_modified_time":"2021-02-16T08:57:54+00:00","author":"Rauchfrei Team","twitter_card":"summary_large_image","twitter_misc":{"Written by":"Rauchfrei Team","Est. reading time":"2 minutes"},"schema":{"@context":"https:\/\/schema.org","@graph":[{"@type":"WebPage","@id":"https:\/\/rauchfrei.at\/aschermittwoch-ein-guter-zeitpunkt-der-zigarettenasche-ade-zu-sagen\/","url":"https:\/\/rauchfrei.at\/aschermittwoch-ein-guter-zeitpunkt-der-zigarettenasche-ade-zu-sagen\/","name":"Aschermittwoch \u2013 Ein guter Zeitpunkt der Zigarettenasche Ad\u00e9 zu sagen - Rauchfrei Telefon","isPartOf":{"@id":"https:\/\/rauchfrei.at\/#website"},"datePublished":"2019-03-05T16:44:54+00:00","dateModified":"2021-02-16T08:57:54+00:00","author":{"@id":"https:\/\/rauchfrei.at\/#\/schema\/person\/504bbf90c5482004fc09aef6de7f9277"},"inLanguage":"en-US","potentialAction":[{"@type":"ReadAction","target":["https:\/\/rauchfrei.at\/aschermittwoch-ein-guter-zeitpunkt-der-zigarettenasche-ade-zu-sagen\/"]}]},{"@type":"WebSite","@id":"https:\/\/rauchfrei.at\/#website","url":"https:\/\/rauchfrei.at\/","name":"Rauchfrei Telefon","description":"Eine \u00f6sterreichweite Initiative der Sozialversicherungen.","potentialAction":[{"@type":"SearchAction","target":{"@type":"EntryPoint","urlTemplate":"https:\/\/rauchfrei.at\/?s={search_term_string}"},"query-input":{"@type":"PropertyValueSpecification","valueRequired":true,"valueName":"search_term_string"}}],"inLanguage":"en-US"},{"@type":"Person","@id":"https:\/\/rauchfrei.at\/#\/schema\/person\/504bbf90c5482004fc09aef6de7f9277","name":"Rauchfrei Team","image":{"@type":"ImageObject","inLanguage":"en-US","@id":"https:\/\/rauchfrei.at\/#\/schema\/person\/image\/","url":"https:\/\/secure.gravatar.com\/avatar\/2115b79a00800516fa1523bb5a329611f90e73e89be559131fc7e82b4fdc95ff?s=96&d=mm&r=g","contentUrl":"https:\/\/secure.gravatar.com\/avatar\/2115b79a00800516fa1523bb5a329611f90e73e89be559131fc7e82b4fdc95ff?s=96&d=mm&r=g","caption":"Rauchfrei Team"},"url":"https:\/\/rauchfrei.at\/en\/author\/rauchfrei-team\/"}]}},"_links":{"self":[{"href":"https:\/\/rauchfrei.at\/en\/wp-json\/wp\/v2\/posts\/13997","targetHints":{"allow":["GET"]}}],"collection":[{"href":"https:\/\/rauchfrei.at\/en\/wp-json\/wp\/v2\/posts"}],"about":[{"href":"https:\/\/rauchfrei.at\/en\/wp-json\/wp\/v2\/types\/post"}],"author":[{"embeddable":true,"href":"https:\/\/rauchfrei.at\/en\/wp-json\/wp\/v2\/users\/25"}],"replies":[{"embeddable":true,"href":"https:\/\/rauchfrei.at\/en\/wp-json\/wp\/v2\/comments?post=13997"}],"version-history":[{"count":5,"href":"https:\/\/rauchfrei.at\/en\/wp-json\/wp\/v2\/posts\/13997\/revisions"}],"predecessor-version":[{"id":20171,"href":"https:\/\/rauchfrei.at\/en\/wp-json\/wp\/v2\/posts\/13997\/revisions\/20171"}],"wp:attachment":[{"href":"https:\/\/rauchfrei.at\/en\/wp-json\/wp\/v2\/media?parent=13997"}],"wp:term":[{"taxonomy":"category","embeddable":true,"href":"https:\/\/rauchfrei.at\/en\/wp-json\/wp\/v2\/categories?post=13997"},{"taxonomy":"post_tag","embeddable":true,"href":"https:\/\/rauchfrei.at\/en\/wp-json\/wp\/v2\/tags?post=13997"}],"curies":[{"name":"wp","href":"https:\/\/api.w.org\/{rel}","templated":true}]}}