
{"id":15308,"date":"2019-03-26T07:35:45","date_gmt":"2019-03-26T05:35:45","guid":{"rendered":"http:\/\/rauchfrei.at\/?p=15308"},"modified":"2019-03-26T09:20:47","modified_gmt":"2019-03-26T07:20:47","slug":"willkommen-auf-unserer-neuen-website","status":"publish","type":"post","link":"https:\/\/rauchfrei.at\/en\/willkommen-auf-unserer-neuen-website\/","title":{"rendered":"Willkommen auf unserer neuen Website!"},"content":{"rendered":"<p>[et_pb_section fb_built=&#8221;1&#8243; module_class=&#8221;header&#8221; _builder_version=&#8221;3.0.99&#8243;][et_pb_row _builder_version=&#8221;3.0.99&#8243;][et_pb_column type=&#8221;4_4&#8243; _builder_version=&#8221;3.0.47&#8243;][et_pb_dp_dmb_module_10001 subheadline=&#8221;Klicken Sie sich durch&#8230;&#8221; _builder_version=&#8221;3.21&#8243;][\/et_pb_dp_dmb_module_10001][\/et_pb_column][\/et_pb_row][\/et_pb_section][et_pb_section fb_built=&#8221;1&#8243; _builder_version=&#8221;3.21&#8243;][et_pb_row _builder_version=&#8221;3.21&#8243;][et_pb_column type=&#8221;2_3&#8243; _builder_version=&#8221;3.21&#8243;][et_pb_text _builder_version=&#8221;3.21&#8243;]<\/p>\n<p>Nach intensiver \u00dcberarbeitung ist die Website nun in neuem Erscheinungsbild und mit neuer Struktur online. Sie wird inhaltlich vom <a href=\"https:\/\/rauchfrei.at\/ueber-uns\/\" target=\"_blank\" rel=\"noopener noreferrer\"><u>Rauchfrei Team<\/u><\/a> betreut und dient zur Informationsvermittlung rund ums Thema Rauchfrei werden und bleiben. Wir vermitteln Angebote zur <a href=\"https:\/\/rauchfrei.at\/aufhoeren\/weitere-beratungsangebote-in-oe\/ambulante-beratung\/\" target=\"_blank\" rel=\"noopener noreferrer\"><u>Tabakentw\u00f6hnung in ganz \u00d6sterreich<\/u><\/a>, motivieren dazu, den <a href=\"https:\/\/rauchfrei.at\/aufhoeren\/schritte-zum-rauchstopp\/trauen-sie-sich-den-rauchstopp-zu\/\" target=\"_blank\" rel=\"noopener noreferrer\"><u>Rauchstopp<\/u><\/a> in Angriff zu nehmen und unterst\u00fctzen beim Weg in die Rauchfreiheit. Auf unserer Seite finden Sie auch <a href=\"https:\/\/rauchfrei.at\/broschueren-downloads\/download-beratungsunterlagen\/\" target=\"_blank\" rel=\"noopener noreferrer\"><u>Arbeitsmaterialien<\/u><\/a>, die begleitend zur Tabakentw\u00f6hnung am Telefon verwendet werden. Informationen f\u00fcr Profis, die im Bereich Tabakentw\u00f6hnung arbeiten, werden im Bereich <a href=\"https:\/\/rauchfrei.at\/fuer-gesundheitsberufe\/\" target=\"_blank\" rel=\"noopener noreferrer\"><u>Gesundheitsberufe<\/u><\/a>\u00a0vermittelt.<\/p>\n<p><strong>Danke<\/strong> an <a href=\"https:\/\/pixler.at\/die-agentur\/\" target=\"_blank\" rel=\"noopener noreferrer\"><u>Helmut Chlebecek<\/u><\/a> (Programmierung und Umsetzung), <a href=\"http:\/\/co-des.at\/\" target=\"_blank\" rel=\"noopener noreferrer\"><u>Andreas Klambauer<\/u><\/a> (Design) und <a href=\"https:\/\/www.behance.net\/diegoriselli\" target=\"_blank\" rel=\"noopener noreferrer\"><u>Diego Riselli<\/u> <\/a> (Illustrationen) f\u00fcr die gute Zusammenarbeit bei der \u00dcberarbeitung unserer Website!<\/p>\n<p>Wir freuen uns \u00fcber R\u00fcckmeldungen und nat\u00fcrlich \u00fcber Anrufe beim Rauchfrei Telefon!<\/p>\n<p>[\/et_pb_text][\/et_pb_column][et_pb_column type=&#8221;1_3&#8243; _builder_version=&#8221;3.21&#8243;][et_pb_sidebar _builder_version=&#8221;3.21&#8243;][\/et_pb_sidebar][\/et_pb_column][\/et_pb_row][\/et_pb_section]<\/p>\n","protected":false},"excerpt":{"rendered":"<p>Nach sieben Jahren war es nun an der Zeit f\u00fcr eine \u00dcberarbeitung von www.rauchfrei.at mit neuer Struktur, neuer Grafik und \u00fcberarbeiteten Texten in altbew\u00e4hrter Qualit\u00e4t.<\/p>\n","protected":false},"author":25,"featured_media":0,"comment_status":"open","ping_status":"open","sticky":false,"template":"","format":"standard","meta":{"_et_pb_use_builder":"on","_et_pb_old_content":"","_et_gb_content_width":"","footnotes":""},"categories":[232],"tags":[],"class_list":["post-15308","post","type-post","status-publish","format-standard","hentry","category-nachrichten-vom-rauchfrei-telefon"],"yoast_head":"<!-- This site is optimized with the Yoast SEO plugin v26.2 - https:\/\/yoast.com\/wordpress\/plugins\/seo\/ -->\n<title>Willkommen auf unserer neuen Website! - Rauchfrei Telefon<\/title>\n<meta name=\"robots\" content=\"index, follow, max-snippet:-1, max-image-preview:large, max-video-preview:-1\" \/>\n<link rel=\"canonical\" href=\"https:\/\/rauchfrei.at\/willkommen-auf-unserer-neuen-website\/\" \/>\n<meta property=\"og:locale\" content=\"en_US\" \/>\n<meta property=\"og:type\" content=\"article\" \/>\n<meta property=\"og:title\" content=\"Willkommen auf unserer neuen Website! - Rauchfrei Telefon\" \/>\n<meta property=\"og:description\" content=\"Nach sieben Jahren war es nun an der Zeit f\u00fcr eine \u00dcberarbeitung von www.rauchfrei.at mit neuer Struktur, neuer Grafik und \u00fcberarbeiteten Texten in altbew\u00e4hrter Qualit\u00e4t.\" \/>\n<meta property=\"og:url\" content=\"https:\/\/rauchfrei.at\/willkommen-auf-unserer-neuen-website\/\" \/>\n<meta property=\"og:site_name\" content=\"Rauchfrei Telefon\" \/>\n<meta property=\"article:published_time\" content=\"2019-03-26T05:35:45+00:00\" \/>\n<meta property=\"article:modified_time\" content=\"2019-03-26T07:20:47+00:00\" \/>\n<meta name=\"author\" content=\"Rauchfrei Team\" \/>\n<meta name=\"twitter:card\" content=\"summary_large_image\" \/>\n<meta name=\"twitter:label1\" content=\"Written by\" \/>\n\t<meta name=\"twitter:data1\" content=\"Rauchfrei Team\" \/>\n\t<meta name=\"twitter:label2\" content=\"Est. reading time\" \/>\n\t<meta name=\"twitter:data2\" content=\"1 minute\" \/>\n<script type=\"application\/ld+json\" class=\"yoast-schema-graph\">{\"@context\":\"https:\/\/schema.org\",\"@graph\":[{\"@type\":\"WebPage\",\"@id\":\"https:\/\/rauchfrei.at\/willkommen-auf-unserer-neuen-website\/\",\"url\":\"https:\/\/rauchfrei.at\/willkommen-auf-unserer-neuen-website\/\",\"name\":\"Willkommen auf unserer neuen Website! - Rauchfrei Telefon\",\"isPartOf\":{\"@id\":\"https:\/\/rauchfrei.at\/#website\"},\"datePublished\":\"2019-03-26T05:35:45+00:00\",\"dateModified\":\"2019-03-26T07:20:47+00:00\",\"author\":{\"@id\":\"https:\/\/rauchfrei.at\/#\/schema\/person\/504bbf90c5482004fc09aef6de7f9277\"},\"inLanguage\":\"en-US\",\"potentialAction\":[{\"@type\":\"ReadAction\",\"target\":[\"https:\/\/rauchfrei.at\/willkommen-auf-unserer-neuen-website\/\"]}]},{\"@type\":\"WebSite\",\"@id\":\"https:\/\/rauchfrei.at\/#website\",\"url\":\"https:\/\/rauchfrei.at\/\",\"name\":\"Rauchfrei Telefon\",\"description\":\"Eine \u00f6sterreichweite Initiative der Sozialversicherungen.\",\"potentialAction\":[{\"@type\":\"SearchAction\",\"target\":{\"@type\":\"EntryPoint\",\"urlTemplate\":\"https:\/\/rauchfrei.at\/?s={search_term_string}\"},\"query-input\":{\"@type\":\"PropertyValueSpecification\",\"valueRequired\":true,\"valueName\":\"search_term_string\"}}],\"inLanguage\":\"en-US\"},{\"@type\":\"Person\",\"@id\":\"https:\/\/rauchfrei.at\/#\/schema\/person\/504bbf90c5482004fc09aef6de7f9277\",\"name\":\"Rauchfrei Team\",\"image\":{\"@type\":\"ImageObject\",\"inLanguage\":\"en-US\",\"@id\":\"https:\/\/rauchfrei.at\/#\/schema\/person\/image\/\",\"url\":\"https:\/\/secure.gravatar.com\/avatar\/2115b79a00800516fa1523bb5a329611f90e73e89be559131fc7e82b4fdc95ff?s=96&d=mm&r=g\",\"contentUrl\":\"https:\/\/secure.gravatar.com\/avatar\/2115b79a00800516fa1523bb5a329611f90e73e89be559131fc7e82b4fdc95ff?s=96&d=mm&r=g\",\"caption\":\"Rauchfrei Team\"},\"url\":\"https:\/\/rauchfrei.at\/en\/author\/rauchfrei-team\/\"}]}<\/script>\n<!-- \/ Yoast SEO plugin. -->","yoast_head_json":{"title":"Willkommen auf unserer neuen Website! - Rauchfrei Telefon","robots":{"index":"index","follow":"follow","max-snippet":"max-snippet:-1","max-image-preview":"max-image-preview:large","max-video-preview":"max-video-preview:-1"},"canonical":"https:\/\/rauchfrei.at\/willkommen-auf-unserer-neuen-website\/","og_locale":"en_US","og_type":"article","og_title":"Willkommen auf unserer neuen Website! - Rauchfrei Telefon","og_description":"Nach sieben Jahren war es nun an der Zeit f\u00fcr eine \u00dcberarbeitung von www.rauchfrei.at mit neuer Struktur, neuer Grafik und \u00fcberarbeiteten Texten in altbew\u00e4hrter Qualit\u00e4t.","og_url":"https:\/\/rauchfrei.at\/willkommen-auf-unserer-neuen-website\/","og_site_name":"Rauchfrei Telefon","article_published_time":"2019-03-26T05:35:45+00:00","article_modified_time":"2019-03-26T07:20:47+00:00","author":"Rauchfrei Team","twitter_card":"summary_large_image","twitter_misc":{"Written by":"Rauchfrei Team","Est. reading time":"1 minute"},"schema":{"@context":"https:\/\/schema.org","@graph":[{"@type":"WebPage","@id":"https:\/\/rauchfrei.at\/willkommen-auf-unserer-neuen-website\/","url":"https:\/\/rauchfrei.at\/willkommen-auf-unserer-neuen-website\/","name":"Willkommen auf unserer neuen Website! - Rauchfrei Telefon","isPartOf":{"@id":"https:\/\/rauchfrei.at\/#website"},"datePublished":"2019-03-26T05:35:45+00:00","dateModified":"2019-03-26T07:20:47+00:00","author":{"@id":"https:\/\/rauchfrei.at\/#\/schema\/person\/504bbf90c5482004fc09aef6de7f9277"},"inLanguage":"en-US","potentialAction":[{"@type":"ReadAction","target":["https:\/\/rauchfrei.at\/willkommen-auf-unserer-neuen-website\/"]}]},{"@type":"WebSite","@id":"https:\/\/rauchfrei.at\/#website","url":"https:\/\/rauchfrei.at\/","name":"Rauchfrei Telefon","description":"Eine \u00f6sterreichweite Initiative der Sozialversicherungen.","potentialAction":[{"@type":"SearchAction","target":{"@type":"EntryPoint","urlTemplate":"https:\/\/rauchfrei.at\/?s={search_term_string}"},"query-input":{"@type":"PropertyValueSpecification","valueRequired":true,"valueName":"search_term_string"}}],"inLanguage":"en-US"},{"@type":"Person","@id":"https:\/\/rauchfrei.at\/#\/schema\/person\/504bbf90c5482004fc09aef6de7f9277","name":"Rauchfrei Team","image":{"@type":"ImageObject","inLanguage":"en-US","@id":"https:\/\/rauchfrei.at\/#\/schema\/person\/image\/","url":"https:\/\/secure.gravatar.com\/avatar\/2115b79a00800516fa1523bb5a329611f90e73e89be559131fc7e82b4fdc95ff?s=96&d=mm&r=g","contentUrl":"https:\/\/secure.gravatar.com\/avatar\/2115b79a00800516fa1523bb5a329611f90e73e89be559131fc7e82b4fdc95ff?s=96&d=mm&r=g","caption":"Rauchfrei Team"},"url":"https:\/\/rauchfrei.at\/en\/author\/rauchfrei-team\/"}]}},"_links":{"self":[{"href":"https:\/\/rauchfrei.at\/en\/wp-json\/wp\/v2\/posts\/15308","targetHints":{"allow":["GET"]}}],"collection":[{"href":"https:\/\/rauchfrei.at\/en\/wp-json\/wp\/v2\/posts"}],"about":[{"href":"https:\/\/rauchfrei.at\/en\/wp-json\/wp\/v2\/types\/post"}],"author":[{"embeddable":true,"href":"https:\/\/rauchfrei.at\/en\/wp-json\/wp\/v2\/users\/25"}],"replies":[{"embeddable":true,"href":"https:\/\/rauchfrei.at\/en\/wp-json\/wp\/v2\/comments?post=15308"}],"version-history":[{"count":5,"href":"https:\/\/rauchfrei.at\/en\/wp-json\/wp\/v2\/posts\/15308\/revisions"}],"predecessor-version":[{"id":15417,"href":"https:\/\/rauchfrei.at\/en\/wp-json\/wp\/v2\/posts\/15308\/revisions\/15417"}],"wp:attachment":[{"href":"https:\/\/rauchfrei.at\/en\/wp-json\/wp\/v2\/media?parent=15308"}],"wp:term":[{"taxonomy":"category","embeddable":true,"href":"https:\/\/rauchfrei.at\/en\/wp-json\/wp\/v2\/categories?post=15308"},{"taxonomy":"post_tag","embeddable":true,"href":"https:\/\/rauchfrei.at\/en\/wp-json\/wp\/v2\/tags?post=15308"}],"curies":[{"name":"wp","href":"https:\/\/api.w.org\/{rel}","templated":true}]}}