
{"id":15497,"date":"2019-04-01T10:00:00","date_gmt":"2019-04-01T08:00:00","guid":{"rendered":"https:\/\/rauchfrei.at\/?p=15497"},"modified":"2024-04-19T13:36:09","modified_gmt":"2024-04-19T11:36:09","slug":"tabakentwoehnung-ein-teil-der-gesundheitsversorgung","status":"publish","type":"post","link":"https:\/\/rauchfrei.at\/en\/tabakentwoehnung-ein-teil-der-gesundheitsversorgung\/","title":{"rendered":"Tabakentw\u00f6hnung \u2013 ein Teil der Gesundheitsversorgung"},"content":{"rendered":"<p>[et_pb_section fb_built=&#8221;1&#8243; module_class=&#8221;header&#8221; _builder_version=&#8221;4.16&#8243; global_colors_info=&#8221;{}&#8221;][et_pb_row _builder_version=&#8221;4.16&#8243; global_colors_info=&#8221;{}&#8221;][et_pb_column type=&#8221;4_4&#8243; _builder_version=&#8221;4.16&#8243; custom_padding=&#8221;|||&#8221; global_colors_info=&#8221;{}&#8221; custom_padding__hover=&#8221;|||&#8221;][et_pb_dp_dmb_module_10001 subheadline=&#8221;Gesundheitsversorgung f\u00fcr alle&#8221; _builder_version=&#8221;4.16&#8243; global_colors_info=&#8221;{}&#8221;][\/et_pb_dp_dmb_module_10001][\/et_pb_column][\/et_pb_row][\/et_pb_section][et_pb_section fb_built=&#8221;1&#8243; _builder_version=&#8221;4.16&#8243; global_colors_info=&#8221;{}&#8221;][et_pb_row _builder_version=&#8221;4.16&#8243; global_colors_info=&#8221;{}&#8221; column_structure=&#8221;2_3,1_3&#8243;][et_pb_column type=&#8221;2_3&#8243; _builder_version=&#8221;4.16&#8243; custom_padding=&#8221;|||&#8221; global_colors_info=&#8221;{}&#8221; custom_padding__hover=&#8221;|||&#8221;][et_pb_text _builder_version=&#8221;4.16&#8243; global_colors_info=&#8221;{}&#8221;]<\/p>\n<p>Am 7. April ist wieder Weltgesundheitstag. 2019 steht er unter dem Thema \u201eAllgemeine Gesundheitsversorgung\u201c. Die Weltgesundheitsorganisation (WHO) will damit auf ihr oberstes Ziel \u2013 der Verwirklichung einer allgemeinen Gesundheitsversorgung hinweisen. Das bedeutet, dass alle Menschen alle Gesundheitsleistungen bekommen, die sie ben\u00f6tigen.<\/p>\n<p>Gesundheit ist ein Menschenrecht: jede\/r sollte \u00fcber die Informationen, Leistungsangebote und Rahmenbedingungen verf\u00fcgen, die zum Schutz der eigenen Gesundheit und jener der Familie notwendig sind.<\/p>\n<p>Rauchen z\u00e4hlt zu den wichtigsten vermeidbaren Risikofaktoren f\u00fcr viele Erkrankungen, vor allem Herz-Kreislauf-Erkrankungen und Atemwegserkrankungen. Nikotin sch\u00e4digt Herz, Gef\u00e4\u00dfe, Haut, Augen, die Atemwege und das Immunsystem. Rauchen l\u00f6st aber auch viele Krebserkrankungen aus. Auch Passivrauchen gef\u00e4hrdet die Gesundheit.<\/p>\n<p>Tabakabh\u00e4ngigkeit ist eine chronische Suchterkrankung. \u00a0Die Hilfe zum Ausstieg aus der Sucht ist Teil der Gesundheitsversorgung. Rauchfrei werden bedeutet Gesundheitsvorsorge.<\/p>\n<p>Mit Unterst\u00fctzung gelingt es vielen Menschen besser rauchfrei zu werden, als alleine. Ein leichter und kostenfreier Zugang zu Entw\u00f6hnangeboten ist somit ein wichtiger Teil der Gesundheitsversorgung. Die Sozialversicherungstr\u00e4ger bieten <a href=\"https:\/\/rauchfrei.at\/aufhoeren\/weitere-beratungsangebote-in-oe\/ambulante-beratung\/\" target=\"_blank\" rel=\"noopener noreferrer\">Entw\u00f6hnangebote in ganz \u00d6sterreich<\/a> an.<\/p>\n<p>Link:<br \/><a href=\"http:\/\/www.euro.who.int\/de\/media-centre\/events\/events\/2019\/04\/world-health-day-2019\/background\" target=\"_blank\" rel=\"noopener noreferrer\">Seite der Weltgesundheitsorganisation (WHO)<\/a><\/p>\n<p>&nbsp;<\/p>\n<p>[\/et_pb_text][et_pb_post_nav _builder_version=&#8221;4.16&#8243; global_colors_info=&#8221;{}&#8221;][\/et_pb_post_nav][\/et_pb_column][et_pb_column type=&#8221;1_3&#8243; _builder_version=&#8221;4.16&#8243; custom_padding=&#8221;|||&#8221; global_colors_info=&#8221;{}&#8221; custom_padding__hover=&#8221;|||&#8221;][et_pb_sidebar _builder_version=&#8221;4.16&#8243; global_colors_info=&#8221;{}&#8221;][\/et_pb_sidebar][\/et_pb_column][\/et_pb_row][\/et_pb_section]<\/p>\n","protected":false},"excerpt":{"rendered":"<p>Der diesj\u00e4hrige Weltgesundheitstag steht im Zeichen der allgemeinen Gesundheitsversorgung.<\/p>\n","protected":false},"author":25,"featured_media":0,"comment_status":"open","ping_status":"open","sticky":false,"template":"","format":"standard","meta":{"_et_pb_use_builder":"on","_et_pb_old_content":"","_et_gb_content_width":"","footnotes":""},"categories":[236],"tags":[],"class_list":["post-15497","post","type-post","status-publish","format-standard","hentry","category-nicht-kategorisiert"],"yoast_head":"<!-- This site is optimized with the Yoast SEO plugin v26.2 - https:\/\/yoast.com\/wordpress\/plugins\/seo\/ -->\n<title>Tabakentw\u00f6hnung \u2013 ein Teil der Gesundheitsversorgung - Rauchfrei Telefon<\/title>\n<meta name=\"robots\" content=\"index, follow, max-snippet:-1, max-image-preview:large, max-video-preview:-1\" \/>\n<link rel=\"canonical\" href=\"https:\/\/rauchfrei.at\/tabakentwoehnung-ein-teil-der-gesundheitsversorgung\/\" \/>\n<meta property=\"og:locale\" content=\"en_US\" \/>\n<meta property=\"og:type\" content=\"article\" \/>\n<meta property=\"og:title\" content=\"Tabakentw\u00f6hnung \u2013 ein Teil der Gesundheitsversorgung - Rauchfrei Telefon\" \/>\n<meta property=\"og:description\" content=\"Der diesj\u00e4hrige Weltgesundheitstag steht im Zeichen der allgemeinen Gesundheitsversorgung.\" \/>\n<meta property=\"og:url\" content=\"https:\/\/rauchfrei.at\/tabakentwoehnung-ein-teil-der-gesundheitsversorgung\/\" \/>\n<meta property=\"og:site_name\" content=\"Rauchfrei Telefon\" \/>\n<meta property=\"article:published_time\" content=\"2019-04-01T08:00:00+00:00\" \/>\n<meta property=\"article:modified_time\" content=\"2024-04-19T11:36:09+00:00\" \/>\n<meta name=\"author\" content=\"Rauchfrei Team\" \/>\n<meta name=\"twitter:card\" content=\"summary_large_image\" \/>\n<meta name=\"twitter:label1\" content=\"Written by\" \/>\n\t<meta name=\"twitter:data1\" content=\"Rauchfrei Team\" \/>\n\t<meta name=\"twitter:label2\" content=\"Est. reading time\" \/>\n\t<meta name=\"twitter:data2\" content=\"2 minutes\" \/>\n<script type=\"application\/ld+json\" class=\"yoast-schema-graph\">{\"@context\":\"https:\/\/schema.org\",\"@graph\":[{\"@type\":\"WebPage\",\"@id\":\"https:\/\/rauchfrei.at\/tabakentwoehnung-ein-teil-der-gesundheitsversorgung\/\",\"url\":\"https:\/\/rauchfrei.at\/tabakentwoehnung-ein-teil-der-gesundheitsversorgung\/\",\"name\":\"Tabakentw\u00f6hnung \u2013 ein Teil der Gesundheitsversorgung - Rauchfrei Telefon\",\"isPartOf\":{\"@id\":\"https:\/\/rauchfrei.at\/#website\"},\"datePublished\":\"2019-04-01T08:00:00+00:00\",\"dateModified\":\"2024-04-19T11:36:09+00:00\",\"author\":{\"@id\":\"https:\/\/rauchfrei.at\/#\/schema\/person\/504bbf90c5482004fc09aef6de7f9277\"},\"inLanguage\":\"en-US\",\"potentialAction\":[{\"@type\":\"ReadAction\",\"target\":[\"https:\/\/rauchfrei.at\/tabakentwoehnung-ein-teil-der-gesundheitsversorgung\/\"]}]},{\"@type\":\"WebSite\",\"@id\":\"https:\/\/rauchfrei.at\/#website\",\"url\":\"https:\/\/rauchfrei.at\/\",\"name\":\"Rauchfrei Telefon\",\"description\":\"Eine \u00f6sterreichweite Initiative der Sozialversicherungen.\",\"potentialAction\":[{\"@type\":\"SearchAction\",\"target\":{\"@type\":\"EntryPoint\",\"urlTemplate\":\"https:\/\/rauchfrei.at\/?s={search_term_string}\"},\"query-input\":{\"@type\":\"PropertyValueSpecification\",\"valueRequired\":true,\"valueName\":\"search_term_string\"}}],\"inLanguage\":\"en-US\"},{\"@type\":\"Person\",\"@id\":\"https:\/\/rauchfrei.at\/#\/schema\/person\/504bbf90c5482004fc09aef6de7f9277\",\"name\":\"Rauchfrei Team\",\"image\":{\"@type\":\"ImageObject\",\"inLanguage\":\"en-US\",\"@id\":\"https:\/\/rauchfrei.at\/#\/schema\/person\/image\/\",\"url\":\"https:\/\/secure.gravatar.com\/avatar\/2115b79a00800516fa1523bb5a329611f90e73e89be559131fc7e82b4fdc95ff?s=96&d=mm&r=g\",\"contentUrl\":\"https:\/\/secure.gravatar.com\/avatar\/2115b79a00800516fa1523bb5a329611f90e73e89be559131fc7e82b4fdc95ff?s=96&d=mm&r=g\",\"caption\":\"Rauchfrei Team\"},\"url\":\"https:\/\/rauchfrei.at\/en\/author\/rauchfrei-team\/\"}]}<\/script>\n<!-- \/ Yoast SEO plugin. -->","yoast_head_json":{"title":"Tabakentw\u00f6hnung \u2013 ein Teil der Gesundheitsversorgung - Rauchfrei Telefon","robots":{"index":"index","follow":"follow","max-snippet":"max-snippet:-1","max-image-preview":"max-image-preview:large","max-video-preview":"max-video-preview:-1"},"canonical":"https:\/\/rauchfrei.at\/tabakentwoehnung-ein-teil-der-gesundheitsversorgung\/","og_locale":"en_US","og_type":"article","og_title":"Tabakentw\u00f6hnung \u2013 ein Teil der Gesundheitsversorgung - Rauchfrei Telefon","og_description":"Der diesj\u00e4hrige Weltgesundheitstag steht im Zeichen der allgemeinen Gesundheitsversorgung.","og_url":"https:\/\/rauchfrei.at\/tabakentwoehnung-ein-teil-der-gesundheitsversorgung\/","og_site_name":"Rauchfrei Telefon","article_published_time":"2019-04-01T08:00:00+00:00","article_modified_time":"2024-04-19T11:36:09+00:00","author":"Rauchfrei Team","twitter_card":"summary_large_image","twitter_misc":{"Written by":"Rauchfrei Team","Est. reading time":"2 minutes"},"schema":{"@context":"https:\/\/schema.org","@graph":[{"@type":"WebPage","@id":"https:\/\/rauchfrei.at\/tabakentwoehnung-ein-teil-der-gesundheitsversorgung\/","url":"https:\/\/rauchfrei.at\/tabakentwoehnung-ein-teil-der-gesundheitsversorgung\/","name":"Tabakentw\u00f6hnung \u2013 ein Teil der Gesundheitsversorgung - Rauchfrei Telefon","isPartOf":{"@id":"https:\/\/rauchfrei.at\/#website"},"datePublished":"2019-04-01T08:00:00+00:00","dateModified":"2024-04-19T11:36:09+00:00","author":{"@id":"https:\/\/rauchfrei.at\/#\/schema\/person\/504bbf90c5482004fc09aef6de7f9277"},"inLanguage":"en-US","potentialAction":[{"@type":"ReadAction","target":["https:\/\/rauchfrei.at\/tabakentwoehnung-ein-teil-der-gesundheitsversorgung\/"]}]},{"@type":"WebSite","@id":"https:\/\/rauchfrei.at\/#website","url":"https:\/\/rauchfrei.at\/","name":"Rauchfrei Telefon","description":"Eine \u00f6sterreichweite Initiative der Sozialversicherungen.","potentialAction":[{"@type":"SearchAction","target":{"@type":"EntryPoint","urlTemplate":"https:\/\/rauchfrei.at\/?s={search_term_string}"},"query-input":{"@type":"PropertyValueSpecification","valueRequired":true,"valueName":"search_term_string"}}],"inLanguage":"en-US"},{"@type":"Person","@id":"https:\/\/rauchfrei.at\/#\/schema\/person\/504bbf90c5482004fc09aef6de7f9277","name":"Rauchfrei Team","image":{"@type":"ImageObject","inLanguage":"en-US","@id":"https:\/\/rauchfrei.at\/#\/schema\/person\/image\/","url":"https:\/\/secure.gravatar.com\/avatar\/2115b79a00800516fa1523bb5a329611f90e73e89be559131fc7e82b4fdc95ff?s=96&d=mm&r=g","contentUrl":"https:\/\/secure.gravatar.com\/avatar\/2115b79a00800516fa1523bb5a329611f90e73e89be559131fc7e82b4fdc95ff?s=96&d=mm&r=g","caption":"Rauchfrei Team"},"url":"https:\/\/rauchfrei.at\/en\/author\/rauchfrei-team\/"}]}},"_links":{"self":[{"href":"https:\/\/rauchfrei.at\/en\/wp-json\/wp\/v2\/posts\/15497","targetHints":{"allow":["GET"]}}],"collection":[{"href":"https:\/\/rauchfrei.at\/en\/wp-json\/wp\/v2\/posts"}],"about":[{"href":"https:\/\/rauchfrei.at\/en\/wp-json\/wp\/v2\/types\/post"}],"author":[{"embeddable":true,"href":"https:\/\/rauchfrei.at\/en\/wp-json\/wp\/v2\/users\/25"}],"replies":[{"embeddable":true,"href":"https:\/\/rauchfrei.at\/en\/wp-json\/wp\/v2\/comments?post=15497"}],"version-history":[{"count":6,"href":"https:\/\/rauchfrei.at\/en\/wp-json\/wp\/v2\/posts\/15497\/revisions"}],"predecessor-version":[{"id":29474,"href":"https:\/\/rauchfrei.at\/en\/wp-json\/wp\/v2\/posts\/15497\/revisions\/29474"}],"wp:attachment":[{"href":"https:\/\/rauchfrei.at\/en\/wp-json\/wp\/v2\/media?parent=15497"}],"wp:term":[{"taxonomy":"category","embeddable":true,"href":"https:\/\/rauchfrei.at\/en\/wp-json\/wp\/v2\/categories?post=15497"},{"taxonomy":"post_tag","embeddable":true,"href":"https:\/\/rauchfrei.at\/en\/wp-json\/wp\/v2\/tags?post=15497"}],"curies":[{"name":"wp","href":"https:\/\/api.w.org\/{rel}","templated":true}]}}