
{"id":15677,"date":"2019-04-15T10:00:24","date_gmt":"2019-04-15T08:00:24","guid":{"rendered":"https:\/\/rauchfrei.at\/?p=15677"},"modified":"2019-05-02T21:17:12","modified_gmt":"2019-05-02T19:17:12","slug":"hilfe-meine-eltern-rauchen","status":"publish","type":"post","link":"https:\/\/rauchfrei.at\/en\/hilfe-meine-eltern-rauchen\/","title":{"rendered":"Hilfe, meine Eltern rauchen!"},"content":{"rendered":"<p>[et_pb_section fb_built=&#8221;1&#8243; module_class=&#8221;header&#8221; _builder_version=&#8221;3.0.99&#8243;][et_pb_row _builder_version=&#8221;3.0.99&#8243;][et_pb_column type=&#8221;4_4&#8243; _builder_version=&#8221;3.0.47&#8243;][et_pb_dp_dmb_module_10001 subheadline=&#8221;\u201eBitte, h\u00f6r doch auf!\u201c&#8221; _builder_version=&#8221;3.21.1&#8243;]<br \/>\n[\/et_pb_dp_dmb_module_10001][\/et_pb_column][\/et_pb_row][\/et_pb_section][et_pb_section fb_built=&#8221;1&#8243; _builder_version=&#8221;3.21.1&#8243;][et_pb_row _builder_version=&#8221;3.21.1&#8243;][et_pb_column type=&#8221;2_3&#8243; _builder_version=&#8221;3.0.47&#8243;][et_pb_text _builder_version=&#8221;3.21.1&#8243; z_index_tablet=&#8221;500&#8243;]<\/p>\n<p>Ihre Kinder haben Sie schon aufgefordert das Rauchen sein zu lassen?<br \/>Sie haben es auch schon probiert, es ist Ihnen aber nicht gelungen?<\/p>\n<p>Wir helfen Ihnen gerne weiter. Rufen Sie uns einfach an!<\/p>\n<h2>Jede nicht gerauchte Zigarette z\u00e4hlt<\/h2>\n<p>Auch wenn ein Rauchstopp f\u00fcr Sie noch nicht vorstellbar ist, macht es Sinn sich beraten zu lassen. Vielleicht sind Zwischenziele denkbar und Sie k\u00f6nnen Ihren Zigarettenkonsum reduzieren bevor Sie ganz rauchfrei werden.<\/p>\n<p><img loading=\"lazy\" decoding=\"async\" class=\"alignnone wp-image-15882\" src=\"https:\/\/rauchfrei.at\/wp-content\/uploads\/shutterstock_208800748-2000px-480x360.jpg\" alt=\"\" width=\"272\" height=\"204\" srcset=\"https:\/\/rauchfrei.at\/wp-content\/uploads\/shutterstock_208800748-2000px-480x360.jpg 480w, https:\/\/rauchfrei.at\/wp-content\/uploads\/shutterstock_208800748-2000px-225x169.jpg 225w, https:\/\/rauchfrei.at\/wp-content\/uploads\/shutterstock_208800748-2000px-768x576.jpg 768w, https:\/\/rauchfrei.at\/wp-content\/uploads\/shutterstock_208800748-2000px-510x382.jpg 510w, https:\/\/rauchfrei.at\/wp-content\/uploads\/shutterstock_208800748-2000px-1080x810.jpg 1080w, https:\/\/rauchfrei.at\/wp-content\/uploads\/shutterstock_208800748-2000px.jpg 2000w\" sizes=\"(max-width: 272px) 100vw, 272px\" \/> <img loading=\"lazy\" decoding=\"async\" class=\"alignnone wp-image-15883\" src=\"https:\/\/rauchfrei.at\/wp-content\/uploads\/shutterstock_191683856-2000px-480x320.jpg\" alt=\"\" width=\"305\" height=\"203\" srcset=\"https:\/\/rauchfrei.at\/wp-content\/uploads\/shutterstock_191683856-2000px-480x320.jpg 480w, https:\/\/rauchfrei.at\/wp-content\/uploads\/shutterstock_191683856-2000px-225x150.jpg 225w, https:\/\/rauchfrei.at\/wp-content\/uploads\/shutterstock_191683856-2000px-768x512.jpg 768w, https:\/\/rauchfrei.at\/wp-content\/uploads\/shutterstock_191683856-2000px-1080x720.jpg 1080w, https:\/\/rauchfrei.at\/wp-content\/uploads\/shutterstock_191683856-2000px.jpg 2000w\" sizes=\"(max-width: 305px) 100vw, 305px\" \/><\/p>\n<p>(C) shutterstock<\/p>\n<h2>Sch\u00fctzen Sie Ihre Kinder vor Passivrauch<\/h2>\n<p>Wenn ein Rauchstopp f\u00fcr Sie noch nicht vorstellbar ist, so k\u00f6nnen Sie dennoch daf\u00fcr sorgen, dass Ihre Familie, insbesondere Ihre Kinder vor Passivrauch gesch\u00fctzt werden.<\/p>\n<p>Wenn in Innenr\u00e4umen geraucht wird, so lagern sich die Giftstoffe in Form von Feinstoffen auch an W\u00e4nden, M\u00f6beln, usw. ab und wird noch lange in die Raumluft abgegeben. Somit ist der Aufenthalt in diesen R\u00e4umen auch eine Gefahr f\u00fcr die Gesundheit, wenn aktiv gerade nicht geraucht wird.<\/p>\n<p>Machen Sie daher alle Innenr\u00e4ume und das Auto rauchfrei! Oft hat das den Effekt, dass Sie ganz automatisch weniger rauchen\u2026<\/p>\n<p><strong>Sie m\u00f6chten Infofolder?<\/strong><\/p>\n<p>Bestellen Sie diesen kostenlos unter <a href=\"https:\/\/rauchfrei.at\/broschueren-downloads\/bestellung\/\">Bestellung<\/a>.<\/p>\n<p><strong><u>Link:<\/u><\/strong> <a href=\"https:\/\/rauchfrei.at\/meine-eltern-rauchen\/\">Meine Eltern rauchen<\/a><\/p>\n<p>[\/et_pb_text][et_pb_post_nav _builder_version=&#8221;3.21.1&#8243;][\/et_pb_post_nav][\/et_pb_column][et_pb_column type=&#8221;1_3&#8243; _builder_version=&#8221;3.0.47&#8243;][et_pb_sidebar _builder_version=&#8221;3.21.1&#8243;]<br \/>\n[\/et_pb_sidebar][\/et_pb_column][\/et_pb_row][\/et_pb_section]<\/p>\n","protected":false},"excerpt":{"rendered":"<p>Die meisten rauchenden Eltern kennen das: \u201eBitte Mama, h\u00f6r doch auf!\u201c oder \u201ePapa, du stinkst!!\u201c Gerade im Volksschulalter \u00fcberlegen sich Kinder rauchender Eltern \u201eWie mache ich meine Eltern rauchfrei?\u201c In diesem Alter beginnen Kinder zu verstehen, dass Rauchen viele negative Auswirkungen hat. Sie machen sich Sorgen, dass ihre Eltern erkranken k\u00f6nnten, oder gar an den Folgen des Rauchens sterben. <\/p>\n","protected":false},"author":25,"featured_media":0,"comment_status":"open","ping_status":"open","sticky":false,"template":"","format":"standard","meta":{"_et_pb_use_builder":"on","_et_pb_old_content":"","_et_gb_content_width":"","footnotes":""},"categories":[236],"tags":[],"class_list":["post-15677","post","type-post","status-publish","format-standard","hentry","category-nicht-kategorisiert"],"yoast_head":"<!-- This site is optimized with the Yoast SEO plugin v26.2 - https:\/\/yoast.com\/wordpress\/plugins\/seo\/ -->\n<title>Hilfe, meine Eltern rauchen! - Rauchfrei Telefon<\/title>\n<meta name=\"robots\" content=\"index, follow, max-snippet:-1, max-image-preview:large, max-video-preview:-1\" \/>\n<link rel=\"canonical\" href=\"https:\/\/rauchfrei.at\/hilfe-meine-eltern-rauchen\/\" \/>\n<meta property=\"og:locale\" content=\"en_US\" \/>\n<meta property=\"og:type\" content=\"article\" \/>\n<meta property=\"og:title\" content=\"Hilfe, meine Eltern rauchen! - Rauchfrei Telefon\" \/>\n<meta property=\"og:description\" content=\"Die meisten rauchenden Eltern kennen das: \u201eBitte Mama, h\u00f6r doch auf!\u201c oder \u201ePapa, du stinkst!!\u201c Gerade im Volksschulalter \u00fcberlegen sich Kinder rauchender Eltern \u201eWie mache ich meine Eltern rauchfrei?\u201c In diesem Alter beginnen Kinder zu verstehen, dass Rauchen viele negative Auswirkungen hat. Sie machen sich Sorgen, dass ihre Eltern erkranken k\u00f6nnten, oder gar an den Folgen des Rauchens sterben.\" \/>\n<meta property=\"og:url\" content=\"https:\/\/rauchfrei.at\/hilfe-meine-eltern-rauchen\/\" \/>\n<meta property=\"og:site_name\" content=\"Rauchfrei Telefon\" \/>\n<meta property=\"article:published_time\" content=\"2019-04-15T08:00:24+00:00\" \/>\n<meta property=\"article:modified_time\" content=\"2019-05-02T19:17:12+00:00\" \/>\n<meta property=\"og:image\" content=\"https:\/\/rauchfrei.at\/wp-content\/uploads\/shutterstock_208800748-2000px-480x360.jpg\" \/>\n<meta name=\"author\" content=\"Rauchfrei Team\" \/>\n<meta name=\"twitter:card\" content=\"summary_large_image\" \/>\n<meta name=\"twitter:label1\" content=\"Written by\" \/>\n\t<meta name=\"twitter:data1\" content=\"Rauchfrei Team\" \/>\n\t<meta name=\"twitter:label2\" content=\"Est. reading time\" \/>\n\t<meta name=\"twitter:data2\" content=\"2 minutes\" \/>\n<script type=\"application\/ld+json\" class=\"yoast-schema-graph\">{\"@context\":\"https:\/\/schema.org\",\"@graph\":[{\"@type\":\"WebPage\",\"@id\":\"https:\/\/rauchfrei.at\/hilfe-meine-eltern-rauchen\/\",\"url\":\"https:\/\/rauchfrei.at\/hilfe-meine-eltern-rauchen\/\",\"name\":\"Hilfe, meine Eltern rauchen! - Rauchfrei Telefon\",\"isPartOf\":{\"@id\":\"https:\/\/rauchfrei.at\/#website\"},\"primaryImageOfPage\":{\"@id\":\"https:\/\/rauchfrei.at\/hilfe-meine-eltern-rauchen\/#primaryimage\"},\"image\":{\"@id\":\"https:\/\/rauchfrei.at\/hilfe-meine-eltern-rauchen\/#primaryimage\"},\"thumbnailUrl\":\"https:\/\/rauchfrei.at\/wp-content\/uploads\/shutterstock_208800748-2000px-480x360.jpg\",\"datePublished\":\"2019-04-15T08:00:24+00:00\",\"dateModified\":\"2019-05-02T19:17:12+00:00\",\"author\":{\"@id\":\"https:\/\/rauchfrei.at\/#\/schema\/person\/504bbf90c5482004fc09aef6de7f9277\"},\"inLanguage\":\"en-US\",\"potentialAction\":[{\"@type\":\"ReadAction\",\"target\":[\"https:\/\/rauchfrei.at\/hilfe-meine-eltern-rauchen\/\"]}]},{\"@type\":\"ImageObject\",\"inLanguage\":\"en-US\",\"@id\":\"https:\/\/rauchfrei.at\/hilfe-meine-eltern-rauchen\/#primaryimage\",\"url\":\"https:\/\/rauchfrei.at\/wp-content\/uploads\/shutterstock_208800748-2000px-480x360.jpg\",\"contentUrl\":\"https:\/\/rauchfrei.at\/wp-content\/uploads\/shutterstock_208800748-2000px-480x360.jpg\"},{\"@type\":\"WebSite\",\"@id\":\"https:\/\/rauchfrei.at\/#website\",\"url\":\"https:\/\/rauchfrei.at\/\",\"name\":\"Rauchfrei Telefon\",\"description\":\"Eine \u00f6sterreichweite Initiative der Sozialversicherungen.\",\"potentialAction\":[{\"@type\":\"SearchAction\",\"target\":{\"@type\":\"EntryPoint\",\"urlTemplate\":\"https:\/\/rauchfrei.at\/?s={search_term_string}\"},\"query-input\":{\"@type\":\"PropertyValueSpecification\",\"valueRequired\":true,\"valueName\":\"search_term_string\"}}],\"inLanguage\":\"en-US\"},{\"@type\":\"Person\",\"@id\":\"https:\/\/rauchfrei.at\/#\/schema\/person\/504bbf90c5482004fc09aef6de7f9277\",\"name\":\"Rauchfrei Team\",\"image\":{\"@type\":\"ImageObject\",\"inLanguage\":\"en-US\",\"@id\":\"https:\/\/rauchfrei.at\/#\/schema\/person\/image\/\",\"url\":\"https:\/\/secure.gravatar.com\/avatar\/2115b79a00800516fa1523bb5a329611f90e73e89be559131fc7e82b4fdc95ff?s=96&d=mm&r=g\",\"contentUrl\":\"https:\/\/secure.gravatar.com\/avatar\/2115b79a00800516fa1523bb5a329611f90e73e89be559131fc7e82b4fdc95ff?s=96&d=mm&r=g\",\"caption\":\"Rauchfrei Team\"},\"url\":\"https:\/\/rauchfrei.at\/en\/author\/rauchfrei-team\/\"}]}<\/script>\n<!-- \/ Yoast SEO plugin. -->","yoast_head_json":{"title":"Hilfe, meine Eltern rauchen! - Rauchfrei Telefon","robots":{"index":"index","follow":"follow","max-snippet":"max-snippet:-1","max-image-preview":"max-image-preview:large","max-video-preview":"max-video-preview:-1"},"canonical":"https:\/\/rauchfrei.at\/hilfe-meine-eltern-rauchen\/","og_locale":"en_US","og_type":"article","og_title":"Hilfe, meine Eltern rauchen! - Rauchfrei Telefon","og_description":"Die meisten rauchenden Eltern kennen das: \u201eBitte Mama, h\u00f6r doch auf!\u201c oder \u201ePapa, du stinkst!!\u201c Gerade im Volksschulalter \u00fcberlegen sich Kinder rauchender Eltern \u201eWie mache ich meine Eltern rauchfrei?\u201c In diesem Alter beginnen Kinder zu verstehen, dass Rauchen viele negative Auswirkungen hat. Sie machen sich Sorgen, dass ihre Eltern erkranken k\u00f6nnten, oder gar an den Folgen des Rauchens sterben.","og_url":"https:\/\/rauchfrei.at\/hilfe-meine-eltern-rauchen\/","og_site_name":"Rauchfrei Telefon","article_published_time":"2019-04-15T08:00:24+00:00","article_modified_time":"2019-05-02T19:17:12+00:00","og_image":[{"url":"https:\/\/rauchfrei.at\/wp-content\/uploads\/shutterstock_208800748-2000px-480x360.jpg","type":"","width":"","height":""}],"author":"Rauchfrei Team","twitter_card":"summary_large_image","twitter_misc":{"Written by":"Rauchfrei Team","Est. reading time":"2 minutes"},"schema":{"@context":"https:\/\/schema.org","@graph":[{"@type":"WebPage","@id":"https:\/\/rauchfrei.at\/hilfe-meine-eltern-rauchen\/","url":"https:\/\/rauchfrei.at\/hilfe-meine-eltern-rauchen\/","name":"Hilfe, meine Eltern rauchen! - Rauchfrei Telefon","isPartOf":{"@id":"https:\/\/rauchfrei.at\/#website"},"primaryImageOfPage":{"@id":"https:\/\/rauchfrei.at\/hilfe-meine-eltern-rauchen\/#primaryimage"},"image":{"@id":"https:\/\/rauchfrei.at\/hilfe-meine-eltern-rauchen\/#primaryimage"},"thumbnailUrl":"https:\/\/rauchfrei.at\/wp-content\/uploads\/shutterstock_208800748-2000px-480x360.jpg","datePublished":"2019-04-15T08:00:24+00:00","dateModified":"2019-05-02T19:17:12+00:00","author":{"@id":"https:\/\/rauchfrei.at\/#\/schema\/person\/504bbf90c5482004fc09aef6de7f9277"},"inLanguage":"en-US","potentialAction":[{"@type":"ReadAction","target":["https:\/\/rauchfrei.at\/hilfe-meine-eltern-rauchen\/"]}]},{"@type":"ImageObject","inLanguage":"en-US","@id":"https:\/\/rauchfrei.at\/hilfe-meine-eltern-rauchen\/#primaryimage","url":"https:\/\/rauchfrei.at\/wp-content\/uploads\/shutterstock_208800748-2000px-480x360.jpg","contentUrl":"https:\/\/rauchfrei.at\/wp-content\/uploads\/shutterstock_208800748-2000px-480x360.jpg"},{"@type":"WebSite","@id":"https:\/\/rauchfrei.at\/#website","url":"https:\/\/rauchfrei.at\/","name":"Rauchfrei Telefon","description":"Eine \u00f6sterreichweite Initiative der Sozialversicherungen.","potentialAction":[{"@type":"SearchAction","target":{"@type":"EntryPoint","urlTemplate":"https:\/\/rauchfrei.at\/?s={search_term_string}"},"query-input":{"@type":"PropertyValueSpecification","valueRequired":true,"valueName":"search_term_string"}}],"inLanguage":"en-US"},{"@type":"Person","@id":"https:\/\/rauchfrei.at\/#\/schema\/person\/504bbf90c5482004fc09aef6de7f9277","name":"Rauchfrei Team","image":{"@type":"ImageObject","inLanguage":"en-US","@id":"https:\/\/rauchfrei.at\/#\/schema\/person\/image\/","url":"https:\/\/secure.gravatar.com\/avatar\/2115b79a00800516fa1523bb5a329611f90e73e89be559131fc7e82b4fdc95ff?s=96&d=mm&r=g","contentUrl":"https:\/\/secure.gravatar.com\/avatar\/2115b79a00800516fa1523bb5a329611f90e73e89be559131fc7e82b4fdc95ff?s=96&d=mm&r=g","caption":"Rauchfrei Team"},"url":"https:\/\/rauchfrei.at\/en\/author\/rauchfrei-team\/"}]}},"_links":{"self":[{"href":"https:\/\/rauchfrei.at\/en\/wp-json\/wp\/v2\/posts\/15677","targetHints":{"allow":["GET"]}}],"collection":[{"href":"https:\/\/rauchfrei.at\/en\/wp-json\/wp\/v2\/posts"}],"about":[{"href":"https:\/\/rauchfrei.at\/en\/wp-json\/wp\/v2\/types\/post"}],"author":[{"embeddable":true,"href":"https:\/\/rauchfrei.at\/en\/wp-json\/wp\/v2\/users\/25"}],"replies":[{"embeddable":true,"href":"https:\/\/rauchfrei.at\/en\/wp-json\/wp\/v2\/comments?post=15677"}],"version-history":[{"count":5,"href":"https:\/\/rauchfrei.at\/en\/wp-json\/wp\/v2\/posts\/15677\/revisions"}],"predecessor-version":[{"id":16841,"href":"https:\/\/rauchfrei.at\/en\/wp-json\/wp\/v2\/posts\/15677\/revisions\/16841"}],"wp:attachment":[{"href":"https:\/\/rauchfrei.at\/en\/wp-json\/wp\/v2\/media?parent=15677"}],"wp:term":[{"taxonomy":"category","embeddable":true,"href":"https:\/\/rauchfrei.at\/en\/wp-json\/wp\/v2\/categories?post=15677"},{"taxonomy":"post_tag","embeddable":true,"href":"https:\/\/rauchfrei.at\/en\/wp-json\/wp\/v2\/tags?post=15677"}],"curies":[{"name":"wp","href":"https:\/\/api.w.org\/{rel}","templated":true}]}}