
{"id":15764,"date":"2019-04-29T07:00:00","date_gmt":"2019-04-29T05:00:00","guid":{"rendered":"https:\/\/rauchfrei.at\/?p=15764"},"modified":"2019-05-02T21:14:20","modified_gmt":"2019-05-02T19:14:20","slug":"rauchen-und-diabetes-2","status":"publish","type":"post","link":"https:\/\/rauchfrei.at\/en\/rauchen-und-diabetes-2\/","title":{"rendered":"Rauchen und Diabetes"},"content":{"rendered":"<p>[et_pb_section fb_built=&#8221;1&#8243; module_class=&#8221;header&#8221; _builder_version=&#8221;3.0.99&#8243;][et_pb_row _builder_version=&#8221;3.0.99&#8243;][et_pb_column type=&#8221;4_4&#8243; _builder_version=&#8221;3.0.47&#8243;][et_pb_dp_dmb_module_10001 subheadline=&#8221;Wichtige Fakten zusammengefasst&#8221; _builder_version=&#8221;3.21.1&#8243; z_index_tablet=&#8221;500&#8243;]<\/p>\n<p>[\/et_pb_dp_dmb_module_10001][\/et_pb_column][\/et_pb_row][\/et_pb_section][et_pb_section fb_built=&#8221;1&#8243; _builder_version=&#8221;3.21.1&#8243;][et_pb_row _builder_version=&#8221;3.21.1&#8243; custom_padding=&#8221;14px|0px|13px|0px|false|false&#8221;][et_pb_column type=&#8221;2_3&#8243; _builder_version=&#8221;3.21.1&#8243;][et_pb_text _builder_version=&#8221;3.21.1&#8243; z_index_tablet=&#8221;500&#8243;]<\/p>\n<p>Zwischen Rauchen und der Entstehung bzw. dem Verlauf von Diabetes, Typ 2 besteht ein deutlicher Zusammenhang, der den Betroffenen selber oft nicht bekannt ist. Der Rauchstopp tr\u00e4gt nachweislich zur Reduktion des Risikos, an Diabetes zu erkranken und zu einem besseren Verlauf der Erkrankung bei. Wir haben ein Informationsblatt f\u00fcr Betroffene erstellt, das zum Thema aufkl\u00e4rt und zum Rauchstopp motiviert.<\/p>\n<div id=\"attachment_15962\" style=\"width: 490px\" class=\"wp-caption alignnone\"><img loading=\"lazy\" decoding=\"async\" aria-describedby=\"caption-attachment-15962\" id=\"longdesc-return-15962\" class=\"size-large wp-image-15962\" tabindex=\"-1\" src=\"https:\/\/rauchfrei.at\/wp-content\/uploads\/shutterstock_531008755-480x320.jpg\" alt=\"\" width=\"480\" height=\"320\" longdesc=\"https:\/\/rauchfrei.at?longdesc=15962&amp;referrer=15764\" srcset=\"https:\/\/rauchfrei.at\/wp-content\/uploads\/shutterstock_531008755-480x320.jpg 480w, https:\/\/rauchfrei.at\/wp-content\/uploads\/shutterstock_531008755-225x150.jpg 225w, https:\/\/rauchfrei.at\/wp-content\/uploads\/shutterstock_531008755-768x512.jpg 768w, https:\/\/rauchfrei.at\/wp-content\/uploads\/shutterstock_531008755-1080x720.jpg 1080w\" sizes=\"(max-width: 480px) 100vw, 480px\" \/><p id=\"caption-attachment-15962\" class=\"wp-caption-text\">\u00a0(C) Shutterstock<\/p><\/div>\n<p>Studien zeigen eindr\u00fccklich, dass Rauchen zu Diabetes f\u00fchren kann. Sogar Passivrauchen kann die gleichen Erkrankungen ausl\u00f6sen wie aktives Tabakrauchen. Rauchen erh\u00f6ht den Blutzuckerspiegel. Deshalb verdoppelt Rauchen das Risiko an Diabetes Typ 2 zu erkranken. Dabei ist es egal, wieviel man raucht. Das Erkrankungsrisiko verdreifacht sich durch Rauchen und Passivrauch.<\/p>\n<p>Menschen mit Diabetes erkranken oft an Herzinfarkten, Schlaganf\u00e4llen und Nierenversagen. H\u00e4ufig vorkommende Durchblutungsst\u00f6rungen k\u00f6nnen in weiterer Folge zu Erblindung und Amputationen f\u00fchren. Menschen mit Diabetes, die rauchen, haben also ein besonders hohes Risiko, an einem Herzinfarkt oder Schlaganfall zu sterben.<\/p>\n<p>Der Rauchstopp dient \u2013 neben so vielen anderen positiven Aspekten &#8211; somit auch der Diabetespr\u00e4vention und unterst\u00fctzt die Diabetestherapie.<\/p>\n<p><strong><u>Link:<\/u><\/strong><\/p>\n<p>Download unter: <a href=\"https:\/\/rauchfrei.at\/wp-content\/uploads\/Rauchen-und-Diabetes_Factsheet.pdf\" target=\"_blank\" rel=\"noopener noreferrer\">Infoblatt Betroffene<\/a><\/p>\n<p>[\/et_pb_text][et_pb_post_nav in_same_term=&#8221;off&#8221; _builder_version=&#8221;3.21.1&#8243; z_index_tablet=&#8221;500&#8243;]<\/p>\n<p>[\/et_pb_post_nav][\/et_pb_column][et_pb_column type=&#8221;1_3&#8243; _builder_version=&#8221;3.21.1&#8243;][et_pb_sidebar _builder_version=&#8221;3.21.1&#8243;][\/et_pb_sidebar][\/et_pb_column][\/et_pb_row][\/et_pb_section]<\/p>\n","protected":false},"excerpt":{"rendered":"<p>Wussten Sie, dass Rauchen und Diabetes zusammenh\u00e4ngen? Raucherinnen und Raucher haben ein doppelt so hohes Risiko an Typ 2-Diabetes zu erkranken wie Nichtraucher\/innen. Personen mit Diabetes haben ein erh\u00f6htes Risiko f\u00fcr weitere Folgeerkrankungen, wenn sie weiter rauchen. Unser neues Infoblatt listet die Fakten auf.<\/p>\n","protected":false},"author":25,"featured_media":0,"comment_status":"open","ping_status":"open","sticky":false,"template":"","format":"standard","meta":{"_et_pb_use_builder":"on","_et_pb_old_content":"","_et_gb_content_width":"","footnotes":""},"categories":[235,236],"tags":[],"class_list":["post-15764","post","type-post","status-publish","format-standard","hentry","category-gesundheit-und-rauchstopp","category-nicht-kategorisiert"],"yoast_head":"<!-- This site is optimized with the Yoast SEO plugin v26.2 - https:\/\/yoast.com\/wordpress\/plugins\/seo\/ -->\n<title>Rauchen und Diabetes - Rauchfrei Telefon<\/title>\n<meta name=\"robots\" content=\"index, follow, max-snippet:-1, max-image-preview:large, max-video-preview:-1\" \/>\n<link rel=\"canonical\" href=\"https:\/\/rauchfrei.at\/rauchen-und-diabetes-2\/\" \/>\n<meta property=\"og:locale\" content=\"en_US\" \/>\n<meta property=\"og:type\" content=\"article\" \/>\n<meta property=\"og:title\" content=\"Rauchen und Diabetes - Rauchfrei Telefon\" \/>\n<meta property=\"og:description\" content=\"Wussten Sie, dass Rauchen und Diabetes zusammenh\u00e4ngen? Raucherinnen und Raucher haben ein doppelt so hohes Risiko an Typ 2-Diabetes zu erkranken wie Nichtraucher\/innen. Personen mit Diabetes haben ein erh\u00f6htes Risiko f\u00fcr weitere Folgeerkrankungen, wenn sie weiter rauchen. Unser neues Infoblatt listet die Fakten auf.\" \/>\n<meta property=\"og:url\" content=\"https:\/\/rauchfrei.at\/rauchen-und-diabetes-2\/\" \/>\n<meta property=\"og:site_name\" content=\"Rauchfrei Telefon\" \/>\n<meta property=\"article:published_time\" content=\"2019-04-29T05:00:00+00:00\" \/>\n<meta property=\"article:modified_time\" content=\"2019-05-02T19:14:20+00:00\" \/>\n<meta property=\"og:image\" content=\"https:\/\/rauchfrei.at\/wp-content\/uploads\/shutterstock_531008755-480x320.jpg\" \/>\n<meta name=\"author\" content=\"Rauchfrei Team\" \/>\n<meta name=\"twitter:card\" content=\"summary_large_image\" \/>\n<meta name=\"twitter:label1\" content=\"Written by\" \/>\n\t<meta name=\"twitter:data1\" content=\"Rauchfrei Team\" \/>\n\t<meta name=\"twitter:label2\" content=\"Est. reading time\" \/>\n\t<meta name=\"twitter:data2\" content=\"2 minutes\" \/>\n<script type=\"application\/ld+json\" class=\"yoast-schema-graph\">{\"@context\":\"https:\/\/schema.org\",\"@graph\":[{\"@type\":\"WebPage\",\"@id\":\"https:\/\/rauchfrei.at\/rauchen-und-diabetes-2\/\",\"url\":\"https:\/\/rauchfrei.at\/rauchen-und-diabetes-2\/\",\"name\":\"Rauchen und Diabetes - Rauchfrei Telefon\",\"isPartOf\":{\"@id\":\"https:\/\/rauchfrei.at\/#website\"},\"primaryImageOfPage\":{\"@id\":\"https:\/\/rauchfrei.at\/rauchen-und-diabetes-2\/#primaryimage\"},\"image\":{\"@id\":\"https:\/\/rauchfrei.at\/rauchen-und-diabetes-2\/#primaryimage\"},\"thumbnailUrl\":\"https:\/\/rauchfrei.at\/wp-content\/uploads\/shutterstock_531008755-480x320.jpg\",\"datePublished\":\"2019-04-29T05:00:00+00:00\",\"dateModified\":\"2019-05-02T19:14:20+00:00\",\"author\":{\"@id\":\"https:\/\/rauchfrei.at\/#\/schema\/person\/504bbf90c5482004fc09aef6de7f9277\"},\"inLanguage\":\"en-US\",\"potentialAction\":[{\"@type\":\"ReadAction\",\"target\":[\"https:\/\/rauchfrei.at\/rauchen-und-diabetes-2\/\"]}]},{\"@type\":\"ImageObject\",\"inLanguage\":\"en-US\",\"@id\":\"https:\/\/rauchfrei.at\/rauchen-und-diabetes-2\/#primaryimage\",\"url\":\"https:\/\/rauchfrei.at\/wp-content\/uploads\/shutterstock_531008755-480x320.jpg\",\"contentUrl\":\"https:\/\/rauchfrei.at\/wp-content\/uploads\/shutterstock_531008755-480x320.jpg\"},{\"@type\":\"WebSite\",\"@id\":\"https:\/\/rauchfrei.at\/#website\",\"url\":\"https:\/\/rauchfrei.at\/\",\"name\":\"Rauchfrei Telefon\",\"description\":\"Eine \u00f6sterreichweite Initiative der Sozialversicherungen.\",\"potentialAction\":[{\"@type\":\"SearchAction\",\"target\":{\"@type\":\"EntryPoint\",\"urlTemplate\":\"https:\/\/rauchfrei.at\/?s={search_term_string}\"},\"query-input\":{\"@type\":\"PropertyValueSpecification\",\"valueRequired\":true,\"valueName\":\"search_term_string\"}}],\"inLanguage\":\"en-US\"},{\"@type\":\"Person\",\"@id\":\"https:\/\/rauchfrei.at\/#\/schema\/person\/504bbf90c5482004fc09aef6de7f9277\",\"name\":\"Rauchfrei Team\",\"image\":{\"@type\":\"ImageObject\",\"inLanguage\":\"en-US\",\"@id\":\"https:\/\/rauchfrei.at\/#\/schema\/person\/image\/\",\"url\":\"https:\/\/secure.gravatar.com\/avatar\/2115b79a00800516fa1523bb5a329611f90e73e89be559131fc7e82b4fdc95ff?s=96&d=mm&r=g\",\"contentUrl\":\"https:\/\/secure.gravatar.com\/avatar\/2115b79a00800516fa1523bb5a329611f90e73e89be559131fc7e82b4fdc95ff?s=96&d=mm&r=g\",\"caption\":\"Rauchfrei Team\"},\"url\":\"https:\/\/rauchfrei.at\/en\/author\/rauchfrei-team\/\"}]}<\/script>\n<!-- \/ Yoast SEO plugin. -->","yoast_head_json":{"title":"Rauchen und Diabetes - Rauchfrei Telefon","robots":{"index":"index","follow":"follow","max-snippet":"max-snippet:-1","max-image-preview":"max-image-preview:large","max-video-preview":"max-video-preview:-1"},"canonical":"https:\/\/rauchfrei.at\/rauchen-und-diabetes-2\/","og_locale":"en_US","og_type":"article","og_title":"Rauchen und Diabetes - Rauchfrei Telefon","og_description":"Wussten Sie, dass Rauchen und Diabetes zusammenh\u00e4ngen? Raucherinnen und Raucher haben ein doppelt so hohes Risiko an Typ 2-Diabetes zu erkranken wie Nichtraucher\/innen. Personen mit Diabetes haben ein erh\u00f6htes Risiko f\u00fcr weitere Folgeerkrankungen, wenn sie weiter rauchen. Unser neues Infoblatt listet die Fakten auf.","og_url":"https:\/\/rauchfrei.at\/rauchen-und-diabetes-2\/","og_site_name":"Rauchfrei Telefon","article_published_time":"2019-04-29T05:00:00+00:00","article_modified_time":"2019-05-02T19:14:20+00:00","og_image":[{"url":"https:\/\/rauchfrei.at\/wp-content\/uploads\/shutterstock_531008755-480x320.jpg","type":"","width":"","height":""}],"author":"Rauchfrei Team","twitter_card":"summary_large_image","twitter_misc":{"Written by":"Rauchfrei Team","Est. reading time":"2 minutes"},"schema":{"@context":"https:\/\/schema.org","@graph":[{"@type":"WebPage","@id":"https:\/\/rauchfrei.at\/rauchen-und-diabetes-2\/","url":"https:\/\/rauchfrei.at\/rauchen-und-diabetes-2\/","name":"Rauchen und Diabetes - Rauchfrei Telefon","isPartOf":{"@id":"https:\/\/rauchfrei.at\/#website"},"primaryImageOfPage":{"@id":"https:\/\/rauchfrei.at\/rauchen-und-diabetes-2\/#primaryimage"},"image":{"@id":"https:\/\/rauchfrei.at\/rauchen-und-diabetes-2\/#primaryimage"},"thumbnailUrl":"https:\/\/rauchfrei.at\/wp-content\/uploads\/shutterstock_531008755-480x320.jpg","datePublished":"2019-04-29T05:00:00+00:00","dateModified":"2019-05-02T19:14:20+00:00","author":{"@id":"https:\/\/rauchfrei.at\/#\/schema\/person\/504bbf90c5482004fc09aef6de7f9277"},"inLanguage":"en-US","potentialAction":[{"@type":"ReadAction","target":["https:\/\/rauchfrei.at\/rauchen-und-diabetes-2\/"]}]},{"@type":"ImageObject","inLanguage":"en-US","@id":"https:\/\/rauchfrei.at\/rauchen-und-diabetes-2\/#primaryimage","url":"https:\/\/rauchfrei.at\/wp-content\/uploads\/shutterstock_531008755-480x320.jpg","contentUrl":"https:\/\/rauchfrei.at\/wp-content\/uploads\/shutterstock_531008755-480x320.jpg"},{"@type":"WebSite","@id":"https:\/\/rauchfrei.at\/#website","url":"https:\/\/rauchfrei.at\/","name":"Rauchfrei Telefon","description":"Eine \u00f6sterreichweite Initiative der Sozialversicherungen.","potentialAction":[{"@type":"SearchAction","target":{"@type":"EntryPoint","urlTemplate":"https:\/\/rauchfrei.at\/?s={search_term_string}"},"query-input":{"@type":"PropertyValueSpecification","valueRequired":true,"valueName":"search_term_string"}}],"inLanguage":"en-US"},{"@type":"Person","@id":"https:\/\/rauchfrei.at\/#\/schema\/person\/504bbf90c5482004fc09aef6de7f9277","name":"Rauchfrei Team","image":{"@type":"ImageObject","inLanguage":"en-US","@id":"https:\/\/rauchfrei.at\/#\/schema\/person\/image\/","url":"https:\/\/secure.gravatar.com\/avatar\/2115b79a00800516fa1523bb5a329611f90e73e89be559131fc7e82b4fdc95ff?s=96&d=mm&r=g","contentUrl":"https:\/\/secure.gravatar.com\/avatar\/2115b79a00800516fa1523bb5a329611f90e73e89be559131fc7e82b4fdc95ff?s=96&d=mm&r=g","caption":"Rauchfrei Team"},"url":"https:\/\/rauchfrei.at\/en\/author\/rauchfrei-team\/"}]}},"_links":{"self":[{"href":"https:\/\/rauchfrei.at\/en\/wp-json\/wp\/v2\/posts\/15764","targetHints":{"allow":["GET"]}}],"collection":[{"href":"https:\/\/rauchfrei.at\/en\/wp-json\/wp\/v2\/posts"}],"about":[{"href":"https:\/\/rauchfrei.at\/en\/wp-json\/wp\/v2\/types\/post"}],"author":[{"embeddable":true,"href":"https:\/\/rauchfrei.at\/en\/wp-json\/wp\/v2\/users\/25"}],"replies":[{"embeddable":true,"href":"https:\/\/rauchfrei.at\/en\/wp-json\/wp\/v2\/comments?post=15764"}],"version-history":[{"count":5,"href":"https:\/\/rauchfrei.at\/en\/wp-json\/wp\/v2\/posts\/15764\/revisions"}],"predecessor-version":[{"id":16837,"href":"https:\/\/rauchfrei.at\/en\/wp-json\/wp\/v2\/posts\/15764\/revisions\/16837"}],"wp:attachment":[{"href":"https:\/\/rauchfrei.at\/en\/wp-json\/wp\/v2\/media?parent=15764"}],"wp:term":[{"taxonomy":"category","embeddable":true,"href":"https:\/\/rauchfrei.at\/en\/wp-json\/wp\/v2\/categories?post=15764"},{"taxonomy":"post_tag","embeddable":true,"href":"https:\/\/rauchfrei.at\/en\/wp-json\/wp\/v2\/tags?post=15764"}],"curies":[{"name":"wp","href":"https:\/\/api.w.org\/{rel}","templated":true}]}}