
{"id":16286,"date":"2019-05-01T09:00:48","date_gmt":"2019-05-01T07:00:48","guid":{"rendered":"https:\/\/rauchfrei.at\/?p=16286"},"modified":"2024-10-02T16:55:31","modified_gmt":"2024-10-02T14:55:31","slug":"rauchfreie-gastronomie","status":"publish","type":"post","link":"https:\/\/rauchfrei.at\/en\/rauchfreie-gastronomie\/","title":{"rendered":"Rauchfreie Gastronomie"},"content":{"rendered":"<p>[et_pb_section fb_built=&#8221;1&#8243; module_class=&#8221;header&#8221; _builder_version=&#8221;3.0.99&#8243;][et_pb_row _builder_version=&#8221;3.0.99&#8243;][et_pb_column type=&#8221;4_4&#8243; _builder_version=&#8221;3.0.47&#8243;][et_pb_dp_dmb_module_10001 subheadline=&#8221;Ein wichtiger Puzzleteil beim rauchfrei werden und bleiben&#8221; _builder_version=&#8221;3.21.1&#8243; z_index_tablet=&#8221;500&#8243;][\/et_pb_dp_dmb_module_10001][\/et_pb_column][\/et_pb_row][\/et_pb_section][et_pb_section fb_built=&#8221;1&#8243; _builder_version=&#8221;3.21.1&#8243;][et_pb_row _builder_version=&#8221;3.21.1&#8243;][et_pb_column type=&#8221;2_3&#8243; _builder_version=&#8221;3.21.1&#8243;][et_pb_image src=&#8221;https:\/\/rauchfrei.at\/wp-content\/uploads\/shutterstock_553451416.jpg&#8221; _builder_version=&#8221;3.21.1&#8243; z_index_tablet=&#8221;500&#8243;][\/et_pb_image][et_pb_text _builder_version=&#8221;3.21.1&#8243; z_index_tablet=&#8221;500&#8243;]<\/p>\n<p>In der Beratung h\u00f6ren wir immer wieder, wie hilfreich es beim Rauchstopp ist, sich an Orten aufzuhalten, an denen nicht geraucht wird. \u201eDa muss ich gar nicht dran denken!\u201c, \u201eWenn niemand raucht \u2013 warum sollte ich dann rauchen?\u201c\u00a0 oder \u201eWenn es nicht nach Rauch riecht, hab ich gar nicht so viel Gusto!\u201c oder \u201eWenn es verboten ist, komm ich selber gar nicht auf die Idee zu rauchen!\u201c. All das hilft, rauchfrei zu werden und zu bleiben. Ob der Rauchstopp gelingt h\u00e4ngt also nicht nur von den eigenen Strategien und Alternativen ab, sondern auch ma\u00dfgeblich davon, wieviel und ob rundherum geraucht wird. Je weniger geraucht wird, desto einfacher ist es rauchfrei zu werden und auch gar nicht erst mit dem Rauchen zu beginnen. Denn auch das h\u00f6ren wir in der Beratung auf die Frage: Wie haben Sie angefangen mit dem Rauchen? \u2013 Beim Ausgehen mit den Freundinnen und Freunden!<\/p>\n<p>Hier finden Sie eine Auflistung der vielen Lokale, die jetzt schon komplett rauchfrei sind! https:\/\/da.stinkts.net\/<\/p>\n<p>&nbsp;<\/p>\n<p>[\/et_pb_text][et_pb_post_nav in_same_term=&#8221;off&#8221; _builder_version=&#8221;3.21.1&#8243;][\/et_pb_post_nav][\/et_pb_column][et_pb_column type=&#8221;1_3&#8243; _builder_version=&#8221;3.21.1&#8243;][et_pb_sidebar _builder_version=&#8221;3.21.1&#8243;][\/et_pb_sidebar][\/et_pb_column][\/et_pb_row][\/et_pb_section]<\/p>\n","protected":false},"excerpt":{"rendered":"<p>Je mehr Orte und Gelegenheiten es gibt, an denen \u201eRauchfrei\u201c die Norm ist, desto einfacher ist das Nichtrauchen. Die rauchfreie Gastronomie, die vor einem Jahr &#8211; im Mai 2018 &#8211; h\u00e4tte gesetzlich in Kraft treten sollen, ist eine von mehreren wichtigen Strategien zur Pr\u00e4vention und Entw\u00f6hnung. <\/p>\n","protected":false},"author":25,"featured_media":0,"comment_status":"open","ping_status":"open","sticky":false,"template":"","format":"standard","meta":{"_et_pb_use_builder":"on","_et_pb_old_content":"","_et_gb_content_width":"","footnotes":""},"categories":[236,233],"tags":[],"class_list":["post-16286","post","type-post","status-publish","format-standard","hentry","category-nicht-kategorisiert","category-unterstuetzung-beim-rauchstopp"],"yoast_head":"<!-- This site is optimized with the Yoast SEO plugin v26.2 - https:\/\/yoast.com\/wordpress\/plugins\/seo\/ -->\n<title>Rauchfreie Gastronomie - Rauchfrei Telefon<\/title>\n<meta name=\"robots\" content=\"index, follow, max-snippet:-1, max-image-preview:large, max-video-preview:-1\" \/>\n<link rel=\"canonical\" href=\"https:\/\/rauchfrei.at\/rauchfreie-gastronomie\/\" \/>\n<meta property=\"og:locale\" content=\"en_US\" \/>\n<meta property=\"og:type\" content=\"article\" \/>\n<meta property=\"og:title\" content=\"Rauchfreie Gastronomie - Rauchfrei Telefon\" \/>\n<meta property=\"og:description\" content=\"Je mehr Orte und Gelegenheiten es gibt, an denen \u201eRauchfrei\u201c die Norm ist, desto einfacher ist das Nichtrauchen. Die rauchfreie Gastronomie, die vor einem Jahr - im Mai 2018 - h\u00e4tte gesetzlich in Kraft treten sollen, ist eine von mehreren wichtigen Strategien zur Pr\u00e4vention und Entw\u00f6hnung.\" \/>\n<meta property=\"og:url\" content=\"https:\/\/rauchfrei.at\/rauchfreie-gastronomie\/\" \/>\n<meta property=\"og:site_name\" content=\"Rauchfrei Telefon\" \/>\n<meta property=\"article:published_time\" content=\"2019-05-01T07:00:48+00:00\" \/>\n<meta property=\"article:modified_time\" content=\"2024-10-02T14:55:31+00:00\" \/>\n<meta name=\"author\" content=\"Rauchfrei Team\" \/>\n<meta name=\"twitter:card\" content=\"summary_large_image\" \/>\n<meta name=\"twitter:label1\" content=\"Written by\" \/>\n\t<meta name=\"twitter:data1\" content=\"Rauchfrei Team\" \/>\n\t<meta name=\"twitter:label2\" content=\"Est. reading time\" \/>\n\t<meta name=\"twitter:data2\" content=\"2 minutes\" \/>\n<script type=\"application\/ld+json\" class=\"yoast-schema-graph\">{\"@context\":\"https:\/\/schema.org\",\"@graph\":[{\"@type\":\"WebPage\",\"@id\":\"https:\/\/rauchfrei.at\/rauchfreie-gastronomie\/\",\"url\":\"https:\/\/rauchfrei.at\/rauchfreie-gastronomie\/\",\"name\":\"Rauchfreie Gastronomie - Rauchfrei Telefon\",\"isPartOf\":{\"@id\":\"https:\/\/rauchfrei.at\/#website\"},\"datePublished\":\"2019-05-01T07:00:48+00:00\",\"dateModified\":\"2024-10-02T14:55:31+00:00\",\"author\":{\"@id\":\"https:\/\/rauchfrei.at\/#\/schema\/person\/504bbf90c5482004fc09aef6de7f9277\"},\"inLanguage\":\"en-US\",\"potentialAction\":[{\"@type\":\"ReadAction\",\"target\":[\"https:\/\/rauchfrei.at\/rauchfreie-gastronomie\/\"]}]},{\"@type\":\"WebSite\",\"@id\":\"https:\/\/rauchfrei.at\/#website\",\"url\":\"https:\/\/rauchfrei.at\/\",\"name\":\"Rauchfrei Telefon\",\"description\":\"Eine \u00f6sterreichweite Initiative der Sozialversicherungen.\",\"potentialAction\":[{\"@type\":\"SearchAction\",\"target\":{\"@type\":\"EntryPoint\",\"urlTemplate\":\"https:\/\/rauchfrei.at\/?s={search_term_string}\"},\"query-input\":{\"@type\":\"PropertyValueSpecification\",\"valueRequired\":true,\"valueName\":\"search_term_string\"}}],\"inLanguage\":\"en-US\"},{\"@type\":\"Person\",\"@id\":\"https:\/\/rauchfrei.at\/#\/schema\/person\/504bbf90c5482004fc09aef6de7f9277\",\"name\":\"Rauchfrei Team\",\"image\":{\"@type\":\"ImageObject\",\"inLanguage\":\"en-US\",\"@id\":\"https:\/\/rauchfrei.at\/#\/schema\/person\/image\/\",\"url\":\"https:\/\/secure.gravatar.com\/avatar\/2115b79a00800516fa1523bb5a329611f90e73e89be559131fc7e82b4fdc95ff?s=96&d=mm&r=g\",\"contentUrl\":\"https:\/\/secure.gravatar.com\/avatar\/2115b79a00800516fa1523bb5a329611f90e73e89be559131fc7e82b4fdc95ff?s=96&d=mm&r=g\",\"caption\":\"Rauchfrei Team\"},\"url\":\"https:\/\/rauchfrei.at\/en\/author\/rauchfrei-team\/\"}]}<\/script>\n<!-- \/ Yoast SEO plugin. -->","yoast_head_json":{"title":"Rauchfreie Gastronomie - Rauchfrei Telefon","robots":{"index":"index","follow":"follow","max-snippet":"max-snippet:-1","max-image-preview":"max-image-preview:large","max-video-preview":"max-video-preview:-1"},"canonical":"https:\/\/rauchfrei.at\/rauchfreie-gastronomie\/","og_locale":"en_US","og_type":"article","og_title":"Rauchfreie Gastronomie - Rauchfrei Telefon","og_description":"Je mehr Orte und Gelegenheiten es gibt, an denen \u201eRauchfrei\u201c die Norm ist, desto einfacher ist das Nichtrauchen. Die rauchfreie Gastronomie, die vor einem Jahr - im Mai 2018 - h\u00e4tte gesetzlich in Kraft treten sollen, ist eine von mehreren wichtigen Strategien zur Pr\u00e4vention und Entw\u00f6hnung.","og_url":"https:\/\/rauchfrei.at\/rauchfreie-gastronomie\/","og_site_name":"Rauchfrei Telefon","article_published_time":"2019-05-01T07:00:48+00:00","article_modified_time":"2024-10-02T14:55:31+00:00","author":"Rauchfrei Team","twitter_card":"summary_large_image","twitter_misc":{"Written by":"Rauchfrei Team","Est. reading time":"2 minutes"},"schema":{"@context":"https:\/\/schema.org","@graph":[{"@type":"WebPage","@id":"https:\/\/rauchfrei.at\/rauchfreie-gastronomie\/","url":"https:\/\/rauchfrei.at\/rauchfreie-gastronomie\/","name":"Rauchfreie Gastronomie - Rauchfrei Telefon","isPartOf":{"@id":"https:\/\/rauchfrei.at\/#website"},"datePublished":"2019-05-01T07:00:48+00:00","dateModified":"2024-10-02T14:55:31+00:00","author":{"@id":"https:\/\/rauchfrei.at\/#\/schema\/person\/504bbf90c5482004fc09aef6de7f9277"},"inLanguage":"en-US","potentialAction":[{"@type":"ReadAction","target":["https:\/\/rauchfrei.at\/rauchfreie-gastronomie\/"]}]},{"@type":"WebSite","@id":"https:\/\/rauchfrei.at\/#website","url":"https:\/\/rauchfrei.at\/","name":"Rauchfrei Telefon","description":"Eine \u00f6sterreichweite Initiative der Sozialversicherungen.","potentialAction":[{"@type":"SearchAction","target":{"@type":"EntryPoint","urlTemplate":"https:\/\/rauchfrei.at\/?s={search_term_string}"},"query-input":{"@type":"PropertyValueSpecification","valueRequired":true,"valueName":"search_term_string"}}],"inLanguage":"en-US"},{"@type":"Person","@id":"https:\/\/rauchfrei.at\/#\/schema\/person\/504bbf90c5482004fc09aef6de7f9277","name":"Rauchfrei Team","image":{"@type":"ImageObject","inLanguage":"en-US","@id":"https:\/\/rauchfrei.at\/#\/schema\/person\/image\/","url":"https:\/\/secure.gravatar.com\/avatar\/2115b79a00800516fa1523bb5a329611f90e73e89be559131fc7e82b4fdc95ff?s=96&d=mm&r=g","contentUrl":"https:\/\/secure.gravatar.com\/avatar\/2115b79a00800516fa1523bb5a329611f90e73e89be559131fc7e82b4fdc95ff?s=96&d=mm&r=g","caption":"Rauchfrei Team"},"url":"https:\/\/rauchfrei.at\/en\/author\/rauchfrei-team\/"}]}},"_links":{"self":[{"href":"https:\/\/rauchfrei.at\/en\/wp-json\/wp\/v2\/posts\/16286","targetHints":{"allow":["GET"]}}],"collection":[{"href":"https:\/\/rauchfrei.at\/en\/wp-json\/wp\/v2\/posts"}],"about":[{"href":"https:\/\/rauchfrei.at\/en\/wp-json\/wp\/v2\/types\/post"}],"author":[{"embeddable":true,"href":"https:\/\/rauchfrei.at\/en\/wp-json\/wp\/v2\/users\/25"}],"replies":[{"embeddable":true,"href":"https:\/\/rauchfrei.at\/en\/wp-json\/wp\/v2\/comments?post=16286"}],"version-history":[{"count":6,"href":"https:\/\/rauchfrei.at\/en\/wp-json\/wp\/v2\/posts\/16286\/revisions"}],"predecessor-version":[{"id":29873,"href":"https:\/\/rauchfrei.at\/en\/wp-json\/wp\/v2\/posts\/16286\/revisions\/29873"}],"wp:attachment":[{"href":"https:\/\/rauchfrei.at\/en\/wp-json\/wp\/v2\/media?parent=16286"}],"wp:term":[{"taxonomy":"category","embeddable":true,"href":"https:\/\/rauchfrei.at\/en\/wp-json\/wp\/v2\/categories?post=16286"},{"taxonomy":"post_tag","embeddable":true,"href":"https:\/\/rauchfrei.at\/en\/wp-json\/wp\/v2\/tags?post=16286"}],"curies":[{"name":"wp","href":"https:\/\/api.w.org\/{rel}","templated":true}]}}