
{"id":16884,"date":"2019-05-27T10:00:12","date_gmt":"2019-05-27T08:00:12","guid":{"rendered":"https:\/\/rauchfrei.at\/?p=16884"},"modified":"2024-04-19T13:40:08","modified_gmt":"2024-04-19T11:40:08","slug":"der-weltnichtrauchertag-am-31-mai","status":"publish","type":"post","link":"https:\/\/rauchfrei.at\/en\/der-weltnichtrauchertag-am-31-mai\/","title":{"rendered":"\u00a0Der Weltnichtrauchertag am 31. Mai"},"content":{"rendered":"<p>[et_pb_section fb_built=&#8221;1&#8243; module_class=&#8221;header&#8221; _builder_version=&#8221;4.16&#8243; global_colors_info=&#8221;{}&#8221;][et_pb_row _builder_version=&#8221;4.16&#8243; global_colors_info=&#8221;{}&#8221;][et_pb_column type=&#8221;4_4&#8243; _builder_version=&#8221;4.16&#8243; custom_padding=&#8221;|||&#8221; global_colors_info=&#8221;{}&#8221; custom_padding__hover=&#8221;|||&#8221;][et_pb_dp_dmb_module_10001 subheadline=&#8221;Rauchen Sie noch? Nutzen Sie die Aktionen rund um den Weltnichtrauchertag!&#8221; _builder_version=&#8221;4.16&#8243; z_index_tablet=&#8221;500&#8243; global_colors_info=&#8221;{}&#8221;][\/et_pb_dp_dmb_module_10001][\/et_pb_column][\/et_pb_row][\/et_pb_section][et_pb_section fb_built=&#8221;1&#8243; _builder_version=&#8221;4.16&#8243; custom_padding=&#8221;30px|||&#8221; global_colors_info=&#8221;{}&#8221;][et_pb_row column_structure=&#8221;2_3,1_3&#8243; _builder_version=&#8221;4.16&#8243; global_colors_info=&#8221;{}&#8221;][et_pb_column type=&#8221;2_3&#8243; module_class=&#8221;blog-content&#8221; _builder_version=&#8221;4.16&#8243; custom_padding=&#8221;|||&#8221; global_colors_info=&#8221;{}&#8221; custom_padding__hover=&#8221;|||&#8221;][et_pb_text _builder_version=&#8221;4.23.1&#8243; hover_enabled=&#8221;0&#8243; z_index_tablet=&#8221;500&#8243; global_colors_info=&#8221;{}&#8221; sticky_enabled=&#8221;0&#8243;]<\/p>\n<p><strong>Tabakkonsum und Lungengesundheit<\/strong><\/p>\n<p>Der Weltnichtrauchertag steht heuer unter dem Motto \u201eTabakkonsum und Lungengesundheit\u201c. 1\/3 der \u00d6sterreicher\/innen raucht, 1\/5 ist Passivrauch in Innenr\u00e4umen ausgesetzt. Dass sich die Schadstoffe des Rauchens auf den ganzen K\u00f6rper negativ auswirken, ist bereits vielen bekannt. Insbesondere die Lungengesundheit ist durch Rauchen und Passivrauchen stark beeintr\u00e4chtigt, steigert das Risiko f\u00fcr Asthma, Bronchitis, COPD und Lungenkrebs um ein Vielfaches.<\/p>\n<p>Unsere Lunge spielt eine zentrale Rolle f\u00fcr unsere Gesundheit. Wir sollten sie vor Passivrauch und Rauch sch\u00fctzen, das ist eine der zentralen <a href=\"https:\/\/www.who.int\/home\/search-results?indexCatalogue=genericsearchindex1&amp;searchQuery=Weltnichtrauchertag&amp;wordsMode=AnyWord\" target=\"_blank\" rel=\"noopener noreferrer\">Botschaften der WHO<\/a> zum heurigen Weltnichtrauchertag.<\/p>\n<p><img loading=\"lazy\" decoding=\"async\" class=\"alignnone wp-image-16894\" src=\"https:\/\/rauchfrei.at\/wp-content\/uploads\/weltnichtrauchertag-480x336.jpg\" alt=\"\" width=\"406\" height=\"284\" srcset=\"https:\/\/rauchfrei.at\/wp-content\/uploads\/weltnichtrauchertag-480x336.jpg 480w, https:\/\/rauchfrei.at\/wp-content\/uploads\/weltnichtrauchertag-225x158.jpg 225w, https:\/\/rauchfrei.at\/wp-content\/uploads\/weltnichtrauchertag.jpg 632w\" sizes=\"(max-width: 406px) 100vw, 406px\" \/> (N\u00d6GKK)<\/p>\n<p><strong>Aktionen zum Weltnichtrauchertag in ganz \u00d6sterreich<\/strong><\/p>\n<p>Die Sozialversicherungstr\u00e4ger und deren Partner haben es sich zur Aufgabe gemacht, Raucher\/innen beim Rauchfrei werden zu unterst\u00fctzen. \u00a0Auch heuer werden rund um den Weltnichtrauchertag in ganz \u00d6sterreich zahlreiche Aktionen gesetzt. Hier ein \u00dcberblick \u00fcber einige Veranstaltungen:<\/p>\n<p><strong>Nieder\u00f6sterreich:<br \/><\/strong><br \/>Anl\u00e4sslich des Weltnichtrauchertags betreiben die N\u00d6 Gebietskrankenasse, das Rauchfrei Telefon, die Fachstelle f\u00fcr Suchtpr\u00e4vention N\u00d6 und die Jugend:info N\u00d6 am <strong>29. Mai 2019<\/strong> von <strong>10:00 bis 15:00 Uhr<\/strong> einen <strong>Infostand am Riemerplatz<\/strong> in <strong>St. P\u00f6lten<\/strong>. Expertinnen und Experten informieren \u00fcber Passivrauch, beraten beim Rauchstopp und stellen kostenfreie Infomaterialien zur Verf\u00fcgung.<\/p>\n<p><a href=\"https:\/\/rauchfrei.at\/wp-content\/uploads\/WeltNichtRaucherTag1.pdf\" target=\"_blank\" rel=\"noopener noreferrer\">Weltnichtrauchertag St.P\u00f6lten<\/a><\/p>\n<p><strong>Ober\u00f6sterreich:<br \/><\/strong><br \/>Die O\u00d6GKK bietet heuer ab 26. Juni einen Sommer-Gruppenkurs \u201e<a href=\"https:\/\/www.gesundheitskasse.at\/cdscontent\/?contentid=10007.885635&amp;portal=oegkportal\" target=\"_blank\" rel=\"noopener noreferrer\">Rauchfrei durchs Leben<\/a>\u201c an. Am <strong>30. Mai<\/strong> findet das Jubil\u00e4umsevent <strong>\u201e<a href=\"https:\/\/rauchfrei.at\/wp-content\/uploads\/OOEFV_RZ_Poster_Jubilaeumsevent_A2-002.pdf\" target=\"_blank\" rel=\"noopener noreferrer\">100 Jahre O\u00d6. Fu\u00dfballverband<\/a>\u201c<\/strong> in <strong>Wels<\/strong> statt. In diesem Rahmen wird anl\u00e4sslich des WNRT auch \u201eKick ohne Tschick\u201c wieder vorne mit dabei sein: O\u00d6GKK betreut unter anderem eine Station zum Thema \u201eKick ohne Tschick\u201c mit einem Zigaretten Sch\u00e4tzspiel, CO- Messungen, Nikotin-Quiz, Give-Aways, Brosch\u00fcren und vielen Informationen von einer Expertin. Der Eintritt ist kostenlos!<\/p>\n<p><strong>Steiermark:<br \/><\/strong><br \/>Einen<strong> Infostand <\/strong>mit konkreten Informationen und pers\u00f6nlicher Beratung finden Sie am<strong> 29. Mai 2019<\/strong> auch direkt in der <strong>Steierm\u00e4rkische Gebietskrankenkasse in Graz. <\/strong>Es erwarten Sie Infomaterialien \u00fcber die fl\u00e4chendeckenden <a href=\"http:\/\/www.gesundheitskasse.at\/rauchfrei\" target=\"_blank\" rel=\"noopener noreferrer\">Rauchfrei-Kurse<\/a>, die Angebote des Kooperationspartners <a href=\"http:\/\/www.vivid.at\/wissen\/tabak\/\" target=\"_blank\" rel=\"noopener noreferrer\">VIVID<\/a> und das pers\u00f6nliche Gespr\u00e4ch mit Expertinnen und Experten.<\/p>\n<p><strong>SVA:<br \/><\/strong><br \/>In der <strong>Woche vom 27. Mai 2019<\/strong> bekommen Sie in den Kundenzonen der Landesstellen konkrete Informationen zu den Rauchfrei-Programmen der SVA. Im Herbst finden die n\u00e4chsten SVA-No-Smoking-Camps statt:<br \/>25.-27. Oktober in Salzburg (Hotel Hollweger)<br \/>22.-24. November in der Steiermark (Hotel Ochensberger)<\/p>\n<p>Laufende Angebote zur <strong>Raucherentw\u00f6hnung in ganz \u00d6sterreich<\/strong> finden Sie nach Bundesland sortiert unter: <a href=\"https:\/\/rauchfrei.at\/aufhoeren\/weitere-beratungsangebote-in-oe\/ambulante-beratung\/\">Beratungsangebote in \u00d6sterreich<\/a><\/p>\n<p>[\/et_pb_text][et_pb_post_nav in_same_term=&#8221;off&#8221; _builder_version=&#8221;4.16&#8243; z_index_tablet=&#8221;500&#8243; global_colors_info=&#8221;{}&#8221;][\/et_pb_post_nav][\/et_pb_column][et_pb_column type=&#8221;1_3&#8243; module_class=&#8221;cat-and-tag&#8221; _builder_version=&#8221;4.16&#8243; custom_padding=&#8221;|||&#8221; global_colors_info=&#8221;{}&#8221; custom_padding__hover=&#8221;|||&#8221;][et_pb_sidebar area=&#8221;et_pb_widget_area_1&#8243; _builder_version=&#8221;4.16&#8243; global_colors_info=&#8221;{}&#8221;][\/et_pb_sidebar][\/et_pb_column][\/et_pb_row][\/et_pb_section]<\/p>\n","protected":false},"excerpt":{"rendered":"<p>Der Weltnichtrauchertag steht heuer unter dem Motto \u201eTabakkonsum und Lungengesundheit\u201c. Spezielle Angebote, Informationen und Aktionen zum rauchfreien Leben und zur Tabakentw\u00f6hnung in ganz \u00d6sterreich finden Sie hier! Kommen Sie vorbei, wenn Sie in der N\u00e4he sind!<\/p>\n","protected":false},"author":25,"featured_media":0,"comment_status":"open","ping_status":"open","sticky":false,"template":"","format":"standard","meta":{"_et_pb_use_builder":"on","_et_pb_old_content":"","_et_gb_content_width":"","footnotes":""},"categories":[235,236],"tags":[],"class_list":["post-16884","post","type-post","status-publish","format-standard","hentry","category-gesundheit-und-rauchstopp","category-nicht-kategorisiert"],"yoast_head":"<!-- This site is optimized with the Yoast SEO plugin v26.2 - https:\/\/yoast.com\/wordpress\/plugins\/seo\/ -->\n<title>\u00a0Der Weltnichtrauchertag am 31. Mai - Rauchfrei Telefon<\/title>\n<meta name=\"robots\" content=\"index, follow, max-snippet:-1, max-image-preview:large, max-video-preview:-1\" \/>\n<link rel=\"canonical\" href=\"https:\/\/rauchfrei.at\/der-weltnichtrauchertag-am-31-mai\/\" \/>\n<meta property=\"og:locale\" content=\"en_US\" \/>\n<meta property=\"og:type\" content=\"article\" \/>\n<meta property=\"og:title\" content=\"\u00a0Der Weltnichtrauchertag am 31. Mai - Rauchfrei Telefon\" \/>\n<meta property=\"og:description\" content=\"Der Weltnichtrauchertag steht heuer unter dem Motto \u201eTabakkonsum und Lungengesundheit\u201c. Spezielle Angebote, Informationen und Aktionen zum rauchfreien Leben und zur Tabakentw\u00f6hnung in ganz \u00d6sterreich finden Sie hier! Kommen Sie vorbei, wenn Sie in der N\u00e4he sind!\" \/>\n<meta property=\"og:url\" content=\"https:\/\/rauchfrei.at\/der-weltnichtrauchertag-am-31-mai\/\" \/>\n<meta property=\"og:site_name\" content=\"Rauchfrei Telefon\" \/>\n<meta property=\"article:published_time\" content=\"2019-05-27T08:00:12+00:00\" \/>\n<meta property=\"article:modified_time\" content=\"2024-04-19T11:40:08+00:00\" \/>\n<meta property=\"og:image\" content=\"https:\/\/rauchfrei.at\/wp-content\/uploads\/weltnichtrauchertag-480x336.jpg\" \/>\n<meta name=\"author\" content=\"Rauchfrei Team\" \/>\n<meta name=\"twitter:card\" content=\"summary_large_image\" \/>\n<meta name=\"twitter:label1\" content=\"Written by\" \/>\n\t<meta name=\"twitter:data1\" content=\"Rauchfrei Team\" \/>\n\t<meta name=\"twitter:label2\" content=\"Est. reading time\" \/>\n\t<meta name=\"twitter:data2\" content=\"3 minutes\" \/>\n<script type=\"application\/ld+json\" class=\"yoast-schema-graph\">{\"@context\":\"https:\/\/schema.org\",\"@graph\":[{\"@type\":\"WebPage\",\"@id\":\"https:\/\/rauchfrei.at\/der-weltnichtrauchertag-am-31-mai\/\",\"url\":\"https:\/\/rauchfrei.at\/der-weltnichtrauchertag-am-31-mai\/\",\"name\":\"\u00a0Der Weltnichtrauchertag am 31. Mai - Rauchfrei Telefon\",\"isPartOf\":{\"@id\":\"https:\/\/rauchfrei.at\/#website\"},\"primaryImageOfPage\":{\"@id\":\"https:\/\/rauchfrei.at\/der-weltnichtrauchertag-am-31-mai\/#primaryimage\"},\"image\":{\"@id\":\"https:\/\/rauchfrei.at\/der-weltnichtrauchertag-am-31-mai\/#primaryimage\"},\"thumbnailUrl\":\"https:\/\/rauchfrei.at\/wp-content\/uploads\/weltnichtrauchertag-480x336.jpg\",\"datePublished\":\"2019-05-27T08:00:12+00:00\",\"dateModified\":\"2024-04-19T11:40:08+00:00\",\"author\":{\"@id\":\"https:\/\/rauchfrei.at\/#\/schema\/person\/504bbf90c5482004fc09aef6de7f9277\"},\"inLanguage\":\"en-US\",\"potentialAction\":[{\"@type\":\"ReadAction\",\"target\":[\"https:\/\/rauchfrei.at\/der-weltnichtrauchertag-am-31-mai\/\"]}]},{\"@type\":\"ImageObject\",\"inLanguage\":\"en-US\",\"@id\":\"https:\/\/rauchfrei.at\/der-weltnichtrauchertag-am-31-mai\/#primaryimage\",\"url\":\"https:\/\/rauchfrei.at\/wp-content\/uploads\/weltnichtrauchertag-480x336.jpg\",\"contentUrl\":\"https:\/\/rauchfrei.at\/wp-content\/uploads\/weltnichtrauchertag-480x336.jpg\"},{\"@type\":\"WebSite\",\"@id\":\"https:\/\/rauchfrei.at\/#website\",\"url\":\"https:\/\/rauchfrei.at\/\",\"name\":\"Rauchfrei Telefon\",\"description\":\"Eine \u00f6sterreichweite Initiative der Sozialversicherungen.\",\"potentialAction\":[{\"@type\":\"SearchAction\",\"target\":{\"@type\":\"EntryPoint\",\"urlTemplate\":\"https:\/\/rauchfrei.at\/?s={search_term_string}\"},\"query-input\":{\"@type\":\"PropertyValueSpecification\",\"valueRequired\":true,\"valueName\":\"search_term_string\"}}],\"inLanguage\":\"en-US\"},{\"@type\":\"Person\",\"@id\":\"https:\/\/rauchfrei.at\/#\/schema\/person\/504bbf90c5482004fc09aef6de7f9277\",\"name\":\"Rauchfrei Team\",\"image\":{\"@type\":\"ImageObject\",\"inLanguage\":\"en-US\",\"@id\":\"https:\/\/rauchfrei.at\/#\/schema\/person\/image\/\",\"url\":\"https:\/\/secure.gravatar.com\/avatar\/2115b79a00800516fa1523bb5a329611f90e73e89be559131fc7e82b4fdc95ff?s=96&d=mm&r=g\",\"contentUrl\":\"https:\/\/secure.gravatar.com\/avatar\/2115b79a00800516fa1523bb5a329611f90e73e89be559131fc7e82b4fdc95ff?s=96&d=mm&r=g\",\"caption\":\"Rauchfrei Team\"},\"url\":\"https:\/\/rauchfrei.at\/en\/author\/rauchfrei-team\/\"}]}<\/script>\n<!-- \/ Yoast SEO plugin. -->","yoast_head_json":{"title":"\u00a0Der Weltnichtrauchertag am 31. Mai - Rauchfrei Telefon","robots":{"index":"index","follow":"follow","max-snippet":"max-snippet:-1","max-image-preview":"max-image-preview:large","max-video-preview":"max-video-preview:-1"},"canonical":"https:\/\/rauchfrei.at\/der-weltnichtrauchertag-am-31-mai\/","og_locale":"en_US","og_type":"article","og_title":"\u00a0Der Weltnichtrauchertag am 31. Mai - Rauchfrei Telefon","og_description":"Der Weltnichtrauchertag steht heuer unter dem Motto \u201eTabakkonsum und Lungengesundheit\u201c. Spezielle Angebote, Informationen und Aktionen zum rauchfreien Leben und zur Tabakentw\u00f6hnung in ganz \u00d6sterreich finden Sie hier! Kommen Sie vorbei, wenn Sie in der N\u00e4he sind!","og_url":"https:\/\/rauchfrei.at\/der-weltnichtrauchertag-am-31-mai\/","og_site_name":"Rauchfrei Telefon","article_published_time":"2019-05-27T08:00:12+00:00","article_modified_time":"2024-04-19T11:40:08+00:00","og_image":[{"url":"https:\/\/rauchfrei.at\/wp-content\/uploads\/weltnichtrauchertag-480x336.jpg","type":"","width":"","height":""}],"author":"Rauchfrei Team","twitter_card":"summary_large_image","twitter_misc":{"Written by":"Rauchfrei Team","Est. reading time":"3 minutes"},"schema":{"@context":"https:\/\/schema.org","@graph":[{"@type":"WebPage","@id":"https:\/\/rauchfrei.at\/der-weltnichtrauchertag-am-31-mai\/","url":"https:\/\/rauchfrei.at\/der-weltnichtrauchertag-am-31-mai\/","name":"\u00a0Der Weltnichtrauchertag am 31. Mai - Rauchfrei Telefon","isPartOf":{"@id":"https:\/\/rauchfrei.at\/#website"},"primaryImageOfPage":{"@id":"https:\/\/rauchfrei.at\/der-weltnichtrauchertag-am-31-mai\/#primaryimage"},"image":{"@id":"https:\/\/rauchfrei.at\/der-weltnichtrauchertag-am-31-mai\/#primaryimage"},"thumbnailUrl":"https:\/\/rauchfrei.at\/wp-content\/uploads\/weltnichtrauchertag-480x336.jpg","datePublished":"2019-05-27T08:00:12+00:00","dateModified":"2024-04-19T11:40:08+00:00","author":{"@id":"https:\/\/rauchfrei.at\/#\/schema\/person\/504bbf90c5482004fc09aef6de7f9277"},"inLanguage":"en-US","potentialAction":[{"@type":"ReadAction","target":["https:\/\/rauchfrei.at\/der-weltnichtrauchertag-am-31-mai\/"]}]},{"@type":"ImageObject","inLanguage":"en-US","@id":"https:\/\/rauchfrei.at\/der-weltnichtrauchertag-am-31-mai\/#primaryimage","url":"https:\/\/rauchfrei.at\/wp-content\/uploads\/weltnichtrauchertag-480x336.jpg","contentUrl":"https:\/\/rauchfrei.at\/wp-content\/uploads\/weltnichtrauchertag-480x336.jpg"},{"@type":"WebSite","@id":"https:\/\/rauchfrei.at\/#website","url":"https:\/\/rauchfrei.at\/","name":"Rauchfrei Telefon","description":"Eine \u00f6sterreichweite Initiative der Sozialversicherungen.","potentialAction":[{"@type":"SearchAction","target":{"@type":"EntryPoint","urlTemplate":"https:\/\/rauchfrei.at\/?s={search_term_string}"},"query-input":{"@type":"PropertyValueSpecification","valueRequired":true,"valueName":"search_term_string"}}],"inLanguage":"en-US"},{"@type":"Person","@id":"https:\/\/rauchfrei.at\/#\/schema\/person\/504bbf90c5482004fc09aef6de7f9277","name":"Rauchfrei Team","image":{"@type":"ImageObject","inLanguage":"en-US","@id":"https:\/\/rauchfrei.at\/#\/schema\/person\/image\/","url":"https:\/\/secure.gravatar.com\/avatar\/2115b79a00800516fa1523bb5a329611f90e73e89be559131fc7e82b4fdc95ff?s=96&d=mm&r=g","contentUrl":"https:\/\/secure.gravatar.com\/avatar\/2115b79a00800516fa1523bb5a329611f90e73e89be559131fc7e82b4fdc95ff?s=96&d=mm&r=g","caption":"Rauchfrei Team"},"url":"https:\/\/rauchfrei.at\/en\/author\/rauchfrei-team\/"}]}},"_links":{"self":[{"href":"https:\/\/rauchfrei.at\/en\/wp-json\/wp\/v2\/posts\/16884","targetHints":{"allow":["GET"]}}],"collection":[{"href":"https:\/\/rauchfrei.at\/en\/wp-json\/wp\/v2\/posts"}],"about":[{"href":"https:\/\/rauchfrei.at\/en\/wp-json\/wp\/v2\/types\/post"}],"author":[{"embeddable":true,"href":"https:\/\/rauchfrei.at\/en\/wp-json\/wp\/v2\/users\/25"}],"replies":[{"embeddable":true,"href":"https:\/\/rauchfrei.at\/en\/wp-json\/wp\/v2\/comments?post=16884"}],"version-history":[{"count":14,"href":"https:\/\/rauchfrei.at\/en\/wp-json\/wp\/v2\/posts\/16884\/revisions"}],"predecessor-version":[{"id":29476,"href":"https:\/\/rauchfrei.at\/en\/wp-json\/wp\/v2\/posts\/16884\/revisions\/29476"}],"wp:attachment":[{"href":"https:\/\/rauchfrei.at\/en\/wp-json\/wp\/v2\/media?parent=16884"}],"wp:term":[{"taxonomy":"category","embeddable":true,"href":"https:\/\/rauchfrei.at\/en\/wp-json\/wp\/v2\/categories?post=16884"},{"taxonomy":"post_tag","embeddable":true,"href":"https:\/\/rauchfrei.at\/en\/wp-json\/wp\/v2\/tags?post=16884"}],"curies":[{"name":"wp","href":"https:\/\/api.w.org\/{rel}","templated":true}]}}