
{"id":16907,"date":"2019-05-31T11:48:53","date_gmt":"2019-05-31T09:48:53","guid":{"rendered":"https:\/\/rauchfrei.at\/?p=16907"},"modified":"2019-05-31T11:56:31","modified_gmt":"2019-05-31T09:56:31","slug":"die-rauchfrei-app-ist-neu-fuer-jugendliche-junge-und-junggebliebene-raucher-innen-und-ex-raucher-innen","status":"publish","type":"post","link":"https:\/\/rauchfrei.at\/en\/die-rauchfrei-app-ist-neu-fuer-jugendliche-junge-und-junggebliebene-raucher-innen-und-ex-raucher-innen\/","title":{"rendered":"Die Rauchfrei App ist neu! F\u00fcr jugendliche, junge und junggebliebene Raucher\/innen und Ex- Raucher\/innen"},"content":{"rendered":"<p>[et_pb_section bb_built=&#8221;1&#8243; fullwidth=&#8221;off&#8221; specialty=&#8221;off&#8221; _builder_version=&#8221;3.0.99&#8243; module_class=&#8221;header&#8221; next_background_color=&#8221;#000000&#8243;][et_pb_row _builder_version=&#8221;3.0.99&#8243;][et_pb_column type=&#8221;4_4&#8243;][et_pb_dp_dmb_module_10001 _builder_version=&#8221;3.21.1&#8243; subheadline=&#8221;Kostenfrei f\u00fcr Android und iOS&#8221; z_index_tablet=&#8221;500&#8243; \/][\/et_pb_column][\/et_pb_row][\/et_pb_section][et_pb_section bb_built=&#8221;1&#8243; _builder_version=&#8221;3.0.99&#8243; custom_padding=&#8221;30px|||&#8221; prev_background_color=&#8221;#000000&#8243;][et_pb_row _builder_version=&#8221;3.0.99&#8243; module_class_2=&#8221;cat-and-tag&#8221; module_class_1=&#8221;blog-content&#8221;][et_pb_column type=&#8221;2_3&#8243;][et_pb_text _builder_version=&#8221;3.21.1&#8243; z_index_tablet=&#8221;500&#8243;]<\/p>\n<p>Mit Hilfe gelingt der Rauchstopp leichter. Rauchfrei bleiben wird auch einfacher, wenn Unterst\u00fctzung verf\u00fcgbar ist. Unsere Rauchfrei App hilft beim Rauchstopp und beim rauchfrei bleiben. Insbesondere Jugendlichen, die nun erst ab 18 Jahren rauchen d\u00fcrfen, soll die App Hilfe beim Rauchstopp bieten.<\/p>\n<p>Seit 2014 gibt es die kostenfreie App schon, nun haben wir sie zum Weltnichtrauchertag rundum \u00fcberarbeitet, um sie einfacher nutzbar und grafisch ansprechender zu machen. Sie hat nun ein Dashboard (\u00dcbersichtsseite) f\u00fcr die Zeit, in der (noch) geraucht wird, und ein Dashboard f\u00fcr die rauchfreie Zeit. Auch inhaltlich haben wir einiges \u00fcberarbeitet. Die Vorbereitung des Rauchstopps ist mit dem neuen Rauchprotokoll noch einfacher und praktikabler als bisher. Es gibt nun noch mehr motivierende Elemente wie z.B. den \u201eMotivationsflash\u201c oder die \u201eFitness Tipps\u201c. Der \u201eTipp f\u00fcr heute\u201c bringt Personen, die die Rauchfrei App nutzen vielleicht auf neue Ideen, um leichter rauchfrei zu bleiben.<\/p>\n<p><a href=\"http:\/\/www.rauchfreiapp.at\" target=\"_blank\" rel=\"noopener noreferrer\"><img loading=\"lazy\" decoding=\"async\" class=\"wp-image-16917 alignleft\" src=\"https:\/\/rauchfrei.at\/wp-content\/uploads\/Rauchfrei-App_PresseVorbereitung-480x853.png\" alt=\"\" width=\"306\" height=\"544\" srcset=\"https:\/\/rauchfrei.at\/wp-content\/uploads\/Rauchfrei-App_PresseVorbereitung-480x853.png 480w, https:\/\/rauchfrei.at\/wp-content\/uploads\/Rauchfrei-App_PresseVorbereitung-225x400.png 225w, https:\/\/rauchfrei.at\/wp-content\/uploads\/Rauchfrei-App_PresseVorbereitung-768x1365.png 768w, https:\/\/rauchfrei.at\/wp-content\/uploads\/Rauchfrei-App_PresseVorbereitung-1080x1920.png 1080w, https:\/\/rauchfrei.at\/wp-content\/uploads\/Rauchfrei-App_PresseVorbereitung.png 1440w\" sizes=\"(max-width: 306px) 100vw, 306px\" \/><\/a>Die App kann individuell gestaltet werden, indem man ein eigenes Bild und eigene Texte hochl\u00e4dt. Es k\u00f6nnen jene Module ausgew\u00e4hlt werden, die besonders hilfreich erscheinen, diese werden dann am Dashboard angezeigt.\u00a0 Auch die \u201eAchievements\u201c motivieren: immer mehr Bilder werden freigeschalten, je l\u00e4nger man rauchfrei ist.<\/p>\n<p>Und f\u00fcr den Fall eines Ausrutschers oder R\u00fcckfall? Auch da ist Hilfe und Motivation verf\u00fcgbar, um mit der Rauchfreiheit weiter zu machen!<\/p>\n<p>Wir bedanken uns bei allen, die die Neuerstellung erm\u00f6glicht haben, sowohl finanziell als auch inhaltlich!<\/p>\n<p><strong>Finanzierung:\u00a0 <\/strong>Die Neuerstellung 2019 wurde finanziert vom Hauptverband der \u00f6sterreichischen Sozialversicherungstr\u00e4ger, dem Bundeskanzleramt &#8211; Bundesministerin f\u00fcr Frauen, Familien und Jugend sowie dem Rauchfrei Telefon.<\/p>\n<p>(C) Rauchfrei Telefon<\/p>\n<p><strong>Neuerstellung:\u00a0 <\/strong>Inhaltlich hat das Rauchfrei Telefon &#8211; Team unter der Leitung von Sophie Meingassner die Rauchfrei App \u00fcberarbeitet und gestaltet, Helmut Chlebecek (pixler.at) war f\u00fcr die technische Umsetzung verantwortlich, Andreas Klambauer (co-des.at) hat die grafische Rundumerneuerung gestaltet.<\/p>\n<p>Installieren Sie sich die App kostenfrei und probieren Sie die neuen Module aus. Wir freuen uns \u00fcber Ihre R\u00fcckmeldungen!<\/p>\n<p>\u00a0<\/p>\n<p><strong><u>Link: <\/u><\/strong><\/p>\n<p><a href=\"http:\/\/www.rauchfreiapp.at\" target=\"_blank\" rel=\"noopener noreferrer\">www.rauchfreiapp.at<\/a><\/p>\n<p><a href=\"https:\/\/rauchfrei.at\/wp-content\/uploads\/App_Flyer_Online.pdf\" target=\"_blank\" rel=\"noopener noreferrer\">PDF Folder App neu<\/a><\/p>\n<p>\u00a0<\/p>\n<p>[\/et_pb_text][et_pb_post_nav _builder_version=&#8221;3.21.1&#8243; in_same_term=&#8221;off&#8221; show_prev=&#8221;on&#8221; show_next=&#8221;on&#8221; \/][\/et_pb_column][et_pb_column type=&#8221;1_3&#8243;][et_pb_sidebar _builder_version=&#8221;3.0.99&#8243; area=&#8221;et_pb_widget_area_1&#8243; orientation=&#8221;left&#8221; show_border=&#8221;on&#8221; background_layout=&#8221;light&#8221; \/][\/et_pb_column][\/et_pb_row][\/et_pb_section]<\/p>\n","protected":false},"excerpt":{"rendered":"<p>Die Rauchfrei App gibt es schon seit 2014 und hat schon tausende Personen beim Rauchstopp unterst\u00fctzt und in die Rauchfreiheit begleitet. Nun &#8211; zeitgerecht zum Weltnichtrauchertag 2019 &#8211; haben wir sie \u00fcberarbeitet und rundum neugestaltet. Sie ist einfacher zu bedienen, optisch ansprechender und hat noch mehr motivierende Elemente. Insbesondere Jugendlichen, die nun erst ab 18 Jahren rauchen d\u00fcrfen, soll die App Hilfe beim Rauchstopp bieten.<\/p>\n","protected":false},"author":25,"featured_media":0,"comment_status":"open","ping_status":"open","sticky":false,"template":"","format":"standard","meta":{"_et_pb_use_builder":"on","_et_pb_old_content":"","_et_gb_content_width":"","footnotes":""},"categories":[232,236,234,233],"tags":[],"class_list":["post-16907","post","type-post","status-publish","format-standard","hentry","category-nachrichten-vom-rauchfrei-telefon","category-nicht-kategorisiert","category-oesterreichweite-angebote-zur-entwoehnung","category-unterstuetzung-beim-rauchstopp"],"yoast_head":"<!-- This site is optimized with the Yoast SEO plugin v26.2 - https:\/\/yoast.com\/wordpress\/plugins\/seo\/ -->\n<title>Die Rauchfrei App ist neu! F\u00fcr jugendliche, junge und junggebliebene Raucher\/innen und Ex- Raucher\/innen - Rauchfrei Telefon<\/title>\n<meta name=\"robots\" content=\"index, follow, max-snippet:-1, max-image-preview:large, max-video-preview:-1\" \/>\n<link rel=\"canonical\" href=\"https:\/\/rauchfrei.at\/die-rauchfrei-app-ist-neu-fuer-jugendliche-junge-und-junggebliebene-raucher-innen-und-ex-raucher-innen\/\" \/>\n<meta property=\"og:locale\" content=\"en_US\" \/>\n<meta property=\"og:type\" content=\"article\" \/>\n<meta property=\"og:title\" content=\"Die Rauchfrei App ist neu! F\u00fcr jugendliche, junge und junggebliebene Raucher\/innen und Ex- Raucher\/innen - Rauchfrei Telefon\" \/>\n<meta property=\"og:description\" content=\"Die Rauchfrei App gibt es schon seit 2014 und hat schon tausende Personen beim Rauchstopp unterst\u00fctzt und in die Rauchfreiheit begleitet. Nun - zeitgerecht zum Weltnichtrauchertag 2019 - haben wir sie \u00fcberarbeitet und rundum neugestaltet. Sie ist einfacher zu bedienen, optisch ansprechender und hat noch mehr motivierende Elemente. Insbesondere Jugendlichen, die nun erst ab 18 Jahren rauchen d\u00fcrfen, soll die App Hilfe beim Rauchstopp bieten.\" \/>\n<meta property=\"og:url\" content=\"https:\/\/rauchfrei.at\/die-rauchfrei-app-ist-neu-fuer-jugendliche-junge-und-junggebliebene-raucher-innen-und-ex-raucher-innen\/\" \/>\n<meta property=\"og:site_name\" content=\"Rauchfrei Telefon\" \/>\n<meta property=\"article:published_time\" content=\"2019-05-31T09:48:53+00:00\" \/>\n<meta property=\"article:modified_time\" content=\"2019-05-31T09:56:31+00:00\" \/>\n<meta property=\"og:image\" content=\"https:\/\/rauchfrei.at\/wp-content\/uploads\/Rauchfrei-App_PresseVorbereitung-480x853.png\" \/>\n<meta name=\"author\" content=\"Rauchfrei Team\" \/>\n<meta name=\"twitter:card\" content=\"summary_large_image\" \/>\n<meta name=\"twitter:label1\" content=\"Written by\" \/>\n\t<meta name=\"twitter:data1\" content=\"Rauchfrei Team\" \/>\n\t<meta name=\"twitter:label2\" content=\"Est. reading time\" \/>\n\t<meta name=\"twitter:data2\" content=\"2 minutes\" \/>\n<script type=\"application\/ld+json\" class=\"yoast-schema-graph\">{\"@context\":\"https:\/\/schema.org\",\"@graph\":[{\"@type\":\"WebPage\",\"@id\":\"https:\/\/rauchfrei.at\/die-rauchfrei-app-ist-neu-fuer-jugendliche-junge-und-junggebliebene-raucher-innen-und-ex-raucher-innen\/\",\"url\":\"https:\/\/rauchfrei.at\/die-rauchfrei-app-ist-neu-fuer-jugendliche-junge-und-junggebliebene-raucher-innen-und-ex-raucher-innen\/\",\"name\":\"Die Rauchfrei App ist neu! F\u00fcr jugendliche, junge und junggebliebene Raucher\/innen und Ex- Raucher\/innen - Rauchfrei Telefon\",\"isPartOf\":{\"@id\":\"https:\/\/rauchfrei.at\/#website\"},\"primaryImageOfPage\":{\"@id\":\"https:\/\/rauchfrei.at\/die-rauchfrei-app-ist-neu-fuer-jugendliche-junge-und-junggebliebene-raucher-innen-und-ex-raucher-innen\/#primaryimage\"},\"image\":{\"@id\":\"https:\/\/rauchfrei.at\/die-rauchfrei-app-ist-neu-fuer-jugendliche-junge-und-junggebliebene-raucher-innen-und-ex-raucher-innen\/#primaryimage\"},\"thumbnailUrl\":\"https:\/\/rauchfrei.at\/wp-content\/uploads\/Rauchfrei-App_PresseVorbereitung-480x853.png\",\"datePublished\":\"2019-05-31T09:48:53+00:00\",\"dateModified\":\"2019-05-31T09:56:31+00:00\",\"author\":{\"@id\":\"https:\/\/rauchfrei.at\/#\/schema\/person\/504bbf90c5482004fc09aef6de7f9277\"},\"inLanguage\":\"en-US\",\"potentialAction\":[{\"@type\":\"ReadAction\",\"target\":[\"https:\/\/rauchfrei.at\/die-rauchfrei-app-ist-neu-fuer-jugendliche-junge-und-junggebliebene-raucher-innen-und-ex-raucher-innen\/\"]}]},{\"@type\":\"ImageObject\",\"inLanguage\":\"en-US\",\"@id\":\"https:\/\/rauchfrei.at\/die-rauchfrei-app-ist-neu-fuer-jugendliche-junge-und-junggebliebene-raucher-innen-und-ex-raucher-innen\/#primaryimage\",\"url\":\"https:\/\/rauchfrei.at\/wp-content\/uploads\/Rauchfrei-App_PresseVorbereitung-480x853.png\",\"contentUrl\":\"https:\/\/rauchfrei.at\/wp-content\/uploads\/Rauchfrei-App_PresseVorbereitung-480x853.png\"},{\"@type\":\"WebSite\",\"@id\":\"https:\/\/rauchfrei.at\/#website\",\"url\":\"https:\/\/rauchfrei.at\/\",\"name\":\"Rauchfrei Telefon\",\"description\":\"Eine \u00f6sterreichweite Initiative der Sozialversicherungen.\",\"potentialAction\":[{\"@type\":\"SearchAction\",\"target\":{\"@type\":\"EntryPoint\",\"urlTemplate\":\"https:\/\/rauchfrei.at\/?s={search_term_string}\"},\"query-input\":{\"@type\":\"PropertyValueSpecification\",\"valueRequired\":true,\"valueName\":\"search_term_string\"}}],\"inLanguage\":\"en-US\"},{\"@type\":\"Person\",\"@id\":\"https:\/\/rauchfrei.at\/#\/schema\/person\/504bbf90c5482004fc09aef6de7f9277\",\"name\":\"Rauchfrei Team\",\"image\":{\"@type\":\"ImageObject\",\"inLanguage\":\"en-US\",\"@id\":\"https:\/\/rauchfrei.at\/#\/schema\/person\/image\/\",\"url\":\"https:\/\/secure.gravatar.com\/avatar\/2115b79a00800516fa1523bb5a329611f90e73e89be559131fc7e82b4fdc95ff?s=96&d=mm&r=g\",\"contentUrl\":\"https:\/\/secure.gravatar.com\/avatar\/2115b79a00800516fa1523bb5a329611f90e73e89be559131fc7e82b4fdc95ff?s=96&d=mm&r=g\",\"caption\":\"Rauchfrei Team\"},\"url\":\"https:\/\/rauchfrei.at\/en\/author\/rauchfrei-team\/\"}]}<\/script>\n<!-- \/ Yoast SEO plugin. -->","yoast_head_json":{"title":"Die Rauchfrei App ist neu! F\u00fcr jugendliche, junge und junggebliebene Raucher\/innen und Ex- Raucher\/innen - Rauchfrei Telefon","robots":{"index":"index","follow":"follow","max-snippet":"max-snippet:-1","max-image-preview":"max-image-preview:large","max-video-preview":"max-video-preview:-1"},"canonical":"https:\/\/rauchfrei.at\/die-rauchfrei-app-ist-neu-fuer-jugendliche-junge-und-junggebliebene-raucher-innen-und-ex-raucher-innen\/","og_locale":"en_US","og_type":"article","og_title":"Die Rauchfrei App ist neu! F\u00fcr jugendliche, junge und junggebliebene Raucher\/innen und Ex- Raucher\/innen - Rauchfrei Telefon","og_description":"Die Rauchfrei App gibt es schon seit 2014 und hat schon tausende Personen beim Rauchstopp unterst\u00fctzt und in die Rauchfreiheit begleitet. Nun - zeitgerecht zum Weltnichtrauchertag 2019 - haben wir sie \u00fcberarbeitet und rundum neugestaltet. Sie ist einfacher zu bedienen, optisch ansprechender und hat noch mehr motivierende Elemente. Insbesondere Jugendlichen, die nun erst ab 18 Jahren rauchen d\u00fcrfen, soll die App Hilfe beim Rauchstopp bieten.","og_url":"https:\/\/rauchfrei.at\/die-rauchfrei-app-ist-neu-fuer-jugendliche-junge-und-junggebliebene-raucher-innen-und-ex-raucher-innen\/","og_site_name":"Rauchfrei Telefon","article_published_time":"2019-05-31T09:48:53+00:00","article_modified_time":"2019-05-31T09:56:31+00:00","og_image":[{"url":"https:\/\/rauchfrei.at\/wp-content\/uploads\/Rauchfrei-App_PresseVorbereitung-480x853.png","type":"","width":"","height":""}],"author":"Rauchfrei Team","twitter_card":"summary_large_image","twitter_misc":{"Written by":"Rauchfrei Team","Est. reading time":"2 minutes"},"schema":{"@context":"https:\/\/schema.org","@graph":[{"@type":"WebPage","@id":"https:\/\/rauchfrei.at\/die-rauchfrei-app-ist-neu-fuer-jugendliche-junge-und-junggebliebene-raucher-innen-und-ex-raucher-innen\/","url":"https:\/\/rauchfrei.at\/die-rauchfrei-app-ist-neu-fuer-jugendliche-junge-und-junggebliebene-raucher-innen-und-ex-raucher-innen\/","name":"Die Rauchfrei App ist neu! F\u00fcr jugendliche, junge und junggebliebene Raucher\/innen und Ex- Raucher\/innen - Rauchfrei Telefon","isPartOf":{"@id":"https:\/\/rauchfrei.at\/#website"},"primaryImageOfPage":{"@id":"https:\/\/rauchfrei.at\/die-rauchfrei-app-ist-neu-fuer-jugendliche-junge-und-junggebliebene-raucher-innen-und-ex-raucher-innen\/#primaryimage"},"image":{"@id":"https:\/\/rauchfrei.at\/die-rauchfrei-app-ist-neu-fuer-jugendliche-junge-und-junggebliebene-raucher-innen-und-ex-raucher-innen\/#primaryimage"},"thumbnailUrl":"https:\/\/rauchfrei.at\/wp-content\/uploads\/Rauchfrei-App_PresseVorbereitung-480x853.png","datePublished":"2019-05-31T09:48:53+00:00","dateModified":"2019-05-31T09:56:31+00:00","author":{"@id":"https:\/\/rauchfrei.at\/#\/schema\/person\/504bbf90c5482004fc09aef6de7f9277"},"inLanguage":"en-US","potentialAction":[{"@type":"ReadAction","target":["https:\/\/rauchfrei.at\/die-rauchfrei-app-ist-neu-fuer-jugendliche-junge-und-junggebliebene-raucher-innen-und-ex-raucher-innen\/"]}]},{"@type":"ImageObject","inLanguage":"en-US","@id":"https:\/\/rauchfrei.at\/die-rauchfrei-app-ist-neu-fuer-jugendliche-junge-und-junggebliebene-raucher-innen-und-ex-raucher-innen\/#primaryimage","url":"https:\/\/rauchfrei.at\/wp-content\/uploads\/Rauchfrei-App_PresseVorbereitung-480x853.png","contentUrl":"https:\/\/rauchfrei.at\/wp-content\/uploads\/Rauchfrei-App_PresseVorbereitung-480x853.png"},{"@type":"WebSite","@id":"https:\/\/rauchfrei.at\/#website","url":"https:\/\/rauchfrei.at\/","name":"Rauchfrei Telefon","description":"Eine \u00f6sterreichweite Initiative der Sozialversicherungen.","potentialAction":[{"@type":"SearchAction","target":{"@type":"EntryPoint","urlTemplate":"https:\/\/rauchfrei.at\/?s={search_term_string}"},"query-input":{"@type":"PropertyValueSpecification","valueRequired":true,"valueName":"search_term_string"}}],"inLanguage":"en-US"},{"@type":"Person","@id":"https:\/\/rauchfrei.at\/#\/schema\/person\/504bbf90c5482004fc09aef6de7f9277","name":"Rauchfrei Team","image":{"@type":"ImageObject","inLanguage":"en-US","@id":"https:\/\/rauchfrei.at\/#\/schema\/person\/image\/","url":"https:\/\/secure.gravatar.com\/avatar\/2115b79a00800516fa1523bb5a329611f90e73e89be559131fc7e82b4fdc95ff?s=96&d=mm&r=g","contentUrl":"https:\/\/secure.gravatar.com\/avatar\/2115b79a00800516fa1523bb5a329611f90e73e89be559131fc7e82b4fdc95ff?s=96&d=mm&r=g","caption":"Rauchfrei Team"},"url":"https:\/\/rauchfrei.at\/en\/author\/rauchfrei-team\/"}]}},"_links":{"self":[{"href":"https:\/\/rauchfrei.at\/en\/wp-json\/wp\/v2\/posts\/16907","targetHints":{"allow":["GET"]}}],"collection":[{"href":"https:\/\/rauchfrei.at\/en\/wp-json\/wp\/v2\/posts"}],"about":[{"href":"https:\/\/rauchfrei.at\/en\/wp-json\/wp\/v2\/types\/post"}],"author":[{"embeddable":true,"href":"https:\/\/rauchfrei.at\/en\/wp-json\/wp\/v2\/users\/25"}],"replies":[{"embeddable":true,"href":"https:\/\/rauchfrei.at\/en\/wp-json\/wp\/v2\/comments?post=16907"}],"version-history":[{"count":5,"href":"https:\/\/rauchfrei.at\/en\/wp-json\/wp\/v2\/posts\/16907\/revisions"}],"predecessor-version":[{"id":16909,"href":"https:\/\/rauchfrei.at\/en\/wp-json\/wp\/v2\/posts\/16907\/revisions\/16909"}],"wp:attachment":[{"href":"https:\/\/rauchfrei.at\/en\/wp-json\/wp\/v2\/media?parent=16907"}],"wp:term":[{"taxonomy":"category","embeddable":true,"href":"https:\/\/rauchfrei.at\/en\/wp-json\/wp\/v2\/categories?post=16907"},{"taxonomy":"post_tag","embeddable":true,"href":"https:\/\/rauchfrei.at\/en\/wp-json\/wp\/v2\/tags?post=16907"}],"curies":[{"name":"wp","href":"https:\/\/api.w.org\/{rel}","templated":true}]}}