
{"id":16932,"date":"2019-06-05T10:00:06","date_gmt":"2019-06-05T08:00:06","guid":{"rendered":"https:\/\/rauchfrei.at\/?p=16932"},"modified":"2022-06-15T12:43:04","modified_gmt":"2022-06-15T10:43:04","slug":"tag-der-umwelt","status":"publish","type":"post","link":"https:\/\/rauchfrei.at\/en\/tag-der-umwelt\/","title":{"rendered":"Tag der Umwelt"},"content":{"rendered":"<p>[et_pb_section bb_built=&#8221;1&#8243; fullwidth=&#8221;off&#8221; specialty=&#8221;off&#8221; _builder_version=&#8221;3.0.99&#8243; module_class=&#8221;header&#8221; next_background_color=&#8221;#000000&#8243;][et_pb_row _builder_version=&#8221;3.0.99&#8243;][et_pb_column type=&#8221;4_4&#8243;][et_pb_dp_dmb_module_10001 _builder_version=&#8221;3.21.1&#8243; z_index_tablet=&#8221;500&#8243; \/][\/et_pb_column][\/et_pb_row][\/et_pb_section][et_pb_section bb_built=&#8221;1&#8243; _builder_version=&#8221;3.0.99&#8243; custom_padding=&#8221;30px|||&#8221; prev_background_color=&#8221;#000000&#8243;][et_pb_row _builder_version=&#8221;3.0.99&#8243; module_class_2=&#8221;cat-and-tag&#8221; module_class_1=&#8221;blog-content&#8221;][et_pb_column type=&#8221;2_3&#8243;][et_pb_text _builder_version=&#8221;3.21.1&#8243; z_index_tablet=&#8221;500&#8243;]<\/p>\n<p>Weltweit beteiligen sich j\u00e4hrlich viele Staaten am Weltumwelttag, der das Bewusstsein st\u00e4rken soll, dass der Mensch selbst die gr\u00f6\u00dfte Bedrohung f\u00fcr die Umwelt darstellt. Heuer steht der Tag unter dem Motto &#8220;Insekten sch\u00fctzen \u2013 Vielfalt bewahren!&#8221;<\/p>\n<p>Dass das Rauchen f\u00fcr den Menschen gef\u00e4hrlich und sch\u00e4dlich ist, ist mittlerweile wohl jedem bekannt. Weniger pr\u00e4sent ist die Tatsache, dass durch die Tabakindustrie und den Tabakkonsum auch unsere Umwelt stark in Mittleidenschaft gezogen wird.<\/p>\n<p>Der Tabakanbau frisst nach Angaben der Weltgesundheitsorganisation (WHO) immense Ressourcen. Beispielsweise wurden im Jahr 2014 f\u00fcr die Herstellung von sechs Billionen Zigaretten rund 32 Tonnen gr\u00fcner Tabak auf vier Millionen Hektar Land ben\u00f6tigt, was zu einer starken klimasch\u00e4dlichen Emission f\u00fchrte. Abholzungen, \u2028unfruchtbare B\u00f6den und Kinderarbeit sind au\u00dferdem die Folge. Zigarettenstummel\u2028stellen inzwischen das \u2028gr\u00f6\u00dfte M\u00fcllproblem \u2028an den Meeresk\u00fcsten unserer Welt dar.<\/p>\n<p>Umweltorganisationen warnen seit langem vor unachtsam weggeworfenen Zigarettenstummel.<\/p>\n<p><img loading=\"lazy\" decoding=\"async\" class=\"alignnone size-large wp-image-16957\" src=\"https:\/\/rauchfrei.at\/wp-content\/uploads\/Quarks-480x479.jpg\" alt=\"\" width=\"480\" height=\"479\" srcset=\"https:\/\/rauchfrei.at\/wp-content\/uploads\/Quarks-480x479.jpg 480w, https:\/\/rauchfrei.at\/wp-content\/uploads\/Quarks-150x150.jpg 150w, https:\/\/rauchfrei.at\/wp-content\/uploads\/Quarks-225x224.jpg 225w, https:\/\/rauchfrei.at\/wp-content\/uploads\/Quarks.jpg 669w\" sizes=\"(max-width: 480px) 100vw, 480px\" \/>(C) Quarks<\/p>\n<p>Die Stummel schauen vielleicht harmlos aus, allerdings anstatt zu verrotten, zerfallen sie zu Mikroplastik. Das macht sie zu Sonderm\u00fcll mit Inhaltsstoffen wie Teer, Nikotin, Blei, Arsen, Blaus\u00e4ure und Dioxin.<\/p>\n<p>Die Tausenden enthaltenen Chemikalien und Schwermetalle belasten B\u00f6den und das Grundwasser. <a href=\"https:\/\/www.researchgate.net\/publication\/51062567_Toxicity_of_cigarette_butts_and_their_chemical_components_to_marine_and_freshwater_fish\" target=\"_blank\" rel=\"noopener noreferrer\">Studien<\/a> zu Folge gen\u00fcgt schon ein Stummel, um in einem Gew\u00e4sser 1000 Liter zu verunreinigen und die H\u00e4lfte der darin lebenden Fische zu t\u00f6ten.<\/p>\n<p>Nikotin ist ein Insektengift, das die Tabakpflanze zum Schutz vor Insekten produziert. Werden Bienen \u00fcber mit Tabakpflanzen bes\u00e4te Felder gelockt, sterben sie innerhalb von zwei Stunden. Bei k\u00fcrzerem Einwirken kommt es zu Orientierungslosigkeit und Passivit\u00e4t. Nicht nur die Honigbiene ist betroffen. Das betrifft unterschiedliche Insekten wie Wildbienen, Spinnen, Weberknechte, Grillen, Heuschrecken, K\u00e4fer, Schmetterlinge -Falter, Wanzen, usw.<\/p>\n<p>Mehr dazu:<\/p>\n<p><a href=\"http:\/\/www.spiegel.de\/wissenschaft\/natur\/weltgesundheitsorganisation-rauchen-schadet-der-umwelt-a-1231297.html\">http:\/\/www.spiegel.de\/wissenschaft\/natur\/weltgesundheitsorganisation-rauchen-schadet-der-umwelt-a-1231297.html<\/a><\/p>\n<p><a href=\"https:\/\/derstandard.at\/2000101118247\/Weggeworfene-Zigarettenstummel-sind-Giftcocktail-fuer-die-Natur\">https:\/\/derstandard.at\/2000101118247\/Weggeworfene-Zigarettenstummel-sind-Giftcocktail-fuer-die-Natur<\/a><\/p>\n<p><a href=\"http:\/\/ash.org.uk\/media-and-news\/big-tobaccos-big-environmental-impact\/\">http:\/\/ash.org.uk\/media-and-news\/big-tobaccos-big-environmental-impact\/<\/a><\/p>\n<p><a href=\"https:\/\/derstandard.at\/2000101118247\/Weggeworfene-Zigarettenstummel-sind-Giftcocktail-fuer-die-Natur\">https:\/\/derstandard.at\/2000101118247\/Weggeworfene-Zigarettenstummel-sind-Giftcocktail-fuer-die-Natur<\/a><\/p>\n<p><a href=\"http:\/\/www.unfairtobacco.org\">www.unfairtobacco.org<\/a><\/p>\n<p>[\/et_pb_text][et_pb_post_nav _builder_version=&#8221;3.21.1&#8243; in_same_term=&#8221;off&#8221; z_index_tablet=&#8221;500&#8243; \/][\/et_pb_column][et_pb_column type=&#8221;1_3&#8243;][et_pb_sidebar _builder_version=&#8221;3.0.99&#8243; area=&#8221;et_pb_widget_area_1&#8243; orientation=&#8221;left&#8221; show_border=&#8221;on&#8221; background_layout=&#8221;light&#8221; \/][\/et_pb_column][\/et_pb_row][\/et_pb_section]<\/p>\n","protected":false},"excerpt":{"rendered":"<p>Die Vereinten Nationen haben den 5. Juni zum Schutz der Umwelt schon im Jahr 1972 zum j\u00e4hrlichen &#8220;Tag der Umwelt&#8221; erkl\u00e4rt. Die Zigarettenindustrie und das Rauchen schaden der Umwelt.<\/p>\n","protected":false},"author":25,"featured_media":0,"comment_status":"open","ping_status":"open","sticky":false,"template":"","format":"standard","meta":{"_et_pb_use_builder":"on","_et_pb_old_content":"","_et_gb_content_width":"","footnotes":""},"categories":[237,236],"tags":[],"class_list":["post-16932","post","type-post","status-publish","format-standard","hentry","category-literatur-und-hintergrundwissen","category-nicht-kategorisiert"],"yoast_head":"<!-- This site is optimized with the Yoast SEO plugin v26.2 - https:\/\/yoast.com\/wordpress\/plugins\/seo\/ -->\n<title>Tag der Umwelt - Rauchfrei Telefon<\/title>\n<meta name=\"robots\" content=\"index, follow, max-snippet:-1, max-image-preview:large, max-video-preview:-1\" \/>\n<link rel=\"canonical\" href=\"https:\/\/rauchfrei.at\/tag-der-umwelt\/\" \/>\n<meta property=\"og:locale\" content=\"en_US\" \/>\n<meta property=\"og:type\" content=\"article\" \/>\n<meta property=\"og:title\" content=\"Tag der Umwelt - Rauchfrei Telefon\" \/>\n<meta property=\"og:description\" content=\"Die Vereinten Nationen haben den 5. Juni zum Schutz der Umwelt schon im Jahr 1972 zum j\u00e4hrlichen &quot;Tag der Umwelt&quot; erkl\u00e4rt. Die Zigarettenindustrie und das Rauchen schaden der Umwelt.\" \/>\n<meta property=\"og:url\" content=\"https:\/\/rauchfrei.at\/tag-der-umwelt\/\" \/>\n<meta property=\"og:site_name\" content=\"Rauchfrei Telefon\" \/>\n<meta property=\"article:published_time\" content=\"2019-06-05T08:00:06+00:00\" \/>\n<meta property=\"article:modified_time\" content=\"2022-06-15T10:43:04+00:00\" \/>\n<meta property=\"og:image\" content=\"https:\/\/rauchfrei.at\/wp-content\/uploads\/Quarks-480x479.jpg\" \/>\n<meta name=\"author\" content=\"Rauchfrei Team\" \/>\n<meta name=\"twitter:card\" content=\"summary_large_image\" \/>\n<meta name=\"twitter:label1\" content=\"Written by\" \/>\n\t<meta name=\"twitter:data1\" content=\"Rauchfrei Team\" \/>\n\t<meta name=\"twitter:label2\" content=\"Est. reading time\" \/>\n\t<meta name=\"twitter:data2\" content=\"2 minutes\" \/>\n<script type=\"application\/ld+json\" class=\"yoast-schema-graph\">{\"@context\":\"https:\/\/schema.org\",\"@graph\":[{\"@type\":\"WebPage\",\"@id\":\"https:\/\/rauchfrei.at\/tag-der-umwelt\/\",\"url\":\"https:\/\/rauchfrei.at\/tag-der-umwelt\/\",\"name\":\"Tag der Umwelt - Rauchfrei Telefon\",\"isPartOf\":{\"@id\":\"https:\/\/rauchfrei.at\/#website\"},\"primaryImageOfPage\":{\"@id\":\"https:\/\/rauchfrei.at\/tag-der-umwelt\/#primaryimage\"},\"image\":{\"@id\":\"https:\/\/rauchfrei.at\/tag-der-umwelt\/#primaryimage\"},\"thumbnailUrl\":\"https:\/\/rauchfrei.at\/wp-content\/uploads\/Quarks-480x479.jpg\",\"datePublished\":\"2019-06-05T08:00:06+00:00\",\"dateModified\":\"2022-06-15T10:43:04+00:00\",\"author\":{\"@id\":\"https:\/\/rauchfrei.at\/#\/schema\/person\/504bbf90c5482004fc09aef6de7f9277\"},\"inLanguage\":\"en-US\",\"potentialAction\":[{\"@type\":\"ReadAction\",\"target\":[\"https:\/\/rauchfrei.at\/tag-der-umwelt\/\"]}]},{\"@type\":\"ImageObject\",\"inLanguage\":\"en-US\",\"@id\":\"https:\/\/rauchfrei.at\/tag-der-umwelt\/#primaryimage\",\"url\":\"https:\/\/rauchfrei.at\/wp-content\/uploads\/Quarks-480x479.jpg\",\"contentUrl\":\"https:\/\/rauchfrei.at\/wp-content\/uploads\/Quarks-480x479.jpg\"},{\"@type\":\"WebSite\",\"@id\":\"https:\/\/rauchfrei.at\/#website\",\"url\":\"https:\/\/rauchfrei.at\/\",\"name\":\"Rauchfrei Telefon\",\"description\":\"Eine \u00f6sterreichweite Initiative der Sozialversicherungen.\",\"potentialAction\":[{\"@type\":\"SearchAction\",\"target\":{\"@type\":\"EntryPoint\",\"urlTemplate\":\"https:\/\/rauchfrei.at\/?s={search_term_string}\"},\"query-input\":{\"@type\":\"PropertyValueSpecification\",\"valueRequired\":true,\"valueName\":\"search_term_string\"}}],\"inLanguage\":\"en-US\"},{\"@type\":\"Person\",\"@id\":\"https:\/\/rauchfrei.at\/#\/schema\/person\/504bbf90c5482004fc09aef6de7f9277\",\"name\":\"Rauchfrei Team\",\"image\":{\"@type\":\"ImageObject\",\"inLanguage\":\"en-US\",\"@id\":\"https:\/\/rauchfrei.at\/#\/schema\/person\/image\/\",\"url\":\"https:\/\/secure.gravatar.com\/avatar\/2115b79a00800516fa1523bb5a329611f90e73e89be559131fc7e82b4fdc95ff?s=96&d=mm&r=g\",\"contentUrl\":\"https:\/\/secure.gravatar.com\/avatar\/2115b79a00800516fa1523bb5a329611f90e73e89be559131fc7e82b4fdc95ff?s=96&d=mm&r=g\",\"caption\":\"Rauchfrei Team\"},\"url\":\"https:\/\/rauchfrei.at\/en\/author\/rauchfrei-team\/\"}]}<\/script>\n<!-- \/ Yoast SEO plugin. -->","yoast_head_json":{"title":"Tag der Umwelt - Rauchfrei Telefon","robots":{"index":"index","follow":"follow","max-snippet":"max-snippet:-1","max-image-preview":"max-image-preview:large","max-video-preview":"max-video-preview:-1"},"canonical":"https:\/\/rauchfrei.at\/tag-der-umwelt\/","og_locale":"en_US","og_type":"article","og_title":"Tag der Umwelt - Rauchfrei Telefon","og_description":"Die Vereinten Nationen haben den 5. Juni zum Schutz der Umwelt schon im Jahr 1972 zum j\u00e4hrlichen \"Tag der Umwelt\" erkl\u00e4rt. Die Zigarettenindustrie und das Rauchen schaden der Umwelt.","og_url":"https:\/\/rauchfrei.at\/tag-der-umwelt\/","og_site_name":"Rauchfrei Telefon","article_published_time":"2019-06-05T08:00:06+00:00","article_modified_time":"2022-06-15T10:43:04+00:00","og_image":[{"url":"https:\/\/rauchfrei.at\/wp-content\/uploads\/Quarks-480x479.jpg","type":"","width":"","height":""}],"author":"Rauchfrei Team","twitter_card":"summary_large_image","twitter_misc":{"Written by":"Rauchfrei Team","Est. reading time":"2 minutes"},"schema":{"@context":"https:\/\/schema.org","@graph":[{"@type":"WebPage","@id":"https:\/\/rauchfrei.at\/tag-der-umwelt\/","url":"https:\/\/rauchfrei.at\/tag-der-umwelt\/","name":"Tag der Umwelt - Rauchfrei Telefon","isPartOf":{"@id":"https:\/\/rauchfrei.at\/#website"},"primaryImageOfPage":{"@id":"https:\/\/rauchfrei.at\/tag-der-umwelt\/#primaryimage"},"image":{"@id":"https:\/\/rauchfrei.at\/tag-der-umwelt\/#primaryimage"},"thumbnailUrl":"https:\/\/rauchfrei.at\/wp-content\/uploads\/Quarks-480x479.jpg","datePublished":"2019-06-05T08:00:06+00:00","dateModified":"2022-06-15T10:43:04+00:00","author":{"@id":"https:\/\/rauchfrei.at\/#\/schema\/person\/504bbf90c5482004fc09aef6de7f9277"},"inLanguage":"en-US","potentialAction":[{"@type":"ReadAction","target":["https:\/\/rauchfrei.at\/tag-der-umwelt\/"]}]},{"@type":"ImageObject","inLanguage":"en-US","@id":"https:\/\/rauchfrei.at\/tag-der-umwelt\/#primaryimage","url":"https:\/\/rauchfrei.at\/wp-content\/uploads\/Quarks-480x479.jpg","contentUrl":"https:\/\/rauchfrei.at\/wp-content\/uploads\/Quarks-480x479.jpg"},{"@type":"WebSite","@id":"https:\/\/rauchfrei.at\/#website","url":"https:\/\/rauchfrei.at\/","name":"Rauchfrei Telefon","description":"Eine \u00f6sterreichweite Initiative der Sozialversicherungen.","potentialAction":[{"@type":"SearchAction","target":{"@type":"EntryPoint","urlTemplate":"https:\/\/rauchfrei.at\/?s={search_term_string}"},"query-input":{"@type":"PropertyValueSpecification","valueRequired":true,"valueName":"search_term_string"}}],"inLanguage":"en-US"},{"@type":"Person","@id":"https:\/\/rauchfrei.at\/#\/schema\/person\/504bbf90c5482004fc09aef6de7f9277","name":"Rauchfrei Team","image":{"@type":"ImageObject","inLanguage":"en-US","@id":"https:\/\/rauchfrei.at\/#\/schema\/person\/image\/","url":"https:\/\/secure.gravatar.com\/avatar\/2115b79a00800516fa1523bb5a329611f90e73e89be559131fc7e82b4fdc95ff?s=96&d=mm&r=g","contentUrl":"https:\/\/secure.gravatar.com\/avatar\/2115b79a00800516fa1523bb5a329611f90e73e89be559131fc7e82b4fdc95ff?s=96&d=mm&r=g","caption":"Rauchfrei Team"},"url":"https:\/\/rauchfrei.at\/en\/author\/rauchfrei-team\/"}]}},"_links":{"self":[{"href":"https:\/\/rauchfrei.at\/en\/wp-json\/wp\/v2\/posts\/16932","targetHints":{"allow":["GET"]}}],"collection":[{"href":"https:\/\/rauchfrei.at\/en\/wp-json\/wp\/v2\/posts"}],"about":[{"href":"https:\/\/rauchfrei.at\/en\/wp-json\/wp\/v2\/types\/post"}],"author":[{"embeddable":true,"href":"https:\/\/rauchfrei.at\/en\/wp-json\/wp\/v2\/users\/25"}],"replies":[{"embeddable":true,"href":"https:\/\/rauchfrei.at\/en\/wp-json\/wp\/v2\/comments?post=16932"}],"version-history":[{"count":5,"href":"https:\/\/rauchfrei.at\/en\/wp-json\/wp\/v2\/posts\/16932\/revisions"}],"predecessor-version":[{"id":16934,"href":"https:\/\/rauchfrei.at\/en\/wp-json\/wp\/v2\/posts\/16932\/revisions\/16934"}],"wp:attachment":[{"href":"https:\/\/rauchfrei.at\/en\/wp-json\/wp\/v2\/media?parent=16932"}],"wp:term":[{"taxonomy":"category","embeddable":true,"href":"https:\/\/rauchfrei.at\/en\/wp-json\/wp\/v2\/categories?post=16932"},{"taxonomy":"post_tag","embeddable":true,"href":"https:\/\/rauchfrei.at\/en\/wp-json\/wp\/v2\/tags?post=16932"}],"curies":[{"name":"wp","href":"https:\/\/api.w.org\/{rel}","templated":true}]}}