
{"id":16938,"date":"2019-06-07T10:00:07","date_gmt":"2019-06-07T08:00:07","guid":{"rendered":"https:\/\/rauchfrei.at\/?p=16938"},"modified":"2022-05-25T12:03:10","modified_gmt":"2022-05-25T10:03:10","slug":"rauchen-passt-nicht-mehr-zu-mir-2","status":"publish","type":"post","link":"https:\/\/rauchfrei.at\/en\/rauchen-passt-nicht-mehr-zu-mir-2\/","title":{"rendered":"Rauchen passt nicht mehr zu mir!"},"content":{"rendered":"<p>[et_pb_section fb_built=&#8221;1&#8243; module_class=&#8221;header&#8221; _builder_version=&#8221;4.16&#8243; global_colors_info=&#8221;{}&#8221;][et_pb_row _builder_version=&#8221;4.16&#8243; global_colors_info=&#8221;{}&#8221;][et_pb_column type=&#8221;4_4&#8243; _builder_version=&#8221;4.16&#8243; custom_padding=&#8221;|||&#8221; global_colors_info=&#8221;{}&#8221; custom_padding__hover=&#8221;|||&#8221;][et_pb_dp_dmb_module_10001 subheadline=&#8221;Ex-Raucher\/innen motivieren zum Rauchstopp&#8221; _builder_version=&#8221;4.16&#8243; z_index_tablet=&#8221;500&#8243; global_colors_info=&#8221;{}&#8221;][\/et_pb_dp_dmb_module_10001][\/et_pb_column][\/et_pb_row][\/et_pb_section][et_pb_section fb_built=&#8221;1&#8243; _builder_version=&#8221;4.16&#8243; custom_padding=&#8221;30px|||&#8221; global_colors_info=&#8221;{}&#8221;][et_pb_row column_structure=&#8221;2_3,1_3&#8243; _builder_version=&#8221;4.16&#8243; global_colors_info=&#8221;{}&#8221;][et_pb_column type=&#8221;2_3&#8243; module_class=&#8221;blog-content&#8221; _builder_version=&#8221;4.16&#8243; custom_padding=&#8221;|||&#8221; global_colors_info=&#8221;{}&#8221; custom_padding__hover=&#8221;|||&#8221;][et_pb_text _builder_version=&#8221;4.17.1&#8243; hover_enabled=&#8221;0&#8243; z_index_tablet=&#8221;500&#8243; global_colors_info=&#8221;{}&#8221; sticky_enabled=&#8221;0&#8243;]<\/p>\n<blockquote>\n<p>\u201eIch hab mir meine Bronchitis sch\u00f6n geredet\u201c,<\/p>\n<\/blockquote>\n<p>erz\u00e4hlt Markus K. aus Kalsdorf seinen Grund, warum er mit dem Rauchen aufgeh\u00f6rt hat. Nach der Erkenntnis, dass der morgendliche Husten auf das Rauchen zur\u00fcckzuf\u00fchren ist, h\u00f6rte er vor vier Jahren auf. F\u00fcr Edith E. aus Gleisdorf war der unangenehme Geruch ausschlaggebend, und Daniela P. aus Graz h\u00f6rte auf, weil sie sich sch\u00e4mte, eine rauchende Mama zu sein.<\/p>\n<p><img loading=\"lazy\" decoding=\"async\" class=\"alignnone size-large wp-image-16951\" src=\"https:\/\/rauchfrei.at\/wp-content\/uploads\/PK-Weltnichtrauchertag-2019-VIVID-002-480x320.jpg\" alt=\"Rauchen passt nicht mehr zu mir\" width=\"480\" height=\"320\" srcset=\"https:\/\/rauchfrei.at\/wp-content\/uploads\/PK-Weltnichtrauchertag-2019-VIVID-002-480x320.jpg 480w, https:\/\/rauchfrei.at\/wp-content\/uploads\/PK-Weltnichtrauchertag-2019-VIVID-002-225x150.jpg 225w, https:\/\/rauchfrei.at\/wp-content\/uploads\/PK-Weltnichtrauchertag-2019-VIVID-002-768x512.jpg 768w, https:\/\/rauchfrei.at\/wp-content\/uploads\/PK-Weltnichtrauchertag-2019-VIVID-002-1080x720.jpg 1080w\" sizes=\"(max-width: 480px) 100vw, 480px\" \/>\u00a0(C) Vivid<\/p>\n<p>Die Aktion \u201e<strong>Rauchen passt nicht mehr zu mir<\/strong>\u201c rief Anfang des Jahres dazu auf, dass Ex-Raucher\/innen ihre Aufh\u00f6r-Geschichten erz\u00e4hlen. Im Mittelpunkt stand das Warum, nicht das Wie. Mit einem unerwartet gro\u00dfen Echo erreichten VIVID 291 Aufh\u00f6r-Geschichten. Der Gro\u00dfteil kam aus der Steiermark, aber auch aus ganz \u00d6sterreich schrieben ehemalige Raucher\/innen.<\/p>\n<p>Die Rauchstopp-Erinnerungen zeigen eine gro\u00dfe Bandbreite: Ein Mann erinnerte sich an seinen Rauchstopp vor 56 Jahren, ein anderer ans Aufh\u00f6ren vor einem Monat. Durchschnittlich haben es die Ex- Raucher\/innen beim zweiten Versuch geschafft, rauchfrei zu bleiben.<\/p>\n<p>Es zeigte sich, dass jede\/r einen ganz pers\u00f6nlichen Anlass hatte, mit dem Rauchen aufzuh\u00f6ren. So unterschiedlich die individuellen Anl\u00e4sse, so \u00e4hnlich sind einander die guten Gr\u00fcnde f\u00fcrs Aufh\u00f6ren. Die Aktion best\u00e4tigt damit Ergebnisse der Bev\u00f6lkerungsbefragung von VIVID aus dem Jahr 2017, die die f\u00fcnf wichtigsten Rauchstopp-Motive aufzeigte: Gesundheit, Geld, Geruch, Vorbildwirkung und der Wunsch, nicht mehr abh\u00e4ngig zu sein.<\/p>\n<p><u>Plakate: Ex-Raucher\/innen als Botschafter<\/u><\/p>\n<p><img loading=\"lazy\" decoding=\"async\" class=\"alignnone wp-image-16952\" src=\"https:\/\/rauchfrei.at\/wp-content\/uploads\/Rauchen-passt-nicht-mehr-zu-mir_VIVID_Weltnichtrauchertag-2019-480x270.jpg\" alt=\"\" width=\"411\" height=\"231\" srcset=\"https:\/\/rauchfrei.at\/wp-content\/uploads\/Rauchen-passt-nicht-mehr-zu-mir_VIVID_Weltnichtrauchertag-2019-480x270.jpg 480w, https:\/\/rauchfrei.at\/wp-content\/uploads\/Rauchen-passt-nicht-mehr-zu-mir_VIVID_Weltnichtrauchertag-2019-225x127.jpg 225w, https:\/\/rauchfrei.at\/wp-content\/uploads\/Rauchen-passt-nicht-mehr-zu-mir_VIVID_Weltnichtrauchertag-2019-768x432.jpg 768w, https:\/\/rauchfrei.at\/wp-content\/uploads\/Rauchen-passt-nicht-mehr-zu-mir_VIVID_Weltnichtrauchertag-2019-1080x607.jpg 1080w\" sizes=\"(max-width: 411px) 100vw, 411px\" \/> (C) Vivid<\/p>\n<p>Die Ex-Raucher\/innen von \u201eRauchen passt nicht mehr zu mir\u201c k\u00f6nnen Vorbild f\u00fcr andere sein. Dazu wurden elf Plakate mit elf echten Ex-Raucher\/innen erstellt, die nun auf steirischen Bahnh\u00f6fen, in \u00f6ffentlichen Verkehrsmitteln und auf Videowalls pr\u00e4sentiert werden. Mit der Aktion sollen Menschen motiviert und mobilisiert werden, den Rauchstopp in Angriff zu nehmen.<\/p>\n<p>Dazu stehen in der Steiermark zahlreiche Unterst\u00fctzungsm\u00f6glichkeiten zur Verf\u00fcgung: Die STGKK bietet die Kurse \u201e<a href=\"https:\/\/www.gesundheitskasse.at\/cdscontent\/rauchfrei\" target=\"_blank\" rel=\"noopener noreferrer\">Rauchfrei in 6 Wochen an<\/a>\u201c, das Rauchfrei Telefon hilft wochentags von 10 bis 18 Uhr beim Rauchstopp.<\/p>\n<p>Link:<br \/><a href=\"https:\/\/www.passt-nicht-mehr.at\" target=\"_blank\" rel=\"noopener noreferrer\">https:\/\/www.passt-nicht-mehr.at<\/a><br \/><a href=\"http:\/\/www.vivid.at\" target=\"_blank\" rel=\"noopener noreferrer\">http:\/\/www.vivid.at<\/a><br \/><a href=\"https:\/\/www.gesundheitskasse.at\/rauchfrei\" target=\"_blank\" rel=\"noopener noreferrer\">https:\/\/www.gesundheitskasse.at<\/a><\/p>\n<p>[\/et_pb_text][et_pb_post_nav in_same_term=&#8221;off&#8221; _builder_version=&#8221;4.16&#8243; z_index_tablet=&#8221;500&#8243; global_colors_info=&#8221;{}&#8221;][\/et_pb_post_nav][\/et_pb_column][et_pb_column type=&#8221;1_3&#8243; module_class=&#8221;cat-and-tag&#8221; _builder_version=&#8221;4.16&#8243; custom_padding=&#8221;|||&#8221; global_colors_info=&#8221;{}&#8221; custom_padding__hover=&#8221;|||&#8221;][et_pb_sidebar area=&#8221;sidebar-1&#8243; _builder_version=&#8221;4.16&#8243; z_index_tablet=&#8221;500&#8243; global_colors_info=&#8221;{}&#8221;][\/et_pb_sidebar][\/et_pb_column][\/et_pb_row][\/et_pb_section]<\/p>\n","protected":false},"excerpt":{"rendered":"<p>Im Rahmen der Aktion \u201eRauchen passt nicht mehr zu mir\u201c von VIVID \u2013 Fachstelle f\u00fcr Suchtpr\u00e4vention erz\u00e4hlten 291 Ex-Raucher\/innen, warum sie aufgeh\u00f6rt haben. Die Motive reichen vom Wunsch, dass die Zigarette nicht das eigene Leben bestimmt bis zum Wunsch, ein gutes Vorbild f\u00fcr sein Kind zu sein. Anl\u00e4sslich des Weltnichtrauchertags regten echte Ex-Raucher\/innen mit ihren echten Rauchstopp-Motiven auf Plakaten zum Rauchstopp an.<\/p>\n","protected":false},"author":25,"featured_media":0,"comment_status":"open","ping_status":"open","sticky":false,"template":"","format":"standard","meta":{"_et_pb_use_builder":"on","_et_pb_old_content":"","_et_gb_content_width":"","footnotes":""},"categories":[235,234,233],"tags":[],"class_list":["post-16938","post","type-post","status-publish","format-standard","hentry","category-gesundheit-und-rauchstopp","category-oesterreichweite-angebote-zur-entwoehnung","category-unterstuetzung-beim-rauchstopp"],"yoast_head":"<!-- This site is optimized with the Yoast SEO plugin v26.2 - https:\/\/yoast.com\/wordpress\/plugins\/seo\/ -->\n<title>Rauchen passt nicht mehr zu mir! - Rauchfrei Telefon<\/title>\n<meta name=\"robots\" content=\"index, follow, max-snippet:-1, max-image-preview:large, max-video-preview:-1\" \/>\n<link rel=\"canonical\" href=\"https:\/\/rauchfrei.at\/rauchen-passt-nicht-mehr-zu-mir-2\/\" \/>\n<meta property=\"og:locale\" content=\"en_US\" \/>\n<meta property=\"og:type\" content=\"article\" \/>\n<meta property=\"og:title\" content=\"Rauchen passt nicht mehr zu mir! - Rauchfrei Telefon\" \/>\n<meta property=\"og:description\" content=\"Im Rahmen der Aktion \u201eRauchen passt nicht mehr zu mir\u201c von VIVID \u2013 Fachstelle f\u00fcr Suchtpr\u00e4vention erz\u00e4hlten 291 Ex-Raucher\/innen, warum sie aufgeh\u00f6rt haben. Die Motive reichen vom Wunsch, dass die Zigarette nicht das eigene Leben bestimmt bis zum Wunsch, ein gutes Vorbild f\u00fcr sein Kind zu sein. Anl\u00e4sslich des Weltnichtrauchertags regten echte Ex-Raucher\/innen mit ihren echten Rauchstopp-Motiven auf Plakaten zum Rauchstopp an.\" \/>\n<meta property=\"og:url\" content=\"https:\/\/rauchfrei.at\/rauchen-passt-nicht-mehr-zu-mir-2\/\" \/>\n<meta property=\"og:site_name\" content=\"Rauchfrei Telefon\" \/>\n<meta property=\"article:published_time\" content=\"2019-06-07T08:00:07+00:00\" \/>\n<meta property=\"article:modified_time\" content=\"2022-05-25T10:03:10+00:00\" \/>\n<meta property=\"og:image\" content=\"https:\/\/rauchfrei.at\/wp-content\/uploads\/PK-Weltnichtrauchertag-2019-VIVID-002-480x320.jpg\" \/>\n<meta name=\"author\" content=\"Rauchfrei Team\" \/>\n<meta name=\"twitter:card\" content=\"summary_large_image\" \/>\n<meta name=\"twitter:label1\" content=\"Written by\" \/>\n\t<meta name=\"twitter:data1\" content=\"Rauchfrei Team\" \/>\n\t<meta name=\"twitter:label2\" content=\"Est. reading time\" \/>\n\t<meta name=\"twitter:data2\" content=\"3 minutes\" \/>\n<script type=\"application\/ld+json\" class=\"yoast-schema-graph\">{\"@context\":\"https:\/\/schema.org\",\"@graph\":[{\"@type\":\"WebPage\",\"@id\":\"https:\/\/rauchfrei.at\/rauchen-passt-nicht-mehr-zu-mir-2\/\",\"url\":\"https:\/\/rauchfrei.at\/rauchen-passt-nicht-mehr-zu-mir-2\/\",\"name\":\"Rauchen passt nicht mehr zu mir! - Rauchfrei Telefon\",\"isPartOf\":{\"@id\":\"https:\/\/rauchfrei.at\/#website\"},\"primaryImageOfPage\":{\"@id\":\"https:\/\/rauchfrei.at\/rauchen-passt-nicht-mehr-zu-mir-2\/#primaryimage\"},\"image\":{\"@id\":\"https:\/\/rauchfrei.at\/rauchen-passt-nicht-mehr-zu-mir-2\/#primaryimage\"},\"thumbnailUrl\":\"https:\/\/rauchfrei.at\/wp-content\/uploads\/PK-Weltnichtrauchertag-2019-VIVID-002-480x320.jpg\",\"datePublished\":\"2019-06-07T08:00:07+00:00\",\"dateModified\":\"2022-05-25T10:03:10+00:00\",\"author\":{\"@id\":\"https:\/\/rauchfrei.at\/#\/schema\/person\/504bbf90c5482004fc09aef6de7f9277\"},\"inLanguage\":\"en-US\",\"potentialAction\":[{\"@type\":\"ReadAction\",\"target\":[\"https:\/\/rauchfrei.at\/rauchen-passt-nicht-mehr-zu-mir-2\/\"]}]},{\"@type\":\"ImageObject\",\"inLanguage\":\"en-US\",\"@id\":\"https:\/\/rauchfrei.at\/rauchen-passt-nicht-mehr-zu-mir-2\/#primaryimage\",\"url\":\"https:\/\/rauchfrei.at\/wp-content\/uploads\/PK-Weltnichtrauchertag-2019-VIVID-002-480x320.jpg\",\"contentUrl\":\"https:\/\/rauchfrei.at\/wp-content\/uploads\/PK-Weltnichtrauchertag-2019-VIVID-002-480x320.jpg\"},{\"@type\":\"WebSite\",\"@id\":\"https:\/\/rauchfrei.at\/#website\",\"url\":\"https:\/\/rauchfrei.at\/\",\"name\":\"Rauchfrei Telefon\",\"description\":\"Eine \u00f6sterreichweite Initiative der Sozialversicherungen.\",\"potentialAction\":[{\"@type\":\"SearchAction\",\"target\":{\"@type\":\"EntryPoint\",\"urlTemplate\":\"https:\/\/rauchfrei.at\/?s={search_term_string}\"},\"query-input\":{\"@type\":\"PropertyValueSpecification\",\"valueRequired\":true,\"valueName\":\"search_term_string\"}}],\"inLanguage\":\"en-US\"},{\"@type\":\"Person\",\"@id\":\"https:\/\/rauchfrei.at\/#\/schema\/person\/504bbf90c5482004fc09aef6de7f9277\",\"name\":\"Rauchfrei Team\",\"image\":{\"@type\":\"ImageObject\",\"inLanguage\":\"en-US\",\"@id\":\"https:\/\/rauchfrei.at\/#\/schema\/person\/image\/\",\"url\":\"https:\/\/secure.gravatar.com\/avatar\/2115b79a00800516fa1523bb5a329611f90e73e89be559131fc7e82b4fdc95ff?s=96&d=mm&r=g\",\"contentUrl\":\"https:\/\/secure.gravatar.com\/avatar\/2115b79a00800516fa1523bb5a329611f90e73e89be559131fc7e82b4fdc95ff?s=96&d=mm&r=g\",\"caption\":\"Rauchfrei Team\"},\"url\":\"https:\/\/rauchfrei.at\/en\/author\/rauchfrei-team\/\"}]}<\/script>\n<!-- \/ Yoast SEO plugin. -->","yoast_head_json":{"title":"Rauchen passt nicht mehr zu mir! - Rauchfrei Telefon","robots":{"index":"index","follow":"follow","max-snippet":"max-snippet:-1","max-image-preview":"max-image-preview:large","max-video-preview":"max-video-preview:-1"},"canonical":"https:\/\/rauchfrei.at\/rauchen-passt-nicht-mehr-zu-mir-2\/","og_locale":"en_US","og_type":"article","og_title":"Rauchen passt nicht mehr zu mir! - Rauchfrei Telefon","og_description":"Im Rahmen der Aktion \u201eRauchen passt nicht mehr zu mir\u201c von VIVID \u2013 Fachstelle f\u00fcr Suchtpr\u00e4vention erz\u00e4hlten 291 Ex-Raucher\/innen, warum sie aufgeh\u00f6rt haben. Die Motive reichen vom Wunsch, dass die Zigarette nicht das eigene Leben bestimmt bis zum Wunsch, ein gutes Vorbild f\u00fcr sein Kind zu sein. Anl\u00e4sslich des Weltnichtrauchertags regten echte Ex-Raucher\/innen mit ihren echten Rauchstopp-Motiven auf Plakaten zum Rauchstopp an.","og_url":"https:\/\/rauchfrei.at\/rauchen-passt-nicht-mehr-zu-mir-2\/","og_site_name":"Rauchfrei Telefon","article_published_time":"2019-06-07T08:00:07+00:00","article_modified_time":"2022-05-25T10:03:10+00:00","og_image":[{"url":"https:\/\/rauchfrei.at\/wp-content\/uploads\/PK-Weltnichtrauchertag-2019-VIVID-002-480x320.jpg","type":"","width":"","height":""}],"author":"Rauchfrei Team","twitter_card":"summary_large_image","twitter_misc":{"Written by":"Rauchfrei Team","Est. reading time":"3 minutes"},"schema":{"@context":"https:\/\/schema.org","@graph":[{"@type":"WebPage","@id":"https:\/\/rauchfrei.at\/rauchen-passt-nicht-mehr-zu-mir-2\/","url":"https:\/\/rauchfrei.at\/rauchen-passt-nicht-mehr-zu-mir-2\/","name":"Rauchen passt nicht mehr zu mir! - Rauchfrei Telefon","isPartOf":{"@id":"https:\/\/rauchfrei.at\/#website"},"primaryImageOfPage":{"@id":"https:\/\/rauchfrei.at\/rauchen-passt-nicht-mehr-zu-mir-2\/#primaryimage"},"image":{"@id":"https:\/\/rauchfrei.at\/rauchen-passt-nicht-mehr-zu-mir-2\/#primaryimage"},"thumbnailUrl":"https:\/\/rauchfrei.at\/wp-content\/uploads\/PK-Weltnichtrauchertag-2019-VIVID-002-480x320.jpg","datePublished":"2019-06-07T08:00:07+00:00","dateModified":"2022-05-25T10:03:10+00:00","author":{"@id":"https:\/\/rauchfrei.at\/#\/schema\/person\/504bbf90c5482004fc09aef6de7f9277"},"inLanguage":"en-US","potentialAction":[{"@type":"ReadAction","target":["https:\/\/rauchfrei.at\/rauchen-passt-nicht-mehr-zu-mir-2\/"]}]},{"@type":"ImageObject","inLanguage":"en-US","@id":"https:\/\/rauchfrei.at\/rauchen-passt-nicht-mehr-zu-mir-2\/#primaryimage","url":"https:\/\/rauchfrei.at\/wp-content\/uploads\/PK-Weltnichtrauchertag-2019-VIVID-002-480x320.jpg","contentUrl":"https:\/\/rauchfrei.at\/wp-content\/uploads\/PK-Weltnichtrauchertag-2019-VIVID-002-480x320.jpg"},{"@type":"WebSite","@id":"https:\/\/rauchfrei.at\/#website","url":"https:\/\/rauchfrei.at\/","name":"Rauchfrei Telefon","description":"Eine \u00f6sterreichweite Initiative der Sozialversicherungen.","potentialAction":[{"@type":"SearchAction","target":{"@type":"EntryPoint","urlTemplate":"https:\/\/rauchfrei.at\/?s={search_term_string}"},"query-input":{"@type":"PropertyValueSpecification","valueRequired":true,"valueName":"search_term_string"}}],"inLanguage":"en-US"},{"@type":"Person","@id":"https:\/\/rauchfrei.at\/#\/schema\/person\/504bbf90c5482004fc09aef6de7f9277","name":"Rauchfrei Team","image":{"@type":"ImageObject","inLanguage":"en-US","@id":"https:\/\/rauchfrei.at\/#\/schema\/person\/image\/","url":"https:\/\/secure.gravatar.com\/avatar\/2115b79a00800516fa1523bb5a329611f90e73e89be559131fc7e82b4fdc95ff?s=96&d=mm&r=g","contentUrl":"https:\/\/secure.gravatar.com\/avatar\/2115b79a00800516fa1523bb5a329611f90e73e89be559131fc7e82b4fdc95ff?s=96&d=mm&r=g","caption":"Rauchfrei Team"},"url":"https:\/\/rauchfrei.at\/en\/author\/rauchfrei-team\/"}]}},"_links":{"self":[{"href":"https:\/\/rauchfrei.at\/en\/wp-json\/wp\/v2\/posts\/16938","targetHints":{"allow":["GET"]}}],"collection":[{"href":"https:\/\/rauchfrei.at\/en\/wp-json\/wp\/v2\/posts"}],"about":[{"href":"https:\/\/rauchfrei.at\/en\/wp-json\/wp\/v2\/types\/post"}],"author":[{"embeddable":true,"href":"https:\/\/rauchfrei.at\/en\/wp-json\/wp\/v2\/users\/25"}],"replies":[{"embeddable":true,"href":"https:\/\/rauchfrei.at\/en\/wp-json\/wp\/v2\/comments?post=16938"}],"version-history":[{"count":8,"href":"https:\/\/rauchfrei.at\/en\/wp-json\/wp\/v2\/posts\/16938\/revisions"}],"predecessor-version":[{"id":24013,"href":"https:\/\/rauchfrei.at\/en\/wp-json\/wp\/v2\/posts\/16938\/revisions\/24013"}],"wp:attachment":[{"href":"https:\/\/rauchfrei.at\/en\/wp-json\/wp\/v2\/media?parent=16938"}],"wp:term":[{"taxonomy":"category","embeddable":true,"href":"https:\/\/rauchfrei.at\/en\/wp-json\/wp\/v2\/categories?post=16938"},{"taxonomy":"post_tag","embeddable":true,"href":"https:\/\/rauchfrei.at\/en\/wp-json\/wp\/v2\/tags?post=16938"}],"curies":[{"name":"wp","href":"https:\/\/api.w.org\/{rel}","templated":true}]}}