
{"id":16963,"date":"2019-06-17T10:00:53","date_gmt":"2019-06-17T08:00:53","guid":{"rendered":"https:\/\/rauchfrei.at\/?p=16963"},"modified":"2019-06-14T17:24:03","modified_gmt":"2019-06-14T15:24:03","slug":"rauchfreie-umgebung-von-anfang-an","status":"publish","type":"post","link":"https:\/\/rauchfrei.at\/en\/rauchfreie-umgebung-von-anfang-an\/","title":{"rendered":"Rauchfreie Umgebung von Anfang an!"},"content":{"rendered":"<p>[et_pb_section bb_built=&#8221;1&#8243; fullwidth=&#8221;off&#8221; specialty=&#8221;off&#8221; _builder_version=&#8221;3.0.99&#8243; module_class=&#8221;header&#8221; next_background_color=&#8221;#000000&#8243;][et_pb_row _builder_version=&#8221;3.0.99&#8243;][et_pb_column type=&#8221;4_4&#8243;][et_pb_dp_dmb_module_10001 _builder_version=&#8221;3.21.1&#8243; subheadline=&#8221;Eine Kampagne der O\u00d6GKK.&#8221; z_index_tablet=&#8221;500&#8243; \/][\/et_pb_column][\/et_pb_row][\/et_pb_section][et_pb_section bb_built=&#8221;1&#8243; _builder_version=&#8221;3.0.99&#8243; custom_padding=&#8221;30px|||&#8221; prev_background_color=&#8221;#000000&#8243;][et_pb_row _builder_version=&#8221;3.0.99&#8243; module_class_2=&#8221;cat-and-tag&#8221; module_class_1=&#8221;blog-content&#8221;][et_pb_column type=&#8221;2_3&#8243;][et_pb_text _builder_version=&#8221;3.21.1&#8243; z_index_tablet=&#8221;500&#8243;]<\/p>\n<p>Rauchen schadet! Ganz was Neues? Eher nicht, aber immer noch wird vielfach untersch\u00e4tzt, dass auch Passivrauch gef\u00e4hrlich ist. Dritthandrauch ist \u00fcberhaupt oft gar nicht bekannt.<\/p>\n<p>Beim Rauchen entstehen durch die Verbrennung viele giftige Stoffe, auch in Form von Feinstaub. Diese Feinstaubpartikel setzen sich an allen Oberfl\u00e4chen fest und bleiben dort noch lange, nachdem geraucht wurde. L\u00fcften hilft da nicht.<\/p>\n<p>Auch nach Wochen und Monaten sind diese Schadstoffe noch nachweisbar. Geringe Mengen haben Auswirkungen auf unseren K\u00f6rper, viele der Stoffe sind krebserregend.<\/p>\n<p>Wer drinnen raucht, schadet also nicht nur seiner Gesundheit, sondern auch der Gesundheit derer, die sich noch in den R\u00e4umen aufhalten. Vor allem Kinder sind dieser Gefahr besonders ausgesetzt, nicht nur, weil sie oft am Boden herumkrabbeln, so den Feinstaub aufwirbeln und einatmen, sondern auch weil ihre K\u00f6rper sich noch in Entwicklung befinden und daher sensibler f\u00fcr Schadstoffe sind.<\/p>\n<p>Wer nur drau\u00dfen raucht, leistet einen wichtigen Beitrag f\u00fcr die eigene Gesundheit und die der Umgebung.<\/p>\n<p><strong>Hier ist das Video der O\u00d6GKK:<\/strong><\/p>\n<p>[\/et_pb_text][et_pb_video _builder_version=&#8221;3.21.1&#8243; src=&#8221;https:\/\/www.youtube.com\/watch?v=a3wZ0B-9-Hk&#8221; src_webm=&#8221;https:\/\/www.youtube.com\/watch?v=a3wZ0B-9-Hk&#8221; z_index_tablet=&#8221;500&#8243; image_src=&#8221;https:\/\/www.youtube.com\/watch?v=a3wZ0B-9-Hk&#8221; \/][et_pb_text _builder_version=&#8221;3.21.1&#8243; z_index_tablet=&#8221;500&#8243;]<\/p>\n<p>Wichtig ist es ein paar einfache Dinge zu beachten, die O\u00d6GKK hat sie in einer Checkliste zusammengefasst:<\/p>\n<p><strong>Checkliste f\u00fcr Drau\u00dfen-Raucher\/innen:<\/strong><\/p>\n<ul>\n<li>Fenster und T\u00fcren beim Rauchen immer geschlossen halten<\/li>\n<li>Nach dem Rauchen die H\u00e4nde gr\u00fcndlich mit Seife waschen<\/li>\n<li>verrauchte Kleidung waschen<\/li>\n<li>Raucher\/innen sollen beim Rauchen was \u00fcberziehen, und Jacke und Kopfbedeckung drau\u00dfen h\u00e4ngen lassen<\/li>\n<\/ul>\n<p><strong>Checkliste f\u00fcr ein rauchfreies Zuhause:<\/strong><\/p>\n<p>Wer drinnen einmal geraucht hat, sollte seine Wohnung nun endg\u00fcltig rauchfrei machen. Als kalter Rauch oder Dritthandrauch wird dieser Tabakrauch bezeichnet, der sich hartn\u00e4ckig ablagert. Giftige R\u00fcckst\u00e4nde, die lange nach der letzten Zigarette noch vorhanden sind, k\u00f6nnen teilweise beseitigt werden:<\/p>\n<ul>\n<li>Wohnung gut durchl\u00fcften<\/li>\n<li>M\u00f6bel gr\u00fcndlich s\u00e4ubern<\/li>\n<li>Boden feucht wischen<\/li>\n<li>Fensterscheiben gut reinigen<\/li>\n<li>Spielzeug reinigen und Stofftiere waschen<\/li>\n<li>W\u00e4nde neu ausmalen, am besten mit eigenen Nikotinschutzfarben<\/li>\n<li>Vorh\u00e4nge, Tischw\u00e4sche, Decken, Polster\u00fcberz\u00fcge etc. waschen<\/li>\n<\/ul>\n<p><strong><u>Link: <\/u><\/strong><a href=\"http:\/\/www.oegkk.at\"><strong>www.oegkk.at<\/strong><\/a><\/p>\n<p>[\/et_pb_text][et_pb_post_nav _builder_version=&#8221;3.21.1&#8243; in_same_term=&#8221;off&#8221; show_prev=&#8221;on&#8221; show_next=&#8221;on&#8221; \/][\/et_pb_column][et_pb_column type=&#8221;1_3&#8243;][et_pb_sidebar _builder_version=&#8221;3.0.99&#8243; area=&#8221;et_pb_widget_area_1&#8243; orientation=&#8221;left&#8221; show_border=&#8221;on&#8221; background_layout=&#8221;light&#8221; \/][\/et_pb_column][\/et_pb_row][\/et_pb_section]<\/p>\n","protected":false},"excerpt":{"rendered":"<p>Mit dem Video \u201eRauchfreie Umgebung von Anfang an!\u201c macht die O\u00d6GKK auf das wichtige Thema des Passiv- und Dritthandrauchs aufmerksam.\u00a0Anschaulich wird dargestellt wieso rauchfreie Innenr\u00e4ume so wichtig sind und gezeigt wie es gelingt sie zu schaffen.<\/p>\n","protected":false},"author":25,"featured_media":0,"comment_status":"open","ping_status":"open","sticky":false,"template":"","format":"standard","meta":{"_et_pb_use_builder":"on","_et_pb_old_content":"","_et_gb_content_width":"","footnotes":""},"categories":[236],"tags":[],"class_list":["post-16963","post","type-post","status-publish","format-standard","hentry","category-nicht-kategorisiert"],"yoast_head":"<!-- This site is optimized with the Yoast SEO plugin v26.2 - https:\/\/yoast.com\/wordpress\/plugins\/seo\/ -->\n<title>Rauchfreie Umgebung von Anfang an! - Rauchfrei Telefon<\/title>\n<meta name=\"robots\" content=\"index, follow, max-snippet:-1, max-image-preview:large, max-video-preview:-1\" \/>\n<link rel=\"canonical\" href=\"https:\/\/rauchfrei.at\/rauchfreie-umgebung-von-anfang-an\/\" \/>\n<meta property=\"og:locale\" content=\"en_US\" \/>\n<meta property=\"og:type\" content=\"article\" \/>\n<meta property=\"og:title\" content=\"Rauchfreie Umgebung von Anfang an! - Rauchfrei Telefon\" \/>\n<meta property=\"og:description\" content=\"Mit dem Video \u201eRauchfreie Umgebung von Anfang an!\u201c macht die O\u00d6GKK auf das wichtige Thema des Passiv- und Dritthandrauchs aufmerksam.\u00a0Anschaulich wird dargestellt wieso rauchfreie Innenr\u00e4ume so wichtig sind und gezeigt wie es gelingt sie zu schaffen.\" \/>\n<meta property=\"og:url\" content=\"https:\/\/rauchfrei.at\/rauchfreie-umgebung-von-anfang-an\/\" \/>\n<meta property=\"og:site_name\" content=\"Rauchfrei Telefon\" \/>\n<meta property=\"article:published_time\" content=\"2019-06-17T08:00:53+00:00\" \/>\n<meta name=\"author\" content=\"Rauchfrei Team\" \/>\n<meta name=\"twitter:card\" content=\"summary_large_image\" \/>\n<meta name=\"twitter:label1\" content=\"Written by\" \/>\n\t<meta name=\"twitter:data1\" content=\"Rauchfrei Team\" \/>\n\t<meta name=\"twitter:label2\" content=\"Est. reading time\" \/>\n\t<meta name=\"twitter:data2\" content=\"3 minutes\" \/>\n<script type=\"application\/ld+json\" class=\"yoast-schema-graph\">{\"@context\":\"https:\/\/schema.org\",\"@graph\":[{\"@type\":\"WebPage\",\"@id\":\"https:\/\/rauchfrei.at\/rauchfreie-umgebung-von-anfang-an\/\",\"url\":\"https:\/\/rauchfrei.at\/rauchfreie-umgebung-von-anfang-an\/\",\"name\":\"Rauchfreie Umgebung von Anfang an! - Rauchfrei Telefon\",\"isPartOf\":{\"@id\":\"https:\/\/rauchfrei.at\/#website\"},\"datePublished\":\"2019-06-17T08:00:53+00:00\",\"author\":{\"@id\":\"https:\/\/rauchfrei.at\/#\/schema\/person\/504bbf90c5482004fc09aef6de7f9277\"},\"inLanguage\":\"en-US\",\"potentialAction\":[{\"@type\":\"ReadAction\",\"target\":[\"https:\/\/rauchfrei.at\/rauchfreie-umgebung-von-anfang-an\/\"]}]},{\"@type\":\"WebSite\",\"@id\":\"https:\/\/rauchfrei.at\/#website\",\"url\":\"https:\/\/rauchfrei.at\/\",\"name\":\"Rauchfrei Telefon\",\"description\":\"Eine \u00f6sterreichweite Initiative der Sozialversicherungen.\",\"potentialAction\":[{\"@type\":\"SearchAction\",\"target\":{\"@type\":\"EntryPoint\",\"urlTemplate\":\"https:\/\/rauchfrei.at\/?s={search_term_string}\"},\"query-input\":{\"@type\":\"PropertyValueSpecification\",\"valueRequired\":true,\"valueName\":\"search_term_string\"}}],\"inLanguage\":\"en-US\"},{\"@type\":\"Person\",\"@id\":\"https:\/\/rauchfrei.at\/#\/schema\/person\/504bbf90c5482004fc09aef6de7f9277\",\"name\":\"Rauchfrei Team\",\"image\":{\"@type\":\"ImageObject\",\"inLanguage\":\"en-US\",\"@id\":\"https:\/\/rauchfrei.at\/#\/schema\/person\/image\/\",\"url\":\"https:\/\/secure.gravatar.com\/avatar\/2115b79a00800516fa1523bb5a329611f90e73e89be559131fc7e82b4fdc95ff?s=96&d=mm&r=g\",\"contentUrl\":\"https:\/\/secure.gravatar.com\/avatar\/2115b79a00800516fa1523bb5a329611f90e73e89be559131fc7e82b4fdc95ff?s=96&d=mm&r=g\",\"caption\":\"Rauchfrei Team\"},\"url\":\"https:\/\/rauchfrei.at\/en\/author\/rauchfrei-team\/\"}]}<\/script>\n<!-- \/ Yoast SEO plugin. -->","yoast_head_json":{"title":"Rauchfreie Umgebung von Anfang an! - Rauchfrei Telefon","robots":{"index":"index","follow":"follow","max-snippet":"max-snippet:-1","max-image-preview":"max-image-preview:large","max-video-preview":"max-video-preview:-1"},"canonical":"https:\/\/rauchfrei.at\/rauchfreie-umgebung-von-anfang-an\/","og_locale":"en_US","og_type":"article","og_title":"Rauchfreie Umgebung von Anfang an! - Rauchfrei Telefon","og_description":"Mit dem Video \u201eRauchfreie Umgebung von Anfang an!\u201c macht die O\u00d6GKK auf das wichtige Thema des Passiv- und Dritthandrauchs aufmerksam.\u00a0Anschaulich wird dargestellt wieso rauchfreie Innenr\u00e4ume so wichtig sind und gezeigt wie es gelingt sie zu schaffen.","og_url":"https:\/\/rauchfrei.at\/rauchfreie-umgebung-von-anfang-an\/","og_site_name":"Rauchfrei Telefon","article_published_time":"2019-06-17T08:00:53+00:00","author":"Rauchfrei Team","twitter_card":"summary_large_image","twitter_misc":{"Written by":"Rauchfrei Team","Est. reading time":"3 minutes"},"schema":{"@context":"https:\/\/schema.org","@graph":[{"@type":"WebPage","@id":"https:\/\/rauchfrei.at\/rauchfreie-umgebung-von-anfang-an\/","url":"https:\/\/rauchfrei.at\/rauchfreie-umgebung-von-anfang-an\/","name":"Rauchfreie Umgebung von Anfang an! - Rauchfrei Telefon","isPartOf":{"@id":"https:\/\/rauchfrei.at\/#website"},"datePublished":"2019-06-17T08:00:53+00:00","author":{"@id":"https:\/\/rauchfrei.at\/#\/schema\/person\/504bbf90c5482004fc09aef6de7f9277"},"inLanguage":"en-US","potentialAction":[{"@type":"ReadAction","target":["https:\/\/rauchfrei.at\/rauchfreie-umgebung-von-anfang-an\/"]}]},{"@type":"WebSite","@id":"https:\/\/rauchfrei.at\/#website","url":"https:\/\/rauchfrei.at\/","name":"Rauchfrei Telefon","description":"Eine \u00f6sterreichweite Initiative der Sozialversicherungen.","potentialAction":[{"@type":"SearchAction","target":{"@type":"EntryPoint","urlTemplate":"https:\/\/rauchfrei.at\/?s={search_term_string}"},"query-input":{"@type":"PropertyValueSpecification","valueRequired":true,"valueName":"search_term_string"}}],"inLanguage":"en-US"},{"@type":"Person","@id":"https:\/\/rauchfrei.at\/#\/schema\/person\/504bbf90c5482004fc09aef6de7f9277","name":"Rauchfrei Team","image":{"@type":"ImageObject","inLanguage":"en-US","@id":"https:\/\/rauchfrei.at\/#\/schema\/person\/image\/","url":"https:\/\/secure.gravatar.com\/avatar\/2115b79a00800516fa1523bb5a329611f90e73e89be559131fc7e82b4fdc95ff?s=96&d=mm&r=g","contentUrl":"https:\/\/secure.gravatar.com\/avatar\/2115b79a00800516fa1523bb5a329611f90e73e89be559131fc7e82b4fdc95ff?s=96&d=mm&r=g","caption":"Rauchfrei Team"},"url":"https:\/\/rauchfrei.at\/en\/author\/rauchfrei-team\/"}]}},"_links":{"self":[{"href":"https:\/\/rauchfrei.at\/en\/wp-json\/wp\/v2\/posts\/16963","targetHints":{"allow":["GET"]}}],"collection":[{"href":"https:\/\/rauchfrei.at\/en\/wp-json\/wp\/v2\/posts"}],"about":[{"href":"https:\/\/rauchfrei.at\/en\/wp-json\/wp\/v2\/types\/post"}],"author":[{"embeddable":true,"href":"https:\/\/rauchfrei.at\/en\/wp-json\/wp\/v2\/users\/25"}],"replies":[{"embeddable":true,"href":"https:\/\/rauchfrei.at\/en\/wp-json\/wp\/v2\/comments?post=16963"}],"version-history":[{"count":5,"href":"https:\/\/rauchfrei.at\/en\/wp-json\/wp\/v2\/posts\/16963\/revisions"}],"predecessor-version":[{"id":16976,"href":"https:\/\/rauchfrei.at\/en\/wp-json\/wp\/v2\/posts\/16963\/revisions\/16976"}],"wp:attachment":[{"href":"https:\/\/rauchfrei.at\/en\/wp-json\/wp\/v2\/media?parent=16963"}],"wp:term":[{"taxonomy":"category","embeddable":true,"href":"https:\/\/rauchfrei.at\/en\/wp-json\/wp\/v2\/categories?post=16963"},{"taxonomy":"post_tag","embeddable":true,"href":"https:\/\/rauchfrei.at\/en\/wp-json\/wp\/v2\/tags?post=16963"}],"curies":[{"name":"wp","href":"https:\/\/api.w.org\/{rel}","templated":true}]}}