
{"id":16985,"date":"2019-06-24T10:00:18","date_gmt":"2019-06-24T08:00:18","guid":{"rendered":"https:\/\/rauchfrei.at\/?p=16985"},"modified":"2019-10-02T14:01:12","modified_gmt":"2019-10-02T12:01:12","slug":"es-stinkt-mir","status":"publish","type":"post","link":"https:\/\/rauchfrei.at\/en\/es-stinkt-mir\/","title":{"rendered":"\u201eEs stinkt mir\u201c"},"content":{"rendered":"<p>[et_pb_section bb_built=&#8221;1&#8243; fullwidth=&#8221;off&#8221; specialty=&#8221;off&#8221; _builder_version=&#8221;3.0.99&#8243; module_class=&#8221;header&#8221; next_background_color=&#8221;#000000&#8243;][et_pb_row _builder_version=&#8221;3.0.99&#8243;][et_pb_column type=&#8221;4_4&#8243;][et_pb_dp_dmb_module_10001 _builder_version=&#8221;3.21.1&#8243; subheadline=&#8221;Grund f\u00fcr den Rauchstopp: Der Geruch?&#8221; z_index_tablet=&#8221;500&#8243; \/][\/et_pb_column][\/et_pb_row][\/et_pb_section][et_pb_section bb_built=&#8221;1&#8243; _builder_version=&#8221;3.0.99&#8243; custom_padding=&#8221;30px|||&#8221; prev_background_color=&#8221;#000000&#8243;][et_pb_row _builder_version=&#8221;3.0.99&#8243; module_class_2=&#8221;cat-and-tag&#8221; module_class_1=&#8221;blog-content&#8221;][et_pb_column type=&#8221;2_3&#8243;][et_pb_text _builder_version=&#8221;3.21.1&#8243; z_index_tablet=&#8221;500&#8243;]<\/p>\n<p>Seit dem Jahr 2004 wird am 27. Juni der \u201eWeltdufttag\u201c gefeiert. Dieser steht ganz im Zeichen der angenehmen Ger\u00fcche.<\/p>\n<p>Ger\u00fcche beeinflussen uns mehr als wir glauben. Menschen reagieren auf D\u00fcfte unbewusst sehr schnell, schneller als auf T\u00f6ne oder Bilder. Das Riechorgan ist biologisch wichtig f\u00fcr uns, es sch\u00fctzt uns zum Beispiel vor verdorbenen Speisen oder gef\u00e4hrlichen Gas- oder Brandger\u00fcchen.<\/p>\n<p>Es gibt viele Gr\u00fcnde f\u00fcr den Rauchstopp, immer wieder ist es auch der Gestank der Zigaretten, der als unangenehm empfunden wird.<\/p>\n<p>Immer der Nase nach in die Rauchfreiheit? St\u00f6rt Sie der Geruch des Rauches auch? Die Kleidung, die Haare, die nach Rauch stinken sind Ihnen unangenehm? Wir helfen Ihnen bei der Vorbereitung und Umsetzung des Rauchstopps.<\/p>\n<p><strong>Genuss &#8211; eine Alternative zum Rauchen?<\/strong><\/p>\n<p>F\u00fcr die Umsetzung des Rauchstopps ist es wichtig sein Verhalten zu hinterfragen und Alternativen zum Rauchen zu finden.<\/p>\n<p>Atemtechniken, Belohnungen und Pausen sind Beispiele daf\u00fcr. Weitere Beispiele finden <a href=\"https:\/\/rauchfrei.at\/alternativen\" target=\"_blank\" rel=\"noopener noreferrer\">hier<\/a>.<\/p>\n<p>Nutzen Sie den Rauchstopp und konzentrieren Sie sich st\u00e4rker auf die sinnlichen Eindr\u00fccke, die uns der Geruchssinn bietet: egal ob beim Kochen, im Garten, im Wald oder im Drogeriemarkt.<\/p>\n<p><img loading=\"lazy\" decoding=\"async\" id=\"longdesc-return-16987\" class=\"alignnone size-large wp-image-16987\" tabindex=\"-1\" src=\"https:\/\/rauchfrei.at\/wp-content\/uploads\/shutterstock_682212448-2000px-480x320.jpg\" alt=\"\" width=\"480\" height=\"320\" longdesc=\"https:\/\/rauchfrei.at?longdesc=16987&amp;referrer=16985\" srcset=\"https:\/\/rauchfrei.at\/wp-content\/uploads\/shutterstock_682212448-2000px-480x320.jpg 480w, https:\/\/rauchfrei.at\/wp-content\/uploads\/shutterstock_682212448-2000px-225x150.jpg 225w, https:\/\/rauchfrei.at\/wp-content\/uploads\/shutterstock_682212448-2000px-768x512.jpg 768w, https:\/\/rauchfrei.at\/wp-content\/uploads\/shutterstock_682212448-2000px-1080x720.jpg 1080w, https:\/\/rauchfrei.at\/wp-content\/uploads\/shutterstock_682212448-2000px.jpg 2000w\" sizes=\"(max-width: 480px) 100vw, 480px\" \/>(C)Shutterstock<\/p>\n<p>Belohnen Sie sich nach dem Rauchstopp etwa mit einer angenehm duftenden Creme, einem gut riechenden Vollbad oder einem Parfum.<\/p>\n<p>[\/et_pb_text][et_pb_post_nav _builder_version=&#8221;3.21.1&#8243; in_same_term=&#8221;off&#8221; z_index_tablet=&#8221;500&#8243; \/][\/et_pb_column][et_pb_column type=&#8221;1_3&#8243;][et_pb_sidebar _builder_version=&#8221;3.0.99&#8243; area=&#8221;et_pb_widget_area_1&#8243; orientation=&#8221;left&#8221; show_border=&#8221;on&#8221; background_layout=&#8221;light&#8221; \/][\/et_pb_column][\/et_pb_row][\/et_pb_section]<\/p>\n","protected":false},"excerpt":{"rendered":"<p>Der Weltdufttag, ein Aktionstag der etwas ungew\u00f6hnlich erscheint, aber dazu dienen soll die Lebensqualit\u00e4t zu erh\u00f6hen.<\/p>\n","protected":false},"author":25,"featured_media":0,"comment_status":"open","ping_status":"open","sticky":false,"template":"","format":"standard","meta":{"_et_pb_use_builder":"on","_et_pb_old_content":"<p>[et_pb_section bb_built=\"1\" fullwidth=\"off\" specialty=\"off\" _builder_version=\"3.0.99\" module_class=\"header\" next_background_color=\"#000000\"][et_pb_row _builder_version=\"3.0.99\"][et_pb_column type=\"4_4\"][et_pb_dp_dmb_module_10001 _builder_version=\"3.0.99\" subheadline=\"Ein Einleitungstext (H2?), der das Thema beschreibt und kurz zusammenfasst um was es im Artikel geht\" background_layout=\"light\" \/][\/et_pb_column][\/et_pb_row][\/et_pb_section][et_pb_section bb_built=\"1\" _builder_version=\"3.0.99\" custom_padding=\"30px|||\" prev_background_color=\"#000000\"][et_pb_row _builder_version=\"3.0.99\" module_class_2=\"cat-and-tag\" module_class_1=\"blog-content\"][et_pb_column type=\"2_3\"][et_pb_image _builder_version=\"3.0.99\" src=\"https:\/\/rauchfrei.at\/wp-content\/uploads\/grippe_rauchfrei.jpg\" show_in_lightbox=\"off\" url_new_window=\"off\" use_overlay=\"off\" always_center_on_mobile=\"on\" force_fullwidth=\"off\" show_bottom_space=\"on\" \/][et_pb_text _builder_version=\"3.21.1\" background_layout=\"light\"]<\/p><p>Gerade bei grippalen Infekten hat man oft wenig \u00a0Lust auf Zigaretten. \u00a0Also warum diese Zeit nicht gleich f\u00fcr den Rauchstopp n\u00fctzen?<\/p><p>Legen Sie die Zigaretten weg! Probieren Sie sich abzulenken, wenn trotz Husten, Schnupfen und Heiserkeit doch der Gusto auf eine Zigarette kommt. Gut k\u00f6nnen Sie sich mit der<a href=\"https:\/\/rauchfrei.at\/die-3-a-technik\/\" target=\"_blank\" rel=\"noopener noreferrer\"> 3A-Technik <\/a>ablenken.<\/p><blockquote><p>G\u00f6nnen Sie sich und Ihrem <strong>K\u00f6rper etwas Gutes<\/strong>.<\/p><\/blockquote><p>Trinken Sie ein Soda-Zitrone oder bei\u00dfen Sie in einen sauren Apfel. Das kann einerseits die Lust auf eine Zigarette nehmen, andererseits st\u00e4rkt es Ihre Abwehrkr\u00e4fte, damit Sie schnell wieder gesund werden.<\/p><p><img class=\"size-medium wp-image-9843 alignleft\" src=\"https:\/\/rauchfrei.at\/wp-content\/uploads\/shutterstock_734513200_2000px-225x281.jpg\" alt=\"\" width=\"225\" height=\"281\" data-id=\"9843\" \/><\/p><p>Wenn Sie die ersten rauchfreien Tage geschafft haben, g\u00f6nnen Sie sich eine kleine Belohnung als Unterst\u00fctzung und zur Motivation, auch wenn die Grippe vorbei ist, weiterhin rauchfrei zu bleiben.<\/p><p>Die n\u00e4chste Grippewelle kann Sie dann mitunter nicht mehr so ersch\u00fcttern, weil Nichtraucher\/innen ein st\u00e4rkeres Immunsystem haben.<\/p><p>Bei Fragen und Wunsch nach Beratung stehen wir gerne unter 0800 810 013 zur Unterst\u00fctzung.<\/p><p>(C) shutterstock<\/p><p>[\/et_pb_text][et_pb_post_nav _builder_version=\"3.0.99\" in_same_term=\"off\" show_prev=\"on\" show_next=\"on\" \/][\/et_pb_column][et_pb_column type=\"1_3\"][et_pb_sidebar _builder_version=\"3.0.99\" area=\"et_pb_widget_area_1\" orientation=\"left\" show_border=\"on\" background_layout=\"light\" \/][\/et_pb_column][\/et_pb_row][\/et_pb_section]<\/p>","_et_gb_content_width":"","footnotes":""},"categories":[235,236,233],"tags":[],"class_list":["post-16985","post","type-post","status-publish","format-standard","hentry","category-gesundheit-und-rauchstopp","category-nicht-kategorisiert","category-unterstuetzung-beim-rauchstopp"],"yoast_head":"<!-- This site is optimized with the Yoast SEO plugin v26.2 - https:\/\/yoast.com\/wordpress\/plugins\/seo\/ -->\n<title>\u201eEs stinkt mir\u201c - Rauchfrei Telefon<\/title>\n<meta name=\"robots\" content=\"index, follow, max-snippet:-1, max-image-preview:large, max-video-preview:-1\" \/>\n<link rel=\"canonical\" href=\"https:\/\/rauchfrei.at\/es-stinkt-mir\/\" \/>\n<meta property=\"og:locale\" content=\"en_US\" \/>\n<meta property=\"og:type\" content=\"article\" \/>\n<meta property=\"og:title\" content=\"\u201eEs stinkt mir\u201c - Rauchfrei Telefon\" \/>\n<meta property=\"og:description\" content=\"Der Weltdufttag, ein Aktionstag der etwas ungew\u00f6hnlich erscheint, aber dazu dienen soll die Lebensqualit\u00e4t zu erh\u00f6hen.\" \/>\n<meta property=\"og:url\" content=\"https:\/\/rauchfrei.at\/es-stinkt-mir\/\" \/>\n<meta property=\"og:site_name\" content=\"Rauchfrei Telefon\" \/>\n<meta property=\"article:published_time\" content=\"2019-06-24T08:00:18+00:00\" \/>\n<meta property=\"article:modified_time\" content=\"2019-10-02T12:01:12+00:00\" \/>\n<meta property=\"og:image\" content=\"https:\/\/rauchfrei.at\/wp-content\/uploads\/shutterstock_682212448-2000px-480x320.jpg\" \/>\n<meta name=\"author\" content=\"Rauchfrei Team\" \/>\n<meta name=\"twitter:card\" content=\"summary_large_image\" \/>\n<meta name=\"twitter:label1\" content=\"Written by\" \/>\n\t<meta name=\"twitter:data1\" content=\"Rauchfrei Team\" \/>\n\t<meta name=\"twitter:label2\" content=\"Est. reading time\" \/>\n\t<meta name=\"twitter:data2\" content=\"2 minutes\" \/>\n<script type=\"application\/ld+json\" class=\"yoast-schema-graph\">{\"@context\":\"https:\/\/schema.org\",\"@graph\":[{\"@type\":\"WebPage\",\"@id\":\"https:\/\/rauchfrei.at\/es-stinkt-mir\/\",\"url\":\"https:\/\/rauchfrei.at\/es-stinkt-mir\/\",\"name\":\"\u201eEs stinkt mir\u201c - Rauchfrei Telefon\",\"isPartOf\":{\"@id\":\"https:\/\/rauchfrei.at\/#website\"},\"primaryImageOfPage\":{\"@id\":\"https:\/\/rauchfrei.at\/es-stinkt-mir\/#primaryimage\"},\"image\":{\"@id\":\"https:\/\/rauchfrei.at\/es-stinkt-mir\/#primaryimage\"},\"thumbnailUrl\":\"https:\/\/rauchfrei.at\/wp-content\/uploads\/shutterstock_682212448-2000px-480x320.jpg\",\"datePublished\":\"2019-06-24T08:00:18+00:00\",\"dateModified\":\"2019-10-02T12:01:12+00:00\",\"author\":{\"@id\":\"https:\/\/rauchfrei.at\/#\/schema\/person\/504bbf90c5482004fc09aef6de7f9277\"},\"inLanguage\":\"en-US\",\"potentialAction\":[{\"@type\":\"ReadAction\",\"target\":[\"https:\/\/rauchfrei.at\/es-stinkt-mir\/\"]}]},{\"@type\":\"ImageObject\",\"inLanguage\":\"en-US\",\"@id\":\"https:\/\/rauchfrei.at\/es-stinkt-mir\/#primaryimage\",\"url\":\"https:\/\/rauchfrei.at\/wp-content\/uploads\/shutterstock_682212448-2000px-480x320.jpg\",\"contentUrl\":\"https:\/\/rauchfrei.at\/wp-content\/uploads\/shutterstock_682212448-2000px-480x320.jpg\"},{\"@type\":\"WebSite\",\"@id\":\"https:\/\/rauchfrei.at\/#website\",\"url\":\"https:\/\/rauchfrei.at\/\",\"name\":\"Rauchfrei Telefon\",\"description\":\"Eine \u00f6sterreichweite Initiative der Sozialversicherungen.\",\"potentialAction\":[{\"@type\":\"SearchAction\",\"target\":{\"@type\":\"EntryPoint\",\"urlTemplate\":\"https:\/\/rauchfrei.at\/?s={search_term_string}\"},\"query-input\":{\"@type\":\"PropertyValueSpecification\",\"valueRequired\":true,\"valueName\":\"search_term_string\"}}],\"inLanguage\":\"en-US\"},{\"@type\":\"Person\",\"@id\":\"https:\/\/rauchfrei.at\/#\/schema\/person\/504bbf90c5482004fc09aef6de7f9277\",\"name\":\"Rauchfrei Team\",\"image\":{\"@type\":\"ImageObject\",\"inLanguage\":\"en-US\",\"@id\":\"https:\/\/rauchfrei.at\/#\/schema\/person\/image\/\",\"url\":\"https:\/\/secure.gravatar.com\/avatar\/2115b79a00800516fa1523bb5a329611f90e73e89be559131fc7e82b4fdc95ff?s=96&d=mm&r=g\",\"contentUrl\":\"https:\/\/secure.gravatar.com\/avatar\/2115b79a00800516fa1523bb5a329611f90e73e89be559131fc7e82b4fdc95ff?s=96&d=mm&r=g\",\"caption\":\"Rauchfrei Team\"},\"url\":\"https:\/\/rauchfrei.at\/en\/author\/rauchfrei-team\/\"}]}<\/script>\n<!-- \/ Yoast SEO plugin. -->","yoast_head_json":{"title":"\u201eEs stinkt mir\u201c - Rauchfrei Telefon","robots":{"index":"index","follow":"follow","max-snippet":"max-snippet:-1","max-image-preview":"max-image-preview:large","max-video-preview":"max-video-preview:-1"},"canonical":"https:\/\/rauchfrei.at\/es-stinkt-mir\/","og_locale":"en_US","og_type":"article","og_title":"\u201eEs stinkt mir\u201c - Rauchfrei Telefon","og_description":"Der Weltdufttag, ein Aktionstag der etwas ungew\u00f6hnlich erscheint, aber dazu dienen soll die Lebensqualit\u00e4t zu erh\u00f6hen.","og_url":"https:\/\/rauchfrei.at\/es-stinkt-mir\/","og_site_name":"Rauchfrei Telefon","article_published_time":"2019-06-24T08:00:18+00:00","article_modified_time":"2019-10-02T12:01:12+00:00","og_image":[{"url":"https:\/\/rauchfrei.at\/wp-content\/uploads\/shutterstock_682212448-2000px-480x320.jpg","type":"","width":"","height":""}],"author":"Rauchfrei Team","twitter_card":"summary_large_image","twitter_misc":{"Written by":"Rauchfrei Team","Est. reading time":"2 minutes"},"schema":{"@context":"https:\/\/schema.org","@graph":[{"@type":"WebPage","@id":"https:\/\/rauchfrei.at\/es-stinkt-mir\/","url":"https:\/\/rauchfrei.at\/es-stinkt-mir\/","name":"\u201eEs stinkt mir\u201c - Rauchfrei Telefon","isPartOf":{"@id":"https:\/\/rauchfrei.at\/#website"},"primaryImageOfPage":{"@id":"https:\/\/rauchfrei.at\/es-stinkt-mir\/#primaryimage"},"image":{"@id":"https:\/\/rauchfrei.at\/es-stinkt-mir\/#primaryimage"},"thumbnailUrl":"https:\/\/rauchfrei.at\/wp-content\/uploads\/shutterstock_682212448-2000px-480x320.jpg","datePublished":"2019-06-24T08:00:18+00:00","dateModified":"2019-10-02T12:01:12+00:00","author":{"@id":"https:\/\/rauchfrei.at\/#\/schema\/person\/504bbf90c5482004fc09aef6de7f9277"},"inLanguage":"en-US","potentialAction":[{"@type":"ReadAction","target":["https:\/\/rauchfrei.at\/es-stinkt-mir\/"]}]},{"@type":"ImageObject","inLanguage":"en-US","@id":"https:\/\/rauchfrei.at\/es-stinkt-mir\/#primaryimage","url":"https:\/\/rauchfrei.at\/wp-content\/uploads\/shutterstock_682212448-2000px-480x320.jpg","contentUrl":"https:\/\/rauchfrei.at\/wp-content\/uploads\/shutterstock_682212448-2000px-480x320.jpg"},{"@type":"WebSite","@id":"https:\/\/rauchfrei.at\/#website","url":"https:\/\/rauchfrei.at\/","name":"Rauchfrei Telefon","description":"Eine \u00f6sterreichweite Initiative der Sozialversicherungen.","potentialAction":[{"@type":"SearchAction","target":{"@type":"EntryPoint","urlTemplate":"https:\/\/rauchfrei.at\/?s={search_term_string}"},"query-input":{"@type":"PropertyValueSpecification","valueRequired":true,"valueName":"search_term_string"}}],"inLanguage":"en-US"},{"@type":"Person","@id":"https:\/\/rauchfrei.at\/#\/schema\/person\/504bbf90c5482004fc09aef6de7f9277","name":"Rauchfrei Team","image":{"@type":"ImageObject","inLanguage":"en-US","@id":"https:\/\/rauchfrei.at\/#\/schema\/person\/image\/","url":"https:\/\/secure.gravatar.com\/avatar\/2115b79a00800516fa1523bb5a329611f90e73e89be559131fc7e82b4fdc95ff?s=96&d=mm&r=g","contentUrl":"https:\/\/secure.gravatar.com\/avatar\/2115b79a00800516fa1523bb5a329611f90e73e89be559131fc7e82b4fdc95ff?s=96&d=mm&r=g","caption":"Rauchfrei Team"},"url":"https:\/\/rauchfrei.at\/en\/author\/rauchfrei-team\/"}]}},"_links":{"self":[{"href":"https:\/\/rauchfrei.at\/en\/wp-json\/wp\/v2\/posts\/16985","targetHints":{"allow":["GET"]}}],"collection":[{"href":"https:\/\/rauchfrei.at\/en\/wp-json\/wp\/v2\/posts"}],"about":[{"href":"https:\/\/rauchfrei.at\/en\/wp-json\/wp\/v2\/types\/post"}],"author":[{"embeddable":true,"href":"https:\/\/rauchfrei.at\/en\/wp-json\/wp\/v2\/users\/25"}],"replies":[{"embeddable":true,"href":"https:\/\/rauchfrei.at\/en\/wp-json\/wp\/v2\/comments?post=16985"}],"version-history":[{"count":5,"href":"https:\/\/rauchfrei.at\/en\/wp-json\/wp\/v2\/posts\/16985\/revisions"}],"predecessor-version":[{"id":17412,"href":"https:\/\/rauchfrei.at\/en\/wp-json\/wp\/v2\/posts\/16985\/revisions\/17412"}],"wp:attachment":[{"href":"https:\/\/rauchfrei.at\/en\/wp-json\/wp\/v2\/media?parent=16985"}],"wp:term":[{"taxonomy":"category","embeddable":true,"href":"https:\/\/rauchfrei.at\/en\/wp-json\/wp\/v2\/categories?post=16985"},{"taxonomy":"post_tag","embeddable":true,"href":"https:\/\/rauchfrei.at\/en\/wp-json\/wp\/v2\/tags?post=16985"}],"curies":[{"name":"wp","href":"https:\/\/api.w.org\/{rel}","templated":true}]}}