
{"id":17047,"date":"2019-07-22T10:00:20","date_gmt":"2019-07-22T08:00:20","guid":{"rendered":"https:\/\/rauchfrei.at\/?p=17047"},"modified":"2019-07-18T09:37:56","modified_gmt":"2019-07-18T07:37:56","slug":"copd-challenge","status":"publish","type":"post","link":"https:\/\/rauchfrei.at\/en\/copd-challenge\/","title":{"rendered":"COPD Challenge"},"content":{"rendered":"<p>[et_pb_section bb_built=&#8221;1&#8243; fullwidth=&#8221;off&#8221; specialty=&#8221;off&#8221; _builder_version=&#8221;3.0.99&#8243; module_class=&#8221;header&#8221; next_background_color=&#8221;#000000&#8243;][et_pb_row _builder_version=&#8221;3.0.99&#8243;][et_pb_column type=&#8221;4_4&#8243;][et_pb_dp_dmb_module_10001 _builder_version=&#8221;3.21.1&#8243; subheadline=&#8221;Werden Sie aktiv!&#8221; z_index_tablet=&#8221;500&#8243; \/][\/et_pb_column][\/et_pb_row][\/et_pb_section][et_pb_section bb_built=&#8221;1&#8243; _builder_version=&#8221;3.0.99&#8243; custom_padding=&#8221;30px|||&#8221; prev_background_color=&#8221;#000000&#8243;][et_pb_row _builder_version=&#8221;3.0.99&#8243; module_class_2=&#8221;cat-and-tag&#8221; module_class_1=&#8221;blog-content&#8221;][et_pb_column type=&#8221;2_3&#8243;][et_pb_text _builder_version=&#8221;3.21.1&#8243; z_index_tablet=&#8221;500&#8243;]<\/p>\n<p>\u00a0<\/p>\n<p>Der Begriff COPD stammt aus dem Englischen (chronic obstructive pulmonary disease). \u00dcbersetzt bedeutet das chronisch obstruktive Lungenerkrankung. Unter COPD werden chronische Erkrankungen der Lunge zusammengefasst, die auf entz\u00fcndeten und dauerhaft verengten Atemwegen beruhen. Die Erkrankungen sind irreversibel, also nicht r\u00fcckf\u00fchrbar, Rauchen ist der Hauptrisikofaktor f\u00fcr COPD.<\/p>\n<p>Eberhard Jordan, selber COPD Patient, hat die \u201eCOPD Challenge\u201c ins Leben gerufen. Er will f\u00fcr das Leben mit der Erkrankung sensibilisieren und Patientinnen und Patienten dazu motivieren, aktiv zu bleiben und durch die (k\u00f6rperliche) Aktivit\u00e4t die eigene Lebensqualit\u00e4t zu verbessern. Dazu setzt er sich j\u00e4hrlich zum Welt COPD Tag eine pers\u00f6nliche Challenge und ruft heuer auch andere Patientinnen und Patienten dazu auf, sich einer pers\u00f6nlichen Herausforderung zu stellen und sich an der Aktion beteiligen, als Zeichen f\u00fcr ein aktives Leben mit COPD. Mit gen\u00fcgend Vorbereitung kann diese dann am n\u00e4chsten Welt COPD Tag umgesetzt werden.<\/p>\n<p>Am 20. November 2019 wird der n\u00e4chste Welt-COPD-Tag sein. Eberhard Jordan hat letztes Jahr den Stephansdom bestiegen, f\u00fcr heuer hat er sich die Besteigung des Donauturms vorgenommen.<\/p>\n<p>Das Projekt myCOPD-Challenge ruft schon jetzt anl\u00e4sslich des Welt-COPD Tages im November dazu auf, sich eine pers\u00f6nliche Herausforderung zu suchen und sich ihr am 20. November zu stellen.<\/p>\n<p>Beteiligen Sie sich und bereiten Sie sich vor, um Ihr eigenes Ziel zu erreichen, vielleicht der Hausberg, auf dem Sie schon lange nicht mehr waren, ein l\u00e4ngerer Spaziergang, oder das Erklimmen eines Kirchturms.<\/p>\n<p>N\u00e4here Infos dazu finden Sie unter:<\/p>\n<blockquote class=\"wp-embedded-content\" data-secret=\"pB0XlULnUX\"><p><a href=\"https:\/\/www.mycopd-challenge.com\/2019\/05\/14\/jetzt-ist-es-klar\/\">Jetzt ist es klar!<\/a><\/p><\/blockquote>\n<p><iframe loading=\"lazy\" class=\"wp-embedded-content\" sandbox=\"allow-scripts\" security=\"restricted\" style=\"position: absolute; clip: rect(1px, 1px, 1px, 1px);\" src=\"https:\/\/www.mycopd-challenge.com\/2019\/05\/14\/jetzt-ist-es-klar\/embed\/#?secret=pB0XlULnUX\" data-secret=\"pB0XlULnUX\" width=\"600\" height=\"338\" title=\"&#8222;Jetzt ist es klar!&#8220; &#8212; myCOPD-Challenge\" frameborder=\"0\" marginwidth=\"0\" marginheight=\"0\" scrolling=\"no\"><\/iframe><\/p>\n<p>[\/et_pb_text][et_pb_post_nav _builder_version=&#8221;3.21.1&#8243; in_same_term=&#8221;off&#8221; show_prev=&#8221;on&#8221; show_next=&#8221;on&#8221; \/][\/et_pb_column][et_pb_column type=&#8221;1_3&#8243;][et_pb_sidebar _builder_version=&#8221;3.0.99&#8243; area=&#8221;et_pb_widget_area_1&#8243; orientation=&#8221;left&#8221; show_border=&#8221;on&#8221; background_layout=&#8221;light&#8221; \/][et_pb_dp_dmb_module_10093 admin_label=&#8221;Trauen Sie sich den Rauchstopp zu&#8221; farbe=&#8221;blitzgelb&#8221; headline=&#8221;Trauen Sie sich den Rauchstopp zu!&#8221; image=&#8221;https:\/\/rauchfrei.at\/wp-content\/uploads\/Quitting-Yellow.png&#8221; image_position=&#8221;center&#8221; link_text=&#8221;mehr&#8221; image_size=&#8221;90&#8243; _builder_version=&#8221;3.19.15&#8243; custom_link=&#8221;off&#8221; hover_enabled=&#8221;0&#8243; saved_tabs=&#8221;all&#8221; link_url=&#8221;https:\/\/rauchfrei.at\/aufhoeren\/schritte-zum-rauchstopp\/trauen-sie-sich-den-rauchstopp-zu\/&#8221; global_module=&#8221;13173&#8243;]<\/p>\n<p>Sie m\u00f6chten etwas \u00e4ndern? Worauf warten Sie noch?<\/p>\n<p>[\/et_pb_dp_dmb_module_10093][et_pb_dp_dmb_module_10080 admin_label=&#8221;Direkteinstieg zur App&#8221; link_text=&#8221;Hier eingeben, in der App speichern&#8221; _builder_version=&#8221;3.19.15&#8243; custom_link=&#8221;off&#8221; hover_enabled=&#8221;0&#8243; saved_tabs=&#8221;all&#8221; link_new_tab=&#8221;off&#8221; use_background_color_gradient=&#8221;off&#8221; background_color_gradient_direction=&#8221;180deg&#8221; parallax=&#8221;off&#8221; background_size=&#8221;cover&#8221; background_position=&#8221;center&#8221; background_repeat=&#8221;no-repeat&#8221; background_blend=&#8221;normal&#8221; allow_player_pause=&#8221;off&#8221; background_video_pause_outside_viewport=&#8221;on&#8221; dp_tiny_mce_font_size=&#8221;14px&#8221; dp_tiny_mce_letter_spacing=&#8221;0px&#8221; dp_tiny_mce_line_height=&#8221;1.5em&#8221; dp_tiny_mce_text_shadow_style=&#8221;none&#8221; border_radii=&#8221;on||||&#8221; link_bg_use_color_gradient=&#8221;off&#8221; link_bg_color_gradient_start=&#8221;#2b87da&#8221; link_bg_color_gradient_end=&#8221;#29c4a9&#8243; link_bg_color_gradient_type=&#8221;linear&#8221; link_bg_color_gradient_direction=&#8221;180deg&#8221; link_bg_color_gradient_direction_radial=&#8221;center&#8221; link_bg_color_gradient_start_position=&#8221;0%&#8221; link_bg_color_gradient_end_position=&#8221;100%&#8221; link_bg_color_gradient_overlays_image=&#8221;off&#8221; link_bg_parallax=&#8221;off&#8221; link_bg_parallax_method=&#8221;on&#8221; link_bg_size=&#8221;cover&#8221; link_bg_position=&#8221;center&#8221; link_bg_repeat=&#8221;no-repeat&#8221; link_bg_blend=&#8221;normal&#8221; link_bg_allow_player_pause=&#8221;off&#8221; link_bg_video_pause_outside_viewport=&#8221;on&#8221; link_icon_placement=&#8221;right&#8221; link_on_hover=&#8221;on&#8221; box_shadow_style=&#8221;none&#8221; background_layout=&#8221;light&#8221; max_width=&#8221;100%&#8221; filter_hue_rotate=&#8221;0deg&#8221; filter_saturate=&#8221;100%&#8221; filter_brightness=&#8221;100%&#8221; filter_contrast=&#8221;100%&#8221; filter_invert=&#8221;0%&#8221; filter_sepia=&#8221;0%&#8221; filter_opacity=&#8221;100%&#8221; filter_blur=&#8221;0px&#8221; mix_blend_mode=&#8221;normal&#8221; animation_style=&#8221;none&#8221; animation_direction=&#8221;center&#8221; text_shadow_style=&#8221;none&#8221; hover_transition_duration=&#8221;300ms&#8221; hover_transition_delay=&#8221;0ms&#8221; hover_transition_speed_curve=&#8221;ease&#8221; global_module=&#8221;13165&#8243;]<\/p>\n<p><span lang=\"DE-AT\">Geben Sie Online Ihre Daten ein!<br \/><\/span><\/p>\n<p>[\/et_pb_dp_dmb_module_10080][\/et_pb_column][\/et_pb_row][\/et_pb_section]<\/p>\n","protected":false},"excerpt":{"rendered":"<p>Die Awareness Kampagne \u201emyCOPD-Challenge\u201c will das Bewusstsein f\u00fcr die Lungenkrankheit COPD erh\u00f6hen und Betroffene zu einem aktiven Umgang mit der Krankheit anregen. Hier erfahren Sie mehr dar\u00fcber, was die COPD-Challenge ist. <\/p>\n","protected":false},"author":25,"featured_media":0,"comment_status":"open","ping_status":"open","sticky":false,"template":"","format":"standard","meta":{"_et_pb_use_builder":"on","_et_pb_old_content":"","_et_gb_content_width":"","footnotes":""},"categories":[235,236],"tags":[],"class_list":["post-17047","post","type-post","status-publish","format-standard","hentry","category-gesundheit-und-rauchstopp","category-nicht-kategorisiert"],"yoast_head":"<!-- This site is optimized with the Yoast SEO plugin v26.2 - https:\/\/yoast.com\/wordpress\/plugins\/seo\/ -->\n<title>COPD Challenge - Rauchfrei Telefon<\/title>\n<meta name=\"robots\" content=\"index, follow, max-snippet:-1, max-image-preview:large, max-video-preview:-1\" \/>\n<link rel=\"canonical\" href=\"https:\/\/rauchfrei.at\/copd-challenge\/\" \/>\n<meta property=\"og:locale\" content=\"en_US\" \/>\n<meta property=\"og:type\" content=\"article\" \/>\n<meta property=\"og:title\" content=\"COPD Challenge - Rauchfrei Telefon\" \/>\n<meta property=\"og:description\" content=\"Die Awareness Kampagne \u201emyCOPD-Challenge\u201c will das Bewusstsein f\u00fcr die Lungenkrankheit COPD erh\u00f6hen und Betroffene zu einem aktiven Umgang mit der Krankheit anregen. Hier erfahren Sie mehr dar\u00fcber, was die COPD-Challenge ist.\" \/>\n<meta property=\"og:url\" content=\"https:\/\/rauchfrei.at\/copd-challenge\/\" \/>\n<meta property=\"og:site_name\" content=\"Rauchfrei Telefon\" \/>\n<meta property=\"article:published_time\" content=\"2019-07-22T08:00:20+00:00\" \/>\n<meta name=\"author\" content=\"Rauchfrei Team\" \/>\n<meta name=\"twitter:card\" content=\"summary_large_image\" \/>\n<meta name=\"twitter:label1\" content=\"Written by\" \/>\n\t<meta name=\"twitter:data1\" content=\"Rauchfrei Team\" \/>\n\t<meta name=\"twitter:label2\" content=\"Est. reading time\" \/>\n\t<meta name=\"twitter:data2\" content=\"4 minutes\" \/>\n<script type=\"application\/ld+json\" class=\"yoast-schema-graph\">{\"@context\":\"https:\/\/schema.org\",\"@graph\":[{\"@type\":\"WebPage\",\"@id\":\"https:\/\/rauchfrei.at\/copd-challenge\/\",\"url\":\"https:\/\/rauchfrei.at\/copd-challenge\/\",\"name\":\"COPD Challenge - Rauchfrei Telefon\",\"isPartOf\":{\"@id\":\"https:\/\/rauchfrei.at\/#website\"},\"datePublished\":\"2019-07-22T08:00:20+00:00\",\"author\":{\"@id\":\"https:\/\/rauchfrei.at\/#\/schema\/person\/504bbf90c5482004fc09aef6de7f9277\"},\"inLanguage\":\"en-US\",\"potentialAction\":[{\"@type\":\"ReadAction\",\"target\":[\"https:\/\/rauchfrei.at\/copd-challenge\/\"]}]},{\"@type\":\"WebSite\",\"@id\":\"https:\/\/rauchfrei.at\/#website\",\"url\":\"https:\/\/rauchfrei.at\/\",\"name\":\"Rauchfrei Telefon\",\"description\":\"Eine \u00f6sterreichweite Initiative der Sozialversicherungen.\",\"potentialAction\":[{\"@type\":\"SearchAction\",\"target\":{\"@type\":\"EntryPoint\",\"urlTemplate\":\"https:\/\/rauchfrei.at\/?s={search_term_string}\"},\"query-input\":{\"@type\":\"PropertyValueSpecification\",\"valueRequired\":true,\"valueName\":\"search_term_string\"}}],\"inLanguage\":\"en-US\"},{\"@type\":\"Person\",\"@id\":\"https:\/\/rauchfrei.at\/#\/schema\/person\/504bbf90c5482004fc09aef6de7f9277\",\"name\":\"Rauchfrei Team\",\"image\":{\"@type\":\"ImageObject\",\"inLanguage\":\"en-US\",\"@id\":\"https:\/\/rauchfrei.at\/#\/schema\/person\/image\/\",\"url\":\"https:\/\/secure.gravatar.com\/avatar\/2115b79a00800516fa1523bb5a329611f90e73e89be559131fc7e82b4fdc95ff?s=96&d=mm&r=g\",\"contentUrl\":\"https:\/\/secure.gravatar.com\/avatar\/2115b79a00800516fa1523bb5a329611f90e73e89be559131fc7e82b4fdc95ff?s=96&d=mm&r=g\",\"caption\":\"Rauchfrei Team\"},\"url\":\"https:\/\/rauchfrei.at\/en\/author\/rauchfrei-team\/\"}]}<\/script>\n<!-- \/ Yoast SEO plugin. -->","yoast_head_json":{"title":"COPD Challenge - Rauchfrei Telefon","robots":{"index":"index","follow":"follow","max-snippet":"max-snippet:-1","max-image-preview":"max-image-preview:large","max-video-preview":"max-video-preview:-1"},"canonical":"https:\/\/rauchfrei.at\/copd-challenge\/","og_locale":"en_US","og_type":"article","og_title":"COPD Challenge - Rauchfrei Telefon","og_description":"Die Awareness Kampagne \u201emyCOPD-Challenge\u201c will das Bewusstsein f\u00fcr die Lungenkrankheit COPD erh\u00f6hen und Betroffene zu einem aktiven Umgang mit der Krankheit anregen. Hier erfahren Sie mehr dar\u00fcber, was die COPD-Challenge ist.","og_url":"https:\/\/rauchfrei.at\/copd-challenge\/","og_site_name":"Rauchfrei Telefon","article_published_time":"2019-07-22T08:00:20+00:00","author":"Rauchfrei Team","twitter_card":"summary_large_image","twitter_misc":{"Written by":"Rauchfrei Team","Est. reading time":"4 minutes"},"schema":{"@context":"https:\/\/schema.org","@graph":[{"@type":"WebPage","@id":"https:\/\/rauchfrei.at\/copd-challenge\/","url":"https:\/\/rauchfrei.at\/copd-challenge\/","name":"COPD Challenge - Rauchfrei Telefon","isPartOf":{"@id":"https:\/\/rauchfrei.at\/#website"},"datePublished":"2019-07-22T08:00:20+00:00","author":{"@id":"https:\/\/rauchfrei.at\/#\/schema\/person\/504bbf90c5482004fc09aef6de7f9277"},"inLanguage":"en-US","potentialAction":[{"@type":"ReadAction","target":["https:\/\/rauchfrei.at\/copd-challenge\/"]}]},{"@type":"WebSite","@id":"https:\/\/rauchfrei.at\/#website","url":"https:\/\/rauchfrei.at\/","name":"Rauchfrei Telefon","description":"Eine \u00f6sterreichweite Initiative der Sozialversicherungen.","potentialAction":[{"@type":"SearchAction","target":{"@type":"EntryPoint","urlTemplate":"https:\/\/rauchfrei.at\/?s={search_term_string}"},"query-input":{"@type":"PropertyValueSpecification","valueRequired":true,"valueName":"search_term_string"}}],"inLanguage":"en-US"},{"@type":"Person","@id":"https:\/\/rauchfrei.at\/#\/schema\/person\/504bbf90c5482004fc09aef6de7f9277","name":"Rauchfrei Team","image":{"@type":"ImageObject","inLanguage":"en-US","@id":"https:\/\/rauchfrei.at\/#\/schema\/person\/image\/","url":"https:\/\/secure.gravatar.com\/avatar\/2115b79a00800516fa1523bb5a329611f90e73e89be559131fc7e82b4fdc95ff?s=96&d=mm&r=g","contentUrl":"https:\/\/secure.gravatar.com\/avatar\/2115b79a00800516fa1523bb5a329611f90e73e89be559131fc7e82b4fdc95ff?s=96&d=mm&r=g","caption":"Rauchfrei Team"},"url":"https:\/\/rauchfrei.at\/en\/author\/rauchfrei-team\/"}]}},"_links":{"self":[{"href":"https:\/\/rauchfrei.at\/en\/wp-json\/wp\/v2\/posts\/17047","targetHints":{"allow":["GET"]}}],"collection":[{"href":"https:\/\/rauchfrei.at\/en\/wp-json\/wp\/v2\/posts"}],"about":[{"href":"https:\/\/rauchfrei.at\/en\/wp-json\/wp\/v2\/types\/post"}],"author":[{"embeddable":true,"href":"https:\/\/rauchfrei.at\/en\/wp-json\/wp\/v2\/users\/25"}],"replies":[{"embeddable":true,"href":"https:\/\/rauchfrei.at\/en\/wp-json\/wp\/v2\/comments?post=17047"}],"version-history":[{"count":5,"href":"https:\/\/rauchfrei.at\/en\/wp-json\/wp\/v2\/posts\/17047\/revisions"}],"predecessor-version":[{"id":17099,"href":"https:\/\/rauchfrei.at\/en\/wp-json\/wp\/v2\/posts\/17047\/revisions\/17099"}],"wp:attachment":[{"href":"https:\/\/rauchfrei.at\/en\/wp-json\/wp\/v2\/media?parent=17047"}],"wp:term":[{"taxonomy":"category","embeddable":true,"href":"https:\/\/rauchfrei.at\/en\/wp-json\/wp\/v2\/categories?post=17047"},{"taxonomy":"post_tag","embeddable":true,"href":"https:\/\/rauchfrei.at\/en\/wp-json\/wp\/v2\/tags?post=17047"}],"curies":[{"name":"wp","href":"https:\/\/api.w.org\/{rel}","templated":true}]}}