
{"id":17060,"date":"2019-07-08T10:00:29","date_gmt":"2019-07-08T08:00:29","guid":{"rendered":"https:\/\/rauchfrei.at\/?p=17060"},"modified":"2019-07-10T11:39:46","modified_gmt":"2019-07-10T09:39:46","slug":"17060-2","status":"publish","type":"post","link":"https:\/\/rauchfrei.at\/en\/17060-2\/","title":{"rendered":"Das Rauchverbot in der Gastronomie kommt mit 1. November!"},"content":{"rendered":"<p>[et_pb_section bb_built=&#8221;1&#8243; fullwidth=&#8221;off&#8221; specialty=&#8221;off&#8221; _builder_version=&#8221;3.0.99&#8243; module_class=&#8221;header&#8221; next_background_color=&#8221;#000000&#8243;][et_pb_row _builder_version=&#8221;3.0.99&#8243;][et_pb_column type=&#8221;4_4&#8243;][et_pb_dp_dmb_module_10001 _builder_version=&#8221;3.21.1&#8243; subheadline=&#8221;\u00d6sterreich wird rauchfrei &#8221; z_index_tablet=&#8221;500&#8243; \/][\/et_pb_column][\/et_pb_row][\/et_pb_section][et_pb_section bb_built=&#8221;1&#8243; _builder_version=&#8221;3.0.99&#8243; custom_padding=&#8221;30px|||&#8221; prev_background_color=&#8221;#000000&#8243;][et_pb_row _builder_version=&#8221;3.0.99&#8243; module_class_2=&#8221;cat-and-tag&#8221; module_class_1=&#8221;blog-content&#8221;][et_pb_column type=&#8221;2_3&#8243;][et_pb_text _builder_version=&#8221;3.21.1&#8243; z_index_tablet=&#8221;500&#8243;]<\/p>\n<p>Vergangene Woche wurde das Rauchverbot in der Gastronomie beschlossen. Es wird mit 1. November 2019 umgesetzt.<\/p>\n<p><img loading=\"lazy\" decoding=\"async\" class=\"alignnone wp-image-17061\" src=\"https:\/\/rauchfrei.at\/wp-content\/uploads\/Rauchverbot-fix-480x310.jpg\" alt=\"\" width=\"313\" height=\"202\" srcset=\"https:\/\/rauchfrei.at\/wp-content\/uploads\/Rauchverbot-fix-480x310.jpg 480w, https:\/\/rauchfrei.at\/wp-content\/uploads\/Rauchverbot-fix-225x145.jpg 225w, https:\/\/rauchfrei.at\/wp-content\/uploads\/Rauchverbot-fix.jpg 576w\" sizes=\"(max-width: 313px) 100vw, 313px\" \/><br \/>(C) Don&#8217;t smoke<\/p>\n<p>Beschlossen wurde dieser Schritt im Jahr 2015: mit 1. Mai 2018 sollte das Tabakgesetz in Kraft treten, wodurch die gesamte Gastronomie rauchfrei werden sollte. Dieses Gesetz wurde 2018 dann doch noch gekippt, was einen gro\u00dfen Aufschrei ausl\u00f6ste. Aus diesem Grund fand letztes Jahr das sogenannte \u201eDon`t Smoke\u201c- Volksbegehren statt, das fast 900.000 Personen unterzeichneten. Doch auch das \u00e4nderte nicht die Meinung der Regierung. Es musste erst zu einem Regierungswechsel kommen, dass diese Stimmen geh\u00f6rt wurden.<\/p>\n<p>Und nun ist es soweit:<\/p>\n<p>Vergangenen Dienstag, am 4. Juli 2019, wurde das Rauchverbot in der Gastronomie beschlossen.<\/p>\n<p>Damit sind alle &#8220;\u00f6ffentlichen Orte wo Speisen und Getr\u00e4nke hergestellt, verarbeitet, verabreicht oder konsumiert werden&#8221; ab 1. November rauchfrei. Unter diese Bestimmungen fallen auch Versammlungen in Pfarrs\u00e4len und Feuerwehrfeste, Festzelte, Mehrzweckr\u00e4umlichkeiten sowie schulische Einrichtungen und Freifl\u00e4chen, in denen Kinder und Jugendliche beaufsichtigt und beherbergt werden (z.B. Internate).<\/p>\n<p>Dieses Verbot gilt auch f\u00fcr Shishas und E-Zigaretten.<\/p>\n<p>Viele Institutionen und\u00a0 Einzelpersonen haben zur breiten Unterst\u00fctzung des \u201eDon`t Smoke\u201c-Volksbegehren beigetragen!<\/p>\n<p>Quelle: <a href=\"https:\/\/www.apa.at\/Site\/News.de.html?id=6249368848\" target=\"_blank\" rel=\"noopener noreferrer\">https:\/\/www.apa.at\/Site\/News.de.html?id=6249368848<\/a><\/p>\n<p>[\/et_pb_text][et_pb_post_nav _builder_version=&#8221;3.0.99&#8243; in_same_term=&#8221;off&#8221; show_prev=&#8221;on&#8221; show_next=&#8221;on&#8221; \/][\/et_pb_column][et_pb_column type=&#8221;1_3&#8243;][et_pb_sidebar _builder_version=&#8221;3.0.99&#8243; area=&#8221;et_pb_widget_area_1&#8243; orientation=&#8221;left&#8221; show_border=&#8221;on&#8221; background_layout=&#8221;light&#8221; \/][et_pb_text admin_label=&#8221;Angebote in \u00d6sterreich&#8221; _builder_version=&#8221;3.20.2&#8243; custom_margin=&#8221;||60px&#8221; custom_padding=&#8221;||&#8221; link_option_url=&#8221;https:\/\/rauchfrei.at\/aufhoeren\/weitere-beratungsangebote-in-oe\/ambulante-beratung\/&#8221; link_option_url_new_window=&#8221;off&#8221; hover_enabled=&#8221;0&#8243; saved_tabs=&#8221;all&#8221; global_module=&#8221;13404&#8243;]<\/p>\n<p><a style=\"color: #212121;\" href=\"https:\/\/rauchfrei.at\/aufhoeren\/weitere-beratungsangebote-in-oe\/ambulante-beratung\/\"><\/p>\n<h2>Angebote in \u00d6sterreich<\/h2>\n<p><img loading=\"lazy\" decoding=\"async\" class=\"wp-image-13438 alignnone size-large\" src=\"https:\/\/rauchfrei.at\/wp-content\/uploads\/oesterreichkarte-2-480x248.png\" alt=\"\" width=\"480\" height=\"248\" srcset=\"https:\/\/rauchfrei.at\/wp-content\/uploads\/oesterreichkarte-2-480x248.png 480w, https:\/\/rauchfrei.at\/wp-content\/uploads\/oesterreichkarte-2-225x116.png 225w, https:\/\/rauchfrei.at\/wp-content\/uploads\/oesterreichkarte-2-768x397.png 768w, https:\/\/rauchfrei.at\/wp-content\/uploads\/oesterreichkarte-2-1080x558.png 1080w, https:\/\/rauchfrei.at\/wp-content\/uploads\/oesterreichkarte-2.png 1736w\" sizes=\"(max-width: 480px) 100vw, 480px\" \/><\/p>\n<p>Finden Sie das passende Angebot von ambulanter Einzelberatung bis hin zur station\u00e4ren Gruppenberatung<\/p>\n<p><\/a><\/p>\n<p><a class=\"mehr\" href=\"https:\/\/rauchfrei.at\/aufhoeren\/weitere-beratungsangebote-in-oe\/ambulante-beratung\/\">mehr<\/a><\/p>\n<p>[\/et_pb_text][et_pb_dp_dmb_module_10093 admin_label=&#8221;Die Rauchfrei App&#8221; farbe=&#8221;beige&#8221; image=&#8221;https:\/\/rauchfrei.at\/wp-content\/uploads\/rauchfreiapp_screens.png&#8221; image_position=&#8221;center&#8221; link_text=&#8221;zum Download&#8221; link_url=&#8221;http:\/\/www.rauchfreiapp.at\/&#8221; image_size=&#8221;70&#8243; _builder_version=&#8221;3.21.1&#8243; saved_tabs=&#8221;all&#8221; hover_enabled=&#8221;0&#8243; link_bg_parallax=&#8221;off&#8221; link_bg_parallax_method=&#8221;on&#8221; link_bg_allow_player_pause=&#8221;off&#8221; link_bg_video_pause_outside_viewport=&#8221;on&#8221; z_index_tablet=&#8221;500&#8243; global_module=&#8221;12606&#8243;]<\/p>\n<p>kostenlose Unterst\u00fctzung und Motivation per Smartphone<\/p>\n<p>[\/et_pb_dp_dmb_module_10093][\/et_pb_column][\/et_pb_row][\/et_pb_section]<\/p>\n","protected":false},"excerpt":{"rendered":"<p>Viel ist passiert seit dem Nicht-Inkrafttreten des Rauchverbots am 1. Mai 2018. Nun \u2013 ein Volksbegehren und einen Regierungswechsel sp\u00e4ter \u2013 ist es soweit: \u00d6sterreich wird rauchfrei<\/p>\n","protected":false},"author":25,"featured_media":0,"comment_status":"open","ping_status":"open","sticky":false,"template":"","format":"standard","meta":{"_et_pb_use_builder":"on","_et_pb_old_content":"","_et_gb_content_width":"","footnotes":""},"categories":[236],"tags":[],"class_list":["post-17060","post","type-post","status-publish","format-standard","hentry","category-nicht-kategorisiert"],"yoast_head":"<!-- This site is optimized with the Yoast SEO plugin v26.2 - https:\/\/yoast.com\/wordpress\/plugins\/seo\/ -->\n<title>Das Rauchverbot in der Gastronomie kommt mit 1. November! - Rauchfrei Telefon<\/title>\n<meta name=\"robots\" content=\"index, follow, max-snippet:-1, max-image-preview:large, max-video-preview:-1\" \/>\n<link rel=\"canonical\" href=\"https:\/\/rauchfrei.at\/17060-2\/\" \/>\n<meta property=\"og:locale\" content=\"en_US\" \/>\n<meta property=\"og:type\" content=\"article\" \/>\n<meta property=\"og:title\" content=\"Das Rauchverbot in der Gastronomie kommt mit 1. November! - Rauchfrei Telefon\" \/>\n<meta property=\"og:description\" content=\"Viel ist passiert seit dem Nicht-Inkrafttreten des Rauchverbots am 1. Mai 2018. Nun \u2013 ein Volksbegehren und einen Regierungswechsel sp\u00e4ter \u2013 ist es soweit: \u00d6sterreich wird rauchfrei\" \/>\n<meta property=\"og:url\" content=\"https:\/\/rauchfrei.at\/17060-2\/\" \/>\n<meta property=\"og:site_name\" content=\"Rauchfrei Telefon\" \/>\n<meta property=\"article:published_time\" content=\"2019-07-08T08:00:29+00:00\" \/>\n<meta property=\"article:modified_time\" content=\"2019-07-10T09:39:46+00:00\" \/>\n<meta property=\"og:image\" content=\"https:\/\/rauchfrei.at\/wp-content\/uploads\/Rauchverbot-fix-480x310.jpg\" \/>\n<meta name=\"author\" content=\"Rauchfrei Team\" \/>\n<meta name=\"twitter:card\" content=\"summary_large_image\" \/>\n<meta name=\"twitter:label1\" content=\"Written by\" \/>\n\t<meta name=\"twitter:data1\" content=\"Rauchfrei Team\" \/>\n\t<meta name=\"twitter:label2\" content=\"Est. reading time\" \/>\n\t<meta name=\"twitter:data2\" content=\"2 minutes\" \/>\n<script type=\"application\/ld+json\" class=\"yoast-schema-graph\">{\"@context\":\"https:\/\/schema.org\",\"@graph\":[{\"@type\":\"WebPage\",\"@id\":\"https:\/\/rauchfrei.at\/17060-2\/\",\"url\":\"https:\/\/rauchfrei.at\/17060-2\/\",\"name\":\"Das Rauchverbot in der Gastronomie kommt mit 1. November! - Rauchfrei Telefon\",\"isPartOf\":{\"@id\":\"https:\/\/rauchfrei.at\/#website\"},\"primaryImageOfPage\":{\"@id\":\"https:\/\/rauchfrei.at\/17060-2\/#primaryimage\"},\"image\":{\"@id\":\"https:\/\/rauchfrei.at\/17060-2\/#primaryimage\"},\"thumbnailUrl\":\"https:\/\/rauchfrei.at\/wp-content\/uploads\/Rauchverbot-fix-480x310.jpg\",\"datePublished\":\"2019-07-08T08:00:29+00:00\",\"dateModified\":\"2019-07-10T09:39:46+00:00\",\"author\":{\"@id\":\"https:\/\/rauchfrei.at\/#\/schema\/person\/504bbf90c5482004fc09aef6de7f9277\"},\"inLanguage\":\"en-US\",\"potentialAction\":[{\"@type\":\"ReadAction\",\"target\":[\"https:\/\/rauchfrei.at\/17060-2\/\"]}]},{\"@type\":\"ImageObject\",\"inLanguage\":\"en-US\",\"@id\":\"https:\/\/rauchfrei.at\/17060-2\/#primaryimage\",\"url\":\"https:\/\/rauchfrei.at\/wp-content\/uploads\/Rauchverbot-fix-480x310.jpg\",\"contentUrl\":\"https:\/\/rauchfrei.at\/wp-content\/uploads\/Rauchverbot-fix-480x310.jpg\"},{\"@type\":\"WebSite\",\"@id\":\"https:\/\/rauchfrei.at\/#website\",\"url\":\"https:\/\/rauchfrei.at\/\",\"name\":\"Rauchfrei Telefon\",\"description\":\"Eine \u00f6sterreichweite Initiative der Sozialversicherungen.\",\"potentialAction\":[{\"@type\":\"SearchAction\",\"target\":{\"@type\":\"EntryPoint\",\"urlTemplate\":\"https:\/\/rauchfrei.at\/?s={search_term_string}\"},\"query-input\":{\"@type\":\"PropertyValueSpecification\",\"valueRequired\":true,\"valueName\":\"search_term_string\"}}],\"inLanguage\":\"en-US\"},{\"@type\":\"Person\",\"@id\":\"https:\/\/rauchfrei.at\/#\/schema\/person\/504bbf90c5482004fc09aef6de7f9277\",\"name\":\"Rauchfrei Team\",\"image\":{\"@type\":\"ImageObject\",\"inLanguage\":\"en-US\",\"@id\":\"https:\/\/rauchfrei.at\/#\/schema\/person\/image\/\",\"url\":\"https:\/\/secure.gravatar.com\/avatar\/2115b79a00800516fa1523bb5a329611f90e73e89be559131fc7e82b4fdc95ff?s=96&d=mm&r=g\",\"contentUrl\":\"https:\/\/secure.gravatar.com\/avatar\/2115b79a00800516fa1523bb5a329611f90e73e89be559131fc7e82b4fdc95ff?s=96&d=mm&r=g\",\"caption\":\"Rauchfrei Team\"},\"url\":\"https:\/\/rauchfrei.at\/en\/author\/rauchfrei-team\/\"}]}<\/script>\n<!-- \/ Yoast SEO plugin. -->","yoast_head_json":{"title":"Das Rauchverbot in der Gastronomie kommt mit 1. November! - Rauchfrei Telefon","robots":{"index":"index","follow":"follow","max-snippet":"max-snippet:-1","max-image-preview":"max-image-preview:large","max-video-preview":"max-video-preview:-1"},"canonical":"https:\/\/rauchfrei.at\/17060-2\/","og_locale":"en_US","og_type":"article","og_title":"Das Rauchverbot in der Gastronomie kommt mit 1. November! - Rauchfrei Telefon","og_description":"Viel ist passiert seit dem Nicht-Inkrafttreten des Rauchverbots am 1. Mai 2018. Nun \u2013 ein Volksbegehren und einen Regierungswechsel sp\u00e4ter \u2013 ist es soweit: \u00d6sterreich wird rauchfrei","og_url":"https:\/\/rauchfrei.at\/17060-2\/","og_site_name":"Rauchfrei Telefon","article_published_time":"2019-07-08T08:00:29+00:00","article_modified_time":"2019-07-10T09:39:46+00:00","og_image":[{"url":"https:\/\/rauchfrei.at\/wp-content\/uploads\/Rauchverbot-fix-480x310.jpg","type":"","width":"","height":""}],"author":"Rauchfrei Team","twitter_card":"summary_large_image","twitter_misc":{"Written by":"Rauchfrei Team","Est. reading time":"2 minutes"},"schema":{"@context":"https:\/\/schema.org","@graph":[{"@type":"WebPage","@id":"https:\/\/rauchfrei.at\/17060-2\/","url":"https:\/\/rauchfrei.at\/17060-2\/","name":"Das Rauchverbot in der Gastronomie kommt mit 1. November! - Rauchfrei Telefon","isPartOf":{"@id":"https:\/\/rauchfrei.at\/#website"},"primaryImageOfPage":{"@id":"https:\/\/rauchfrei.at\/17060-2\/#primaryimage"},"image":{"@id":"https:\/\/rauchfrei.at\/17060-2\/#primaryimage"},"thumbnailUrl":"https:\/\/rauchfrei.at\/wp-content\/uploads\/Rauchverbot-fix-480x310.jpg","datePublished":"2019-07-08T08:00:29+00:00","dateModified":"2019-07-10T09:39:46+00:00","author":{"@id":"https:\/\/rauchfrei.at\/#\/schema\/person\/504bbf90c5482004fc09aef6de7f9277"},"inLanguage":"en-US","potentialAction":[{"@type":"ReadAction","target":["https:\/\/rauchfrei.at\/17060-2\/"]}]},{"@type":"ImageObject","inLanguage":"en-US","@id":"https:\/\/rauchfrei.at\/17060-2\/#primaryimage","url":"https:\/\/rauchfrei.at\/wp-content\/uploads\/Rauchverbot-fix-480x310.jpg","contentUrl":"https:\/\/rauchfrei.at\/wp-content\/uploads\/Rauchverbot-fix-480x310.jpg"},{"@type":"WebSite","@id":"https:\/\/rauchfrei.at\/#website","url":"https:\/\/rauchfrei.at\/","name":"Rauchfrei Telefon","description":"Eine \u00f6sterreichweite Initiative der Sozialversicherungen.","potentialAction":[{"@type":"SearchAction","target":{"@type":"EntryPoint","urlTemplate":"https:\/\/rauchfrei.at\/?s={search_term_string}"},"query-input":{"@type":"PropertyValueSpecification","valueRequired":true,"valueName":"search_term_string"}}],"inLanguage":"en-US"},{"@type":"Person","@id":"https:\/\/rauchfrei.at\/#\/schema\/person\/504bbf90c5482004fc09aef6de7f9277","name":"Rauchfrei Team","image":{"@type":"ImageObject","inLanguage":"en-US","@id":"https:\/\/rauchfrei.at\/#\/schema\/person\/image\/","url":"https:\/\/secure.gravatar.com\/avatar\/2115b79a00800516fa1523bb5a329611f90e73e89be559131fc7e82b4fdc95ff?s=96&d=mm&r=g","contentUrl":"https:\/\/secure.gravatar.com\/avatar\/2115b79a00800516fa1523bb5a329611f90e73e89be559131fc7e82b4fdc95ff?s=96&d=mm&r=g","caption":"Rauchfrei Team"},"url":"https:\/\/rauchfrei.at\/en\/author\/rauchfrei-team\/"}]}},"_links":{"self":[{"href":"https:\/\/rauchfrei.at\/en\/wp-json\/wp\/v2\/posts\/17060","targetHints":{"allow":["GET"]}}],"collection":[{"href":"https:\/\/rauchfrei.at\/en\/wp-json\/wp\/v2\/posts"}],"about":[{"href":"https:\/\/rauchfrei.at\/en\/wp-json\/wp\/v2\/types\/post"}],"author":[{"embeddable":true,"href":"https:\/\/rauchfrei.at\/en\/wp-json\/wp\/v2\/users\/25"}],"replies":[{"embeddable":true,"href":"https:\/\/rauchfrei.at\/en\/wp-json\/wp\/v2\/comments?post=17060"}],"version-history":[{"count":5,"href":"https:\/\/rauchfrei.at\/en\/wp-json\/wp\/v2\/posts\/17060\/revisions"}],"predecessor-version":[{"id":17083,"href":"https:\/\/rauchfrei.at\/en\/wp-json\/wp\/v2\/posts\/17060\/revisions\/17083"}],"wp:attachment":[{"href":"https:\/\/rauchfrei.at\/en\/wp-json\/wp\/v2\/media?parent=17060"}],"wp:term":[{"taxonomy":"category","embeddable":true,"href":"https:\/\/rauchfrei.at\/en\/wp-json\/wp\/v2\/categories?post=17060"},{"taxonomy":"post_tag","embeddable":true,"href":"https:\/\/rauchfrei.at\/en\/wp-json\/wp\/v2\/tags?post=17060"}],"curies":[{"name":"wp","href":"https:\/\/api.w.org\/{rel}","templated":true}]}}