
{"id":17171,"date":"2019-08-12T10:00:15","date_gmt":"2019-08-12T08:00:15","guid":{"rendered":"https:\/\/rauchfrei.at\/?p=17171"},"modified":"2019-08-08T13:18:05","modified_gmt":"2019-08-08T11:18:05","slug":"tag-der-jugend","status":"publish","type":"post","link":"https:\/\/rauchfrei.at\/en\/tag-der-jugend\/","title":{"rendered":"Tag der Jugend"},"content":{"rendered":"<p>[et_pb_section bb_built=&#8221;1&#8243; fullwidth=&#8221;off&#8221; specialty=&#8221;off&#8221; _builder_version=&#8221;3.0.99&#8243; module_class=&#8221;header&#8221; next_background_color=&#8221;#000000&#8243;][et_pb_row _builder_version=&#8221;3.0.99&#8243;][et_pb_column type=&#8221;4_4&#8243;][et_pb_dp_dmb_module_10001 _builder_version=&#8221;3.21.1&#8243; subheadline=&#8221;Rauchfrei bleiben und die Jugend genie\u00dfen!&#8221; z_index_tablet=&#8221;500&#8243; \/][\/et_pb_column][\/et_pb_row][\/et_pb_section][et_pb_section bb_built=&#8221;1&#8243; _builder_version=&#8221;3.0.99&#8243; custom_padding=&#8221;30px|||&#8221; prev_background_color=&#8221;#000000&#8243;][et_pb_row _builder_version=&#8221;3.0.99&#8243; module_class_2=&#8221;cat-and-tag&#8221; module_class_1=&#8221;blog-content&#8221;][et_pb_column type=&#8221;2_3&#8243;][et_pb_text _builder_version=&#8221;3.21.1&#8243; z_index_tablet=&#8221;500&#8243;]<\/p>\n<p>\u00a0<\/p>\n<p>Wer im Alter zwischen 13 und 21 Jahren nicht zu rauchen beginnt, bleibt h\u00f6chstwahrscheinlich sein Leben lang rauchfrei. Egal ob Zigarette, Wasserpfeife, E-Zigarette oder \u00e4hnliche Produkte \u2026. alles was inhaliert wird, hat negative Auswirkungen auf den K\u00f6rper und die Gesundheit. Der meist enthaltene Suchtstoff Nikotin f\u00fchrt dazu, dass relativ rasch eine Abh\u00e4ngigkeit entsteht. Der K\u00f6rper verlangt nach Nachschub und bald wird regelm\u00e4\u00dfig geraucht.<\/p>\n<p>Zahlreiche Folgeerkrankungen durchs Rauchen und die vielf\u00e4ltigen negativen Auswirkungen auf den K\u00f6rper werden oft erst nach 10 bis 20 Jahren des Rauchens sp\u00fcrbar. Gerade im Jugendalter ist man f\u00fcr diese Argumente nicht empf\u00e4nglich. Viele Jugendliche haben hier oft das Gef\u00fchl unsterblich zu sein. Die negativen Konsequenzen des Rauchens scheinen ganz weit weg zu sein.<\/p>\n<p>Welche Argumente z\u00e4hlen f\u00fcr Jugendliche?<\/p>\n<p>Selbstst\u00e4ndig sein, unabh\u00e4ngig sein, eigene Entscheidungen treffen \u2026. das z\u00e4hlt! Auf dieser Basis informiert der neue Jugendfolder und motiviert Jugendliche aktiv eine eigene Entscheidung zu treffen und nicht blindlings in die Abh\u00e4ngigkeit zu rutschen.<\/p>\n<p>Die Lunge ist daf\u00fcr gemacht saubere Luft zu atmen und sonst nichts!<\/p>\n<p><a href=\"https:\/\/rauchfrei.at\/wp-content\/uploads\/Jugendfolder_Besser-Schluss-machen.pdf\" target=\"_blank\" rel=\"noopener noreferrer\"><img loading=\"lazy\" decoding=\"async\" class=\"alignnone wp-image-17177\" src=\"https:\/\/rauchfrei.at\/wp-content\/uploads\/Bub.png\" alt=\"\" width=\"148\" height=\"316\" srcset=\"https:\/\/rauchfrei.at\/wp-content\/uploads\/Bub.png 464w, https:\/\/rauchfrei.at\/wp-content\/uploads\/Bub-225x481.png 225w\" sizes=\"(max-width: 148px) 100vw, 148px\" \/><\/a> <a href=\"https:\/\/rauchfrei.at\/wp-content\/uploads\/Jugendfolder_Besser-Schluss-machen.pdf\" target=\"_blank\" rel=\"noopener noreferrer\"><img loading=\"lazy\" decoding=\"async\" class=\"alignnone wp-image-17178\" src=\"https:\/\/rauchfrei.at\/wp-content\/uploads\/M\u00e4dchen.png\" alt=\"\" width=\"148\" height=\"316\" srcset=\"https:\/\/rauchfrei.at\/wp-content\/uploads\/M\u00e4dchen.png 464w, https:\/\/rauchfrei.at\/wp-content\/uploads\/M\u00e4dchen-225x480.png 225w\" sizes=\"(max-width: 148px) 100vw, 148px\" \/><\/a><\/p>\n<p>Jugendfolder \u201e<a href=\"https:\/\/rauchfrei.at\/wp-content\/uploads\/Jugendfolder_Besser-Schluss-machen.pdf\" target=\"_blank\" rel=\"noopener noreferrer\">Besser Schluss machen<\/a>\u201c<\/p>\n<p>Poster Junge \u201e<a href=\"https:\/\/rauchfrei.at\/wp-content\/uploads\/poster_bub.pdf\" target=\"_blank\" rel=\"noopener noreferrer\">Ich bekomme keine Luft mehr in dieser Beziehung.<\/a>\u201c<\/p>\n<p>Download Poster M\u00e4dchen \u201e<a href=\"https:\/\/rauchfrei.at\/wp-content\/uploads\/Poster_M\u00e4dchen-2.pdf\" target=\"_blank\" rel=\"noopener noreferrer\">Mir reicht`s, ohne dich geht es mir besser<\/a>.\u201c<\/p>\n<p>Kostenfrei <a href=\"https:\/\/rauchfrei.at\/broschueren-downloads\/bestellung\/\" target=\"_blank\" rel=\"noopener noreferrer\">Bestellung<\/a><\/p>\n<p>\u00a0<\/p>\n<p>\u00a0<\/p>\n<p>[\/et_pb_text][et_pb_post_nav _builder_version=&#8221;3.0.99&#8243; in_same_term=&#8221;off&#8221; show_prev=&#8221;on&#8221; show_next=&#8221;on&#8221; \/][\/et_pb_column][et_pb_column type=&#8221;1_3&#8243;][et_pb_sidebar _builder_version=&#8221;3.0.99&#8243; area=&#8221;et_pb_widget_area_1&#8243; orientation=&#8221;left&#8221; show_border=&#8221;on&#8221; background_layout=&#8221;light&#8221; \/][et_pb_dp_dmb_module_10093 admin_label=&#8221;Rauchstop und Verdauung&#8221; farbe=&#8221;blitzgelb&#8221; headline=&#8221;Rauchstopp und Verdauung&#8221; image=&#8221;https:\/\/rauchfrei.at\/wp-content\/uploads\/Appetite-and-digenstion-yellow-narrow.png&#8221; image_position=&#8221;center&#8221; link_text=&#8221;mehr dazu&#8221; link_url=&#8221;https:\/\/rauchfrei.at\/aufhoeren\/schritte-zum-rauchstopp\/gewicht-verdauung-und-bewegung\/&#8221; image_size=&#8221;70&#8243; _builder_version=&#8221;3.19.15&#8243; background_color=&#8221;#0c71c3&#8243; custom_link=&#8221;off&#8221; text_orientation=&#8221;left&#8221; hover_enabled=&#8221;0&#8243; saved_tabs=&#8221;all&#8221; link_new_tab=&#8221;off&#8221; use_background_color_gradient=&#8221;off&#8221; background_color_gradient_direction=&#8221;180deg&#8221; parallax=&#8221;off&#8221; background_size=&#8221;cover&#8221; background_position=&#8221;center&#8221; background_repeat=&#8221;no-repeat&#8221; background_blend=&#8221;normal&#8221; allow_player_pause=&#8221;off&#8221; background_video_pause_outside_viewport=&#8221;on&#8221; dp_tiny_mce_font_size=&#8221;14px&#8221; dp_tiny_mce_letter_spacing=&#8221;0px&#8221; dp_tiny_mce_line_height=&#8221;1.5em&#8221; dp_tiny_mce_text_shadow_style=&#8221;none&#8221; border_radii=&#8221;on||||&#8221; link_bg_use_color_gradient=&#8221;off&#8221; link_bg_color_gradient_start=&#8221;#2b87da&#8221; link_bg_color_gradient_end=&#8221;#29c4a9&#8243; link_bg_color_gradient_type=&#8221;linear&#8221; link_bg_color_gradient_direction=&#8221;180deg&#8221; link_bg_color_gradient_direction_radial=&#8221;center&#8221; link_bg_color_gradient_start_position=&#8221;0%&#8221; link_bg_color_gradient_end_position=&#8221;100%&#8221; link_bg_color_gradient_overlays_image=&#8221;off&#8221; link_bg_parallax=&#8221;off&#8221; link_bg_parallax_method=&#8221;on&#8221; link_bg_size=&#8221;cover&#8221; link_bg_position=&#8221;center&#8221; link_bg_repeat=&#8221;no-repeat&#8221; link_bg_blend=&#8221;normal&#8221; link_bg_allow_player_pause=&#8221;off&#8221; link_bg_video_pause_outside_viewport=&#8221;on&#8221; link_icon_placement=&#8221;right&#8221; link_on_hover=&#8221;on&#8221; box_shadow_style=&#8221;none&#8221; background_layout=&#8221;light&#8221; max_width=&#8221;100%&#8221; filter_hue_rotate=&#8221;0deg&#8221; filter_saturate=&#8221;100%&#8221; filter_brightness=&#8221;100%&#8221; filter_contrast=&#8221;100%&#8221; filter_invert=&#8221;0%&#8221; filter_sepia=&#8221;0%&#8221; filter_opacity=&#8221;100%&#8221; filter_blur=&#8221;0px&#8221; mix_blend_mode=&#8221;normal&#8221; animation_style=&#8221;none&#8221; animation_direction=&#8221;center&#8221; text_shadow_style=&#8221;none&#8221; hover_transition_duration=&#8221;300ms&#8221; hover_transition_delay=&#8221;0ms&#8221; hover_transition_speed_curve=&#8221;ease&#8221; global_module=&#8221;12618&#8243;]<\/p>\n<p>Der Rauchstopp bringt die Verdauung manchmal ganz sch\u00f6n ins Stocken.<\/p>\n<p>[\/et_pb_dp_dmb_module_10093][et_pb_dp_dmb_module_10080 admin_label=&#8221;Testen Sie Ihre Abh\u00e4ngigkeit&#8221; link_text=&#8221;Hier&#8221; link_url=&#8221;https:\/\/rauchfrei.at\/downloads-tests-und-tools\/&#8221; _builder_version=&#8221;3.21.1&#8243; custom_link=&#8221;off&#8221; hover_enabled=&#8221;0&#8243; saved_tabs=&#8221;all&#8221; global_module=&#8221;13157&#8243;]<\/p>\n<p><strong>Testen <\/strong>Sie Ihre <strong>Abh\u00e4ngigkeit!<\/strong><\/p>\n<p>[\/et_pb_dp_dmb_module_10080][et_pb_dp_dmb_module_10080 admin_label=&#8221;Arbeitsbl\u00e4tter&#8221; link_text=&#8221;Download&#8221; link_url=&#8221;\/broschueren-downloads\/download-beratungsunterlagen\/&#8221; _builder_version=&#8221;3.19.15&#8243; custom_link=&#8221;off&#8221; hover_enabled=&#8221;0&#8243; saved_tabs=&#8221;all&#8221; link_new_tab=&#8221;off&#8221; use_background_color_gradient=&#8221;off&#8221; background_color_gradient_direction=&#8221;180deg&#8221; parallax=&#8221;off&#8221; background_size=&#8221;cover&#8221; background_position=&#8221;center&#8221; background_repeat=&#8221;no-repeat&#8221; background_blend=&#8221;normal&#8221; allow_player_pause=&#8221;off&#8221; background_video_pause_outside_viewport=&#8221;on&#8221; dp_tiny_mce_font_size=&#8221;14px&#8221; dp_tiny_mce_letter_spacing=&#8221;0px&#8221; dp_tiny_mce_line_height=&#8221;1.5em&#8221; dp_tiny_mce_text_shadow_style=&#8221;none&#8221; border_radii=&#8221;on||||&#8221; link_bg_use_color_gradient=&#8221;off&#8221; link_bg_color_gradient_start=&#8221;#2b87da&#8221; link_bg_color_gradient_end=&#8221;#29c4a9&#8243; link_bg_color_gradient_type=&#8221;linear&#8221; link_bg_color_gradient_direction=&#8221;180deg&#8221; link_bg_color_gradient_direction_radial=&#8221;center&#8221; link_bg_color_gradient_start_position=&#8221;0%&#8221; link_bg_color_gradient_end_position=&#8221;100%&#8221; link_bg_color_gradient_overlays_image=&#8221;off&#8221; link_bg_parallax=&#8221;off&#8221; link_bg_parallax_method=&#8221;on&#8221; link_bg_size=&#8221;cover&#8221; link_bg_position=&#8221;center&#8221; link_bg_repeat=&#8221;no-repeat&#8221; link_bg_blend=&#8221;normal&#8221; link_bg_allow_player_pause=&#8221;off&#8221; link_bg_video_pause_outside_viewport=&#8221;on&#8221; link_icon_placement=&#8221;right&#8221; link_on_hover=&#8221;on&#8221; box_shadow_style=&#8221;none&#8221; background_layout=&#8221;light&#8221; max_width=&#8221;100%&#8221; filter_hue_rotate=&#8221;0deg&#8221; filter_saturate=&#8221;100%&#8221; filter_brightness=&#8221;100%&#8221; filter_contrast=&#8221;100%&#8221; filter_invert=&#8221;0%&#8221; filter_sepia=&#8221;0%&#8221; filter_opacity=&#8221;100%&#8221; filter_blur=&#8221;0px&#8221; mix_blend_mode=&#8221;normal&#8221; animation_style=&#8221;none&#8221; animation_direction=&#8221;center&#8221; text_shadow_style=&#8221;none&#8221; hover_transition_duration=&#8221;300ms&#8221; hover_transition_delay=&#8221;0ms&#8221; hover_transition_speed_curve=&#8221;ease&#8221; global_module=&#8221;13623&#8243;]<\/p>\n<p><strong>Arbeitsbl\u00e4tter<\/strong> f\u00fcr die Beratung<\/p>\n<p>[\/et_pb_dp_dmb_module_10080][\/et_pb_column][\/et_pb_row][\/et_pb_section]<\/p>\n","protected":false},"excerpt":{"rendered":"<p>Der Internationale Tag der Jugend am 12. August erinnert an die Bedeutung der Jugend als Lebensphase. Wir wissen, wer im Alter zwischen 13 und 21 Jahren nicht zu rauchen beginnt, bleibt h\u00f6chstwahrscheinlich sein Leben lang rauchfrei. Doch wie dem Rauchen widerstehen? Unser neuer Jugendfolder informiert, kl\u00e4rt auf und bietet Unterst\u00fctzung.<\/p>\n","protected":false},"author":25,"featured_media":0,"comment_status":"open","ping_status":"open","sticky":false,"template":"","format":"standard","meta":{"_et_pb_use_builder":"on","_et_pb_old_content":"","_et_gb_content_width":"","footnotes":""},"categories":[235,236],"tags":[],"class_list":["post-17171","post","type-post","status-publish","format-standard","hentry","category-gesundheit-und-rauchstopp","category-nicht-kategorisiert"],"yoast_head":"<!-- This site is optimized with the Yoast SEO plugin v26.2 - https:\/\/yoast.com\/wordpress\/plugins\/seo\/ -->\n<title>Tag der Jugend - Rauchfrei Telefon<\/title>\n<meta name=\"robots\" content=\"index, follow, max-snippet:-1, max-image-preview:large, max-video-preview:-1\" \/>\n<link rel=\"canonical\" href=\"https:\/\/rauchfrei.at\/tag-der-jugend\/\" \/>\n<meta property=\"og:locale\" content=\"en_US\" \/>\n<meta property=\"og:type\" content=\"article\" \/>\n<meta property=\"og:title\" content=\"Tag der Jugend - Rauchfrei Telefon\" \/>\n<meta property=\"og:description\" content=\"Der Internationale Tag der Jugend am 12. August erinnert an die Bedeutung der Jugend als Lebensphase. Wir wissen, wer im Alter zwischen 13 und 21 Jahren nicht zu rauchen beginnt, bleibt h\u00f6chstwahrscheinlich sein Leben lang rauchfrei. Doch wie dem Rauchen widerstehen? Unser neuer Jugendfolder informiert, kl\u00e4rt auf und bietet Unterst\u00fctzung.\" \/>\n<meta property=\"og:url\" content=\"https:\/\/rauchfrei.at\/tag-der-jugend\/\" \/>\n<meta property=\"og:site_name\" content=\"Rauchfrei Telefon\" \/>\n<meta property=\"article:published_time\" content=\"2019-08-12T08:00:15+00:00\" \/>\n<meta property=\"og:image\" content=\"https:\/\/rauchfrei.at\/wp-content\/uploads\/Bub.png\" \/>\n<meta name=\"author\" content=\"Rauchfrei Team\" \/>\n<meta name=\"twitter:card\" content=\"summary_large_image\" \/>\n<meta name=\"twitter:label1\" content=\"Written by\" \/>\n\t<meta name=\"twitter:data1\" content=\"Rauchfrei Team\" \/>\n\t<meta name=\"twitter:label2\" content=\"Est. reading time\" \/>\n\t<meta name=\"twitter:data2\" content=\"5 minutes\" \/>\n<script type=\"application\/ld+json\" class=\"yoast-schema-graph\">{\"@context\":\"https:\/\/schema.org\",\"@graph\":[{\"@type\":\"WebPage\",\"@id\":\"https:\/\/rauchfrei.at\/tag-der-jugend\/\",\"url\":\"https:\/\/rauchfrei.at\/tag-der-jugend\/\",\"name\":\"Tag der Jugend - Rauchfrei Telefon\",\"isPartOf\":{\"@id\":\"https:\/\/rauchfrei.at\/#website\"},\"primaryImageOfPage\":{\"@id\":\"https:\/\/rauchfrei.at\/tag-der-jugend\/#primaryimage\"},\"image\":{\"@id\":\"https:\/\/rauchfrei.at\/tag-der-jugend\/#primaryimage\"},\"thumbnailUrl\":\"https:\/\/rauchfrei.at\/wp-content\/uploads\/Bub.png\",\"datePublished\":\"2019-08-12T08:00:15+00:00\",\"author\":{\"@id\":\"https:\/\/rauchfrei.at\/#\/schema\/person\/504bbf90c5482004fc09aef6de7f9277\"},\"inLanguage\":\"en-US\",\"potentialAction\":[{\"@type\":\"ReadAction\",\"target\":[\"https:\/\/rauchfrei.at\/tag-der-jugend\/\"]}]},{\"@type\":\"ImageObject\",\"inLanguage\":\"en-US\",\"@id\":\"https:\/\/rauchfrei.at\/tag-der-jugend\/#primaryimage\",\"url\":\"https:\/\/rauchfrei.at\/wp-content\/uploads\/Bub.png\",\"contentUrl\":\"https:\/\/rauchfrei.at\/wp-content\/uploads\/Bub.png\"},{\"@type\":\"WebSite\",\"@id\":\"https:\/\/rauchfrei.at\/#website\",\"url\":\"https:\/\/rauchfrei.at\/\",\"name\":\"Rauchfrei Telefon\",\"description\":\"Eine \u00f6sterreichweite Initiative der Sozialversicherungen.\",\"potentialAction\":[{\"@type\":\"SearchAction\",\"target\":{\"@type\":\"EntryPoint\",\"urlTemplate\":\"https:\/\/rauchfrei.at\/?s={search_term_string}\"},\"query-input\":{\"@type\":\"PropertyValueSpecification\",\"valueRequired\":true,\"valueName\":\"search_term_string\"}}],\"inLanguage\":\"en-US\"},{\"@type\":\"Person\",\"@id\":\"https:\/\/rauchfrei.at\/#\/schema\/person\/504bbf90c5482004fc09aef6de7f9277\",\"name\":\"Rauchfrei Team\",\"image\":{\"@type\":\"ImageObject\",\"inLanguage\":\"en-US\",\"@id\":\"https:\/\/rauchfrei.at\/#\/schema\/person\/image\/\",\"url\":\"https:\/\/secure.gravatar.com\/avatar\/2115b79a00800516fa1523bb5a329611f90e73e89be559131fc7e82b4fdc95ff?s=96&d=mm&r=g\",\"contentUrl\":\"https:\/\/secure.gravatar.com\/avatar\/2115b79a00800516fa1523bb5a329611f90e73e89be559131fc7e82b4fdc95ff?s=96&d=mm&r=g\",\"caption\":\"Rauchfrei Team\"},\"url\":\"https:\/\/rauchfrei.at\/en\/author\/rauchfrei-team\/\"}]}<\/script>\n<!-- \/ Yoast SEO plugin. -->","yoast_head_json":{"title":"Tag der Jugend - Rauchfrei Telefon","robots":{"index":"index","follow":"follow","max-snippet":"max-snippet:-1","max-image-preview":"max-image-preview:large","max-video-preview":"max-video-preview:-1"},"canonical":"https:\/\/rauchfrei.at\/tag-der-jugend\/","og_locale":"en_US","og_type":"article","og_title":"Tag der Jugend - Rauchfrei Telefon","og_description":"Der Internationale Tag der Jugend am 12. August erinnert an die Bedeutung der Jugend als Lebensphase. Wir wissen, wer im Alter zwischen 13 und 21 Jahren nicht zu rauchen beginnt, bleibt h\u00f6chstwahrscheinlich sein Leben lang rauchfrei. Doch wie dem Rauchen widerstehen? Unser neuer Jugendfolder informiert, kl\u00e4rt auf und bietet Unterst\u00fctzung.","og_url":"https:\/\/rauchfrei.at\/tag-der-jugend\/","og_site_name":"Rauchfrei Telefon","article_published_time":"2019-08-12T08:00:15+00:00","og_image":[{"url":"https:\/\/rauchfrei.at\/wp-content\/uploads\/Bub.png","type":"","width":"","height":""}],"author":"Rauchfrei Team","twitter_card":"summary_large_image","twitter_misc":{"Written by":"Rauchfrei Team","Est. reading time":"5 minutes"},"schema":{"@context":"https:\/\/schema.org","@graph":[{"@type":"WebPage","@id":"https:\/\/rauchfrei.at\/tag-der-jugend\/","url":"https:\/\/rauchfrei.at\/tag-der-jugend\/","name":"Tag der Jugend - Rauchfrei Telefon","isPartOf":{"@id":"https:\/\/rauchfrei.at\/#website"},"primaryImageOfPage":{"@id":"https:\/\/rauchfrei.at\/tag-der-jugend\/#primaryimage"},"image":{"@id":"https:\/\/rauchfrei.at\/tag-der-jugend\/#primaryimage"},"thumbnailUrl":"https:\/\/rauchfrei.at\/wp-content\/uploads\/Bub.png","datePublished":"2019-08-12T08:00:15+00:00","author":{"@id":"https:\/\/rauchfrei.at\/#\/schema\/person\/504bbf90c5482004fc09aef6de7f9277"},"inLanguage":"en-US","potentialAction":[{"@type":"ReadAction","target":["https:\/\/rauchfrei.at\/tag-der-jugend\/"]}]},{"@type":"ImageObject","inLanguage":"en-US","@id":"https:\/\/rauchfrei.at\/tag-der-jugend\/#primaryimage","url":"https:\/\/rauchfrei.at\/wp-content\/uploads\/Bub.png","contentUrl":"https:\/\/rauchfrei.at\/wp-content\/uploads\/Bub.png"},{"@type":"WebSite","@id":"https:\/\/rauchfrei.at\/#website","url":"https:\/\/rauchfrei.at\/","name":"Rauchfrei Telefon","description":"Eine \u00f6sterreichweite Initiative der Sozialversicherungen.","potentialAction":[{"@type":"SearchAction","target":{"@type":"EntryPoint","urlTemplate":"https:\/\/rauchfrei.at\/?s={search_term_string}"},"query-input":{"@type":"PropertyValueSpecification","valueRequired":true,"valueName":"search_term_string"}}],"inLanguage":"en-US"},{"@type":"Person","@id":"https:\/\/rauchfrei.at\/#\/schema\/person\/504bbf90c5482004fc09aef6de7f9277","name":"Rauchfrei Team","image":{"@type":"ImageObject","inLanguage":"en-US","@id":"https:\/\/rauchfrei.at\/#\/schema\/person\/image\/","url":"https:\/\/secure.gravatar.com\/avatar\/2115b79a00800516fa1523bb5a329611f90e73e89be559131fc7e82b4fdc95ff?s=96&d=mm&r=g","contentUrl":"https:\/\/secure.gravatar.com\/avatar\/2115b79a00800516fa1523bb5a329611f90e73e89be559131fc7e82b4fdc95ff?s=96&d=mm&r=g","caption":"Rauchfrei Team"},"url":"https:\/\/rauchfrei.at\/en\/author\/rauchfrei-team\/"}]}},"_links":{"self":[{"href":"https:\/\/rauchfrei.at\/en\/wp-json\/wp\/v2\/posts\/17171","targetHints":{"allow":["GET"]}}],"collection":[{"href":"https:\/\/rauchfrei.at\/en\/wp-json\/wp\/v2\/posts"}],"about":[{"href":"https:\/\/rauchfrei.at\/en\/wp-json\/wp\/v2\/types\/post"}],"author":[{"embeddable":true,"href":"https:\/\/rauchfrei.at\/en\/wp-json\/wp\/v2\/users\/25"}],"replies":[{"embeddable":true,"href":"https:\/\/rauchfrei.at\/en\/wp-json\/wp\/v2\/comments?post=17171"}],"version-history":[{"count":5,"href":"https:\/\/rauchfrei.at\/en\/wp-json\/wp\/v2\/posts\/17171\/revisions"}],"predecessor-version":[{"id":17174,"href":"https:\/\/rauchfrei.at\/en\/wp-json\/wp\/v2\/posts\/17171\/revisions\/17174"}],"wp:attachment":[{"href":"https:\/\/rauchfrei.at\/en\/wp-json\/wp\/v2\/media?parent=17171"}],"wp:term":[{"taxonomy":"category","embeddable":true,"href":"https:\/\/rauchfrei.at\/en\/wp-json\/wp\/v2\/categories?post=17171"},{"taxonomy":"post_tag","embeddable":true,"href":"https:\/\/rauchfrei.at\/en\/wp-json\/wp\/v2\/tags?post=17171"}],"curies":[{"name":"wp","href":"https:\/\/api.w.org\/{rel}","templated":true}]}}