
{"id":17272,"date":"2019-12-09T10:00:23","date_gmt":"2019-12-09T08:00:23","guid":{"rendered":"https:\/\/rauchfrei.at\/?p=17272"},"modified":"2019-10-03T14:47:18","modified_gmt":"2019-10-03T12:47:18","slug":"ich-werde-vater-und-rauche-noch","status":"publish","type":"post","link":"https:\/\/rauchfrei.at\/en\/ich-werde-vater-und-rauche-noch\/","title":{"rendered":"Ich werde Vater und rauche noch!"},"content":{"rendered":"<p>[et_pb_section bb_built=&#8221;1&#8243; fullwidth=&#8221;off&#8221; specialty=&#8221;off&#8221; _builder_version=&#8221;3.0.99&#8243; module_class=&#8221;header&#8221; next_background_color=&#8221;#000000&#8243;][et_pb_row _builder_version=&#8221;3.0.99&#8243;][et_pb_column type=&#8221;4_4&#8243;][et_pb_dp_dmb_module_10001 _builder_version=&#8221;3.21.1&#8243; subheadline=&#8221;Wieso auch V\u00e4ter in der Schwangerschaft rauchfrei werden sollten &#8221; z_index_tablet=&#8221;500&#8243; \/][\/et_pb_column][\/et_pb_row][\/et_pb_section][et_pb_section bb_built=&#8221;1&#8243; _builder_version=&#8221;3.0.99&#8243; custom_padding=&#8221;30px|||&#8221; prev_background_color=&#8221;#000000&#8243;][et_pb_row _builder_version=&#8221;3.0.99&#8243; module_class_2=&#8221;cat-and-tag&#8221; module_class_1=&#8221;blog-content&#8221;][et_pb_column type=&#8221;2_3&#8243;][et_pb_text _builder_version=&#8221;3.21.1&#8243; z_index_tablet=&#8221;500&#8243;]<\/p>\n<p>Auch werdende V\u00e4ter sollen rauchfrei werden, nicht nur zur Unterst\u00fctzung, falls die schwangere Partnerin rauchfrei wird, f\u00fcr die eigene Gesundheit und die Gesundheit der werdenden Mutter, sondern insbesondere f\u00fcr die gesunde Entwicklung des Babys.<\/p>\n<p>Viele Studien zeigen, dass das v\u00e4terliche Rauchverhalten direkte negative Auswirkungen auf die Entwicklung des Babys hat \u2013 und das bereits w\u00e4hrend der Schwangerschaft.<\/p>\n<p>Eine neue <a href=\"https:\/\/uk.reuters.com\/article\/us-health-pregnancy-smoking-epigenetic\/fathers-smoking-during-pregnancy-tied-to-asthma-in-kids-idUKKCN1TE37R\" target=\"_blank\" rel=\"noopener noreferrer\">Studie<\/a> zeigt folgendes: Kinder von rauchenden V\u00e4tern haben eine um 50 % gesteigerte Wahrscheinlichkeit im Alter von sechs Jahren an Asthma zu erkranken, als Kinder von rauchfreien V\u00e4tern. Dieser Effekt zeigte sich auch, wenn der jeweilige Vater ausschlie\u00dflich w\u00e4hrend der Schwangerschaft geraucht hat. Zus\u00e4tzlich konnten negative Auswirkungen auf das Immunsystem des Kindes nachgewiesen werden.<\/p>\n<p>Sie werden Vater und rauchen noch? <br \/>Warten Sie nicht, trauen Sie sich jetzt den Rauchstopp zu!<\/p>\n<p>Als werdender Vater selbst rauchfrei zu werden, bringt zahlreiche Vorteile:<\/p>\n<ul>\n<li>Sie sorgen f\u00fcr die eigene Gesundheit, Ihre Fitness und Ihr Wohlbefinden.<\/li>\n<li>Wenn die werdende Mutter vorher geraucht hat, ist es eine wertvolle Unterst\u00fctzung, wenn auch Sie als Partner rauchfrei sind.<\/li>\n<li>Sie f\u00f6rdern die beste Entwicklung des Babys w\u00e4hrend der Schwangerschaft, da Sie es nicht durch die Schadstoffe des aktiven und passiven Rauchens sch\u00e4digen.<\/li>\n<li>Sie ersparen sich Geld, das Sie besser f\u00fcr sich selbst oder Ihre Familie verwenden k\u00f6nnen.<\/li>\n<li>Das Baby w\u00e4chst in einem rauchfreien Zuhause auf und nimmt keine Schadstoffe durch <a href=\"https:\/\/rauchfrei.at\/passivrauch-schaedigt\/\" target=\"_blank\" rel=\"noopener noreferrer\">Passivrauch<\/a> oder <a href=\"https:\/\/rauchfrei.at\/zigarettenrauch-passivrauch-und-dritthandrauch\/\" target=\"_blank\" rel=\"noopener noreferrer\">Dritthandrauch<\/a> auf.<\/li>\n<\/ul>\n<p>Link: <a href=\"https:\/\/uk.reuters.com\/article\/us-health-pregnancy-smoking-epigenetic\/fathers-smoking-during-pregnancy-tied-to-asthma-in-kids-idUKKCN1TE37R\" target=\"_blank\" rel=\"noopener noreferrer\">Studie: Rauchen von V\u00e4tern mit Asthma der Kinder verkn\u00fcpft<\/a><\/p>\n<p>[\/et_pb_text][et_pb_post_nav _builder_version=&#8221;3.21.1&#8243; in_same_term=&#8221;off&#8221; show_prev=&#8221;on&#8221; show_next=&#8221;on&#8221; \/][\/et_pb_column][et_pb_column type=&#8221;1_3&#8243;][et_pb_sidebar _builder_version=&#8221;3.0.99&#8243; area=&#8221;et_pb_widget_area_1&#8243; orientation=&#8221;left&#8221; show_border=&#8221;on&#8221; background_layout=&#8221;light&#8221; \/][et_pb_dp_dmb_module_10093 admin_label=&#8221;Anruf buchen&#8221; farbe=&#8221;blitzgelb&#8221; headline=&#8221;Buchen Sie einen Anruf!&#8221; image=&#8221;https:\/\/rauchfrei.at\/wp-content\/uploads\/rauchfrei-rueckruf-gelb.png&#8221; image_position=&#8221;center&#8221; link_text=&#8221;Anruf buchen!&#8221; link_url=&#8221;https:\/\/rauchfrei.at\/beratung\/anruf-gewuenscht\/&#8221; image_size=&#8221;80&#8243; _builder_version=&#8221;3.20.2&#8243; custom_link=&#8221;off&#8221; hover_enabled=&#8221;0&#8243; saved_tabs=&#8221;all&#8221; link_new_tab=&#8221;off&#8221; use_background_color_gradient=&#8221;off&#8221; background_color_gradient_direction=&#8221;180deg&#8221; parallax=&#8221;off&#8221; background_size=&#8221;cover&#8221; background_position=&#8221;center&#8221; background_repeat=&#8221;no-repeat&#8221; background_blend=&#8221;normal&#8221; allow_player_pause=&#8221;off&#8221; background_video_pause_outside_viewport=&#8221;on&#8221; dp_tiny_mce_font_size=&#8221;14px&#8221; dp_tiny_mce_letter_spacing=&#8221;0px&#8221; dp_tiny_mce_line_height=&#8221;1.5em&#8221; dp_tiny_mce_text_shadow_style=&#8221;none&#8221; border_radii=&#8221;on||||&#8221; link_bg_use_color_gradient=&#8221;off&#8221; link_bg_color_gradient_start=&#8221;#2b87da&#8221; link_bg_color_gradient_end=&#8221;#29c4a9&#8243; link_bg_color_gradient_type=&#8221;linear&#8221; link_bg_color_gradient_direction=&#8221;180deg&#8221; link_bg_color_gradient_direction_radial=&#8221;center&#8221; link_bg_color_gradient_start_position=&#8221;0%&#8221; link_bg_color_gradient_end_position=&#8221;100%&#8221; link_bg_color_gradient_overlays_image=&#8221;off&#8221; link_bg_parallax=&#8221;off&#8221; link_bg_parallax_method=&#8221;on&#8221; link_bg_size=&#8221;cover&#8221; link_bg_position=&#8221;center&#8221; link_bg_repeat=&#8221;no-repeat&#8221; link_bg_blend=&#8221;normal&#8221; link_bg_allow_player_pause=&#8221;off&#8221; link_bg_video_pause_outside_viewport=&#8221;on&#8221; link_icon_placement=&#8221;right&#8221; link_on_hover=&#8221;on&#8221; box_shadow_style=&#8221;none&#8221; background_layout=&#8221;light&#8221; max_width=&#8221;100%&#8221; filter_hue_rotate=&#8221;0deg&#8221; filter_saturate=&#8221;100%&#8221; filter_brightness=&#8221;100%&#8221; filter_contrast=&#8221;100%&#8221; filter_invert=&#8221;0%&#8221; filter_sepia=&#8221;0%&#8221; filter_opacity=&#8221;100%&#8221; filter_blur=&#8221;0px&#8221; mix_blend_mode=&#8221;normal&#8221; animation_style=&#8221;none&#8221; animation_direction=&#8221;center&#8221; text_shadow_style=&#8221;none&#8221; hover_transition_duration=&#8221;300ms&#8221; hover_transition_delay=&#8221;0ms&#8221; hover_transition_speed_curve=&#8221;ease&#8221; global_module=&#8221;13148&#8243;]<\/p>\n<p>Wir rufen Sie gerne an.<\/p>\n<p>[\/et_pb_dp_dmb_module_10093][et_pb_dp_dmb_module_10080 admin_label=&#8221;Testen Sie Ihre Abh\u00e4ngigkeit&#8221; link_text=&#8221;Hier&#8221; link_url=&#8221;https:\/\/rauchfrei.at\/downloads-tests-und-tools\/&#8221; _builder_version=&#8221;3.21.1&#8243; custom_link=&#8221;off&#8221; hover_enabled=&#8221;0&#8243; saved_tabs=&#8221;all&#8221; global_module=&#8221;13157&#8243;]<\/p>\n<p><strong>Testen <\/strong>Sie Ihre <strong>Abh\u00e4ngigkeit!<\/strong><\/p>\n<p>[\/et_pb_dp_dmb_module_10080][\/et_pb_column][\/et_pb_row][\/et_pb_section]<\/p>\n","protected":false},"excerpt":{"rendered":"<p>Rauchende Frauen sollten rauchfrei werden, wenn sie schwanger werden wollen oder feststellen, dass sie schwanger sind. Das ist bekannt. Aber wie wichtig die Rolle des werdenden Vaters in Bezug aufs Nichtrauchen ist, wird untersch\u00e4tzt. Werdende V\u00e4ter, die rauchen, beeinflussen mit einem baldigen Rauchstopp nicht nur die eigene Gesundheit, sondern auch jene von Mutter und Kind ganz positiv.<\/p>\n","protected":false},"author":25,"featured_media":0,"comment_status":"open","ping_status":"open","sticky":false,"template":"","format":"standard","meta":{"_et_pb_use_builder":"on","_et_pb_old_content":"","_et_gb_content_width":"","footnotes":""},"categories":[235,233],"tags":[],"class_list":["post-17272","post","type-post","status-publish","format-standard","hentry","category-gesundheit-und-rauchstopp","category-unterstuetzung-beim-rauchstopp"],"yoast_head":"<!-- This site is optimized with the Yoast SEO plugin v26.2 - https:\/\/yoast.com\/wordpress\/plugins\/seo\/ -->\n<title>Ich werde Vater und rauche noch! - Rauchfrei Telefon<\/title>\n<meta name=\"robots\" content=\"index, follow, max-snippet:-1, max-image-preview:large, max-video-preview:-1\" \/>\n<link rel=\"canonical\" href=\"https:\/\/rauchfrei.at\/ich-werde-vater-und-rauche-noch\/\" \/>\n<meta property=\"og:locale\" content=\"en_US\" \/>\n<meta property=\"og:type\" content=\"article\" \/>\n<meta property=\"og:title\" content=\"Ich werde Vater und rauche noch! - Rauchfrei Telefon\" \/>\n<meta property=\"og:description\" content=\"Rauchende Frauen sollten rauchfrei werden, wenn sie schwanger werden wollen oder feststellen, dass sie schwanger sind. Das ist bekannt. Aber wie wichtig die Rolle des werdenden Vaters in Bezug aufs Nichtrauchen ist, wird untersch\u00e4tzt. Werdende V\u00e4ter, die rauchen, beeinflussen mit einem baldigen Rauchstopp nicht nur die eigene Gesundheit, sondern auch jene von Mutter und Kind ganz positiv.\" \/>\n<meta property=\"og:url\" content=\"https:\/\/rauchfrei.at\/ich-werde-vater-und-rauche-noch\/\" \/>\n<meta property=\"og:site_name\" content=\"Rauchfrei Telefon\" \/>\n<meta property=\"article:published_time\" content=\"2019-12-09T08:00:23+00:00\" \/>\n<meta name=\"author\" content=\"Rauchfrei Team\" \/>\n<meta name=\"twitter:card\" content=\"summary_large_image\" \/>\n<meta name=\"twitter:label1\" content=\"Written by\" \/>\n\t<meta name=\"twitter:data1\" content=\"Rauchfrei Team\" \/>\n\t<meta name=\"twitter:label2\" content=\"Est. reading time\" \/>\n\t<meta name=\"twitter:data2\" content=\"4 minutes\" \/>\n<script type=\"application\/ld+json\" class=\"yoast-schema-graph\">{\"@context\":\"https:\/\/schema.org\",\"@graph\":[{\"@type\":\"WebPage\",\"@id\":\"https:\/\/rauchfrei.at\/ich-werde-vater-und-rauche-noch\/\",\"url\":\"https:\/\/rauchfrei.at\/ich-werde-vater-und-rauche-noch\/\",\"name\":\"Ich werde Vater und rauche noch! - Rauchfrei Telefon\",\"isPartOf\":{\"@id\":\"https:\/\/rauchfrei.at\/#website\"},\"datePublished\":\"2019-12-09T08:00:23+00:00\",\"author\":{\"@id\":\"https:\/\/rauchfrei.at\/#\/schema\/person\/504bbf90c5482004fc09aef6de7f9277\"},\"inLanguage\":\"en-US\",\"potentialAction\":[{\"@type\":\"ReadAction\",\"target\":[\"https:\/\/rauchfrei.at\/ich-werde-vater-und-rauche-noch\/\"]}]},{\"@type\":\"WebSite\",\"@id\":\"https:\/\/rauchfrei.at\/#website\",\"url\":\"https:\/\/rauchfrei.at\/\",\"name\":\"Rauchfrei Telefon\",\"description\":\"Eine \u00f6sterreichweite Initiative der Sozialversicherungen.\",\"potentialAction\":[{\"@type\":\"SearchAction\",\"target\":{\"@type\":\"EntryPoint\",\"urlTemplate\":\"https:\/\/rauchfrei.at\/?s={search_term_string}\"},\"query-input\":{\"@type\":\"PropertyValueSpecification\",\"valueRequired\":true,\"valueName\":\"search_term_string\"}}],\"inLanguage\":\"en-US\"},{\"@type\":\"Person\",\"@id\":\"https:\/\/rauchfrei.at\/#\/schema\/person\/504bbf90c5482004fc09aef6de7f9277\",\"name\":\"Rauchfrei Team\",\"image\":{\"@type\":\"ImageObject\",\"inLanguage\":\"en-US\",\"@id\":\"https:\/\/rauchfrei.at\/#\/schema\/person\/image\/\",\"url\":\"https:\/\/secure.gravatar.com\/avatar\/2115b79a00800516fa1523bb5a329611f90e73e89be559131fc7e82b4fdc95ff?s=96&d=mm&r=g\",\"contentUrl\":\"https:\/\/secure.gravatar.com\/avatar\/2115b79a00800516fa1523bb5a329611f90e73e89be559131fc7e82b4fdc95ff?s=96&d=mm&r=g\",\"caption\":\"Rauchfrei Team\"},\"url\":\"https:\/\/rauchfrei.at\/en\/author\/rauchfrei-team\/\"}]}<\/script>\n<!-- \/ Yoast SEO plugin. -->","yoast_head_json":{"title":"Ich werde Vater und rauche noch! - Rauchfrei Telefon","robots":{"index":"index","follow":"follow","max-snippet":"max-snippet:-1","max-image-preview":"max-image-preview:large","max-video-preview":"max-video-preview:-1"},"canonical":"https:\/\/rauchfrei.at\/ich-werde-vater-und-rauche-noch\/","og_locale":"en_US","og_type":"article","og_title":"Ich werde Vater und rauche noch! - Rauchfrei Telefon","og_description":"Rauchende Frauen sollten rauchfrei werden, wenn sie schwanger werden wollen oder feststellen, dass sie schwanger sind. Das ist bekannt. Aber wie wichtig die Rolle des werdenden Vaters in Bezug aufs Nichtrauchen ist, wird untersch\u00e4tzt. Werdende V\u00e4ter, die rauchen, beeinflussen mit einem baldigen Rauchstopp nicht nur die eigene Gesundheit, sondern auch jene von Mutter und Kind ganz positiv.","og_url":"https:\/\/rauchfrei.at\/ich-werde-vater-und-rauche-noch\/","og_site_name":"Rauchfrei Telefon","article_published_time":"2019-12-09T08:00:23+00:00","author":"Rauchfrei Team","twitter_card":"summary_large_image","twitter_misc":{"Written by":"Rauchfrei Team","Est. reading time":"4 minutes"},"schema":{"@context":"https:\/\/schema.org","@graph":[{"@type":"WebPage","@id":"https:\/\/rauchfrei.at\/ich-werde-vater-und-rauche-noch\/","url":"https:\/\/rauchfrei.at\/ich-werde-vater-und-rauche-noch\/","name":"Ich werde Vater und rauche noch! - Rauchfrei Telefon","isPartOf":{"@id":"https:\/\/rauchfrei.at\/#website"},"datePublished":"2019-12-09T08:00:23+00:00","author":{"@id":"https:\/\/rauchfrei.at\/#\/schema\/person\/504bbf90c5482004fc09aef6de7f9277"},"inLanguage":"en-US","potentialAction":[{"@type":"ReadAction","target":["https:\/\/rauchfrei.at\/ich-werde-vater-und-rauche-noch\/"]}]},{"@type":"WebSite","@id":"https:\/\/rauchfrei.at\/#website","url":"https:\/\/rauchfrei.at\/","name":"Rauchfrei Telefon","description":"Eine \u00f6sterreichweite Initiative der Sozialversicherungen.","potentialAction":[{"@type":"SearchAction","target":{"@type":"EntryPoint","urlTemplate":"https:\/\/rauchfrei.at\/?s={search_term_string}"},"query-input":{"@type":"PropertyValueSpecification","valueRequired":true,"valueName":"search_term_string"}}],"inLanguage":"en-US"},{"@type":"Person","@id":"https:\/\/rauchfrei.at\/#\/schema\/person\/504bbf90c5482004fc09aef6de7f9277","name":"Rauchfrei Team","image":{"@type":"ImageObject","inLanguage":"en-US","@id":"https:\/\/rauchfrei.at\/#\/schema\/person\/image\/","url":"https:\/\/secure.gravatar.com\/avatar\/2115b79a00800516fa1523bb5a329611f90e73e89be559131fc7e82b4fdc95ff?s=96&d=mm&r=g","contentUrl":"https:\/\/secure.gravatar.com\/avatar\/2115b79a00800516fa1523bb5a329611f90e73e89be559131fc7e82b4fdc95ff?s=96&d=mm&r=g","caption":"Rauchfrei Team"},"url":"https:\/\/rauchfrei.at\/en\/author\/rauchfrei-team\/"}]}},"_links":{"self":[{"href":"https:\/\/rauchfrei.at\/en\/wp-json\/wp\/v2\/posts\/17272","targetHints":{"allow":["GET"]}}],"collection":[{"href":"https:\/\/rauchfrei.at\/en\/wp-json\/wp\/v2\/posts"}],"about":[{"href":"https:\/\/rauchfrei.at\/en\/wp-json\/wp\/v2\/types\/post"}],"author":[{"embeddable":true,"href":"https:\/\/rauchfrei.at\/en\/wp-json\/wp\/v2\/users\/25"}],"replies":[{"embeddable":true,"href":"https:\/\/rauchfrei.at\/en\/wp-json\/wp\/v2\/comments?post=17272"}],"version-history":[{"count":5,"href":"https:\/\/rauchfrei.at\/en\/wp-json\/wp\/v2\/posts\/17272\/revisions"}],"predecessor-version":[{"id":17280,"href":"https:\/\/rauchfrei.at\/en\/wp-json\/wp\/v2\/posts\/17272\/revisions\/17280"}],"wp:attachment":[{"href":"https:\/\/rauchfrei.at\/en\/wp-json\/wp\/v2\/media?parent=17272"}],"wp:term":[{"taxonomy":"category","embeddable":true,"href":"https:\/\/rauchfrei.at\/en\/wp-json\/wp\/v2\/categories?post=17272"},{"taxonomy":"post_tag","embeddable":true,"href":"https:\/\/rauchfrei.at\/en\/wp-json\/wp\/v2\/tags?post=17272"}],"curies":[{"name":"wp","href":"https:\/\/api.w.org\/{rel}","templated":true}]}}