
{"id":17298,"date":"2019-09-16T10:00:03","date_gmt":"2019-09-16T08:00:03","guid":{"rendered":"https:\/\/rauchfrei.at\/?p=17298"},"modified":"2019-09-13T17:39:07","modified_gmt":"2019-09-13T15:39:07","slug":"maerchenstunde-zum-weltkindertag","status":"publish","type":"post","link":"https:\/\/rauchfrei.at\/en\/maerchenstunde-zum-weltkindertag\/","title":{"rendered":"M\u00e4rchenstunde zum Weltkindertag"},"content":{"rendered":"<p>[et_pb_section bb_built=&#8221;1&#8243; fullwidth=&#8221;off&#8221; specialty=&#8221;off&#8221; _builder_version=&#8221;3.0.99&#8243; module_class=&#8221;header&#8221; next_background_color=&#8221;#000000&#8243;][et_pb_row _builder_version=&#8221;3.0.99&#8243;][et_pb_column type=&#8221;4_4&#8243;][et_pb_dp_dmb_module_10001 _builder_version=&#8221;3.21.1&#8243; subheadline=&#8221;Wer steht bei der TabaKINDustrie im Mittelpunkt?&#8221; z_index_tablet=&#8221;500&#8243; \/][\/et_pb_column][\/et_pb_row][\/et_pb_section][et_pb_section bb_built=&#8221;1&#8243; _builder_version=&#8221;3.0.99&#8243; custom_padding=&#8221;30px|||&#8221; prev_background_color=&#8221;#000000&#8243;][et_pb_row _builder_version=&#8221;3.0.99&#8243; module_class_2=&#8221;cat-and-tag&#8221; module_class_1=&#8221;blog-content&#8221;][et_pb_column type=&#8221;2_3&#8243;][et_pb_text _builder_version=&#8221;3.21.1&#8243; z_index_tablet=&#8221;500&#8243;]<\/p>\n<p>Rauchen ist in unserer Gesellschaft noch immer allgegenw\u00e4rtig und sozial akzeptiert. So werden Kinder sehr fr\u00fch mit dem Rauchen konfrontiert und sehen es oft als v\u00f6llig normal an. Wie viele andere Verhaltensweisen lernen Kinder auch das Rauchverhalten durch Modelllernen. Schon im Alter zwischen zwei und sechs Jahren ahmen Kinder bei Rollenspielen das Rauchen nach.<\/p>\n<p><img loading=\"lazy\" decoding=\"async\" class=\"alignnone wp-image-17303\" src=\"https:\/\/rauchfrei.at\/wp-content\/uploads\/M\u00e4rchenstunde-480x687.jpg\" alt=\"\" width=\"400\" height=\"573\" srcset=\"https:\/\/rauchfrei.at\/wp-content\/uploads\/M\u00e4rchenstunde-480x687.jpg 480w, https:\/\/rauchfrei.at\/wp-content\/uploads\/M\u00e4rchenstunde-225x322.jpg 225w, https:\/\/rauchfrei.at\/wp-content\/uploads\/M\u00e4rchenstunde.jpg 492w\" sizes=\"(max-width: 400px) 100vw, 400px\" \/>(C) Stiftung rauchfrei leben<\/p>\n<p>Da viele Konsumenten an den Folgen des Rauchens sterben, verf\u00fchrt die Tabakindustrie durch gezielte Ma\u00dfnahmen bereits junge Leute. Das zeigt auch eine \u00c4u\u00dferung des Gesch\u00e4ftsf\u00fchrers der Tabakfirma Brown und Williamson: <strong>&#8220;Wir m\u00fcssen sie jung an den Haken kriegen und dann ein Leben lang&#8221;.<\/strong><\/p>\n<p>Neben der rauchenden Gesellschaft und den mangelnden Tabakkontrollma\u00dfnahmen wird Kindern auch durch Werbung und verlockenden Geschmacksrichtungen der Einstieg ins Rauchen erleichtert. Mit Geschmacksstoffen wie Vanille, Kakao und Lakritz in Zigaretten, sowie diverse Aromastoffe in Liquids der E-Zigaretten\/E-Shishas bringt die Tabakindustrie Kinder gezielt auf den Geschmack. Zus\u00e4tzlich machen es Inhaltsstoffe wie Menthol, Zucker und Ammoniak leichter, den Rauch zu inhalieren und f\u00f6rdern die Nikotinabh\u00e4ngigkeit.<\/p>\n<p>Neben ansprechender farblicher Gestaltung und niedlichen Markentr\u00e4gern, wie z.B. das Kamel, setzt die Tabakindustrie in der Werbung bewusst auf die Ideale Freiheit, Abenteuer, St\u00e4rke und Selbstvertrauen. Dies spricht Jugendliche an, die oft auf der Suche nach Identit\u00e4t, Selbst\u00e4ndigkeit und Individualit\u00e4t sind.<\/p>\n<p>Was mit dem Schritt in die Selbstbestimmung beginnt, endet leider schnell in der Abh\u00e4ngigkeit. Denn: Je eher der Tabakkonsum beginnt, desto schwieriger ist es, das Rauchen sp\u00e4ter wieder aufzugeben.<\/p>\n<p><img loading=\"lazy\" decoding=\"async\" class=\"alignnone size-large wp-image-17304\" src=\"https:\/\/rauchfrei.at\/wp-content\/uploads\/Und-wenn-sie-nicht-gestorben-sind-480x337.jpg\" alt=\"\" width=\"480\" height=\"337\" srcset=\"https:\/\/rauchfrei.at\/wp-content\/uploads\/Und-wenn-sie-nicht-gestorben-sind-480x337.jpg 480w, https:\/\/rauchfrei.at\/wp-content\/uploads\/Und-wenn-sie-nicht-gestorben-sind-225x158.jpg 225w, https:\/\/rauchfrei.at\/wp-content\/uploads\/Und-wenn-sie-nicht-gestorben-sind.jpg 506w\" sizes=\"(max-width: 480px) 100vw, 480px\" \/><br \/>(C) Stiftung rauchfrei leben<\/p>\n<p>Sch\u00fctzen wir Kinder und Jugendliche, unterst\u00fctzen wir Rauchverbote im \u00f6ffentlichen Raum und Tabakwerbeverbote!<\/p>\n<p>2009 wurde der Plakatwettbewerb <strong>&#8220;Tabakindustrie k\u00f6dert Kinder&#8221; <\/strong>ausgerufen. Der Wettbewerb sollte die \u00f6ffentliche Aufmerksamkeit auf Machenschaften lenken, mit denen es die Tabakkonzerne immer wieder schaffen, junge Menschen an den Konsum von Zigaretten zu gew\u00f6hnen und sie davon abh\u00e4ngig zu machen.<\/p>\n<p>Alle eingereichten Plakate finden Sie unter:<br \/><a href=\"http:\/\/www.stiftung-rauchfrei-leben.de\/plakatwettbewerb2009\/plakatwettbewerb2009.php\">http:\/\/www.stiftung-rauchfrei-leben.de\/plakatwettbewerb2009\/plakatwettbewerb2009.php<\/a><\/p>\n<p>\u00a0<\/p>\n<p>[\/et_pb_text][et_pb_post_nav _builder_version=&#8221;3.0.99&#8243; in_same_term=&#8221;off&#8221; show_prev=&#8221;on&#8221; show_next=&#8221;on&#8221; \/][\/et_pb_column][et_pb_column type=&#8221;1_3&#8243;][et_pb_sidebar _builder_version=&#8221;3.0.99&#8243; area=&#8221;et_pb_widget_area_1&#8243; orientation=&#8221;left&#8221; show_border=&#8221;on&#8221; background_layout=&#8221;light&#8221; \/][et_pb_dp_dmb_module_10093 admin_label=&#8221;Trauen Sie sich den Rauchstopp zu&#8221; farbe=&#8221;blitzgelb&#8221; headline=&#8221;Trauen Sie sich den Rauchstopp zu!&#8221; image=&#8221;https:\/\/rauchfrei.at\/wp-content\/uploads\/Quitting-Yellow.png&#8221; image_position=&#8221;center&#8221; link_text=&#8221;mehr&#8221; image_size=&#8221;90&#8243; _builder_version=&#8221;3.19.15&#8243; custom_link=&#8221;off&#8221; hover_enabled=&#8221;0&#8243; saved_tabs=&#8221;all&#8221; link_url=&#8221;https:\/\/rauchfrei.at\/aufhoeren\/schritte-zum-rauchstopp\/trauen-sie-sich-den-rauchstopp-zu\/&#8221; global_module=&#8221;13173&#8243;]<\/p>\n<p>Sie m\u00f6chten etwas \u00e4ndern? Worauf warten Sie noch?<\/p>\n<p>[\/et_pb_dp_dmb_module_10093][et_pb_dp_dmb_module_10093 admin_label=&#8221;Rufen Sie uns an!&#8221; farbe=&#8221;blitzgelb&#8221; headline=&#8221;Rufen Sie uns an! &#8221; image=&#8221;https:\/\/rauchfrei.at\/wp-content\/uploads\/rauchfrei-psychologin-gelb.png&#8221; image_position=&#8221;center&#8221; link_text=&#8221;mehr&#8221; link_url=&#8221;https:\/\/rauchfrei.at\/beratung-vom-rauchfrei-telefon\/&#8221; image_size=&#8221;80&#8243; _builder_version=&#8221;3.19.15&#8243; custom_link=&#8221;off&#8221; hover_enabled=&#8221;0&#8243; saved_tabs=&#8221;all&#8221; global_module=&#8221;13167&#8243;]<\/p>\n<p>Wir beraten und informieren Sie gerne!<\/p>\n<p>[\/et_pb_dp_dmb_module_10093][et_pb_dp_dmb_module_10080 admin_label=&#8221;Testen Sie Ihre Abh\u00e4ngigkeit&#8221; link_text=&#8221;Hier&#8221; link_url=&#8221;https:\/\/rauchfrei.at\/downloads-tests-und-tools\/&#8221; _builder_version=&#8221;3.21.1&#8243; custom_link=&#8221;off&#8221; hover_enabled=&#8221;0&#8243; saved_tabs=&#8221;all&#8221; global_module=&#8221;13157&#8243;]<\/p>\n<p><strong>Testen <\/strong>Sie Ihre <strong>Abh\u00e4ngigkeit!<\/strong><\/p>\n<p>[\/et_pb_dp_dmb_module_10080][et_pb_dp_dmb_module_10093 admin_label=&#8221;Rauchstop und Verdauung&#8221; farbe=&#8221;blitzgelb&#8221; headline=&#8221;Rauchstopp und Verdauung&#8221; image=&#8221;https:\/\/rauchfrei.at\/wp-content\/uploads\/Appetite-and-digenstion-yellow-narrow.png&#8221; image_position=&#8221;center&#8221; link_text=&#8221;mehr dazu&#8221; link_url=&#8221;https:\/\/rauchfrei.at\/aufhoeren\/schritte-zum-rauchstopp\/gewicht-verdauung-und-bewegung\/&#8221; image_size=&#8221;70&#8243; _builder_version=&#8221;3.19.15&#8243; background_color=&#8221;#0c71c3&#8243; custom_link=&#8221;off&#8221; text_orientation=&#8221;left&#8221; hover_enabled=&#8221;0&#8243; saved_tabs=&#8221;all&#8221; link_new_tab=&#8221;off&#8221; use_background_color_gradient=&#8221;off&#8221; background_color_gradient_direction=&#8221;180deg&#8221; parallax=&#8221;off&#8221; background_size=&#8221;cover&#8221; background_position=&#8221;center&#8221; background_repeat=&#8221;no-repeat&#8221; background_blend=&#8221;normal&#8221; allow_player_pause=&#8221;off&#8221; background_video_pause_outside_viewport=&#8221;on&#8221; dp_tiny_mce_font_size=&#8221;14px&#8221; dp_tiny_mce_letter_spacing=&#8221;0px&#8221; dp_tiny_mce_line_height=&#8221;1.5em&#8221; dp_tiny_mce_text_shadow_style=&#8221;none&#8221; border_radii=&#8221;on||||&#8221; link_bg_use_color_gradient=&#8221;off&#8221; link_bg_color_gradient_start=&#8221;#2b87da&#8221; link_bg_color_gradient_end=&#8221;#29c4a9&#8243; link_bg_color_gradient_type=&#8221;linear&#8221; link_bg_color_gradient_direction=&#8221;180deg&#8221; link_bg_color_gradient_direction_radial=&#8221;center&#8221; link_bg_color_gradient_start_position=&#8221;0%&#8221; link_bg_color_gradient_end_position=&#8221;100%&#8221; link_bg_color_gradient_overlays_image=&#8221;off&#8221; link_bg_parallax=&#8221;off&#8221; link_bg_parallax_method=&#8221;on&#8221; link_bg_size=&#8221;cover&#8221; link_bg_position=&#8221;center&#8221; link_bg_repeat=&#8221;no-repeat&#8221; link_bg_blend=&#8221;normal&#8221; link_bg_allow_player_pause=&#8221;off&#8221; link_bg_video_pause_outside_viewport=&#8221;on&#8221; link_icon_placement=&#8221;right&#8221; link_on_hover=&#8221;on&#8221; box_shadow_style=&#8221;none&#8221; background_layout=&#8221;light&#8221; max_width=&#8221;100%&#8221; filter_hue_rotate=&#8221;0deg&#8221; filter_saturate=&#8221;100%&#8221; filter_brightness=&#8221;100%&#8221; filter_contrast=&#8221;100%&#8221; filter_invert=&#8221;0%&#8221; filter_sepia=&#8221;0%&#8221; filter_opacity=&#8221;100%&#8221; filter_blur=&#8221;0px&#8221; mix_blend_mode=&#8221;normal&#8221; animation_style=&#8221;none&#8221; animation_direction=&#8221;center&#8221; text_shadow_style=&#8221;none&#8221; hover_transition_duration=&#8221;300ms&#8221; hover_transition_delay=&#8221;0ms&#8221; hover_transition_speed_curve=&#8221;ease&#8221; global_module=&#8221;12618&#8243;]<\/p>\n<p>Der Rauchstopp bringt die Verdauung manchmal ganz sch\u00f6n ins Stocken.<\/p>\n<p>[\/et_pb_dp_dmb_module_10093][\/et_pb_column][\/et_pb_row][\/et_pb_section]<\/p>\n","protected":false},"excerpt":{"rendered":"<p>Fr\u00fch \u00fcbt sich, wer Raucher\/in werden will. Es beginnt oft mit Kaugummizigaretten und dem Nachahmen des Rauchens und endet fr\u00fch in der Abh\u00e4ngigkeit. Das Einstiegsalter liegt zwischen 11 und 14 Jahren, denn gezielte Werbung verf\u00fchrt schon Kinder zum Rauchen.<\/p>\n","protected":false},"author":25,"featured_media":0,"comment_status":"open","ping_status":"open","sticky":false,"template":"","format":"standard","meta":{"_et_pb_use_builder":"on","_et_pb_old_content":"","_et_gb_content_width":"","footnotes":""},"categories":[236],"tags":[],"class_list":["post-17298","post","type-post","status-publish","format-standard","hentry","category-nicht-kategorisiert"],"yoast_head":"<!-- This site is optimized with the Yoast SEO plugin v26.2 - https:\/\/yoast.com\/wordpress\/plugins\/seo\/ -->\n<title>M\u00e4rchenstunde zum Weltkindertag - Rauchfrei Telefon<\/title>\n<meta name=\"robots\" content=\"index, follow, max-snippet:-1, max-image-preview:large, max-video-preview:-1\" \/>\n<link rel=\"canonical\" href=\"https:\/\/rauchfrei.at\/maerchenstunde-zum-weltkindertag\/\" \/>\n<meta property=\"og:locale\" content=\"en_US\" \/>\n<meta property=\"og:type\" content=\"article\" \/>\n<meta property=\"og:title\" content=\"M\u00e4rchenstunde zum Weltkindertag - Rauchfrei Telefon\" \/>\n<meta property=\"og:description\" content=\"Fr\u00fch \u00fcbt sich, wer Raucher\/in werden will. Es beginnt oft mit Kaugummizigaretten und dem Nachahmen des Rauchens und endet fr\u00fch in der Abh\u00e4ngigkeit. Das Einstiegsalter liegt zwischen 11 und 14 Jahren, denn gezielte Werbung verf\u00fchrt schon Kinder zum Rauchen.\" \/>\n<meta property=\"og:url\" content=\"https:\/\/rauchfrei.at\/maerchenstunde-zum-weltkindertag\/\" \/>\n<meta property=\"og:site_name\" content=\"Rauchfrei Telefon\" \/>\n<meta property=\"article:published_time\" content=\"2019-09-16T08:00:03+00:00\" \/>\n<meta property=\"og:image\" content=\"https:\/\/rauchfrei.at\/wp-content\/uploads\/M\u00e4rchenstunde-480x687.jpg\" \/>\n<meta name=\"author\" content=\"Rauchfrei Team\" \/>\n<meta name=\"twitter:card\" content=\"summary_large_image\" \/>\n<meta name=\"twitter:label1\" content=\"Written by\" \/>\n\t<meta name=\"twitter:data1\" content=\"Rauchfrei Team\" \/>\n\t<meta name=\"twitter:label2\" content=\"Est. reading time\" \/>\n\t<meta name=\"twitter:data2\" content=\"5 minutes\" \/>\n<script type=\"application\/ld+json\" class=\"yoast-schema-graph\">{\"@context\":\"https:\/\/schema.org\",\"@graph\":[{\"@type\":\"WebPage\",\"@id\":\"https:\/\/rauchfrei.at\/maerchenstunde-zum-weltkindertag\/\",\"url\":\"https:\/\/rauchfrei.at\/maerchenstunde-zum-weltkindertag\/\",\"name\":\"M\u00e4rchenstunde zum Weltkindertag - Rauchfrei Telefon\",\"isPartOf\":{\"@id\":\"https:\/\/rauchfrei.at\/#website\"},\"primaryImageOfPage\":{\"@id\":\"https:\/\/rauchfrei.at\/maerchenstunde-zum-weltkindertag\/#primaryimage\"},\"image\":{\"@id\":\"https:\/\/rauchfrei.at\/maerchenstunde-zum-weltkindertag\/#primaryimage\"},\"thumbnailUrl\":\"https:\/\/rauchfrei.at\/wp-content\/uploads\/Und-wenn-sie-nicht-gestorben-sind-480x337.jpg\",\"datePublished\":\"2019-09-16T08:00:03+00:00\",\"author\":{\"@id\":\"https:\/\/rauchfrei.at\/#\/schema\/person\/504bbf90c5482004fc09aef6de7f9277\"},\"inLanguage\":\"en-US\",\"potentialAction\":[{\"@type\":\"ReadAction\",\"target\":[\"https:\/\/rauchfrei.at\/maerchenstunde-zum-weltkindertag\/\"]}]},{\"@type\":\"ImageObject\",\"inLanguage\":\"en-US\",\"@id\":\"https:\/\/rauchfrei.at\/maerchenstunde-zum-weltkindertag\/#primaryimage\",\"url\":\"https:\/\/rauchfrei.at\/wp-content\/uploads\/Und-wenn-sie-nicht-gestorben-sind-480x337.jpg\",\"contentUrl\":\"https:\/\/rauchfrei.at\/wp-content\/uploads\/Und-wenn-sie-nicht-gestorben-sind-480x337.jpg\"},{\"@type\":\"WebSite\",\"@id\":\"https:\/\/rauchfrei.at\/#website\",\"url\":\"https:\/\/rauchfrei.at\/\",\"name\":\"Rauchfrei Telefon\",\"description\":\"Eine \u00f6sterreichweite Initiative der Sozialversicherungen.\",\"potentialAction\":[{\"@type\":\"SearchAction\",\"target\":{\"@type\":\"EntryPoint\",\"urlTemplate\":\"https:\/\/rauchfrei.at\/?s={search_term_string}\"},\"query-input\":{\"@type\":\"PropertyValueSpecification\",\"valueRequired\":true,\"valueName\":\"search_term_string\"}}],\"inLanguage\":\"en-US\"},{\"@type\":\"Person\",\"@id\":\"https:\/\/rauchfrei.at\/#\/schema\/person\/504bbf90c5482004fc09aef6de7f9277\",\"name\":\"Rauchfrei Team\",\"image\":{\"@type\":\"ImageObject\",\"inLanguage\":\"en-US\",\"@id\":\"https:\/\/rauchfrei.at\/#\/schema\/person\/image\/\",\"url\":\"https:\/\/secure.gravatar.com\/avatar\/2115b79a00800516fa1523bb5a329611f90e73e89be559131fc7e82b4fdc95ff?s=96&d=mm&r=g\",\"contentUrl\":\"https:\/\/secure.gravatar.com\/avatar\/2115b79a00800516fa1523bb5a329611f90e73e89be559131fc7e82b4fdc95ff?s=96&d=mm&r=g\",\"caption\":\"Rauchfrei Team\"},\"url\":\"https:\/\/rauchfrei.at\/en\/author\/rauchfrei-team\/\"}]}<\/script>\n<!-- \/ Yoast SEO plugin. -->","yoast_head_json":{"title":"M\u00e4rchenstunde zum Weltkindertag - Rauchfrei Telefon","robots":{"index":"index","follow":"follow","max-snippet":"max-snippet:-1","max-image-preview":"max-image-preview:large","max-video-preview":"max-video-preview:-1"},"canonical":"https:\/\/rauchfrei.at\/maerchenstunde-zum-weltkindertag\/","og_locale":"en_US","og_type":"article","og_title":"M\u00e4rchenstunde zum Weltkindertag - Rauchfrei Telefon","og_description":"Fr\u00fch \u00fcbt sich, wer Raucher\/in werden will. Es beginnt oft mit Kaugummizigaretten und dem Nachahmen des Rauchens und endet fr\u00fch in der Abh\u00e4ngigkeit. Das Einstiegsalter liegt zwischen 11 und 14 Jahren, denn gezielte Werbung verf\u00fchrt schon Kinder zum Rauchen.","og_url":"https:\/\/rauchfrei.at\/maerchenstunde-zum-weltkindertag\/","og_site_name":"Rauchfrei Telefon","article_published_time":"2019-09-16T08:00:03+00:00","og_image":[{"url":"https:\/\/rauchfrei.at\/wp-content\/uploads\/M\u00e4rchenstunde-480x687.jpg","type":"","width":"","height":""}],"author":"Rauchfrei Team","twitter_card":"summary_large_image","twitter_misc":{"Written by":"Rauchfrei Team","Est. reading time":"5 minutes"},"schema":{"@context":"https:\/\/schema.org","@graph":[{"@type":"WebPage","@id":"https:\/\/rauchfrei.at\/maerchenstunde-zum-weltkindertag\/","url":"https:\/\/rauchfrei.at\/maerchenstunde-zum-weltkindertag\/","name":"M\u00e4rchenstunde zum Weltkindertag - Rauchfrei Telefon","isPartOf":{"@id":"https:\/\/rauchfrei.at\/#website"},"primaryImageOfPage":{"@id":"https:\/\/rauchfrei.at\/maerchenstunde-zum-weltkindertag\/#primaryimage"},"image":{"@id":"https:\/\/rauchfrei.at\/maerchenstunde-zum-weltkindertag\/#primaryimage"},"thumbnailUrl":"https:\/\/rauchfrei.at\/wp-content\/uploads\/Und-wenn-sie-nicht-gestorben-sind-480x337.jpg","datePublished":"2019-09-16T08:00:03+00:00","author":{"@id":"https:\/\/rauchfrei.at\/#\/schema\/person\/504bbf90c5482004fc09aef6de7f9277"},"inLanguage":"en-US","potentialAction":[{"@type":"ReadAction","target":["https:\/\/rauchfrei.at\/maerchenstunde-zum-weltkindertag\/"]}]},{"@type":"ImageObject","inLanguage":"en-US","@id":"https:\/\/rauchfrei.at\/maerchenstunde-zum-weltkindertag\/#primaryimage","url":"https:\/\/rauchfrei.at\/wp-content\/uploads\/Und-wenn-sie-nicht-gestorben-sind-480x337.jpg","contentUrl":"https:\/\/rauchfrei.at\/wp-content\/uploads\/Und-wenn-sie-nicht-gestorben-sind-480x337.jpg"},{"@type":"WebSite","@id":"https:\/\/rauchfrei.at\/#website","url":"https:\/\/rauchfrei.at\/","name":"Rauchfrei Telefon","description":"Eine \u00f6sterreichweite Initiative der Sozialversicherungen.","potentialAction":[{"@type":"SearchAction","target":{"@type":"EntryPoint","urlTemplate":"https:\/\/rauchfrei.at\/?s={search_term_string}"},"query-input":{"@type":"PropertyValueSpecification","valueRequired":true,"valueName":"search_term_string"}}],"inLanguage":"en-US"},{"@type":"Person","@id":"https:\/\/rauchfrei.at\/#\/schema\/person\/504bbf90c5482004fc09aef6de7f9277","name":"Rauchfrei Team","image":{"@type":"ImageObject","inLanguage":"en-US","@id":"https:\/\/rauchfrei.at\/#\/schema\/person\/image\/","url":"https:\/\/secure.gravatar.com\/avatar\/2115b79a00800516fa1523bb5a329611f90e73e89be559131fc7e82b4fdc95ff?s=96&d=mm&r=g","contentUrl":"https:\/\/secure.gravatar.com\/avatar\/2115b79a00800516fa1523bb5a329611f90e73e89be559131fc7e82b4fdc95ff?s=96&d=mm&r=g","caption":"Rauchfrei Team"},"url":"https:\/\/rauchfrei.at\/en\/author\/rauchfrei-team\/"}]}},"_links":{"self":[{"href":"https:\/\/rauchfrei.at\/en\/wp-json\/wp\/v2\/posts\/17298","targetHints":{"allow":["GET"]}}],"collection":[{"href":"https:\/\/rauchfrei.at\/en\/wp-json\/wp\/v2\/posts"}],"about":[{"href":"https:\/\/rauchfrei.at\/en\/wp-json\/wp\/v2\/types\/post"}],"author":[{"embeddable":true,"href":"https:\/\/rauchfrei.at\/en\/wp-json\/wp\/v2\/users\/25"}],"replies":[{"embeddable":true,"href":"https:\/\/rauchfrei.at\/en\/wp-json\/wp\/v2\/comments?post=17298"}],"version-history":[{"count":5,"href":"https:\/\/rauchfrei.at\/en\/wp-json\/wp\/v2\/posts\/17298\/revisions"}],"predecessor-version":[{"id":17310,"href":"https:\/\/rauchfrei.at\/en\/wp-json\/wp\/v2\/posts\/17298\/revisions\/17310"}],"wp:attachment":[{"href":"https:\/\/rauchfrei.at\/en\/wp-json\/wp\/v2\/media?parent=17298"}],"wp:term":[{"taxonomy":"category","embeddable":true,"href":"https:\/\/rauchfrei.at\/en\/wp-json\/wp\/v2\/categories?post=17298"},{"taxonomy":"post_tag","embeddable":true,"href":"https:\/\/rauchfrei.at\/en\/wp-json\/wp\/v2\/tags?post=17298"}],"curies":[{"name":"wp","href":"https:\/\/api.w.org\/{rel}","templated":true}]}}