
{"id":17315,"date":"2019-09-23T10:00:19","date_gmt":"2019-09-23T08:00:19","guid":{"rendered":"https:\/\/rauchfrei.at\/?p=17315"},"modified":"2019-09-19T17:30:20","modified_gmt":"2019-09-19T15:30:20","slug":"copd-challenge-2","status":"publish","type":"post","link":"https:\/\/rauchfrei.at\/en\/copd-challenge-2\/","title":{"rendered":"COPD Challenge"},"content":{"rendered":"<p>[et_pb_section bb_built=&#8221;1&#8243; fullwidth=&#8221;off&#8221; specialty=&#8221;off&#8221; _builder_version=&#8221;3.0.99&#8243; module_class=&#8221;header&#8221; next_background_color=&#8221;#000000&#8243;][et_pb_row _builder_version=&#8221;3.0.99&#8243;][et_pb_column type=&#8221;4_4&#8243;][et_pb_dp_dmb_module_10001 _builder_version=&#8221;3.21.1&#8243; subheadline=&#8221;Der Initiator auf Besuch bei uns&#8221; z_index_tablet=&#8221;500&#8243; \/][\/et_pb_column][\/et_pb_row][\/et_pb_section][et_pb_section bb_built=&#8221;1&#8243; _builder_version=&#8221;3.0.99&#8243; custom_padding=&#8221;30px|||&#8221; prev_background_color=&#8221;#000000&#8243;][et_pb_row _builder_version=&#8221;3.0.99&#8243; module_class_2=&#8221;cat-and-tag&#8221; module_class_1=&#8221;blog-content&#8221;][et_pb_column type=&#8221;2_3&#8243;][et_pb_text _builder_version=&#8221;3.21.1&#8243; z_index_tablet=&#8221;500&#8243;]<\/p>\n<p>Eberhard Jordan, ein COPD Patient, hat die COPD Challenge ins Leben gerufen. Dabei geht es darum, dass sich COPD Patienten einer pers\u00f6nlichen Herausforderung stellen. In \u00d6sterreich sind derzeit ca. 400.000 Menschen von COPD betroffen, die Dunkelziffer wird laut Expertenmeinung wesentlich h\u00f6her gesch\u00e4tzt.<\/p>\n<p>Mitte September war Herr Jordan in einer Teamsitzung beim Rauchfrei Telefon zu Besuch. Er hat uns seine COPD Challenge vorgestellt.<\/p>\n<p>Am 20.November 2019 wird der n\u00e4chste Welt-COPD-Tag sein und somit auch der Start f\u00fcr die pers\u00f6nliche Herausforderung. Der Gr\u00fcnder Eberhard Jordan wird die Besteigung des Donausturms vornehmen. Letztes Jahr hat Herr Jordan den Stephansdom bestiegen und dieses Jahr wird es mit mehr als doppelt so viel Stufen, insgesamt 779 Stufen, der Donauturm sein. Der Donauturm ist mit 252m das h\u00f6chste Bauwerk \u00d6sterreichs.<\/p>\n<p>In Innsbruck hat sich auch eine Unterst\u00fctzerin gefunden, Monika Oberdorfer, ebenfalls COPD Patientin, wird mit einem Team die Berg Isel Schanze besteigen.<\/p>\n<p>Das Projekt myCOPD-Challenge ruft anl\u00e4sslich des Welt-COPD Tages im November dazu auf, sich seiner pers\u00f6nlichen Herausforderung zu stellen. Beteiligen Sie sich und bereiten Sie sich gemeinsam mit einem Team aus \u00c4rzten und Therapeuten vor, um Ihr eigenes Ziel zu erreichen, egal ob Kirchturm oder Fernsehturm.<\/p>\n<p><iframe loading=\"lazy\" width=\"1080\" height=\"608\" src=\"https:\/\/www.youtube.com\/embed\/1jRBZJdiirE?feature=oembed\" frameborder=\"0\" allow=\"accelerometer; autoplay; encrypted-media; gyroscope; picture-in-picture\" allowfullscreen><\/iframe><\/p>\n<p>Eberhard Jordan meint die 5 S\u00e4ulen die f\u00fcr COPD Patienten wichtig sind: \u00c4rzte\/Therapeuten, Medikamente, Training, soziale Unterst\u00fctzung und Ern\u00e4hrung. Weiters ist hier zu erw\u00e4hnen, dass ein der Rauchstopp die einzige M\u00f6glichkeit darstellt diese chronisch, fortschreitende Erkrankung zu stoppen.<\/p>\n<p>Sind sie Raucher\/in und an COPD erkrankt? Was sind Dinge, die Ihnen im Leben besonders wichtig sind? Ist es Radfahren? Oder, dass Sie mit Ihren Enkeln Fussball spielen k\u00f6nnen? All das ist mit einer fortgeschrittenen COPD-Erkrankung nicht mehr m\u00f6lglich, so Jordan.Der rechtzeitige Rauchstopp kann das Fortschreiten der Erkrankung verhindern. Melden Sie sich, wir helfen Ihnen beim Aufh\u00f6ren.<\/p>\n<p>N\u00e4here Infos zur COPD-Challenge finden Sie unter:<br \/><a href=\"https:\/\/www.mycopd-challenge.com\/\" target=\"_blank\" rel=\"noopener noreferrer\">https:\/\/www.mycopd-challenge.com\/<\/a><\/p>\n<p>[\/et_pb_text][et_pb_post_nav _builder_version=&#8221;3.0.99&#8243; in_same_term=&#8221;off&#8221; show_prev=&#8221;on&#8221; show_next=&#8221;on&#8221; \/][\/et_pb_column][et_pb_column type=&#8221;1_3&#8243;][et_pb_sidebar _builder_version=&#8221;3.0.99&#8243; area=&#8221;et_pb_widget_area_1&#8243; orientation=&#8221;left&#8221; show_border=&#8221;on&#8221; background_layout=&#8221;light&#8221; \/][\/et_pb_column][\/et_pb_row][\/et_pb_section]<\/p>\n","protected":false},"excerpt":{"rendered":"<p>Die Awareness Kampagne \u201emyCOPD-Challenge\u201c will das Bewusstsein f\u00fcr die Lungenkrankheit COPD erh\u00f6hen und Betroffene zu einem aktiven Umgang mit der Krankheit anregen. Hier erfahren sie mehr dar\u00fcber, was die COPD-Challenge ist.<\/p>\n","protected":false},"author":25,"featured_media":0,"comment_status":"open","ping_status":"open","sticky":false,"template":"","format":"standard","meta":{"_et_pb_use_builder":"on","_et_pb_old_content":"","_et_gb_content_width":"","footnotes":""},"categories":[235,232,236],"tags":[],"class_list":["post-17315","post","type-post","status-publish","format-standard","hentry","category-gesundheit-und-rauchstopp","category-nachrichten-vom-rauchfrei-telefon","category-nicht-kategorisiert"],"yoast_head":"<!-- This site is optimized with the Yoast SEO plugin v26.2 - https:\/\/yoast.com\/wordpress\/plugins\/seo\/ -->\n<title>COPD Challenge - Rauchfrei Telefon<\/title>\n<meta name=\"robots\" content=\"index, follow, max-snippet:-1, max-image-preview:large, max-video-preview:-1\" \/>\n<link rel=\"canonical\" href=\"https:\/\/rauchfrei.at\/copd-challenge-2\/\" \/>\n<meta property=\"og:locale\" content=\"en_US\" \/>\n<meta property=\"og:type\" content=\"article\" \/>\n<meta property=\"og:title\" content=\"COPD Challenge - Rauchfrei Telefon\" \/>\n<meta property=\"og:description\" content=\"Die Awareness Kampagne \u201emyCOPD-Challenge\u201c will das Bewusstsein f\u00fcr die Lungenkrankheit COPD erh\u00f6hen und Betroffene zu einem aktiven Umgang mit der Krankheit anregen. Hier erfahren sie mehr dar\u00fcber, was die COPD-Challenge ist.\" \/>\n<meta property=\"og:url\" content=\"https:\/\/rauchfrei.at\/copd-challenge-2\/\" \/>\n<meta property=\"og:site_name\" content=\"Rauchfrei Telefon\" \/>\n<meta property=\"article:published_time\" content=\"2019-09-23T08:00:19+00:00\" \/>\n<meta name=\"author\" content=\"Rauchfrei Team\" \/>\n<meta name=\"twitter:card\" content=\"summary_large_image\" \/>\n<meta name=\"twitter:label1\" content=\"Written by\" \/>\n\t<meta name=\"twitter:data1\" content=\"Rauchfrei Team\" \/>\n\t<meta name=\"twitter:label2\" content=\"Est. reading time\" \/>\n\t<meta name=\"twitter:data2\" content=\"2 minutes\" \/>\n<script type=\"application\/ld+json\" class=\"yoast-schema-graph\">{\"@context\":\"https:\/\/schema.org\",\"@graph\":[{\"@type\":\"WebPage\",\"@id\":\"https:\/\/rauchfrei.at\/copd-challenge-2\/\",\"url\":\"https:\/\/rauchfrei.at\/copd-challenge-2\/\",\"name\":\"COPD Challenge - Rauchfrei Telefon\",\"isPartOf\":{\"@id\":\"https:\/\/rauchfrei.at\/#website\"},\"datePublished\":\"2019-09-23T08:00:19+00:00\",\"author\":{\"@id\":\"https:\/\/rauchfrei.at\/#\/schema\/person\/504bbf90c5482004fc09aef6de7f9277\"},\"inLanguage\":\"en-US\",\"potentialAction\":[{\"@type\":\"ReadAction\",\"target\":[\"https:\/\/rauchfrei.at\/copd-challenge-2\/\"]}]},{\"@type\":\"WebSite\",\"@id\":\"https:\/\/rauchfrei.at\/#website\",\"url\":\"https:\/\/rauchfrei.at\/\",\"name\":\"Rauchfrei Telefon\",\"description\":\"Eine \u00f6sterreichweite Initiative der Sozialversicherungen.\",\"potentialAction\":[{\"@type\":\"SearchAction\",\"target\":{\"@type\":\"EntryPoint\",\"urlTemplate\":\"https:\/\/rauchfrei.at\/?s={search_term_string}\"},\"query-input\":{\"@type\":\"PropertyValueSpecification\",\"valueRequired\":true,\"valueName\":\"search_term_string\"}}],\"inLanguage\":\"en-US\"},{\"@type\":\"Person\",\"@id\":\"https:\/\/rauchfrei.at\/#\/schema\/person\/504bbf90c5482004fc09aef6de7f9277\",\"name\":\"Rauchfrei Team\",\"image\":{\"@type\":\"ImageObject\",\"inLanguage\":\"en-US\",\"@id\":\"https:\/\/rauchfrei.at\/#\/schema\/person\/image\/\",\"url\":\"https:\/\/secure.gravatar.com\/avatar\/2115b79a00800516fa1523bb5a329611f90e73e89be559131fc7e82b4fdc95ff?s=96&d=mm&r=g\",\"contentUrl\":\"https:\/\/secure.gravatar.com\/avatar\/2115b79a00800516fa1523bb5a329611f90e73e89be559131fc7e82b4fdc95ff?s=96&d=mm&r=g\",\"caption\":\"Rauchfrei Team\"},\"url\":\"https:\/\/rauchfrei.at\/en\/author\/rauchfrei-team\/\"}]}<\/script>\n<!-- \/ Yoast SEO plugin. -->","yoast_head_json":{"title":"COPD Challenge - Rauchfrei Telefon","robots":{"index":"index","follow":"follow","max-snippet":"max-snippet:-1","max-image-preview":"max-image-preview:large","max-video-preview":"max-video-preview:-1"},"canonical":"https:\/\/rauchfrei.at\/copd-challenge-2\/","og_locale":"en_US","og_type":"article","og_title":"COPD Challenge - Rauchfrei Telefon","og_description":"Die Awareness Kampagne \u201emyCOPD-Challenge\u201c will das Bewusstsein f\u00fcr die Lungenkrankheit COPD erh\u00f6hen und Betroffene zu einem aktiven Umgang mit der Krankheit anregen. Hier erfahren sie mehr dar\u00fcber, was die COPD-Challenge ist.","og_url":"https:\/\/rauchfrei.at\/copd-challenge-2\/","og_site_name":"Rauchfrei Telefon","article_published_time":"2019-09-23T08:00:19+00:00","author":"Rauchfrei Team","twitter_card":"summary_large_image","twitter_misc":{"Written by":"Rauchfrei Team","Est. reading time":"2 minutes"},"schema":{"@context":"https:\/\/schema.org","@graph":[{"@type":"WebPage","@id":"https:\/\/rauchfrei.at\/copd-challenge-2\/","url":"https:\/\/rauchfrei.at\/copd-challenge-2\/","name":"COPD Challenge - Rauchfrei Telefon","isPartOf":{"@id":"https:\/\/rauchfrei.at\/#website"},"datePublished":"2019-09-23T08:00:19+00:00","author":{"@id":"https:\/\/rauchfrei.at\/#\/schema\/person\/504bbf90c5482004fc09aef6de7f9277"},"inLanguage":"en-US","potentialAction":[{"@type":"ReadAction","target":["https:\/\/rauchfrei.at\/copd-challenge-2\/"]}]},{"@type":"WebSite","@id":"https:\/\/rauchfrei.at\/#website","url":"https:\/\/rauchfrei.at\/","name":"Rauchfrei Telefon","description":"Eine \u00f6sterreichweite Initiative der Sozialversicherungen.","potentialAction":[{"@type":"SearchAction","target":{"@type":"EntryPoint","urlTemplate":"https:\/\/rauchfrei.at\/?s={search_term_string}"},"query-input":{"@type":"PropertyValueSpecification","valueRequired":true,"valueName":"search_term_string"}}],"inLanguage":"en-US"},{"@type":"Person","@id":"https:\/\/rauchfrei.at\/#\/schema\/person\/504bbf90c5482004fc09aef6de7f9277","name":"Rauchfrei Team","image":{"@type":"ImageObject","inLanguage":"en-US","@id":"https:\/\/rauchfrei.at\/#\/schema\/person\/image\/","url":"https:\/\/secure.gravatar.com\/avatar\/2115b79a00800516fa1523bb5a329611f90e73e89be559131fc7e82b4fdc95ff?s=96&d=mm&r=g","contentUrl":"https:\/\/secure.gravatar.com\/avatar\/2115b79a00800516fa1523bb5a329611f90e73e89be559131fc7e82b4fdc95ff?s=96&d=mm&r=g","caption":"Rauchfrei Team"},"url":"https:\/\/rauchfrei.at\/en\/author\/rauchfrei-team\/"}]}},"_links":{"self":[{"href":"https:\/\/rauchfrei.at\/en\/wp-json\/wp\/v2\/posts\/17315","targetHints":{"allow":["GET"]}}],"collection":[{"href":"https:\/\/rauchfrei.at\/en\/wp-json\/wp\/v2\/posts"}],"about":[{"href":"https:\/\/rauchfrei.at\/en\/wp-json\/wp\/v2\/types\/post"}],"author":[{"embeddable":true,"href":"https:\/\/rauchfrei.at\/en\/wp-json\/wp\/v2\/users\/25"}],"replies":[{"embeddable":true,"href":"https:\/\/rauchfrei.at\/en\/wp-json\/wp\/v2\/comments?post=17315"}],"version-history":[{"count":5,"href":"https:\/\/rauchfrei.at\/en\/wp-json\/wp\/v2\/posts\/17315\/revisions"}],"predecessor-version":[{"id":17318,"href":"https:\/\/rauchfrei.at\/en\/wp-json\/wp\/v2\/posts\/17315\/revisions\/17318"}],"wp:attachment":[{"href":"https:\/\/rauchfrei.at\/en\/wp-json\/wp\/v2\/media?parent=17315"}],"wp:term":[{"taxonomy":"category","embeddable":true,"href":"https:\/\/rauchfrei.at\/en\/wp-json\/wp\/v2\/categories?post=17315"},{"taxonomy":"post_tag","embeddable":true,"href":"https:\/\/rauchfrei.at\/en\/wp-json\/wp\/v2\/tags?post=17315"}],"curies":[{"name":"wp","href":"https:\/\/api.w.org\/{rel}","templated":true}]}}