
{"id":17429,"date":"2019-11-25T10:00:58","date_gmt":"2019-11-25T08:00:58","guid":{"rendered":"https:\/\/rauchfrei.at\/?p=17429"},"modified":"2022-07-21T12:04:57","modified_gmt":"2022-07-21T10:04:57","slug":"kinder-haben-das-recht-auf-eine-rauchfreie-umgebung","status":"publish","type":"post","link":"https:\/\/rauchfrei.at\/en\/kinder-haben-das-recht-auf-eine-rauchfreie-umgebung\/","title":{"rendered":"Kinder haben das Recht auf eine rauchfreie Umgebung"},"content":{"rendered":"<p>[et_pb_section fb_built=&#8221;1&#8243; module_class=&#8221;header&#8221; _builder_version=&#8221;4.16&#8243; global_colors_info=&#8221;{}&#8221;][et_pb_row _builder_version=&#8221;4.16&#8243; global_colors_info=&#8221;{}&#8221;][et_pb_column type=&#8221;4_4&#8243; _builder_version=&#8221;4.16&#8243; custom_padding=&#8221;|||&#8221; global_colors_info=&#8221;{}&#8221; custom_padding__hover=&#8221;|||&#8221;][et_pb_dp_dmb_module_10001 subheadline=&#8221;Am 20.11. war Weltkindertag&#8221; _builder_version=&#8221;4.16&#8243; z_index_tablet=&#8221;500&#8243; global_colors_info=&#8221;{}&#8221;][\/et_pb_dp_dmb_module_10001][\/et_pb_column][\/et_pb_row][\/et_pb_section][et_pb_section fb_built=&#8221;1&#8243; _builder_version=&#8221;4.16&#8243; custom_padding=&#8221;30px|||&#8221; global_colors_info=&#8221;{}&#8221;][et_pb_row column_structure=&#8221;2_3,1_3&#8243; _builder_version=&#8221;4.16&#8243; global_colors_info=&#8221;{}&#8221;][et_pb_column type=&#8221;2_3&#8243; module_class=&#8221;blog-content&#8221; _builder_version=&#8221;4.16&#8243; custom_padding=&#8221;|||&#8221; global_colors_info=&#8221;{}&#8221; custom_padding__hover=&#8221;|||&#8221;][et_pb_text _builder_version=&#8221;4.17.4&#8243; hover_enabled=&#8221;0&#8243; z_index_tablet=&#8221;500&#8243; global_colors_info=&#8221;{}&#8221; sticky_enabled=&#8221;0&#8243;]<\/p>\n<p>Passivrauch stellt f\u00fcr Kinder eine Gesundheitsbelastung dar, gegen die sie sich nicht wehren k\u00f6nnen. Kinder reagieren empfindlicher auf die Gifte als Erwachsene, weil sich ihr K\u00f6rper noch in Entwicklung befindet.<\/p>\n<p>Sie atmen mehr Giftstoffe ein und k\u00f6nnen sie nur schwer verarbeiten. Durch das Mitrauchen wird das Abwehrsystem geschw\u00e4cht.<\/p>\n<p>Kinder, die Passivrauch ausgesetzt sind, sind h\u00e4ufiger krank und haben ein erh\u00f6htes Risiko f\u00fcr:<\/p>\n<ul>\n<li>Atemwegsprobleme (Bronchitis, Lungenentz\u00fcndung, Asthma)<\/li>\n<li>Mittelohrentz\u00fcndungen<\/li>\n<li>Schwindel, Bauch- &amp; Kopfschmerzen<\/li>\n<li>Konzentrationsst\u00f6rungen<\/li>\n<li>Kariesentwicklung<\/li>\n<\/ul>\n<p>Deshalb sollten sich Kinder nur an rauchfreien Orten aufhalten<br \/>Besonders R\u00e4ume, die von Kindern zu irgendeinem Zeitpunkt genutzt werden, sollen IMMER rauchfrei sein. L\u00fcften reicht nicht aus!<\/p>\n<p>Gerade in kleinen Innenr\u00e4umen wie z.B. in Fahrzeugen ist die Schadstoffkonzentration deutlich h\u00f6her als in einer verrauchten Bar. In Autos gibt es zwar die gesetzliche Regelung, dass in Anwesenheit von Kindern nicht geraucht werden darf. Die abgegebenen Schadstoffe sind aber auch bei ge\u00f6ffnetem Fenster noch lange nach dem Rauchen nachweisbar gesundheitssch\u00e4digend sein.<\/p>\n<p>Auch an Kleidung und Haut von Rauchenden bleiben Partikel des Tabakrauchs h\u00e4ngen. \u00dcber Ber\u00fchrungen werden die Giftstoffe an andere weitergegeben (=Dritthandrauch). Vor allem Babys und Kinder sind den Schadstoffen schutzlos ausgeliefert und reagieren empfindlich darauf.<\/p>\n<p>Im Gegensatz zu Erwachsenen sind j\u00fcngere Kinder den Umgebungsbedingungen ausgesetzt und k\u00f6nnen sich einer verrauchten Umwelt (noch) nicht entziehen. Erwachsene tragen deshalb Verantwortung f\u00fcr Kinder:<\/p>\n<p>F\u00fcr eine gesunde Entwicklung von Kindern und Jugendlichen ist eine rauchfreie Umgebung unumg\u00e4nglich!<\/p>\n<p>Die O\u00d6GKK hat im Video \u201eRauchfreie Umgebung von Anfang an\u201c wichtige Hinweise zum Thema zusammengefasst.<\/p>\n<p>Video: <a href=\"https:\/\/www.gesundheitskasse.at\/cdscontent\/?contentid=10007.885753&amp;portal=oegkportall\" target=\"_blank\" rel=\"noopener noreferrer\">Rauchfreie Umgebung von Anfang an<\/a><\/p>\n<p>[\/et_pb_text][et_pb_post_nav in_same_term=&#8221;off&#8221; _builder_version=&#8221;4.16&#8243; z_index_tablet=&#8221;500&#8243; global_colors_info=&#8221;{}&#8221;][\/et_pb_post_nav][\/et_pb_column][et_pb_column type=&#8221;1_3&#8243; module_class=&#8221;cat-and-tag&#8221; _builder_version=&#8221;4.16&#8243; custom_padding=&#8221;|||&#8221; global_colors_info=&#8221;{}&#8221; custom_padding__hover=&#8221;|||&#8221;][et_pb_sidebar area=&#8221;et_pb_widget_area_1&#8243; _builder_version=&#8221;4.16&#8243; global_colors_info=&#8221;{}&#8221;][\/et_pb_sidebar][et_pb_dp_dmb_module_10093 farbe=&#8221;blitzgelb&#8221; headline=&#8221;Trauen Sie sich den Rauchstopp zu!&#8221; image=&#8221;https:\/\/rauchfrei.at\/wp-content\/uploads\/Quitting-Yellow.png&#8221; image_position=&#8221;center&#8221; link_text=&#8221;mehr&#8221; link_url=&#8221;https:\/\/rauchfrei.at\/aufhoeren\/schritte-zum-rauchstopp\/trauen-sie-sich-den-rauchstopp-zu\/&#8221; admin_label=&#8221;Trauen Sie sich den Rauchstopp zu&#8221; _builder_version=&#8221;3.19.15&#8243; global_module=&#8221;13173&#8243; saved_tabs=&#8221;all&#8221; global_colors_info=&#8221;{}&#8221;]<\/p>\n<p>Sie m\u00f6chten etwas \u00e4ndern? Worauf warten Sie noch?<\/p>\n<p>[\/et_pb_dp_dmb_module_10093][et_pb_dp_dmb_module_10093 farbe=&#8221;blitzblau&#8221; headline=&#8221;Alternativen zum Rauchen&#8221; image=&#8221;https:\/\/rauchfrei.at\/wp-content\/uploads\/Relax-in-hammok.png&#8221; image_position=&#8221;center&#8221; link_text=&#8221;mehr&#8221; link_url=&#8221;https:\/\/rauchfrei.at\/alternativen\/&#8221; admin_label=&#8221;Alternativen zum Rauchen&#8221; _builder_version=&#8221;4.9.0&#8243; z_index_tablet=&#8221;500&#8243; global_module=&#8221;13174&#8243; saved_tabs=&#8221;all&#8221; global_colors_info=&#8221;{}&#8221;]<\/p>\n<p>Es gibt viele M\u00f6glichkeiten, um nicht zur Zigarette zu greifen!<\/p>\n<p>[\/et_pb_dp_dmb_module_10093][et_pb_dp_dmb_module_10080 link_text=&#8221;Hier eingeben, in der App speichern&#8221; admin_label=&#8221;Direkteinstieg zur App&#8221; _builder_version=&#8221;3.19.15&#8243; max_width=&#8221;100%&#8221; global_module=&#8221;13165&#8243; saved_tabs=&#8221;all&#8221; global_colors_info=&#8221;{}&#8221;]<\/p>\n<p><span lang=\"DE-AT\">Geben Sie Online Ihre Daten ein!<br \/><\/span><\/p>\n<p>[\/et_pb_dp_dmb_module_10080][\/et_pb_column][\/et_pb_row][\/et_pb_section]<\/p>\n","protected":false},"excerpt":{"rendered":"<p>Kinder haben selten die Freiheit, ihren Aufenthaltsort selbst zu w\u00e4hlen, und sind den verrauchten Umgebungsbedingungen meist schutzlos ausgeliefert. Kindliche Organe reagieren besonders empfindlich auf Schadstoffe des Tabakrauchs und haben ein erh\u00f6htes Risiko f\u00fcr tabakassoziierte Erkrankungen. Erwachsene sind deshalb gefordert, Orte, die von Kindern mitbenutzt werden, rauchfrei zu halten.<\/p>\n","protected":false},"author":25,"featured_media":0,"comment_status":"open","ping_status":"open","sticky":false,"template":"","format":"standard","meta":{"_et_pb_use_builder":"on","_et_pb_old_content":"","_et_gb_content_width":"","footnotes":""},"categories":[235,236],"tags":[],"class_list":["post-17429","post","type-post","status-publish","format-standard","hentry","category-gesundheit-und-rauchstopp","category-nicht-kategorisiert"],"yoast_head":"<!-- This site is optimized with the Yoast SEO plugin v26.2 - https:\/\/yoast.com\/wordpress\/plugins\/seo\/ -->\n<title>Kinder haben das Recht auf eine rauchfreie Umgebung - Rauchfrei Telefon<\/title>\n<meta name=\"robots\" content=\"index, follow, max-snippet:-1, max-image-preview:large, max-video-preview:-1\" \/>\n<link rel=\"canonical\" href=\"https:\/\/rauchfrei.at\/kinder-haben-das-recht-auf-eine-rauchfreie-umgebung\/\" \/>\n<meta property=\"og:locale\" content=\"en_US\" \/>\n<meta property=\"og:type\" content=\"article\" \/>\n<meta property=\"og:title\" content=\"Kinder haben das Recht auf eine rauchfreie Umgebung - Rauchfrei Telefon\" \/>\n<meta property=\"og:description\" content=\"Kinder haben selten die Freiheit, ihren Aufenthaltsort selbst zu w\u00e4hlen, und sind den verrauchten Umgebungsbedingungen meist schutzlos ausgeliefert. Kindliche Organe reagieren besonders empfindlich auf Schadstoffe des Tabakrauchs und haben ein erh\u00f6htes Risiko f\u00fcr tabakassoziierte Erkrankungen. Erwachsene sind deshalb gefordert, Orte, die von Kindern mitbenutzt werden, rauchfrei zu halten.\" \/>\n<meta property=\"og:url\" content=\"https:\/\/rauchfrei.at\/kinder-haben-das-recht-auf-eine-rauchfreie-umgebung\/\" \/>\n<meta property=\"og:site_name\" content=\"Rauchfrei Telefon\" \/>\n<meta property=\"article:published_time\" content=\"2019-11-25T08:00:58+00:00\" \/>\n<meta property=\"article:modified_time\" content=\"2022-07-21T10:04:57+00:00\" \/>\n<meta name=\"author\" content=\"Rauchfrei Team\" \/>\n<meta name=\"twitter:card\" content=\"summary_large_image\" \/>\n<meta name=\"twitter:label1\" content=\"Written by\" \/>\n\t<meta name=\"twitter:data1\" content=\"Rauchfrei Team\" \/>\n\t<meta name=\"twitter:label2\" content=\"Est. reading time\" \/>\n\t<meta name=\"twitter:data2\" content=\"3 minutes\" \/>\n<script type=\"application\/ld+json\" class=\"yoast-schema-graph\">{\"@context\":\"https:\/\/schema.org\",\"@graph\":[{\"@type\":\"WebPage\",\"@id\":\"https:\/\/rauchfrei.at\/kinder-haben-das-recht-auf-eine-rauchfreie-umgebung\/\",\"url\":\"https:\/\/rauchfrei.at\/kinder-haben-das-recht-auf-eine-rauchfreie-umgebung\/\",\"name\":\"Kinder haben das Recht auf eine rauchfreie Umgebung - Rauchfrei Telefon\",\"isPartOf\":{\"@id\":\"https:\/\/rauchfrei.at\/#website\"},\"datePublished\":\"2019-11-25T08:00:58+00:00\",\"dateModified\":\"2022-07-21T10:04:57+00:00\",\"author\":{\"@id\":\"https:\/\/rauchfrei.at\/#\/schema\/person\/504bbf90c5482004fc09aef6de7f9277\"},\"inLanguage\":\"en-US\",\"potentialAction\":[{\"@type\":\"ReadAction\",\"target\":[\"https:\/\/rauchfrei.at\/kinder-haben-das-recht-auf-eine-rauchfreie-umgebung\/\"]}]},{\"@type\":\"WebSite\",\"@id\":\"https:\/\/rauchfrei.at\/#website\",\"url\":\"https:\/\/rauchfrei.at\/\",\"name\":\"Rauchfrei Telefon\",\"description\":\"Eine \u00f6sterreichweite Initiative der Sozialversicherungen.\",\"potentialAction\":[{\"@type\":\"SearchAction\",\"target\":{\"@type\":\"EntryPoint\",\"urlTemplate\":\"https:\/\/rauchfrei.at\/?s={search_term_string}\"},\"query-input\":{\"@type\":\"PropertyValueSpecification\",\"valueRequired\":true,\"valueName\":\"search_term_string\"}}],\"inLanguage\":\"en-US\"},{\"@type\":\"Person\",\"@id\":\"https:\/\/rauchfrei.at\/#\/schema\/person\/504bbf90c5482004fc09aef6de7f9277\",\"name\":\"Rauchfrei Team\",\"image\":{\"@type\":\"ImageObject\",\"inLanguage\":\"en-US\",\"@id\":\"https:\/\/rauchfrei.at\/#\/schema\/person\/image\/\",\"url\":\"https:\/\/secure.gravatar.com\/avatar\/2115b79a00800516fa1523bb5a329611f90e73e89be559131fc7e82b4fdc95ff?s=96&d=mm&r=g\",\"contentUrl\":\"https:\/\/secure.gravatar.com\/avatar\/2115b79a00800516fa1523bb5a329611f90e73e89be559131fc7e82b4fdc95ff?s=96&d=mm&r=g\",\"caption\":\"Rauchfrei Team\"},\"url\":\"https:\/\/rauchfrei.at\/en\/author\/rauchfrei-team\/\"}]}<\/script>\n<!-- \/ Yoast SEO plugin. -->","yoast_head_json":{"title":"Kinder haben das Recht auf eine rauchfreie Umgebung - Rauchfrei Telefon","robots":{"index":"index","follow":"follow","max-snippet":"max-snippet:-1","max-image-preview":"max-image-preview:large","max-video-preview":"max-video-preview:-1"},"canonical":"https:\/\/rauchfrei.at\/kinder-haben-das-recht-auf-eine-rauchfreie-umgebung\/","og_locale":"en_US","og_type":"article","og_title":"Kinder haben das Recht auf eine rauchfreie Umgebung - Rauchfrei Telefon","og_description":"Kinder haben selten die Freiheit, ihren Aufenthaltsort selbst zu w\u00e4hlen, und sind den verrauchten Umgebungsbedingungen meist schutzlos ausgeliefert. Kindliche Organe reagieren besonders empfindlich auf Schadstoffe des Tabakrauchs und haben ein erh\u00f6htes Risiko f\u00fcr tabakassoziierte Erkrankungen. Erwachsene sind deshalb gefordert, Orte, die von Kindern mitbenutzt werden, rauchfrei zu halten.","og_url":"https:\/\/rauchfrei.at\/kinder-haben-das-recht-auf-eine-rauchfreie-umgebung\/","og_site_name":"Rauchfrei Telefon","article_published_time":"2019-11-25T08:00:58+00:00","article_modified_time":"2022-07-21T10:04:57+00:00","author":"Rauchfrei Team","twitter_card":"summary_large_image","twitter_misc":{"Written by":"Rauchfrei Team","Est. reading time":"3 minutes"},"schema":{"@context":"https:\/\/schema.org","@graph":[{"@type":"WebPage","@id":"https:\/\/rauchfrei.at\/kinder-haben-das-recht-auf-eine-rauchfreie-umgebung\/","url":"https:\/\/rauchfrei.at\/kinder-haben-das-recht-auf-eine-rauchfreie-umgebung\/","name":"Kinder haben das Recht auf eine rauchfreie Umgebung - Rauchfrei Telefon","isPartOf":{"@id":"https:\/\/rauchfrei.at\/#website"},"datePublished":"2019-11-25T08:00:58+00:00","dateModified":"2022-07-21T10:04:57+00:00","author":{"@id":"https:\/\/rauchfrei.at\/#\/schema\/person\/504bbf90c5482004fc09aef6de7f9277"},"inLanguage":"en-US","potentialAction":[{"@type":"ReadAction","target":["https:\/\/rauchfrei.at\/kinder-haben-das-recht-auf-eine-rauchfreie-umgebung\/"]}]},{"@type":"WebSite","@id":"https:\/\/rauchfrei.at\/#website","url":"https:\/\/rauchfrei.at\/","name":"Rauchfrei Telefon","description":"Eine \u00f6sterreichweite Initiative der Sozialversicherungen.","potentialAction":[{"@type":"SearchAction","target":{"@type":"EntryPoint","urlTemplate":"https:\/\/rauchfrei.at\/?s={search_term_string}"},"query-input":{"@type":"PropertyValueSpecification","valueRequired":true,"valueName":"search_term_string"}}],"inLanguage":"en-US"},{"@type":"Person","@id":"https:\/\/rauchfrei.at\/#\/schema\/person\/504bbf90c5482004fc09aef6de7f9277","name":"Rauchfrei Team","image":{"@type":"ImageObject","inLanguage":"en-US","@id":"https:\/\/rauchfrei.at\/#\/schema\/person\/image\/","url":"https:\/\/secure.gravatar.com\/avatar\/2115b79a00800516fa1523bb5a329611f90e73e89be559131fc7e82b4fdc95ff?s=96&d=mm&r=g","contentUrl":"https:\/\/secure.gravatar.com\/avatar\/2115b79a00800516fa1523bb5a329611f90e73e89be559131fc7e82b4fdc95ff?s=96&d=mm&r=g","caption":"Rauchfrei Team"},"url":"https:\/\/rauchfrei.at\/en\/author\/rauchfrei-team\/"}]}},"_links":{"self":[{"href":"https:\/\/rauchfrei.at\/en\/wp-json\/wp\/v2\/posts\/17429","targetHints":{"allow":["GET"]}}],"collection":[{"href":"https:\/\/rauchfrei.at\/en\/wp-json\/wp\/v2\/posts"}],"about":[{"href":"https:\/\/rauchfrei.at\/en\/wp-json\/wp\/v2\/types\/post"}],"author":[{"embeddable":true,"href":"https:\/\/rauchfrei.at\/en\/wp-json\/wp\/v2\/users\/25"}],"replies":[{"embeddable":true,"href":"https:\/\/rauchfrei.at\/en\/wp-json\/wp\/v2\/comments?post=17429"}],"version-history":[{"count":7,"href":"https:\/\/rauchfrei.at\/en\/wp-json\/wp\/v2\/posts\/17429\/revisions"}],"predecessor-version":[{"id":24588,"href":"https:\/\/rauchfrei.at\/en\/wp-json\/wp\/v2\/posts\/17429\/revisions\/24588"}],"wp:attachment":[{"href":"https:\/\/rauchfrei.at\/en\/wp-json\/wp\/v2\/media?parent=17429"}],"wp:term":[{"taxonomy":"category","embeddable":true,"href":"https:\/\/rauchfrei.at\/en\/wp-json\/wp\/v2\/categories?post=17429"},{"taxonomy":"post_tag","embeddable":true,"href":"https:\/\/rauchfrei.at\/en\/wp-json\/wp\/v2\/tags?post=17429"}],"curies":[{"name":"wp","href":"https:\/\/api.w.org\/{rel}","templated":true}]}}