
{"id":17440,"date":"2019-10-08T10:00:57","date_gmt":"2019-10-08T08:00:57","guid":{"rendered":"https:\/\/rauchfrei.at\/?p=17440"},"modified":"2019-10-22T13:38:55","modified_gmt":"2019-10-22T11:38:55","slug":"17440-2","status":"publish","type":"post","link":"https:\/\/rauchfrei.at\/en\/17440-2\/","title":{"rendered":"November Rauchfrei \u2013 Ich mache mit."},"content":{"rendered":"<p>[et_pb_section bb_built=&#8221;1&#8243; fullwidth=&#8221;off&#8221; specialty=&#8221;off&#8221; _builder_version=&#8221;3.0.99&#8243; module_class=&#8221;header&#8221; next_background_color=&#8221;#000000&#8243;][et_pb_row _builder_version=&#8221;3.0.99&#8243;][et_pb_column type=&#8221;4_4&#8243;][et_pb_dp_dmb_module_10001 _builder_version=&#8221;3.21.1&#8243; subheadline=&#8221;Eine gute Gelegenheit f\u00fcr eine Rauchpause \u2013 oder doch gleich den Rauchstopp!?&#8221; z_index_tablet=&#8221;500&#8243; \/][\/et_pb_column][\/et_pb_row][\/et_pb_section][et_pb_section bb_built=&#8221;1&#8243; _builder_version=&#8221;3.0.99&#8243; custom_padding=&#8221;30px|||&#8221; prev_background_color=&#8221;#000000&#8243;][et_pb_row _builder_version=&#8221;3.0.99&#8243; module_class_2=&#8221;cat-and-tag&#8221; module_class_1=&#8221;blog-content&#8221;][et_pb_column type=&#8221;2_3&#8243;][et_pb_text _builder_version=&#8221;3.21.1&#8243; z_index_tablet=&#8221;500&#8243;]<\/p>\n<p>Mit 1. November 2019 wird die \u00f6sterreichische Gastronomie per Gesetz rauchfrei. Rauchen ist daher in allen R\u00e4umlichkeiten der Gastronomie aus Gr\u00fcnden des Nichtraucherschutzes nicht mehr zul\u00e4ssig. Das gilt nicht nur f\u00fcr Tabakprodukte (Zigarren, Zigarillos, \u2026), sondern auch f\u00fcr alle verwandten Erzeugnisse (Shishas, E- Zigaretten). Es wird dadurch leichter, Nichtraucher\/in zu werden oder zu bleiben, weil es mehr Bereiche und R\u00e4ume gibt, in denen die Rauchfreiheit normal ist.<\/p>\n<p>Viele Raucher\/innen \u00fcberlegen, ihr Rauchverhalten zu \u00e4ndern oder wollen diese Gelegenheit nutzen, um rauchfrei zu werden.<\/p>\n<p>Aus diesem Anlass ruft das Rauchfrei Telefon zum <strong>November RauchfreI<\/strong> auf!<\/p>\n<p>Ziel von <strong>NOVEMBER RAUCHFREI<\/strong> ist es, Raucher\/innen, die etwas ver\u00e4ndern m\u00f6chten, zu motivieren und zu unterst\u00fctzen und \u201eneue\u201c Ex-Raucher\/innen zu st\u00e4rken, rauchfrei zu bleiben.<\/p>\n<p>Mit Vorbereitung und Unterst\u00fctzung gelingt der Rauchstopp leichter!<\/p>\n<p>Das Rauchfrei Telefon unterst\u00fctzt und informiert alle, die rauchfrei werden oder bleiben wollen. Im November, wenn die Gastronomie rauchfrei wird, und auch danach!<\/p>\n<p>Ist der Rauchstopp noch gar nicht vorstellbar f\u00fcr Sie? Dann probieren Sie doch mal ein Monat ohne Nikotin! Der November bietet sich daf\u00fcr an!<\/p>\n<p>Wir unterst\u00fctzen Sie gerne dabei!<\/p>\n<p>Wir freuen uns \u00fcber R\u00fcckmeldungen und Erfahrungsberichte unter <a href=\"mailto:info@rauchfrei.at\" target=\"_blank\" rel=\"noopener noreferrer\">info@rauchfrei.at<\/a>!<\/p>\n<p>Hier finden Sie das <a href=\"https:\/\/rauchfrei.at\/wp-content\/uploads\/November_Rauchfrei_Poster.pdf\" target=\"_blank\" rel=\"noopener noreferrer\">Poster<\/a> <a href=\"https:\/\/rauchfrei.at\/wp-content\/uploads\/rf19_november_poster03-002.pdf\" target=\"_blank\" rel=\"noopener noreferrer\">zum Download:<\/a><\/p>\n<p><img loading=\"lazy\" decoding=\"async\" class=\"alignnone  wp-image-17561\" src=\"https:\/\/rauchfrei.at\/wp-content\/uploads\/Poster-November-Rauchfrei--480x678.jpg\" alt=\"\" width=\"287\" height=\"405\" srcset=\"https:\/\/rauchfrei.at\/wp-content\/uploads\/Poster-November-Rauchfrei--480x678.jpg 480w, https:\/\/rauchfrei.at\/wp-content\/uploads\/Poster-November-Rauchfrei--225x318.jpg 225w, https:\/\/rauchfrei.at\/wp-content\/uploads\/Poster-November-Rauchfrei-.jpg 671w\" sizes=\"(max-width: 287px) 100vw, 287px\" \/><br \/>(C) Rauchfrei Telefon<\/p>\n<p>Wenn Sie Ihre Teilnahme in den sozialen Medien zeigen m\u00f6chten, finden Sie hier ein<a href=\"https:\/\/rauchfrei.at\/wp-content\/uploads\/November_Rauchfrei_Profilbild.jpg\" target=\"_blank\" rel=\"noopener noreferrer\"> Profilbild zum Download<\/a>.<\/p>\n<p><strong><u>Link:<\/u><\/strong> <a href=\"https:\/\/rauchfrei.at\/november-rauchfrei\">https:\/\/rauchfrei.at\/november-rauchfrei<\/a><\/p>\n<p>[\/et_pb_text][et_pb_post_nav _builder_version=&#8221;3.0.99&#8243; in_same_term=&#8221;off&#8221; show_prev=&#8221;on&#8221; show_next=&#8221;on&#8221; \/][\/et_pb_column][et_pb_column type=&#8221;1_3&#8243;][et_pb_sidebar _builder_version=&#8221;3.0.99&#8243; area=&#8221;et_pb_widget_area_1&#8243; orientation=&#8221;left&#8221; show_border=&#8221;on&#8221; background_layout=&#8221;light&#8221; \/][et_pb_dp_dmb_module_10093 admin_label=&#8221;November rauchfrei&#8221; farbe=&#8221;blitzblau&#8221; image=&#8221;https:\/\/rauchfrei.at\/wp-content\/uploads\/Nov_Rauchfreiv02.png&#8221; _builder_version=&#8221;3.21.1&#8243; image_position=&#8221;center&#8221; link_url=&#8221;https:\/\/rauchfrei.at\/november-rauchfrei\/?preview_id=17250&amp;preview_nonce=862514dee2&amp;_thumbnail_id=-1&amp;preview=true&#8221; image_size=&#8221;90&#8243; link_text=&#8221;mehr dazu&#8221; saved_tabs=&#8221;all&#8221; z_index_tablet=&#8221;500&#8243; global_module=&#8221;17470&#8243; \/][et_pb_dp_dmb_module_10093 admin_label=&#8221;Trauen Sie sich den Rauchstopp zu&#8221; farbe=&#8221;blitzgelb&#8221; headline=&#8221;Trauen Sie sich den Rauchstopp zu!&#8221; image=&#8221;https:\/\/rauchfrei.at\/wp-content\/uploads\/Quitting-Yellow.png&#8221; image_position=&#8221;center&#8221; link_text=&#8221;mehr&#8221; image_size=&#8221;90&#8243; _builder_version=&#8221;3.19.15&#8243; custom_link=&#8221;off&#8221; hover_enabled=&#8221;0&#8243; saved_tabs=&#8221;all&#8221; link_url=&#8221;https:\/\/rauchfrei.at\/aufhoeren\/schritte-zum-rauchstopp\/trauen-sie-sich-den-rauchstopp-zu\/&#8221; global_module=&#8221;13173&#8243;]<\/p>\n<p>Sie m\u00f6chten etwas \u00e4ndern? Worauf warten Sie noch?<\/p>\n<p>[\/et_pb_dp_dmb_module_10093][et_pb_dp_dmb_module_10080 admin_label=&#8221;Testen Sie Ihre Abh\u00e4ngigkeit&#8221; link_text=&#8221;Hier&#8221; link_url=&#8221;https:\/\/rauchfrei.at\/downloads-tests-und-tools\/&#8221; _builder_version=&#8221;3.21.1&#8243; custom_link=&#8221;off&#8221; hover_enabled=&#8221;0&#8243; saved_tabs=&#8221;all&#8221; global_module=&#8221;13157&#8243;]<\/p>\n<p><strong>Testen <\/strong>Sie Ihre <strong>Abh\u00e4ngigkeit!<\/strong><\/p>\n<p>[\/et_pb_dp_dmb_module_10080][\/et_pb_column][\/et_pb_row][\/et_pb_section]<\/p>\n","protected":false},"excerpt":{"rendered":"<p>Die Gastronomie wird ab 1. November rauchfrei. Das hilft beim Rauchstopp. Je mehr R\u00e4umlichkeiten selbstverst\u00e4ndlich rauchfrei sind, desto seltener denken Raucher\/innen ans Rauchen und desto leichter f\u00e4llt es ehemaligen Raucher\/innen, rauchfrei zu bleiben. Mit der Aktion NOVEMBER RAUCHFREI unterst\u00fctzt das Rauchfrei Telefon alle Personen, die rauchfrei werden und bleiben wollen &#8211; im November und auch danach.<\/p>\n","protected":false},"author":25,"featured_media":0,"comment_status":"open","ping_status":"open","sticky":false,"template":"","format":"standard","meta":{"_et_pb_use_builder":"on","_et_pb_old_content":"","_et_gb_content_width":"","footnotes":""},"categories":[236,234,233],"tags":[],"class_list":["post-17440","post","type-post","status-publish","format-standard","hentry","category-nicht-kategorisiert","category-oesterreichweite-angebote-zur-entwoehnung","category-unterstuetzung-beim-rauchstopp"],"yoast_head":"<!-- This site is optimized with the Yoast SEO plugin v26.2 - https:\/\/yoast.com\/wordpress\/plugins\/seo\/ -->\n<title>November Rauchfrei \u2013 Ich mache mit. - Rauchfrei Telefon<\/title>\n<meta name=\"robots\" content=\"index, follow, max-snippet:-1, max-image-preview:large, max-video-preview:-1\" \/>\n<link rel=\"canonical\" href=\"https:\/\/rauchfrei.at\/17440-2\/\" \/>\n<meta property=\"og:locale\" content=\"en_US\" \/>\n<meta property=\"og:type\" content=\"article\" \/>\n<meta property=\"og:title\" content=\"November Rauchfrei \u2013 Ich mache mit. - Rauchfrei Telefon\" \/>\n<meta property=\"og:description\" content=\"Die Gastronomie wird ab 1. November rauchfrei. Das hilft beim Rauchstopp. Je mehr R\u00e4umlichkeiten selbstverst\u00e4ndlich rauchfrei sind, desto seltener denken Raucher\/innen ans Rauchen und desto leichter f\u00e4llt es ehemaligen Raucher\/innen, rauchfrei zu bleiben. Mit der Aktion NOVEMBER RAUCHFREI unterst\u00fctzt das Rauchfrei Telefon alle Personen, die rauchfrei werden und bleiben wollen - im November und auch danach.\" \/>\n<meta property=\"og:url\" content=\"https:\/\/rauchfrei.at\/17440-2\/\" \/>\n<meta property=\"og:site_name\" content=\"Rauchfrei Telefon\" \/>\n<meta property=\"article:published_time\" content=\"2019-10-08T08:00:57+00:00\" \/>\n<meta property=\"article:modified_time\" content=\"2019-10-22T11:38:55+00:00\" \/>\n<meta property=\"og:image\" content=\"https:\/\/rauchfrei.at\/wp-content\/uploads\/Poster-November-Rauchfrei--480x678.jpg\" \/>\n<meta name=\"author\" content=\"Rauchfrei Team\" \/>\n<meta name=\"twitter:card\" content=\"summary_large_image\" \/>\n<meta name=\"twitter:label1\" content=\"Written by\" \/>\n\t<meta name=\"twitter:data1\" content=\"Rauchfrei Team\" \/>\n\t<meta name=\"twitter:label2\" content=\"Est. reading time\" \/>\n\t<meta name=\"twitter:data2\" content=\"3 minutes\" \/>\n<script type=\"application\/ld+json\" class=\"yoast-schema-graph\">{\"@context\":\"https:\/\/schema.org\",\"@graph\":[{\"@type\":\"WebPage\",\"@id\":\"https:\/\/rauchfrei.at\/17440-2\/\",\"url\":\"https:\/\/rauchfrei.at\/17440-2\/\",\"name\":\"November Rauchfrei \u2013 Ich mache mit. - Rauchfrei Telefon\",\"isPartOf\":{\"@id\":\"https:\/\/rauchfrei.at\/#website\"},\"primaryImageOfPage\":{\"@id\":\"https:\/\/rauchfrei.at\/17440-2\/#primaryimage\"},\"image\":{\"@id\":\"https:\/\/rauchfrei.at\/17440-2\/#primaryimage\"},\"thumbnailUrl\":\"https:\/\/rauchfrei.at\/wp-content\/uploads\/Poster-November-Rauchfrei--480x678.jpg\",\"datePublished\":\"2019-10-08T08:00:57+00:00\",\"dateModified\":\"2019-10-22T11:38:55+00:00\",\"author\":{\"@id\":\"https:\/\/rauchfrei.at\/#\/schema\/person\/504bbf90c5482004fc09aef6de7f9277\"},\"inLanguage\":\"en-US\",\"potentialAction\":[{\"@type\":\"ReadAction\",\"target\":[\"https:\/\/rauchfrei.at\/17440-2\/\"]}]},{\"@type\":\"ImageObject\",\"inLanguage\":\"en-US\",\"@id\":\"https:\/\/rauchfrei.at\/17440-2\/#primaryimage\",\"url\":\"https:\/\/rauchfrei.at\/wp-content\/uploads\/Poster-November-Rauchfrei--480x678.jpg\",\"contentUrl\":\"https:\/\/rauchfrei.at\/wp-content\/uploads\/Poster-November-Rauchfrei--480x678.jpg\"},{\"@type\":\"WebSite\",\"@id\":\"https:\/\/rauchfrei.at\/#website\",\"url\":\"https:\/\/rauchfrei.at\/\",\"name\":\"Rauchfrei Telefon\",\"description\":\"Eine \u00f6sterreichweite Initiative der Sozialversicherungen.\",\"potentialAction\":[{\"@type\":\"SearchAction\",\"target\":{\"@type\":\"EntryPoint\",\"urlTemplate\":\"https:\/\/rauchfrei.at\/?s={search_term_string}\"},\"query-input\":{\"@type\":\"PropertyValueSpecification\",\"valueRequired\":true,\"valueName\":\"search_term_string\"}}],\"inLanguage\":\"en-US\"},{\"@type\":\"Person\",\"@id\":\"https:\/\/rauchfrei.at\/#\/schema\/person\/504bbf90c5482004fc09aef6de7f9277\",\"name\":\"Rauchfrei Team\",\"image\":{\"@type\":\"ImageObject\",\"inLanguage\":\"en-US\",\"@id\":\"https:\/\/rauchfrei.at\/#\/schema\/person\/image\/\",\"url\":\"https:\/\/secure.gravatar.com\/avatar\/2115b79a00800516fa1523bb5a329611f90e73e89be559131fc7e82b4fdc95ff?s=96&d=mm&r=g\",\"contentUrl\":\"https:\/\/secure.gravatar.com\/avatar\/2115b79a00800516fa1523bb5a329611f90e73e89be559131fc7e82b4fdc95ff?s=96&d=mm&r=g\",\"caption\":\"Rauchfrei Team\"},\"url\":\"https:\/\/rauchfrei.at\/en\/author\/rauchfrei-team\/\"}]}<\/script>\n<!-- \/ Yoast SEO plugin. -->","yoast_head_json":{"title":"November Rauchfrei \u2013 Ich mache mit. - Rauchfrei Telefon","robots":{"index":"index","follow":"follow","max-snippet":"max-snippet:-1","max-image-preview":"max-image-preview:large","max-video-preview":"max-video-preview:-1"},"canonical":"https:\/\/rauchfrei.at\/17440-2\/","og_locale":"en_US","og_type":"article","og_title":"November Rauchfrei \u2013 Ich mache mit. - Rauchfrei Telefon","og_description":"Die Gastronomie wird ab 1. November rauchfrei. Das hilft beim Rauchstopp. Je mehr R\u00e4umlichkeiten selbstverst\u00e4ndlich rauchfrei sind, desto seltener denken Raucher\/innen ans Rauchen und desto leichter f\u00e4llt es ehemaligen Raucher\/innen, rauchfrei zu bleiben. Mit der Aktion NOVEMBER RAUCHFREI unterst\u00fctzt das Rauchfrei Telefon alle Personen, die rauchfrei werden und bleiben wollen - im November und auch danach.","og_url":"https:\/\/rauchfrei.at\/17440-2\/","og_site_name":"Rauchfrei Telefon","article_published_time":"2019-10-08T08:00:57+00:00","article_modified_time":"2019-10-22T11:38:55+00:00","og_image":[{"url":"https:\/\/rauchfrei.at\/wp-content\/uploads\/Poster-November-Rauchfrei--480x678.jpg","type":"","width":"","height":""}],"author":"Rauchfrei Team","twitter_card":"summary_large_image","twitter_misc":{"Written by":"Rauchfrei Team","Est. reading time":"3 minutes"},"schema":{"@context":"https:\/\/schema.org","@graph":[{"@type":"WebPage","@id":"https:\/\/rauchfrei.at\/17440-2\/","url":"https:\/\/rauchfrei.at\/17440-2\/","name":"November Rauchfrei \u2013 Ich mache mit. - Rauchfrei Telefon","isPartOf":{"@id":"https:\/\/rauchfrei.at\/#website"},"primaryImageOfPage":{"@id":"https:\/\/rauchfrei.at\/17440-2\/#primaryimage"},"image":{"@id":"https:\/\/rauchfrei.at\/17440-2\/#primaryimage"},"thumbnailUrl":"https:\/\/rauchfrei.at\/wp-content\/uploads\/Poster-November-Rauchfrei--480x678.jpg","datePublished":"2019-10-08T08:00:57+00:00","dateModified":"2019-10-22T11:38:55+00:00","author":{"@id":"https:\/\/rauchfrei.at\/#\/schema\/person\/504bbf90c5482004fc09aef6de7f9277"},"inLanguage":"en-US","potentialAction":[{"@type":"ReadAction","target":["https:\/\/rauchfrei.at\/17440-2\/"]}]},{"@type":"ImageObject","inLanguage":"en-US","@id":"https:\/\/rauchfrei.at\/17440-2\/#primaryimage","url":"https:\/\/rauchfrei.at\/wp-content\/uploads\/Poster-November-Rauchfrei--480x678.jpg","contentUrl":"https:\/\/rauchfrei.at\/wp-content\/uploads\/Poster-November-Rauchfrei--480x678.jpg"},{"@type":"WebSite","@id":"https:\/\/rauchfrei.at\/#website","url":"https:\/\/rauchfrei.at\/","name":"Rauchfrei Telefon","description":"Eine \u00f6sterreichweite Initiative der Sozialversicherungen.","potentialAction":[{"@type":"SearchAction","target":{"@type":"EntryPoint","urlTemplate":"https:\/\/rauchfrei.at\/?s={search_term_string}"},"query-input":{"@type":"PropertyValueSpecification","valueRequired":true,"valueName":"search_term_string"}}],"inLanguage":"en-US"},{"@type":"Person","@id":"https:\/\/rauchfrei.at\/#\/schema\/person\/504bbf90c5482004fc09aef6de7f9277","name":"Rauchfrei Team","image":{"@type":"ImageObject","inLanguage":"en-US","@id":"https:\/\/rauchfrei.at\/#\/schema\/person\/image\/","url":"https:\/\/secure.gravatar.com\/avatar\/2115b79a00800516fa1523bb5a329611f90e73e89be559131fc7e82b4fdc95ff?s=96&d=mm&r=g","contentUrl":"https:\/\/secure.gravatar.com\/avatar\/2115b79a00800516fa1523bb5a329611f90e73e89be559131fc7e82b4fdc95ff?s=96&d=mm&r=g","caption":"Rauchfrei Team"},"url":"https:\/\/rauchfrei.at\/en\/author\/rauchfrei-team\/"}]}},"_links":{"self":[{"href":"https:\/\/rauchfrei.at\/en\/wp-json\/wp\/v2\/posts\/17440","targetHints":{"allow":["GET"]}}],"collection":[{"href":"https:\/\/rauchfrei.at\/en\/wp-json\/wp\/v2\/posts"}],"about":[{"href":"https:\/\/rauchfrei.at\/en\/wp-json\/wp\/v2\/types\/post"}],"author":[{"embeddable":true,"href":"https:\/\/rauchfrei.at\/en\/wp-json\/wp\/v2\/users\/25"}],"replies":[{"embeddable":true,"href":"https:\/\/rauchfrei.at\/en\/wp-json\/wp\/v2\/comments?post=17440"}],"version-history":[{"count":5,"href":"https:\/\/rauchfrei.at\/en\/wp-json\/wp\/v2\/posts\/17440\/revisions"}],"predecessor-version":[{"id":17563,"href":"https:\/\/rauchfrei.at\/en\/wp-json\/wp\/v2\/posts\/17440\/revisions\/17563"}],"wp:attachment":[{"href":"https:\/\/rauchfrei.at\/en\/wp-json\/wp\/v2\/media?parent=17440"}],"wp:term":[{"taxonomy":"category","embeddable":true,"href":"https:\/\/rauchfrei.at\/en\/wp-json\/wp\/v2\/categories?post=17440"},{"taxonomy":"post_tag","embeddable":true,"href":"https:\/\/rauchfrei.at\/en\/wp-json\/wp\/v2\/tags?post=17440"}],"curies":[{"name":"wp","href":"https:\/\/api.w.org\/{rel}","templated":true}]}}